{"id":5215,"date":"2013-03-06T09:37:18","date_gmt":"2013-03-06T08:37:18","guid":{"rendered":"http:\/\/blogs.diariosur.es\/tormentas-y-rayos\/?p=5215"},"modified":"2013-03-06T09:37:18","modified_gmt":"2013-03-06T08:37:18","slug":"se-esperan-fuertes-lluvias-el-jueves-esta-proxima-madrugada-se-activaran-las-alertas-por-lluvias-viento-y-fenomenos-costeros-en-toda-andalucia","status":"publish","type":"post","link":"https:\/\/blogs.diariosur.es\/tormentas-y-rayos\/2013\/03\/06\/se-esperan-fuertes-lluvias-el-jueves-esta-proxima-madrugada-se-activaran-las-alertas-por-lluvias-viento-y-fenomenos-costeros-en-toda-andalucia\/","title":{"rendered":"Se esperan fuertes lluvias el jueves. Esta pr\u00f3xima madrugada se activaran las alertas por lluvias, viento y fen\u00f3menos costeros en toda Andaluc\u00eda."},"content":{"rendered":"<p><strong>Buenos dias amigos de la meteo.<\/strong><\/p>\n<p><strong>\u00a0Son las siete de la ma\u00f1ana, registro 15 grados y los cielos est\u00e1n muy nubosos. Los chubascos han sido los protagonistas durante la pasada madrugada, aunque cuando mas llovi\u00f3 fue de diez de la noche hasta las doce de ayer martes. Mi pluvi\u00f3metro registro 24 litros, que sumados a los del lunes, la ma\u00f1ana del martes y lo que ha ca\u00eddo esta madrugada hacen un total de 37 litros. Hoy os dar\u00e9 la predicci\u00f3n para hoy y para ma\u00f1ana, y a continuaci\u00f3n os pondr\u00e9 el resumen del martes en fotos.<\/strong><\/p>\n<p><strong><span style=\"color: #ff00ff;\">La alerta\u00a0amarilla\u00a0por lluvias \u00a0sigue activa en estos momentos en la Axarquia<span style=\"color: #0000ff;\">. En la Costa Malague\u00f1a y Guadalhorce se ha desactivado<\/span>. Sobre las dos de la tarde no\u00a0habr\u00e1\u00a0ninguna alerta en la provincia.<\/span><\/strong><\/p>\n<p><strong><span style=\"color: #ff00ff;\"> Pero durante la\u00a0pr\u00f3xima\u00a0madrugada de nuevo se activaran por lluvias, viento y\u00a0fen\u00f3menos\u00a0costeros no solo en la Provincia Malague\u00f1a,\u00a0tambi\u00e9n\u00a0en toda\u00a0Andaluc\u00eda.<\/span><\/strong><\/p>\n<p><strong>Hoy mi\u00e9rcoles la borrasca que afecto a las Islas Canarias, se encuentra muy desgastada y dando los\u00a0\u00faltimos\u00a0coletazos \u00a0entre el Estrecho y Mar de Albor\u00e1n. Esta dejando chubascos en el interior de nuestra provincia \u00a0y en toda la Costa. Fuente Aemet.<\/strong><\/p>\n<p><a href=\"https:\/\/blogs.diariosur.es\/tormentas-y-rayos\/2013\/03\/06\/se-esperan-fuertes-lluvias-el-jueves-esta-proxima-madrugada-se-activaran-las-alertas-por-lluvias-viento-y-fenomenos-costeros-en-toda-andalucia\/radar-21\/\" rel=\"attachment wp-att-5216\"><img loading=\"lazy\" class=\"aligncenter size-full wp-image-5216\" title=\"radar\" src=\"\/tormentas-y-rayos\/wp-content\/uploads\/sites\/12\/2013\/03\/radar.jpg\" alt=\"\" width=\"597\" height=\"567\" srcset=\"https:\/\/static-blogs.diariosur.es\/wp-content\/uploads\/sites\/12\/2013\/03\/radar.jpg 597w, https:\/\/static-blogs.diariosur.es\/wp-content\/uploads\/sites\/12\/2013\/03\/radar-421x400.jpg 421w\" sizes=\"(max-width: 597px) 100vw, 597px\" \/><\/a><\/p>\n<p>&nbsp;<\/p>\n<p><strong>Estos chubascos durante el dia de hoy ir\u00e1n remitiendo e incluso se podr\u00eda ver\u00a0t\u00edmidamente\u00a0alg\u00fan\u00a0rayo de sol por la tarde. Pero no guard\u00e9is los paraguas, porque un frente muy activo asociado a una profunda borrasca, cruzara ma\u00f1ana jueves Andaluc\u00eda. Os paso un mapa de superfecie previsto para ma\u00f1ana al\u00a0mediod\u00eda\u00a0fuente Aemet y una imagen del satelite eumetsat, donde se ve como se esta formando ese potente frente\u00a0fr\u00edo.<\/strong><\/p>\n<p>&nbsp;<\/p>\n<p><a href=\"https:\/\/blogs.diariosur.es\/tormentas-y-rayos\/2013\/03\/06\/se-esperan-fuertes-lluvias-el-jueves-esta-proxima-madrugada-se-activaran-las-alertas-por-lluvias-viento-y-fenomenos-costeros-en-toda-andalucia\/profunda-borrasca-2\/\" rel=\"attachment wp-att-5218\"><img loading=\"lazy\" class=\"aligncenter size-full wp-image-5218\" title=\"profunda borrasca\" src=\"\/tormentas-y-rayos\/wp-content\/uploads\/sites\/12\/2013\/03\/profunda-borrasca1.jpg\" alt=\"\" width=\"682\" height=\"416\" srcset=\"https:\/\/static-blogs.diariosur.es\/wp-content\/uploads\/sites\/12\/2013\/03\/profunda-borrasca1.jpg 682w, https:\/\/static-blogs.diariosur.es\/wp-content\/uploads\/sites\/12\/2013\/03\/profunda-borrasca1-640x390.jpg 640w\" sizes=\"(max-width: 682px) 100vw, 682px\" \/><\/a><\/p>\n<p>&nbsp;<\/p>\n<p><a href=\"https:\/\/blogs.diariosur.es\/tormentas-y-rayos\/2013\/03\/06\/se-esperan-fuertes-lluvias-el-jueves-esta-proxima-madrugada-se-activaran-las-alertas-por-lluvias-viento-y-fenomenos-costeros-en-toda-andalucia\/eumetsat-meteogalicia\/\" rel=\"attachment wp-att-5219\"><img loading=\"lazy\" class=\"aligncenter size-medium wp-image-5219\" title=\"eumetsat meteogalicia\" src=\"\/tormentas-y-rayos\/wp-content\/uploads\/sites\/12\/2013\/03\/eumetsat-meteogalicia.jpg\" alt=\"\" width=\"580\" height=\"400\" srcset=\"https:\/\/static-blogs.diariosur.es\/wp-content\/uploads\/sites\/12\/2013\/03\/eumetsat-meteogalicia.jpg 729w, https:\/\/static-blogs.diariosur.es\/wp-content\/uploads\/sites\/12\/2013\/03\/eumetsat-meteogalicia-581x400.jpg 581w\" sizes=\"(max-width: 580px) 100vw, 580px\" \/><\/a><\/p>\n<p>&nbsp;<\/p>\n<p>&nbsp;<\/p>\n<p><strong>Este frente a medida que se acerque al Golfo de C\u00e1diz se ira reactivando, y dejara buenos registros de lluvias en toda nuestra provincia. Otro dato a destacar ser\u00e1 las fuertes rachas de viento, que se dar\u00e1n en toda la costa y en zonas altas. Por este motivo la Aemet activa las alertas amarillas por lluvias, viento y\u00a0fen\u00f3menos\u00a0costeros a toda Andaluc\u00eda.<\/strong><\/p>\n<p><a href=\"https:\/\/blogs.diariosur.es\/tormentas-y-rayos\/2013\/03\/06\/se-esperan-fuertes-lluvias-el-jueves-esta-proxima-madrugada-se-activaran-las-alertas-por-lluvias-viento-y-fenomenos-costeros-en-toda-andalucia\/rachas-de-viento-2\/\" rel=\"attachment wp-att-5220\"><img loading=\"lazy\" class=\"aligncenter size-medium wp-image-5220\" title=\"rachas de viento\" src=\"\/tormentas-y-rayos\/wp-content\/uploads\/sites\/12\/2013\/03\/rachas-de-viento.jpg\" alt=\"\" width=\"600\" height=\"384\" srcset=\"https:\/\/static-blogs.diariosur.es\/wp-content\/uploads\/sites\/12\/2013\/03\/rachas-de-viento.jpg 777w, https:\/\/static-blogs.diariosur.es\/wp-content\/uploads\/sites\/12\/2013\/03\/rachas-de-viento-624x400.jpg 624w, https:\/\/static-blogs.diariosur.es\/wp-content\/uploads\/sites\/12\/2013\/03\/rachas-de-viento-768x492.jpg 768w\" sizes=\"(max-width: 600px) 100vw, 600px\" \/><\/a><\/p>\n<p>&nbsp;<\/p>\n<p><a href=\"https:\/\/blogs.diariosur.es\/tormentas-y-rayos\/2013\/03\/06\/se-esperan-fuertes-lluvias-el-jueves-esta-proxima-madrugada-se-activaran-las-alertas-por-lluvias-viento-y-fenomenos-costeros-en-toda-andalucia\/alertasss-2\/\" rel=\"attachment wp-att-5231\"><img loading=\"lazy\" class=\"aligncenter size-full wp-image-5231\" title=\"alertasss\" src=\"\/tormentas-y-rayos\/wp-content\/uploads\/sites\/12\/2013\/03\/alertasss1.jpg\" alt=\"\" width=\"594\" height=\"437\" srcset=\"https:\/\/static-blogs.diariosur.es\/wp-content\/uploads\/sites\/12\/2013\/03\/alertasss1.jpg 594w, https:\/\/static-blogs.diariosur.es\/wp-content\/uploads\/sites\/12\/2013\/03\/alertasss1-544x400.jpg 544w\" sizes=\"(max-width: 594px) 100vw, 594px\" \/><\/a><\/p>\n<p>&nbsp;<\/p>\n<p><strong>Poco mas que contar de la predicci\u00f3n, simplemente que la lluvia sera la protagonista. Menos mal que esta situaci\u00f3n no se ha dado a final de mes&#8230;&#8230;&#8230;&#8230;&#8230;&#8230;&#8230;. por que si no\u00a0hubi\u00e9ramos\u00a0visto esto casi toda la Semana Santa. Tranquilos que en unos dias os\u00a0dar\u00e9\u00a0la predicci\u00f3n para el Viernes de Dolores hasta el Domingo de Ramos, lo mismo hay suerte y la dorsal se adue\u00f1a de\u00a0Andaluc\u00eda.<\/strong><\/p>\n<p><a href=\"https:\/\/blogs.diariosur.es\/tormentas-y-rayos\/2013\/03\/06\/se-esperan-fuertes-lluvias-el-jueves-esta-proxima-madrugada-se-activaran-las-alertas-por-lluvias-viento-y-fenomenos-costeros-en-toda-andalucia\/nazatristejl-2-3\/\" rel=\"attachment wp-att-5227\"><img loading=\"lazy\" class=\"aligncenter size-full wp-image-5227\" title=\"NazaTristeJL (2)\" src=\"\/tormentas-y-rayos\/wp-content\/uploads\/sites\/12\/2013\/03\/NazaTristeJL-2.jpg\" alt=\"\" width=\"400\" height=\"464\" srcset=\"https:\/\/static-blogs.diariosur.es\/wp-content\/uploads\/sites\/12\/2013\/03\/NazaTristeJL-2.jpg 400w, https:\/\/static-blogs.diariosur.es\/wp-content\/uploads\/sites\/12\/2013\/03\/NazaTristeJL-2-345x400.jpg 345w\" sizes=\"(max-width: 400px) 100vw, 400px\" \/><\/a><\/p>\n<p><strong>Os hago un peque\u00f1o resumen del dia de ayer.<\/strong><\/p>\n<p><strong>Lo mas destacado fue que el temporal de levante y la mar de fondo se apaciguo un mont\u00f3n. Os paso un\u00a0v\u00eddeo\u00a0que tome a primera hora de la ma\u00f1ana y os dejo con el enlace a los otros\u00a0v\u00eddeos\u00a0que puse del temporal.<\/strong><\/p>\n<p><span style=\"color: #ff0000;\"><strong><a href=\"https:\/\/blogs.diariosur.es\/tormentas-y-rayos\/2013\/03\/05\/alerta-por-lluvias-y-tormentas-impresionantes-fotos-y-videos-del-temporal-de-levante-posible-ola-de-frio-a-partir-del-lunes\/\">ENLACE A LOS VIDEOS DEL TEMPORAL<\/a>\u00a0DEL LUNES<\/strong><\/span><\/p>\n<p><span style=\"color: #ff00ff;\"><strong>VIDEO DE AYER MARTES EN LA PLAYA DE LA MISERICORDIA \u00a0A LAS DIEZ Y MEDIA, IMPRESIONANTE COMO HA CAMBIADO EL MAR EN UNAS HORAS.<\/strong><\/span><\/p>\n<p>&nbsp;<\/p>\n<p>&nbsp;<\/p>\n<p><iframe loading=\"lazy\" src=\"\/\/www.youtube.com\/embed\/weiUbsHLAhI\" frameborder=\"0\" width=\"560\" height=\"315\"><\/iframe><\/p>\n<p>&nbsp;<\/p>\n<p><strong>El cielo estaba precioso, las ultimas nubes abandonaban los cielos malague\u00f1os.<\/strong><\/p>\n<p><a href=\"https:\/\/blogs.diariosur.es\/tormentas-y-rayos\/2013\/03\/06\/se-esperan-fuertes-lluvias-el-jueves-esta-proxima-madrugada-se-activaran-las-alertas-por-lluvias-viento-y-fenomenos-costeros-en-toda-andalucia\/olympus-digital-camera-1183\/\" rel=\"attachment wp-att-5222\"><img loading=\"lazy\" class=\"aligncenter size-full wp-image-5222\" title=\"OLYMPUS DIGITAL CAMERA\" src=\"\/tormentas-y-rayos\/wp-content\/uploads\/sites\/12\/2013\/03\/0014.jpg\" alt=\"\" width=\"670\" height=\"492\" srcset=\"https:\/\/static-blogs.diariosur.es\/wp-content\/uploads\/sites\/12\/2013\/03\/0014.jpg 670w, https:\/\/static-blogs.diariosur.es\/wp-content\/uploads\/sites\/12\/2013\/03\/0014-545x400.jpg 545w\" sizes=\"(max-width: 670px) 100vw, 670px\" \/><\/a><\/p>\n<p>&nbsp;<\/p>\n<p><strong>A medida que pasaban los minutos el cielo se abr\u00eda \u00a0y dejaba escapar alg\u00fan rayo de sol.<\/strong><\/p>\n<p><a href=\"https:\/\/blogs.diariosur.es\/tormentas-y-rayos\/2013\/03\/06\/se-esperan-fuertes-lluvias-el-jueves-esta-proxima-madrugada-se-activaran-las-alertas-por-lluvias-viento-y-fenomenos-costeros-en-toda-andalucia\/olympus-digital-camera-1184\/\" rel=\"attachment wp-att-5223\"><img loading=\"lazy\" class=\"aligncenter size-full wp-image-5223\" title=\"OLYMPUS DIGITAL CAMERA\" src=\"\/tormentas-y-rayos\/wp-content\/uploads\/sites\/12\/2013\/03\/011.jpg\" alt=\"\" width=\"670\" height=\"503\" srcset=\"https:\/\/static-blogs.diariosur.es\/wp-content\/uploads\/sites\/12\/2013\/03\/011.jpg 670w, https:\/\/static-blogs.diariosur.es\/wp-content\/uploads\/sites\/12\/2013\/03\/011-533x400.jpg 533w\" sizes=\"(max-width: 670px) 100vw, 670px\" \/><\/a><\/p>\n<p><strong>En la playa me\u00a0encontr\u00e9\u00a0a mi amigo Juan Luis, que lleva el chiringuito del Escribano. Me comentaba que como se\u00a0hab\u00eda\u00a0agachado el levante , era un buen momento para lanzar la ca\u00f1a y pescar una buena herrera. Me jarte de\u00a0reir\u00e9\u00a0cuando veo que el mismo se hacia una foto pescando y eso que aun ni\u00a0hab\u00edan\u00a0picado jejeje. Un abrazo Juan.<\/strong><\/p>\n<p><a href=\"https:\/\/blogs.diariosur.es\/tormentas-y-rayos\/2013\/03\/06\/se-esperan-fuertes-lluvias-el-jueves-esta-proxima-madrugada-se-activaran-las-alertas-por-lluvias-viento-y-fenomenos-costeros-en-toda-andalucia\/olympus-digital-camera-1185\/\" rel=\"attachment wp-att-5224\"><img loading=\"lazy\" class=\"aligncenter size-full wp-image-5224\" title=\"OLYMPUS DIGITAL CAMERA\" src=\"\/tormentas-y-rayos\/wp-content\/uploads\/sites\/12\/2013\/03\/009_1.jpg\" alt=\"\" width=\"670\" height=\"503\" srcset=\"https:\/\/static-blogs.diariosur.es\/wp-content\/uploads\/sites\/12\/2013\/03\/009_1.jpg 670w, https:\/\/static-blogs.diariosur.es\/wp-content\/uploads\/sites\/12\/2013\/03\/009_1-533x400.jpg 533w\" sizes=\"(max-width: 670px) 100vw, 670px\" \/><\/a><\/p>\n<p><strong>Llegando a casa el cielo casi se despejo.<\/strong><\/p>\n<p><a href=\"https:\/\/blogs.diariosur.es\/tormentas-y-rayos\/2013\/03\/06\/se-esperan-fuertes-lluvias-el-jueves-esta-proxima-madrugada-se-activaran-las-alertas-por-lluvias-viento-y-fenomenos-costeros-en-toda-andalucia\/olympus-digital-camera-1186\/\" rel=\"attachment wp-att-5225\"><img loading=\"lazy\" class=\"aligncenter size-full wp-image-5225\" title=\"OLYMPUS DIGITAL CAMERA\" src=\"\/tormentas-y-rayos\/wp-content\/uploads\/sites\/12\/2013\/03\/012.jpg\" alt=\"\" width=\"670\" height=\"503\" srcset=\"https:\/\/static-blogs.diariosur.es\/wp-content\/uploads\/sites\/12\/2013\/03\/012.jpg 670w, https:\/\/static-blogs.diariosur.es\/wp-content\/uploads\/sites\/12\/2013\/03\/012-533x400.jpg 533w\" sizes=\"(max-width: 670px) 100vw, 670px\" \/><\/a><\/p>\n<p><strong>El\u00a0cielo despejado y el viento sur que\u00a0empez\u00f3\u00a0a soplar, hizo subir la temperatura, la maxima estuvo cercana a los 19 grados.<\/strong><\/p>\n<p><a href=\"https:\/\/blogs.diariosur.es\/tormentas-y-rayos\/2013\/03\/06\/se-esperan-fuertes-lluvias-el-jueves-esta-proxima-madrugada-se-activaran-las-alertas-por-lluvias-viento-y-fenomenos-costeros-en-toda-andalucia\/maxima-2\/\" rel=\"attachment wp-att-5226\"><img loading=\"lazy\" class=\"aligncenter size-medium wp-image-5226\" title=\"maxima\" src=\"\/tormentas-y-rayos\/wp-content\/uploads\/sites\/12\/2013\/03\/maxima.jpg\" alt=\"\" width=\"600\" height=\"267\" srcset=\"https:\/\/static-blogs.diariosur.es\/wp-content\/uploads\/sites\/12\/2013\/03\/maxima.jpg 724w, https:\/\/static-blogs.diariosur.es\/wp-content\/uploads\/sites\/12\/2013\/03\/maxima-640x286.jpg 640w\" sizes=\"(max-width: 600px) 100vw, 600px\" \/><\/a><\/p>\n<p><strong>Poco mas que contar amigos de la meteo. El cielo siguio con pocas nubes por la tarde, pero al llegar la noche de nuevo la lluvia fue la protagonista.<\/strong><\/p>\n<p><strong>Hoy para terminar os dejo con dos fotones , el primero de mi amigo Nandi Berrocal, que el pasado lunes estuvo fotografiando el temporal en los Ba\u00f1os del Carmen. Y la segunda foto otro foton de mi amiga May Naomi Jj, donde se ve el Teide totalmente nevado, esta foto la tomo May ayer martes.<\/strong><\/p>\n<p><a href=\"https:\/\/blogs.diariosur.es\/tormentas-y-rayos\/2013\/03\/06\/se-esperan-fuertes-lluvias-el-jueves-esta-proxima-madrugada-se-activaran-las-alertas-por-lluvias-viento-y-fenomenos-costeros-en-toda-andalucia\/2013-03-04_13-44-08_478\/\" rel=\"attachment wp-att-5229\"><img loading=\"lazy\" class=\"aligncenter size-full wp-image-5229\" title=\"2013-03-04_13-44-08_478\" src=\"\/tormentas-y-rayos\/wp-content\/uploads\/sites\/12\/2013\/03\/2013-03-04_13-44-08_478.jpg\" alt=\"\" width=\"670\" height=\"378\" srcset=\"https:\/\/static-blogs.diariosur.es\/wp-content\/uploads\/sites\/12\/2013\/03\/2013-03-04_13-44-08_478.jpg 670w, https:\/\/static-blogs.diariosur.es\/wp-content\/uploads\/sites\/12\/2013\/03\/2013-03-04_13-44-08_478-640x361.jpg 640w\" sizes=\"(max-width: 670px) 100vw, 670px\" \/><\/a><\/p>\n<p>&nbsp;<\/p>\n<p>&nbsp;<\/p>\n<p>&nbsp;<\/p>\n<p>&nbsp;<\/p>\n<p><a href=\"https:\/\/blogs.diariosur.es\/tormentas-y-rayos\/2013\/03\/06\/se-esperan-fuertes-lluvias-el-jueves-esta-proxima-madrugada-se-activaran-las-alertas-por-lluvias-viento-y-fenomenos-costeros-en-toda-andalucia\/857120_418508498239980_712321516_o_1\/\" rel=\"attachment wp-att-5228\"><img loading=\"lazy\" class=\"aligncenter size-full wp-image-5228\" title=\"857120_418508498239980_712321516_o_1\" src=\"\/tormentas-y-rayos\/wp-content\/uploads\/sites\/12\/2013\/03\/857120_418508498239980_712321516_o_1.jpg\" alt=\"\" width=\"670\" height=\"447\" srcset=\"https:\/\/static-blogs.diariosur.es\/wp-content\/uploads\/sites\/12\/2013\/03\/857120_418508498239980_712321516_o_1.jpg 670w, https:\/\/static-blogs.diariosur.es\/wp-content\/uploads\/sites\/12\/2013\/03\/857120_418508498239980_712321516_o_1-600x400.jpg 600w\" sizes=\"(max-width: 670px) 100vw, 670px\" \/><\/a><\/p>\n<p>&nbsp;<\/p>\n","protected":false},"excerpt":{"rendered":"<p>Buenos dias amigos de la meteo. \u00a0Son las siete de la ma\u00f1ana, registro 15 grados y los cielos est\u00e1n muy nubosos. Los chubascos han sido los protagonistas durante la pasada madrugada, aunque cuando mas llovi\u00f3 fue de diez de la noche hasta las doce de ayer martes. Mi pluvi\u00f3metro registro 24 litros, que sumados a [&hellip;]<\/p>\n","protected":false},"author":16,"featured_media":5230,"comment_status":"open","ping_status":"closed","sticky":false,"template":"","format":"standard","meta":[],"categories":[2],"tags":[63,91,288,406,440,569,1059],"_links":{"self":[{"href":"https:\/\/blogs.diariosur.es\/tormentas-y-rayos\/wp-json\/wp\/v2\/posts\/5215"}],"collection":[{"href":"https:\/\/blogs.diariosur.es\/tormentas-y-rayos\/wp-json\/wp\/v2\/posts"}],"about":[{"href":"https:\/\/blogs.diariosur.es\/tormentas-y-rayos\/wp-json\/wp\/v2\/types\/post"}],"author":[{"embeddable":true,"href":"https:\/\/blogs.diariosur.es\/tormentas-y-rayos\/wp-json\/wp\/v2\/users\/16"}],"replies":[{"embeddable":true,"href":"https:\/\/blogs.diariosur.es\/tormentas-y-rayos\/wp-json\/wp\/v2\/comments?post=5215"}],"version-history":[{"count":0,"href":"https:\/\/blogs.diariosur.es\/tormentas-y-rayos\/wp-json\/wp\/v2\/posts\/5215\/revisions"}],"wp:featuredmedia":[{"embeddable":true,"href":"https:\/\/blogs.diariosur.es\/tormentas-y-rayos\/wp-json\/wp\/v2\/media\/5230"}],"wp:attachment":[{"href":"https:\/\/blogs.diariosur.es\/tormentas-y-rayos\/wp-json\/wp\/v2\/media?parent=5215"}],"wp:term":[{"taxonomy":"category","embeddable":true,"href":"https:\/\/blogs.diariosur.es\/tormentas-y-rayos\/wp-json\/wp\/v2\/categories?post=5215"},{"taxonomy":"post_tag","embeddable":true,"href":"https:\/\/blogs.diariosur.es\/tormentas-y-rayos\/wp-json\/wp\/v2\/tags?post=5215"}],"curies":[{"name":"wp","href":"https:\/\/api.w.org\/{rel}","templated":true}]}}