{"id":5232,"date":"2013-03-07T08:40:37","date_gmt":"2013-03-07T07:40:37","guid":{"rendered":"http:\/\/blogs.diariosur.es\/tormentas-y-rayos\/?p=5232"},"modified":"2013-03-07T08:40:37","modified_gmt":"2013-03-07T07:40:37","slug":"la-lluvia-de-nuevo-la-protagonista-hoy-jueves-el-miercoles-dimos-una-maxima-de-232-grados","status":"publish","type":"post","link":"https:\/\/blogs.diariosur.es\/tormentas-y-rayos\/2013\/03\/07\/la-lluvia-de-nuevo-la-protagonista-hoy-jueves-el-miercoles-dimos-una-maxima-de-232-grados\/","title":{"rendered":"La lluvia  de nuevo la protagonista hoy jueves. El mi\u00e9rcoles dimos una maxima de 23,2 grados."},"content":{"rendered":"<p>&nbsp;<\/p>\n<p><strong>Buenos dias amigos de la meteo.<\/strong><\/p>\n<p><strong>Son las cinco y media de la ma\u00f1ana, registro 15 grados y los cielos est\u00e1n muy nubosos. El viento en estos momentos \u00a0esta en calma y caen ligeras gotillas. Pero en un rato la lluvia \u00a0ser\u00e1 la protagonista. En esta imagen del radar de la aemet se ve claramente.<\/strong><\/p>\n<p><a href=\"https:\/\/blogs.diariosur.es\/tormentas-y-rayos\/2013\/03\/07\/la-lluvia-de-nuevo-la-protagonista-hoy-jueves-el-miercoles-dimos-una-maxima-de-232-grados\/captura-vert\/\" rel=\"attachment wp-att-5233\"><img loading=\"lazy\" class=\"aligncenter size-full wp-image-5233\" title=\"Captura-vert\" src=\"\/tormentas-y-rayos\/wp-content\/uploads\/sites\/12\/2013\/03\/Captura-vert.jpg\" alt=\"\" width=\"313\" height=\"936\" srcset=\"https:\/\/static-blogs.diariosur.es\/wp-content\/uploads\/sites\/12\/2013\/03\/Captura-vert.jpg 313w, https:\/\/static-blogs.diariosur.es\/wp-content\/uploads\/sites\/12\/2013\/03\/Captura-vert-134x400.jpg 134w\" sizes=\"(max-width: 313px) 100vw, 313px\" \/><\/a><\/p>\n<p><strong>Os paso\u00a0tambi\u00e9n\u00a0la imagen del eumetsat donde se ve la nubosidad mas activa a las cinco de la ma\u00f1ana.<\/strong><\/p>\n<p><a href=\"https:\/\/blogs.diariosur.es\/tormentas-y-rayos\/2013\/03\/07\/la-lluvia-de-nuevo-la-protagonista-hoy-jueves-el-miercoles-dimos-una-maxima-de-232-grados\/5-de-la-manana\/\" rel=\"attachment wp-att-5244\"><img loading=\"lazy\" class=\"aligncenter size-medium wp-image-5244\" title=\"5 de la ma\u00f1ana\" src=\"\/tormentas-y-rayos\/wp-content\/uploads\/sites\/12\/2013\/03\/5-de-la-ma\u00f1ana.jpg\" alt=\"\" width=\"600\" height=\"387\" srcset=\"https:\/\/static-blogs.diariosur.es\/wp-content\/uploads\/sites\/12\/2013\/03\/5-de-la-ma\u00f1ana.jpg 706w, https:\/\/static-blogs.diariosur.es\/wp-content\/uploads\/sites\/12\/2013\/03\/5-de-la-ma\u00f1ana-619x400.jpg 619w\" sizes=\"(max-width: 600px) 100vw, 600px\" \/><\/a><\/p>\n<p>&nbsp;<\/p>\n<p>&nbsp;<\/p>\n<p><strong>La Aemet ha activado la alerta amarilla por lluvias, viento y\u00a0fen\u00f3menos\u00a0costeros en toda Andaluc\u00eda. Pero tranquilos que la lluvia no\u00a0caer\u00e1\u00a0en tromba en nuestra provincia. \u00a0Me refiero a tromba \u00a0cuando caen muchos litros en muy poco tiempo. No es lo mismo si hoy caen 30 litros en 5 horas, que si caen esos litros en media hora. \u00a0<\/strong><\/p>\n<p><a href=\"https:\/\/blogs.diariosur.es\/tormentas-y-rayos\/2013\/03\/07\/la-lluvia-de-nuevo-la-protagonista-hoy-jueves-el-miercoles-dimos-una-maxima-de-232-grados\/amarilla-5\/\" rel=\"attachment wp-att-5242\"><img loading=\"lazy\" class=\"aligncenter size-full wp-image-5242\" title=\"amarilla\" src=\"\/tormentas-y-rayos\/wp-content\/uploads\/sites\/12\/2013\/03\/amarilla.jpg\" alt=\"\" width=\"582\" height=\"412\" srcset=\"https:\/\/static-blogs.diariosur.es\/wp-content\/uploads\/sites\/12\/2013\/03\/amarilla.jpg 582w, https:\/\/static-blogs.diariosur.es\/wp-content\/uploads\/sites\/12\/2013\/03\/amarilla-565x400.jpg 565w\" sizes=\"(max-width: 582px) 100vw, 582px\" \/><\/a><\/p>\n<p>&nbsp;<\/p>\n<p><strong><span><span style=\"color: #ff00ff;\">\u00a0De todas formas viendo el\u00a0sat\u00e9lite\u00a0y el radar ahora que son las ocho de la ma\u00f1ana, esperaba un frente mucho mas activo, y no solo yo, tamb\u00eden \u00a0la gran\u00a0mayor\u00eda\u00a0de los modelos. Lo mismo durante la ma\u00f1ana se reactivan esas nubes que est\u00e1n llegando al Golfo de Cadiz y al Estrecho. La verdad que cada dia la meteo me sorprende mas. Ma\u00f1ana cuando abra el nuevo post veremos que dio de si el dia de hoy.<\/span><\/span><\/strong><\/p>\n<p><strong><span><span style=\"color: #ff00ff;\">\u00a0Os paso una imagen del\u00a0sat\u00e9lite\u00a0eumetsat \u00a0y otra del \u00a0radar de lluvias cuando son las ocho de la ma\u00f1ana. Y lo\u00a0compar\u00e1is\u00a0con el de las \u00a0seis de la ma\u00f1ana. Fuente\u00a0Aemet, meteogalicia.\u00a0<\/span><\/span><\/strong><\/p>\n<p>&nbsp;<\/p>\n<p><a href=\"https:\/\/blogs.diariosur.es\/tormentas-y-rayos\/2013\/03\/07\/la-lluvia-de-nuevo-la-protagonista-hoy-jueves-el-miercoles-dimos-una-maxima-de-232-grados\/frente-8-2\/\" rel=\"attachment wp-att-5243\"><img loading=\"lazy\" class=\"aligncenter size-medium wp-image-5243\" title=\"frente 8\" src=\"\/tormentas-y-rayos\/wp-content\/uploads\/sites\/12\/2013\/03\/frente-8.jpg\" alt=\"\" width=\"600\" height=\"383\" srcset=\"https:\/\/static-blogs.diariosur.es\/wp-content\/uploads\/sites\/12\/2013\/03\/frente-8.jpg 724w, https:\/\/static-blogs.diariosur.es\/wp-content\/uploads\/sites\/12\/2013\/03\/frente-8-625x400.jpg 625w\" sizes=\"(max-width: 600px) 100vw, 600px\" \/><\/a><\/p>\n<p>&nbsp;<\/p>\n<p><strong>RADAR DE LLUVIA DE LAS SEIS DE LA MA\u00d1ANA<\/strong><\/p>\n<p>&nbsp;<\/p>\n<p><a href=\"https:\/\/blogs.diariosur.es\/tormentas-y-rayos\/2013\/03\/07\/la-lluvia-de-nuevo-la-protagonista-hoy-jueves-el-miercoles-dimos-una-maxima-de-232-grados\/cinco-de-la-mana\/\" rel=\"attachment wp-att-5245\"><img loading=\"lazy\" class=\"aligncenter size-full wp-image-5245\" title=\"cinco de la ma\u00f1a\" src=\"\/tormentas-y-rayos\/wp-content\/uploads\/sites\/12\/2013\/03\/cinco-de-la-ma\u00f1a.jpg\" alt=\"\" width=\"573\" height=\"571\" srcset=\"https:\/\/static-blogs.diariosur.es\/wp-content\/uploads\/sites\/12\/2013\/03\/cinco-de-la-ma\u00f1a.jpg 573w, https:\/\/static-blogs.diariosur.es\/wp-content\/uploads\/sites\/12\/2013\/03\/cinco-de-la-ma\u00f1a-150x150.jpg 150w, https:\/\/static-blogs.diariosur.es\/wp-content\/uploads\/sites\/12\/2013\/03\/cinco-de-la-ma\u00f1a-401x400.jpg 401w\" sizes=\"(max-width: 573px) 100vw, 573px\" \/><\/a><\/p>\n<p>&nbsp;<\/p>\n<p><strong>RADAR DE LLUVIAS DE LAS OCHO DE LA MA\u00d1ANA<\/strong><\/p>\n<p><a href=\"https:\/\/blogs.diariosur.es\/tormentas-y-rayos\/2013\/03\/07\/la-lluvia-de-nuevo-la-protagonista-hoy-jueves-el-miercoles-dimos-una-maxima-de-232-grados\/ocho-de-la-manana\/\" rel=\"attachment wp-att-5246\"><img loading=\"lazy\" class=\"aligncenter size-full wp-image-5246\" title=\"ocho de la ma\u00f1ana\" src=\"\/tormentas-y-rayos\/wp-content\/uploads\/sites\/12\/2013\/03\/ocho-de-la-ma\u00f1ana.jpg\" alt=\"\" width=\"538\" height=\"577\" srcset=\"https:\/\/static-blogs.diariosur.es\/wp-content\/uploads\/sites\/12\/2013\/03\/ocho-de-la-ma\u00f1ana.jpg 538w, https:\/\/static-blogs.diariosur.es\/wp-content\/uploads\/sites\/12\/2013\/03\/ocho-de-la-ma\u00f1ana-373x400.jpg 373w\" sizes=\"(max-width: 538px) 100vw, 538px\" \/><\/a><\/p>\n<p><strong>La lluvia nos acompa\u00f1ara durante la ma\u00f1ana , luego tendremos una tregua hasta ma\u00f1ana viernes, que durara hasta casi por la noche. Pero no guard\u00e9is los paraguas ya que los chubascos aparecer\u00e1n de nuevo el s\u00e1bado y el domingo. Con esto no quiero decir que este lloviendo todo el dia, tendremos ratos con lluvias y ratos con sol y calorcito jejeje. La borrasca situada en el Atl\u00e1ntico se encargara de que tengamos un fin de semana inestable. Os paso una secuencia prevista de la borrasca desde hoy y \u00a0hasta el domingo.<\/strong><\/p>\n<p>&nbsp;<\/p>\n<p><a href=\"https:\/\/blogs.diariosur.es\/tormentas-y-rayos\/2013\/03\/07\/la-lluvia-de-nuevo-la-protagonista-hoy-jueves-el-miercoles-dimos-una-maxima-de-232-grados\/bbbbb\/\" rel=\"attachment wp-att-5234\"><img loading=\"lazy\" class=\"aligncenter size-full wp-image-5234\" title=\"bbbbb\" src=\"\/tormentas-y-rayos\/wp-content\/uploads\/sites\/12\/2013\/03\/bbbbb.jpg\" alt=\"\" width=\"639\" height=\"639\" srcset=\"https:\/\/static-blogs.diariosur.es\/wp-content\/uploads\/sites\/12\/2013\/03\/bbbbb.jpg 639w, https:\/\/static-blogs.diariosur.es\/wp-content\/uploads\/sites\/12\/2013\/03\/bbbbb-150x150.jpg 150w, https:\/\/static-blogs.diariosur.es\/wp-content\/uploads\/sites\/12\/2013\/03\/bbbbb-400x400.jpg 400w\" sizes=\"(max-width: 639px) 100vw, 639px\" \/><\/a><\/p>\n<p>&nbsp;<\/p>\n<p><span style=\"color: #ff0000;\"><strong>Os hago un peque\u00f1o resumen del mi\u00e9rcoles en fotos.<\/strong><\/span><\/p>\n<p><span style=\"color: #0000ff;\"><strong>De nuevo se cumplieron los pron\u00f3sticos y la lluvia fue la protagonista de madrugada y primeras horas de la ma\u00f1ana. Cuando llegue a la Playa de la Misericordia sobre las once de la ma\u00f1ana, la cola del frente se adentraba hacia la zona m\u00e1s oriental de nuestra provincia. Aun dejaba algunas gotas, pero los primeros rayos de sol empezaban a adornar con las nubes los cielos de la capital. Os paso estas dos fotos, una hacia el oeste y la otra hacia el este donde se ve el grueso del frente.<\/strong><\/span><\/p>\n<p><span style=\"color: #0000ff;\"><a href=\"https:\/\/blogs.diariosur.es\/tormentas-y-rayos\/2013\/03\/07\/la-lluvia-de-nuevo-la-protagonista-hoy-jueves-el-miercoles-dimos-una-maxima-de-232-grados\/olympus-digital-camera-1187\/\" rel=\"attachment wp-att-5235\"><span style=\"color: #0000ff;\"><img loading=\"lazy\" class=\"aligncenter size-full wp-image-5235\" title=\"OLYMPUS DIGITAL CAMERA\" src=\"\/tormentas-y-rayos\/wp-content\/uploads\/sites\/12\/2013\/03\/007.jpg\" alt=\"\" width=\"670\" height=\"503\" srcset=\"https:\/\/static-blogs.diariosur.es\/wp-content\/uploads\/sites\/12\/2013\/03\/007.jpg 670w, https:\/\/static-blogs.diariosur.es\/wp-content\/uploads\/sites\/12\/2013\/03\/007-533x400.jpg 533w\" sizes=\"(max-width: 670px) 100vw, 670px\" \/><\/span><\/a><\/span><\/p>\n<p>&nbsp;<\/p>\n<p><span style=\"color: #0000ff;\"><a href=\"https:\/\/blogs.diariosur.es\/tormentas-y-rayos\/2013\/03\/07\/la-lluvia-de-nuevo-la-protagonista-hoy-jueves-el-miercoles-dimos-una-maxima-de-232-grados\/olympus-digital-camera-1188\/\" rel=\"attachment wp-att-5236\"><span style=\"color: #0000ff;\"><img loading=\"lazy\" class=\"aligncenter size-full wp-image-5236\" title=\"OLYMPUS DIGITAL CAMERA\" src=\"\/tormentas-y-rayos\/wp-content\/uploads\/sites\/12\/2013\/03\/006.jpg\" alt=\"\" width=\"670\" height=\"503\" srcset=\"https:\/\/static-blogs.diariosur.es\/wp-content\/uploads\/sites\/12\/2013\/03\/006.jpg 670w, https:\/\/static-blogs.diariosur.es\/wp-content\/uploads\/sites\/12\/2013\/03\/006-533x400.jpg 533w\" sizes=\"(max-width: 670px) 100vw, 670px\" \/><\/span><\/a><\/span><\/p>\n<p>&nbsp;<\/p>\n<p><span style=\"color: #0000ff;\"><strong>Sobre las doce el sol que picaba bastante era ya el protagonista.<\/strong><\/span><\/p>\n<p><span style=\"color: #0000ff;\"><a href=\"https:\/\/blogs.diariosur.es\/tormentas-y-rayos\/2013\/03\/07\/la-lluvia-de-nuevo-la-protagonista-hoy-jueves-el-miercoles-dimos-una-maxima-de-232-grados\/olympus-digital-camera-1189\/\" rel=\"attachment wp-att-5237\"><span style=\"color: #0000ff;\"><img loading=\"lazy\" class=\"aligncenter size-full wp-image-5237\" title=\"OLYMPUS DIGITAL CAMERA\" src=\"\/tormentas-y-rayos\/wp-content\/uploads\/sites\/12\/2013\/03\/020.jpg\" alt=\"\" width=\"670\" height=\"503\" srcset=\"https:\/\/static-blogs.diariosur.es\/wp-content\/uploads\/sites\/12\/2013\/03\/020.jpg 670w, https:\/\/static-blogs.diariosur.es\/wp-content\/uploads\/sites\/12\/2013\/03\/020-533x400.jpg 533w\" sizes=\"(max-width: 670px) 100vw, 670px\" \/><\/span><\/a><\/span><\/p>\n<p><span style=\"color: #0000ff;\"><strong>A partir de esa hora la temperatura debido al viento del sur suroeste\u00a0empez\u00f3\u00a0a subir y registramos una maxima de 23,2 grados.<\/strong><\/span><\/p>\n<p><a href=\"https:\/\/blogs.diariosur.es\/tormentas-y-rayos\/2013\/03\/07\/la-lluvia-de-nuevo-la-protagonista-hoy-jueves-el-miercoles-dimos-una-maxima-de-232-grados\/maxima-3\/\" rel=\"attachment wp-att-5238\"><img loading=\"lazy\" class=\"aligncenter size-full wp-image-5238\" title=\"maxima\" src=\"\/tormentas-y-rayos\/wp-content\/uploads\/sites\/12\/2013\/03\/maxima1.jpg\" alt=\"\" width=\"242\" height=\"130\" \/><\/a><\/p>\n<p><span style=\"color: #0000ff;\"><strong>Por la tarde los cielos se pusieron preciosos, hasta alg\u00fan lenticular se dejo ver.<\/strong><\/span><\/p>\n<p><a href=\"https:\/\/blogs.diariosur.es\/tormentas-y-rayos\/2013\/03\/07\/la-lluvia-de-nuevo-la-protagonista-hoy-jueves-el-miercoles-dimos-una-maxima-de-232-grados\/olympus-digital-camera-1190\/\" rel=\"attachment wp-att-5239\"><img loading=\"lazy\" class=\"aligncenter size-full wp-image-5239\" title=\"OLYMPUS DIGITAL CAMERA\" src=\"\/tormentas-y-rayos\/wp-content\/uploads\/sites\/12\/2013\/03\/021.jpg\" alt=\"\" width=\"670\" height=\"503\" srcset=\"https:\/\/static-blogs.diariosur.es\/wp-content\/uploads\/sites\/12\/2013\/03\/021.jpg 670w, https:\/\/static-blogs.diariosur.es\/wp-content\/uploads\/sites\/12\/2013\/03\/021-533x400.jpg 533w\" sizes=\"(max-width: 670px) 100vw, 670px\" \/><\/a><\/p>\n<p>&nbsp;<\/p>\n<p><a href=\"https:\/\/blogs.diariosur.es\/tormentas-y-rayos\/2013\/03\/07\/la-lluvia-de-nuevo-la-protagonista-hoy-jueves-el-miercoles-dimos-una-maxima-de-232-grados\/olympus-digital-camera-1191\/\" rel=\"attachment wp-att-5240\"><img loading=\"lazy\" class=\"aligncenter size-full wp-image-5240\" title=\"OLYMPUS DIGITAL CAMERA\" src=\"\/tormentas-y-rayos\/wp-content\/uploads\/sites\/12\/2013\/03\/039.jpg\" alt=\"\" width=\"670\" height=\"503\" srcset=\"https:\/\/static-blogs.diariosur.es\/wp-content\/uploads\/sites\/12\/2013\/03\/039.jpg 670w, https:\/\/static-blogs.diariosur.es\/wp-content\/uploads\/sites\/12\/2013\/03\/039-533x400.jpg 533w\" sizes=\"(max-width: 670px) 100vw, 670px\" \/><\/a><\/p>\n<p><strong>Poco mas que contar amigos. Muchas gracias por los comentarios, me he\u00a0re\u00eddo\u00a0un mont\u00f3n.\u00a0<\/strong><\/p>\n<p><strong>Os dejo con esta preciosa puesta de sol de nuestro amigo Miguel \u00c1ngel \u00c1vila, que tomo el martes por la tarde.<\/strong><\/p>\n<p><a href=\"https:\/\/blogs.diariosur.es\/tormentas-y-rayos\/2013\/03\/07\/la-lluvia-de-nuevo-la-protagonista-hoy-jueves-el-miercoles-dimos-una-maxima-de-232-grados\/img_28010_1\/\" rel=\"attachment wp-att-5241\"><img loading=\"lazy\" class=\"aligncenter size-full wp-image-5241\" title=\"IMG_28010_1\" src=\"\/tormentas-y-rayos\/wp-content\/uploads\/sites\/12\/2013\/03\/IMG_28010_1.jpg\" alt=\"\" width=\"670\" height=\"503\" srcset=\"https:\/\/static-blogs.diariosur.es\/wp-content\/uploads\/sites\/12\/2013\/03\/IMG_28010_1.jpg 670w, https:\/\/static-blogs.diariosur.es\/wp-content\/uploads\/sites\/12\/2013\/03\/IMG_28010_1-533x400.jpg 533w\" sizes=\"(max-width: 670px) 100vw, 670px\" \/><\/a><\/p>\n","protected":false},"excerpt":{"rendered":"<p>&nbsp; Buenos dias amigos de la meteo. Son las cinco y media de la ma\u00f1ana, registro 15 grados y los cielos est\u00e1n muy nubosos. El viento en estos momentos \u00a0esta en calma y caen ligeras gotillas. Pero en un rato la lluvia \u00a0ser\u00e1 la protagonista. En esta imagen del radar de la aemet se ve [&hellip;]<\/p>\n","protected":false},"author":16,"featured_media":5247,"comment_status":"open","ping_status":"closed","sticky":false,"template":"","format":"standard","meta":[],"categories":[2],"tags":[68,569,888,902,980],"_links":{"self":[{"href":"https:\/\/blogs.diariosur.es\/tormentas-y-rayos\/wp-json\/wp\/v2\/posts\/5232"}],"collection":[{"href":"https:\/\/blogs.diariosur.es\/tormentas-y-rayos\/wp-json\/wp\/v2\/posts"}],"about":[{"href":"https:\/\/blogs.diariosur.es\/tormentas-y-rayos\/wp-json\/wp\/v2\/types\/post"}],"author":[{"embeddable":true,"href":"https:\/\/blogs.diariosur.es\/tormentas-y-rayos\/wp-json\/wp\/v2\/users\/16"}],"replies":[{"embeddable":true,"href":"https:\/\/blogs.diariosur.es\/tormentas-y-rayos\/wp-json\/wp\/v2\/comments?post=5232"}],"version-history":[{"count":0,"href":"https:\/\/blogs.diariosur.es\/tormentas-y-rayos\/wp-json\/wp\/v2\/posts\/5232\/revisions"}],"wp:featuredmedia":[{"embeddable":true,"href":"https:\/\/blogs.diariosur.es\/tormentas-y-rayos\/wp-json\/wp\/v2\/media\/5247"}],"wp:attachment":[{"href":"https:\/\/blogs.diariosur.es\/tormentas-y-rayos\/wp-json\/wp\/v2\/media?parent=5232"}],"wp:term":[{"taxonomy":"category","embeddable":true,"href":"https:\/\/blogs.diariosur.es\/tormentas-y-rayos\/wp-json\/wp\/v2\/categories?post=5232"},{"taxonomy":"post_tag","embeddable":true,"href":"https:\/\/blogs.diariosur.es\/tormentas-y-rayos\/wp-json\/wp\/v2\/tags?post=5232"}],"curies":[{"name":"wp","href":"https:\/\/api.w.org\/{rel}","templated":true}]}}