{"id":5250,"date":"2013-03-08T09:12:48","date_gmt":"2013-03-08T08:12:48","guid":{"rendered":"http:\/\/blogs.diariosur.es\/tormentas-y-rayos\/?p=5250"},"modified":"2013-03-08T09:12:48","modified_gmt":"2013-03-08T08:12:48","slug":"prediccion-del-tiempo-fin-de-semana-chubascos-y-sol-recopilacion-de-lluvia-desde-el-lunes-pujerra-233-litros","status":"publish","type":"post","link":"https:\/\/blogs.diariosur.es\/tormentas-y-rayos\/2013\/03\/08\/prediccion-del-tiempo-fin-de-semana-chubascos-y-sol-recopilacion-de-lluvia-desde-el-lunes-pujerra-233-litros\/","title":{"rendered":"Predicci\u00f3n del tiempo fin de semana, chubascos y Sol. Recopilaci\u00f3n de lluvia desde el lunes. Pujerra 233 litros."},"content":{"rendered":"<p><strong>Buenos dias amigos de la meteo.<\/strong><\/p>\n<p><strong>Son las siete de la ma\u00f1ana, registro 15,1 grado, los cielos\u00a0est\u00e1n\u00a0despejados y no llueve, asi \u00a0que cu\u00f1ado has perdido la apuesta, \u00a0\u00bfen donde me invistas a comer? jejej.<\/strong><\/p>\n<p><strong>Antes de daros el pron\u00f3stico del fin de semana os hago un peque\u00f1o resumen del jueves.<\/strong><\/p>\n<p><strong>Se cumplieron los pron\u00f3sticos y las lluvias fueron las protagonistas en toda nuestra provincia. Donde mas llovi\u00f3 fueron en las zonas monta\u00f1osas orientadas al oeste, como es la Serran\u00eda de Ronda y Grazalema. Destaca Jubrique, Pujerra, y\u00a0 Majada de las Lomas con 70 litros. En estas zonas el viento h\u00famedo del suroeste deja buenos registros, por ese motivo la zona de Grazalema es unos de los sitios donde mas llueve de la Espa\u00f1a. Tambi\u00e9n se registraron chubascos fuertes en Villanueva del Trabuco, que dejaron peque\u00f1as inundaciones en varias calles del pueblo. En M\u00e1laga Capital contabilic\u00e9 en mi pluvi\u00f3metro 12,5 litros, cuando sopla suroeste en M\u00e1laga Capital las nubes que vienen ya han pasado por varios sistemas monta\u00f1osos y por este motivo dejan menos agua. Si el jueves el viento hubiera soplado en M\u00e1laga de sur sureste la cantidad de lluvia hubiera sido mayor. En M\u00e1laga a partir del mediod\u00eda se abrieron claros\u00a0 y dejo de llover, en cambio por el interior los chubascos segu\u00edan siendo los protagonistas hasta las seis de la tarde. Os paso una foto que tome desde mi terraza a la una de la tarde.\u00a0<\/strong><\/p>\n<p><a href=\"https:\/\/blogs.diariosur.es\/tormentas-y-rayos\/2013\/03\/08\/prediccion-del-tiempo-fin-de-semana-chubascos-y-sol-recopilacion-de-lluvia-desde-el-lunes-pujerra-233-litros\/olympus-digital-camera-1192\/\" rel=\"attachment wp-att-5252\"><img loading=\"lazy\" class=\"aligncenter size-full wp-image-5252\" title=\"OLYMPUS DIGITAL CAMERA\" src=\"\/tormentas-y-rayos\/wp-content\/uploads\/sites\/12\/2013\/03\/002.jpg\" alt=\"\" width=\"660\" height=\"495\" srcset=\"https:\/\/static-blogs.diariosur.es\/wp-content\/uploads\/sites\/12\/2013\/03\/002.jpg 660w, https:\/\/static-blogs.diariosur.es\/wp-content\/uploads\/sites\/12\/2013\/03\/002-533x400.jpg 533w\" sizes=\"(max-width: 660px) 100vw, 660px\" \/><\/a><\/p>\n<p><strong>Hace un rato que acabo de venir de ver el amanecer, all\u00ed me he encontrado con nuestros amigos Pedro Toro y Miguel \u00c1ngel. Debido a la niebla que hab\u00eda en alta mar, hemos podido ver un precioso amanecer.<\/strong><\/p>\n<p><span style=\"color: #ff00ff;\"><strong>El amanecer de hoy va dedicado a todas las mujeres trabajadoras, ya sea en casa o fuera de casa.<\/strong><\/span><\/p>\n<p><strong>Os paso dos fotos y un\u00a0v\u00eddeo. Que diferencia de ver el mar hoy, a como estaba el dia pasado.<\/strong><\/p>\n<p><a href=\"https:\/\/blogs.diariosur.es\/tormentas-y-rayos\/2013\/03\/08\/prediccion-del-tiempo-fin-de-semana-chubascos-y-sol-recopilacion-de-lluvia-desde-el-lunes-pujerra-233-litros\/olympus-digital-camera-1193\/\" rel=\"attachment wp-att-5253\"><img loading=\"lazy\" class=\"aligncenter size-full wp-image-5253\" title=\"OLYMPUS DIGITAL CAMERA\" src=\"\/tormentas-y-rayos\/wp-content\/uploads\/sites\/12\/2013\/03\/005.jpg\" alt=\"\" width=\"670\" height=\"362\" srcset=\"https:\/\/static-blogs.diariosur.es\/wp-content\/uploads\/sites\/12\/2013\/03\/005.jpg 670w, https:\/\/static-blogs.diariosur.es\/wp-content\/uploads\/sites\/12\/2013\/03\/005-640x346.jpg 640w\" sizes=\"(max-width: 670px) 100vw, 670px\" \/><\/a><\/p>\n<p>&nbsp;<\/p>\n<p><a href=\"https:\/\/blogs.diariosur.es\/tormentas-y-rayos\/2013\/03\/08\/prediccion-del-tiempo-fin-de-semana-chubascos-y-sol-recopilacion-de-lluvia-desde-el-lunes-pujerra-233-litros\/olympus-digital-camera-1194\/\" rel=\"attachment wp-att-5254\"><img loading=\"lazy\" class=\"aligncenter size-full wp-image-5254\" title=\"OLYMPUS DIGITAL CAMERA\" src=\"\/tormentas-y-rayos\/wp-content\/uploads\/sites\/12\/2013\/03\/b2.jpg\" alt=\"\" width=\"670\" height=\"355\" srcset=\"https:\/\/static-blogs.diariosur.es\/wp-content\/uploads\/sites\/12\/2013\/03\/b2.jpg 670w, https:\/\/static-blogs.diariosur.es\/wp-content\/uploads\/sites\/12\/2013\/03\/b2-640x339.jpg 640w\" sizes=\"(max-width: 670px) 100vw, 670px\" \/><\/a><\/p>\n<p><iframe loading=\"lazy\" src=\"\/\/www.youtube.com\/embed\/5y05yjEwJJE\" frameborder=\"0\" width=\"640\" height=\"360\"><\/iframe><\/p>\n<p>&nbsp;<\/p>\n<p><a href=\"https:\/\/blogs.diariosur.es\/tormentas-y-rayos\/2013\/03\/05\/alerta-por-lluvias-y-tormentas-impresionantes-fotos-y-videos-del-temporal-de-levante-posible-ola-de-frio-a-partir-del-lunes\/\"><strong>OS PASO EL ENLACE A LOS VIDEOS , PARA QUE VEAIS LA DIFERENCIA DE UN DIA A OTRO.<\/strong><\/a><\/p>\n<p><span style=\"color: #ff0000;\"><strong>PREDICCI\u00d3N FIN DE SEMANA.<\/strong><\/span><\/p>\n<p><span style=\"color: #008000;\"><strong>Hoy viernes la lluvia nos dar\u00e1 una tregua, si acaso al mediod\u00eda o por la tarde pueden caer algunas gotas por el interior, pero poca cosa. El viento aunque soplara del suroeste y oeste, en M\u00e1laga Capital ser\u00e1 aterralado y la m\u00e1xima rondara los 23 grados.<\/strong><\/span><\/p>\n<p>&nbsp;<\/p>\n<p><span style=\"color: #ff00ff;\"><strong>SABADO Y DOMINGO PREDICCI\u00d3N<\/strong><\/span><\/p>\n<p><strong>La borrasca que nos lleva afectando hace unos dias, sigue casi estacionaria en el mismo lugar.<\/strong><\/p>\n<p><a href=\"https:\/\/blogs.diariosur.es\/tormentas-y-rayos\/2013\/03\/08\/prediccion-del-tiempo-fin-de-semana-chubascos-y-sol-recopilacion-de-lluvia-desde-el-lunes-pujerra-233-litros\/borras-2\/\" rel=\"attachment wp-att-5255\"><img loading=\"lazy\" class=\"aligncenter size-medium wp-image-5255\" title=\"BORRAS\" src=\"\/tormentas-y-rayos\/wp-content\/uploads\/sites\/12\/2013\/03\/BORRAS.jpg\" alt=\"\" width=\"600\" height=\"387\" srcset=\"https:\/\/static-blogs.diariosur.es\/wp-content\/uploads\/sites\/12\/2013\/03\/BORRAS.jpg 709w, https:\/\/static-blogs.diariosur.es\/wp-content\/uploads\/sites\/12\/2013\/03\/BORRAS-619x400.jpg 619w\" sizes=\"(max-width: 600px) 100vw, 600px\" \/><\/a><\/p>\n<p><strong>\u00a0<\/strong><\/p>\n<p><strong>Desde esa posici\u00f3n mandara l\u00edneas de inestabilidad, que cruzaran Andaluc\u00eda de oeste a este el s\u00e1bado, dejando chubascos tambi\u00e9n en nuestra provincia.\u00a0<\/strong><\/p>\n<p><a href=\"https:\/\/blogs.diariosur.es\/tormentas-y-rayos\/2013\/03\/08\/prediccion-del-tiempo-fin-de-semana-chubascos-y-sol-recopilacion-de-lluvia-desde-el-lunes-pujerra-233-litros\/bbb-3\/\" rel=\"attachment wp-att-5256\"><img loading=\"lazy\" class=\"aligncenter size-medium wp-image-5256\" title=\"bbb\" src=\"\/tormentas-y-rayos\/wp-content\/uploads\/sites\/12\/2013\/03\/bbb.jpg\" alt=\"\" width=\"572\" height=\"400\" srcset=\"https:\/\/static-blogs.diariosur.es\/wp-content\/uploads\/sites\/12\/2013\/03\/bbb.jpg 747w, https:\/\/static-blogs.diariosur.es\/wp-content\/uploads\/sites\/12\/2013\/03\/bbb-572x400.jpg 572w\" sizes=\"(max-width: 572px) 100vw, 572px\" \/><\/a><\/p>\n<p>&nbsp;<\/p>\n<p><strong>Esta primera l\u00ednea de inestabilidad se espera durante la madrugada del sabado y primera hora de la ma\u00f1ana, puede dejar chubascos dispersos, pero luego los cielos aclararan y veremos el sol.<\/strong><\/p>\n<p><strong>El domingo se espera que la borrasca se acerca hacia la zona de Galicia.<\/strong><\/p>\n<p><a href=\"https:\/\/blogs.diariosur.es\/tormentas-y-rayos\/2013\/03\/08\/prediccion-del-tiempo-fin-de-semana-chubascos-y-sol-recopilacion-de-lluvia-desde-el-lunes-pujerra-233-litros\/domingo-9\/\" rel=\"attachment wp-att-5257\"><img loading=\"lazy\" class=\"aligncenter size-full wp-image-5257\" title=\"domingo\" src=\"\/tormentas-y-rayos\/wp-content\/uploads\/sites\/12\/2013\/03\/domingo.jpg\" alt=\"\" width=\"699\" height=\"467\" srcset=\"https:\/\/static-blogs.diariosur.es\/wp-content\/uploads\/sites\/12\/2013\/03\/domingo.jpg 699w, https:\/\/static-blogs.diariosur.es\/wp-content\/uploads\/sites\/12\/2013\/03\/domingo-599x400.jpg 599w\" sizes=\"(max-width: 699px) 100vw, 699px\" \/><\/a><\/p>\n<p>&nbsp;<\/p>\n<p><strong>De nuevo varias l\u00edneas de inestabilidad cruzaran nuestra provincia, dejando chubascos en el interior y d\u00e9biles en la costa. Este dia tambi\u00e9n espero que las\u00a0m\u00e1ximas\u00a0bajen y el viento de terral de invierno sople de moderado a fuerte. \u00a0Poco mas que contar sobre el\u00a0s\u00e1bado\u00a0y el domingo,\u00a0caer\u00e1n\u00a0algunos chubascos y\u00a0tambi\u00e9n\u00a0el sol se vera.<\/strong><\/p>\n<p><strong> Os dejo con los registros de lluvias fuente Hidrosur desde el lunes hasta hoy viernes a las seis de la ma\u00f1ana.<\/strong><\/p>\n<p><a href=\"https:\/\/blogs.diariosur.es\/tormentas-y-rayos\/2013\/03\/08\/prediccion-del-tiempo-fin-de-semana-chubascos-y-sol-recopilacion-de-lluvia-desde-el-lunes-pujerra-233-litros\/lll-5\/\" rel=\"attachment wp-att-5258\"><img loading=\"lazy\" class=\"aligncenter size-medium wp-image-5258\" title=\"lll\" src=\"\/tormentas-y-rayos\/wp-content\/uploads\/sites\/12\/2013\/03\/lll.jpg\" alt=\"\" width=\"600\" height=\"55\" srcset=\"https:\/\/static-blogs.diariosur.es\/wp-content\/uploads\/sites\/12\/2013\/03\/lll.jpg 906w, https:\/\/static-blogs.diariosur.es\/wp-content\/uploads\/sites\/12\/2013\/03\/lll-640x59.jpg 640w, https:\/\/static-blogs.diariosur.es\/wp-content\/uploads\/sites\/12\/2013\/03\/lll-768x71.jpg 768w\" sizes=\"(max-width: 600px) 100vw, 600px\" \/><\/a><a href=\"https:\/\/blogs.diariosur.es\/tormentas-y-rayos\/2013\/03\/08\/prediccion-del-tiempo-fin-de-semana-chubascos-y-sol-recopilacion-de-lluvia-desde-el-lunes-pujerra-233-litros\/l2-4\/\" rel=\"attachment wp-att-5259\"><img loading=\"lazy\" class=\"aligncenter size-medium wp-image-5259\" title=\"l2\" src=\"\/tormentas-y-rayos\/wp-content\/uploads\/sites\/12\/2013\/03\/l2.jpg\" alt=\"\" width=\"600\" height=\"265\" srcset=\"https:\/\/static-blogs.diariosur.es\/wp-content\/uploads\/sites\/12\/2013\/03\/l2.jpg 925w, https:\/\/static-blogs.diariosur.es\/wp-content\/uploads\/sites\/12\/2013\/03\/l2-640x284.jpg 640w, https:\/\/static-blogs.diariosur.es\/wp-content\/uploads\/sites\/12\/2013\/03\/l2-768x340.jpg 768w\" sizes=\"(max-width: 600px) 100vw, 600px\" \/><\/a><a href=\"https:\/\/blogs.diariosur.es\/tormentas-y-rayos\/2013\/03\/08\/prediccion-del-tiempo-fin-de-semana-chubascos-y-sol-recopilacion-de-lluvia-desde-el-lunes-pujerra-233-litros\/l1-5\/\" rel=\"attachment wp-att-5260\"><img loading=\"lazy\" class=\"aligncenter size-medium wp-image-5260\" title=\"l1\" src=\"\/tormentas-y-rayos\/wp-content\/uploads\/sites\/12\/2013\/03\/l11.jpg\" alt=\"\" width=\"600\" height=\"271\" srcset=\"https:\/\/static-blogs.diariosur.es\/wp-content\/uploads\/sites\/12\/2013\/03\/l11.jpg 935w, https:\/\/static-blogs.diariosur.es\/wp-content\/uploads\/sites\/12\/2013\/03\/l11-640x290.jpg 640w, https:\/\/static-blogs.diariosur.es\/wp-content\/uploads\/sites\/12\/2013\/03\/l11-768x347.jpg 768w\" sizes=\"(max-width: 600px) 100vw, 600px\" \/><\/a><a href=\"https:\/\/blogs.diariosur.es\/tormentas-y-rayos\/2013\/03\/08\/prediccion-del-tiempo-fin-de-semana-chubascos-y-sol-recopilacion-de-lluvia-desde-el-lunes-pujerra-233-litros\/l-3\/\" rel=\"attachment wp-att-5261\"><img loading=\"lazy\" class=\"aligncenter size-medium wp-image-5261\" title=\"l\" src=\"\/tormentas-y-rayos\/wp-content\/uploads\/sites\/12\/2013\/03\/l3.jpg\" alt=\"\" width=\"600\" height=\"150\" srcset=\"https:\/\/static-blogs.diariosur.es\/wp-content\/uploads\/sites\/12\/2013\/03\/l3.jpg 964w, https:\/\/static-blogs.diariosur.es\/wp-content\/uploads\/sites\/12\/2013\/03\/l3-640x161.jpg 640w, https:\/\/static-blogs.diariosur.es\/wp-content\/uploads\/sites\/12\/2013\/03\/l3-768x193.jpg 768w\" sizes=\"(max-width: 600px) 100vw, 600px\" \/><\/a><\/p>\n","protected":false},"excerpt":{"rendered":"<p>Buenos dias amigos de la meteo. Son las siete de la ma\u00f1ana, registro 15,1 grado, los cielos\u00a0est\u00e1n\u00a0despejados y no llueve, asi \u00a0que cu\u00f1ado has perdido la apuesta, \u00a0\u00bfen donde me invistas a comer? jejej. Antes de daros el pron\u00f3stico del fin de semana os hago un peque\u00f1o resumen del jueves. Se cumplieron los pron\u00f3sticos y [&hellip;]<\/p>\n","protected":false},"author":16,"featured_media":5255,"comment_status":"open","ping_status":"closed","sticky":false,"template":"","format":"standard","meta":[],"categories":[2],"tags":[410,800,902,980],"_links":{"self":[{"href":"https:\/\/blogs.diariosur.es\/tormentas-y-rayos\/wp-json\/wp\/v2\/posts\/5250"}],"collection":[{"href":"https:\/\/blogs.diariosur.es\/tormentas-y-rayos\/wp-json\/wp\/v2\/posts"}],"about":[{"href":"https:\/\/blogs.diariosur.es\/tormentas-y-rayos\/wp-json\/wp\/v2\/types\/post"}],"author":[{"embeddable":true,"href":"https:\/\/blogs.diariosur.es\/tormentas-y-rayos\/wp-json\/wp\/v2\/users\/16"}],"replies":[{"embeddable":true,"href":"https:\/\/blogs.diariosur.es\/tormentas-y-rayos\/wp-json\/wp\/v2\/comments?post=5250"}],"version-history":[{"count":0,"href":"https:\/\/blogs.diariosur.es\/tormentas-y-rayos\/wp-json\/wp\/v2\/posts\/5250\/revisions"}],"wp:featuredmedia":[{"embeddable":true,"href":"https:\/\/blogs.diariosur.es\/tormentas-y-rayos\/wp-json\/wp\/v2\/media\/5255"}],"wp:attachment":[{"href":"https:\/\/blogs.diariosur.es\/tormentas-y-rayos\/wp-json\/wp\/v2\/media?parent=5250"}],"wp:term":[{"taxonomy":"category","embeddable":true,"href":"https:\/\/blogs.diariosur.es\/tormentas-y-rayos\/wp-json\/wp\/v2\/categories?post=5250"},{"taxonomy":"post_tag","embeddable":true,"href":"https:\/\/blogs.diariosur.es\/tormentas-y-rayos\/wp-json\/wp\/v2\/tags?post=5250"}],"curies":[{"name":"wp","href":"https:\/\/api.w.org\/{rel}","templated":true}]}}