{"id":5263,"date":"2013-03-11T07:06:12","date_gmt":"2013-03-11T06:06:12","guid":{"rendered":"http:\/\/blogs.diariosur.es\/tormentas-y-rayos\/?p=5263"},"modified":"2013-03-11T07:06:12","modified_gmt":"2013-03-11T06:06:12","slug":"frio-a-partir-del-martes-alerta-por-lluvias-nieve-viento-el-tiempo-en-semana-santa-2013-ya-mismo","status":"publish","type":"post","link":"https:\/\/blogs.diariosur.es\/tormentas-y-rayos\/2013\/03\/11\/frio-a-partir-del-martes-alerta-por-lluvias-nieve-viento-el-tiempo-en-semana-santa-2013-ya-mismo\/","title":{"rendered":"Alerta por lluvias y viento en M\u00e1laga. Notable bajada de temperaturas. El tiempo en Semana Santa 2013"},"content":{"rendered":"<p>&nbsp;<\/p>\n<p><strong><span><span style=\"color: #ff00ff;\">\u00a0ACTUALIZACI\u00d3N\u00a0. ULTIM<\/span><\/span><span style=\"color: #ff00ff;\">A HORA AMIGOS DE LA METEO.<\/span><\/strong><\/p>\n<p><span style=\"color: #ff00ff;\">\u00a0<\/span><strong style=\"color: #ff0000;\">LA ALERTA POR LLUVIAS SE AMPLIA A LA COSTA MALAGUE\u00d1A Y GUADALHORCE EL MARTES.<\/strong><\/p>\n<p><strong>LA MASA\u00a0H\u00daMEDA\u00a0SUBTROPICAL YA ESTA LLEGANDO AL CABO DE SAN VICENTE. OS PASO ESTA IMAGEN DEL SATELITE EUMETSAT. COMPARARLA CON LA DE MAS ABAJO DEL POST.<\/strong><\/p>\n<p><a href=\"https:\/\/blogs.diariosur.es\/tormentas-y-rayos\/2013\/03\/11\/frio-a-partir-del-martes-alerta-por-lluvias-nieve-viento-el-tiempo-en-semana-santa-2013-ya-mismo\/lunesssss\/\" rel=\"attachment wp-att-5282\"><img loading=\"lazy\" class=\"aligncenter size-medium wp-image-5282\" title=\"LUNESSSSS\" src=\"\/tormentas-y-rayos\/wp-content\/uploads\/sites\/12\/2013\/03\/LUNESSSSS.jpg\" alt=\"\" width=\"565\" height=\"400\" srcset=\"https:\/\/static-blogs.diariosur.es\/wp-content\/uploads\/sites\/12\/2013\/03\/LUNESSSSS.jpg 727w, https:\/\/static-blogs.diariosur.es\/wp-content\/uploads\/sites\/12\/2013\/03\/LUNESSSSS-566x400.jpg 566w\" sizes=\"(max-width: 565px) 100vw, 565px\" \/><\/a><\/p>\n<p>&nbsp;<\/p>\n<p>&nbsp;<\/p>\n<p>&nbsp;<\/p>\n<p>&nbsp;<\/p>\n<p><strong>Muy buenos d\u00edas amigos de la meteo. Registro 10 grados y los cielos\u00a0est\u00e1n\u00a0algo nubosos.<\/strong><\/p>\n<p><strong>Muchas cosas que contar hoy en el blog, pero si me permit\u00eds hoy, os doy antes el pron\u00f3stico hasta el mi\u00e9rcoles y luego os hago el resumen del fin de semana en fotos. Por cierto amigos, \u00a0se cumpli\u00f3 totalmente el titulo del post de la predicci\u00f3n del fin de semana ( chubascos y sol).<\/strong><\/p>\n<p><strong>\u00a0Hoy lunes la comarca de Ronda esta en alerta amarilla por vientos. La maxima rondara los 18 grados y hay posibilidad de\u00a0alg\u00fan\u00a0chubasco\u00a0espor\u00e1dico\u00a0por el interior.<\/strong><\/p>\n<p><strong>Ma\u00f1ana martes la comarca de Antequera y Ronda entran el alerta amarilla por lluvias. Tambi\u00e9n se activa la alerta amarilla \u00a0en la Costa Malague\u00f1a, pero por fen\u00f3menos costeros. Pero en el trascurso del dia de hoy, no me extra\u00f1aria que a la Costa Malague\u00f1a tambien la activen por lluvias.<\/strong><\/p>\n<p><a href=\"https:\/\/blogs.diariosur.es\/tormentas-y-rayos\/2013\/03\/11\/frio-a-partir-del-martes-alerta-por-lluvias-nieve-viento-el-tiempo-en-semana-santa-2013-ya-mismo\/captura-133\/\" rel=\"attachment wp-att-5264\"><img loading=\"lazy\" class=\"aligncenter size-full wp-image-5264\" title=\"Captura\" src=\"\/tormentas-y-rayos\/wp-content\/uploads\/sites\/12\/2013\/03\/Captura.jpg\" alt=\"\" width=\"553\" height=\"390\" \/><\/a><\/p>\n<p><strong>Una masa nubosa muy\u00a0h\u00fameda\u00a0de origen subtropical barrera toda Andaluc\u00eda, dejando lluvias moderadas en muchos puntos de nuestra regi\u00f3n. Podemos tener sorpresas, ya que si coinciden con lo que explico mas abajo, puede nevar a partir de 700 metros en algunos puntos de\u00a0Andaluc\u00eda.<\/strong><\/p>\n<p><strong> En esta imagen que guarde ayer \u00a0del\u00a0sat\u00e9lite\u00a0Eumetsat, \u00a0se ve claramente esa masa que ya esta en las Azores.<\/strong><\/p>\n<p>&nbsp;<\/p>\n<p>&nbsp;<\/p>\n<p><strong>Durante la tarde noche del martes empezar\u00eda a entrar\u00a0 una masa de aire\u00a0fr\u00edo\u00a0 que har\u00e1 bajar las temperaturas en toda la Pen\u00ednsula. Sera el mi\u00e9rcoles y el jueves cuando mas notemos el fr\u00edo. Os dejo estos mapas de temperaturas a 850 hpa(1500 m) desde el lunes hasta el mi\u00e9rcoles, fijaros que baj\u00f3n. Hasta menos cuatro en\u00a0Andaluc\u00eda. Si durante la madrugada del\u00a0mi\u00e9rcoles\u00a0se dan chubascos, estos pueden ser de nieve en la zona oriental andaluza a partir de 700 metros.<\/strong><\/p>\n<p><a href=\"https:\/\/blogs.diariosur.es\/tormentas-y-rayos\/2013\/03\/11\/frio-a-partir-del-martes-alerta-por-lluvias-nieve-viento-el-tiempo-en-semana-santa-2013-ya-mismo\/1-vert-2\/\" rel=\"attachment wp-att-5265\"><img loading=\"lazy\" class=\"aligncenter size-full wp-image-5265\" title=\"1-vert\" src=\"\/tormentas-y-rayos\/wp-content\/uploads\/sites\/12\/2013\/03\/1-vert.jpg\" alt=\"\" width=\"483\" height=\"913\" srcset=\"https:\/\/static-blogs.diariosur.es\/wp-content\/uploads\/sites\/12\/2013\/03\/1-vert.jpg 483w, https:\/\/static-blogs.diariosur.es\/wp-content\/uploads\/sites\/12\/2013\/03\/1-vert-212x400.jpg 212w\" sizes=\"(max-width: 483px) 100vw, 483px\" \/><\/a><\/p>\n<p>&nbsp;<\/p>\n<p><span style=\"color: #ff0000;\"><strong>\u00a0EL\u00a0MI\u00c9RCOLES\u00a0EMPEZAREMOS A DAR LAS TENDENCIAS QUE SE ESPERAN PARA EL VIERNES DE DOLORES,\u00a0S\u00c1BADO\u00a0DE PASI\u00d3N Y DOMINGO DE RAMOS. MIEDO ME DA. CADA DIA LOS MODELOS DAN UNA COSA, ESPEREMOS QUE EL MIERCOLES ESTE ALGO MAS CLARO.<\/strong><\/span><\/p>\n<p><a href=\"https:\/\/blogs.diariosur.es\/tormentas-y-rayos\/2013\/03\/11\/frio-a-partir-del-martes-alerta-por-lluvias-nieve-viento-el-tiempo-en-semana-santa-2013-ya-mismo\/blog-naza-7\/\" rel=\"attachment wp-att-5266\"><img loading=\"lazy\" class=\"aligncenter size-full wp-image-5266\" title=\"blog naza\" src=\"\/tormentas-y-rayos\/wp-content\/uploads\/sites\/12\/2013\/03\/blog-naza.jpg\" alt=\"\" width=\"660\" height=\"382\" srcset=\"https:\/\/static-blogs.diariosur.es\/wp-content\/uploads\/sites\/12\/2013\/03\/blog-naza.jpg 660w, https:\/\/static-blogs.diariosur.es\/wp-content\/uploads\/sites\/12\/2013\/03\/blog-naza-640x370.jpg 640w\" sizes=\"(max-width: 660px) 100vw, 660px\" \/><\/a><\/p>\n<p>&nbsp;<\/p>\n<p><span style=\"color: #ff00ff;\"><strong>Bueno amigos os hago el resumen del fin de semana.<\/strong><\/span><\/p>\n<p><span style=\"color: #0000ff;\"><strong>El s\u00e1bado la m\u00e1xima fue de 18 grados y la m\u00ednima de 13,8. Antes de entrar al curro, me llegue con la c\u00e1mara chica a fotografiar el amanecer.<\/strong><\/span><\/p>\n<p><span style=\"color: #0000ff;\"><a href=\"https:\/\/blogs.diariosur.es\/tormentas-y-rayos\/2013\/03\/11\/frio-a-partir-del-martes-alerta-por-lluvias-nieve-viento-el-tiempo-en-semana-santa-2013-ya-mismo\/022-5\/\" rel=\"attachment wp-att-5267\"><span style=\"color: #0000ff;\"><img loading=\"lazy\" class=\"aligncenter size-full wp-image-5267\" title=\"022\" src=\"\/tormentas-y-rayos\/wp-content\/uploads\/sites\/12\/2013\/03\/022.jpg\" alt=\"\" width=\"670\" height=\"334\" srcset=\"https:\/\/static-blogs.diariosur.es\/wp-content\/uploads\/sites\/12\/2013\/03\/022.jpg 670w, https:\/\/static-blogs.diariosur.es\/wp-content\/uploads\/sites\/12\/2013\/03\/022-640x319.jpg 640w\" sizes=\"(max-width: 670px) 100vw, 670px\" \/><\/span><\/a><\/span><\/p>\n<p><span style=\"color: #0000ff;\"><strong>Al mismo tiempo nuestra amiga Paloma Maria\u00a0tambi\u00e9n\u00a0lo fotografiaba desde otra posici\u00f3n. Me ha encantado la foto amiga Maria.\u00a0<\/strong><\/span><\/p>\n<p><span style=\"color: #0000ff;\"><a href=\"https:\/\/blogs.diariosur.es\/tormentas-y-rayos\/2013\/03\/11\/frio-a-partir-del-martes-alerta-por-lluvias-nieve-viento-el-tiempo-en-semana-santa-2013-ya-mismo\/860185_509925159057963_635806244_o_1\/\" rel=\"attachment wp-att-5268\"><span style=\"color: #0000ff;\"><img loading=\"lazy\" class=\"aligncenter size-full wp-image-5268\" title=\"860185_509925159057963_635806244_o_1\" src=\"\/tormentas-y-rayos\/wp-content\/uploads\/sites\/12\/2013\/03\/860185_509925159057963_635806244_o_1.jpg\" alt=\"\" width=\"670\" height=\"278\" srcset=\"https:\/\/static-blogs.diariosur.es\/wp-content\/uploads\/sites\/12\/2013\/03\/860185_509925159057963_635806244_o_1.jpg 670w, https:\/\/static-blogs.diariosur.es\/wp-content\/uploads\/sites\/12\/2013\/03\/860185_509925159057963_635806244_o_1-640x266.jpg 640w\" sizes=\"(max-width: 670px) 100vw, 670px\" \/><\/span><\/a><\/span><\/p>\n<p><strong><span style=\"color: #0000ff;\">\u00a0Poco mas que contar sobre el\u00a0s\u00e1bado\u00a0, los chubascos y el\u00a0t\u00edmido\u00a0sol fueron los protagonistas.<\/span><\/strong><\/p>\n<p>&nbsp;<\/p>\n<p><span style=\"color: #ff00ff;\"><strong>El domingo la m\u00e1xima fue de 16,8 grados y la m\u00ednima de 10. Sobre las siete y veinte tire para la playa para cazar el amanecer, que no estuvo mal, pero se dio una peque\u00f1a sorpresa que ahora ver\u00e9is. \u00a0En el sitio habitual nos juntamos varios amigos Pedro, Miguel Angel, Paqui y yo. Nada mas llegar hice estas fotos.<\/strong><\/span><\/p>\n<p><span style=\"color: #ff00ff;\"><a href=\"https:\/\/blogs.diariosur.es\/tormentas-y-rayos\/2013\/03\/11\/frio-a-partir-del-martes-alerta-por-lluvias-nieve-viento-el-tiempo-en-semana-santa-2013-ya-mismo\/olympus-digital-camera-1195\/\" rel=\"attachment wp-att-5269\"><span style=\"color: #ff00ff;\"><img loading=\"lazy\" class=\"aligncenter size-full wp-image-5269\" title=\"OLYMPUS DIGITAL CAMERA\" src=\"\/tormentas-y-rayos\/wp-content\/uploads\/sites\/12\/2013\/03\/0021.jpg\" alt=\"\" width=\"670\" height=\"503\" srcset=\"https:\/\/static-blogs.diariosur.es\/wp-content\/uploads\/sites\/12\/2013\/03\/0021.jpg 670w, https:\/\/static-blogs.diariosur.es\/wp-content\/uploads\/sites\/12\/2013\/03\/0021-533x400.jpg 533w\" sizes=\"(max-width: 670px) 100vw, 670px\" \/><\/span><\/a><\/span><\/p>\n<p><span style=\"color: #ff00ff;\"><a href=\"https:\/\/blogs.diariosur.es\/tormentas-y-rayos\/2013\/03\/11\/frio-a-partir-del-martes-alerta-por-lluvias-nieve-viento-el-tiempo-en-semana-santa-2013-ya-mismo\/olympus-digital-camera-1196\/\" rel=\"attachment wp-att-5270\"><span style=\"color: #ff00ff;\"><img loading=\"lazy\" class=\"aligncenter size-full wp-image-5270\" title=\"OLYMPUS DIGITAL CAMERA\" src=\"\/tormentas-y-rayos\/wp-content\/uploads\/sites\/12\/2013\/03\/013.jpg\" alt=\"\" width=\"670\" height=\"503\" srcset=\"https:\/\/static-blogs.diariosur.es\/wp-content\/uploads\/sites\/12\/2013\/03\/013.jpg 670w, https:\/\/static-blogs.diariosur.es\/wp-content\/uploads\/sites\/12\/2013\/03\/013-533x400.jpg 533w\" sizes=\"(max-width: 670px) 100vw, 670px\" \/><\/span><\/a><\/span><\/p>\n<p><span style=\"color: #ff00ff;\"><strong>Pero la sorpresa vendr\u00eda por la retaguardia jejeje, como tengo la costumbre de mirar al cielo por todos los lados, vi que se acercaba un buen nubarr\u00f3n cargado de agua. Asi que se lo dije a todos los cazadores, ! atentos al nubarr\u00f3n !. media vuelta errrrrrrr.<\/strong><\/span><\/p>\n<p><span style=\"color: #ff00ff;\"><a href=\"https:\/\/blogs.diariosur.es\/tormentas-y-rayos\/2013\/03\/11\/frio-a-partir-del-martes-alerta-por-lluvias-nieve-viento-el-tiempo-en-semana-santa-2013-ya-mismo\/olympus-digital-camera-1198\/\" rel=\"attachment wp-att-5272\"><span style=\"color: #ff00ff;\"><img loading=\"lazy\" class=\"aligncenter size-full wp-image-5272\" title=\"OLYMPUS DIGITAL CAMERA\" src=\"\/tormentas-y-rayos\/wp-content\/uploads\/sites\/12\/2013\/03\/019.jpg\" alt=\"\" width=\"670\" height=\"503\" srcset=\"https:\/\/static-blogs.diariosur.es\/wp-content\/uploads\/sites\/12\/2013\/03\/019.jpg 670w, https:\/\/static-blogs.diariosur.es\/wp-content\/uploads\/sites\/12\/2013\/03\/019-533x400.jpg 533w\" sizes=\"(max-width: 670px) 100vw, 670px\" \/><\/span><\/a><\/span><\/p>\n<p><span style=\"color: #ff00ff;\"><strong>Y todos nos dispusimos a fotografiar al nubarr\u00f3n ma\u00f1anero y a ser fotografiados por nuestra amiga Paqui.<\/strong><\/span><\/p>\n<p><span style=\"color: #ff00ff;\"><a href=\"https:\/\/blogs.diariosur.es\/tormentas-y-rayos\/2013\/03\/11\/frio-a-partir-del-martes-alerta-por-lluvias-nieve-viento-el-tiempo-en-semana-santa-2013-ya-mismo\/188962_4441848095280_1446608827_n\/\" rel=\"attachment wp-att-5273\"><span style=\"color: #ff00ff;\"><img loading=\"lazy\" class=\"aligncenter size-full wp-image-5273\" title=\"188962_4441848095280_1446608827_n\" src=\"\/tormentas-y-rayos\/wp-content\/uploads\/sites\/12\/2013\/03\/188962_4441848095280_1446608827_n.jpg\" alt=\"\" width=\"670\" height=\"496\" srcset=\"https:\/\/static-blogs.diariosur.es\/wp-content\/uploads\/sites\/12\/2013\/03\/188962_4441848095280_1446608827_n.jpg 670w, https:\/\/static-blogs.diariosur.es\/wp-content\/uploads\/sites\/12\/2013\/03\/188962_4441848095280_1446608827_n-540x400.jpg 540w\" sizes=\"(max-width: 670px) 100vw, 670px\" \/><\/span><\/a><\/span><\/p>\n<p><span style=\"color: #ff00ff;\"><strong>Este nubarr\u00f3n trajo consigo un precioso arcoiris, que Paqui carnero\u00a0fotografi\u00f3\u00a0magistralmente.<\/strong><\/span><\/p>\n<p>&nbsp;<\/p>\n<p><span style=\"color: #ff00ff;\"><a href=\"https:\/\/blogs.diariosur.es\/tormentas-y-rayos\/2013\/03\/11\/frio-a-partir-del-martes-alerta-por-lluvias-nieve-viento-el-tiempo-en-semana-santa-2013-ya-mismo\/887288_4441453645419_123305293_o_1\/\" rel=\"attachment wp-att-5274\"><span style=\"color: #ff00ff;\"><img loading=\"lazy\" class=\"aligncenter size-full wp-image-5274\" title=\"887288_4441453645419_123305293_o_1\" src=\"\/tormentas-y-rayos\/wp-content\/uploads\/sites\/12\/2013\/03\/887288_4441453645419_123305293_o_1.jpg\" alt=\"\" width=\"670\" height=\"496\" srcset=\"https:\/\/static-blogs.diariosur.es\/wp-content\/uploads\/sites\/12\/2013\/03\/887288_4441453645419_123305293_o_1.jpg 670w, https:\/\/static-blogs.diariosur.es\/wp-content\/uploads\/sites\/12\/2013\/03\/887288_4441453645419_123305293_o_1-540x400.jpg 540w\" sizes=\"(max-width: 670px) 100vw, 670px\" \/><\/span><\/a><\/span><\/p>\n<p><span style=\"color: #ff00ff;\"><strong>Los\u00a0dem\u00e1s\u00a0no lo perdimos, ya que nos\u00a0hab\u00edamos\u00a0marchado un poco antes. Yo pude fotografiarlo desde una rotonda del Paseo\u00a0Mar\u00edtimo\u00a0y mas tarde desde casa. Que luz mas bonita.<\/strong><\/span><\/p>\n<p><span style=\"color: #ff00ff;\"><a href=\"https:\/\/blogs.diariosur.es\/tormentas-y-rayos\/2013\/03\/11\/frio-a-partir-del-martes-alerta-por-lluvias-nieve-viento-el-tiempo-en-semana-santa-2013-ya-mismo\/olympus-digital-camera-1199\/\" rel=\"attachment wp-att-5275\"><span style=\"color: #ff00ff;\"><img loading=\"lazy\" class=\"aligncenter size-full wp-image-5275\" title=\"OLYMPUS DIGITAL CAMERA\" src=\"\/tormentas-y-rayos\/wp-content\/uploads\/sites\/12\/2013\/03\/0282.jpg\" alt=\"\" width=\"670\" height=\"503\" srcset=\"https:\/\/static-blogs.diariosur.es\/wp-content\/uploads\/sites\/12\/2013\/03\/0282.jpg 670w, https:\/\/static-blogs.diariosur.es\/wp-content\/uploads\/sites\/12\/2013\/03\/0282-533x400.jpg 533w\" sizes=\"(max-width: 670px) 100vw, 670px\" \/><\/span><\/a><\/span><\/p>\n<p>&nbsp;<\/p>\n<p><span style=\"color: #ff00ff;\"><a href=\"https:\/\/blogs.diariosur.es\/tormentas-y-rayos\/2013\/03\/11\/frio-a-partir-del-martes-alerta-por-lluvias-nieve-viento-el-tiempo-en-semana-santa-2013-ya-mismo\/olympus-digital-camera-1200\/\" rel=\"attachment wp-att-5276\"><span style=\"color: #ff00ff;\"><img loading=\"lazy\" class=\"aligncenter size-full wp-image-5276\" title=\"OLYMPUS DIGITAL CAMERA\" src=\"\/tormentas-y-rayos\/wp-content\/uploads\/sites\/12\/2013\/03\/bb1.jpg\" alt=\"\" width=\"670\" height=\"503\" srcset=\"https:\/\/static-blogs.diariosur.es\/wp-content\/uploads\/sites\/12\/2013\/03\/bb1.jpg 670w, https:\/\/static-blogs.diariosur.es\/wp-content\/uploads\/sites\/12\/2013\/03\/bb1-533x400.jpg 533w\" sizes=\"(max-width: 670px) 100vw, 670px\" \/><\/span><\/a><\/span><\/p>\n<p>&nbsp;<\/p>\n<p><span style=\"color: #ff00ff;\"><strong>Sobre las diez y media de la ma\u00f1ana volv\u00ed a bajar a la playa. Los chubascos y el sol se alternaban en los cielos malague\u00f1os, y la m\u00fasica de la lluvia inundaba mis o\u00eddos pl\u00e1cidamente.&#8221;&#8221; Que bonita me ha quedado esta ultima frase jejejej&#8221;&#8221;<\/strong><\/span><\/p>\n<p><span style=\"color: #ff00ff;\"><strong>.\u00a0<\/strong><\/span><\/p>\n<p>&nbsp;<\/p>\n<p>&nbsp;<\/p>\n<p><span style=\"color: #ff00ff;\"><iframe loading=\"lazy\" src=\"\/\/www.youtube.com\/embed\/hG6SSf9Y0Eg\" frameborder=\"0\" width=\"640\" height=\"360\"><\/iframe><\/span><\/p>\n<p>&nbsp;<\/p>\n<p><span style=\"color: #ff00ff;\"><strong>Aunque a ratos lloviera, muchos andaban por la playa.<\/strong><\/span><\/p>\n<p><span style=\"color: #ff00ff;\"><a href=\"https:\/\/blogs.diariosur.es\/tormentas-y-rayos\/2013\/03\/11\/frio-a-partir-del-martes-alerta-por-lluvias-nieve-viento-el-tiempo-en-semana-santa-2013-ya-mismo\/olympus-digital-camera-1201\/\" rel=\"attachment wp-att-5277\"><span style=\"color: #ff00ff;\"><img loading=\"lazy\" class=\"aligncenter size-full wp-image-5277\" title=\"OLYMPUS DIGITAL CAMERA\" src=\"\/tormentas-y-rayos\/wp-content\/uploads\/sites\/12\" alt=\"\" width=\"670\" height=\"503\" \/><\/span><\/a><\/span><\/p>\n<p><span style=\"color: #ff00ff;\"><strong>Incluso se dejaron ver algunos\u00a0t\u00edmidos<\/strong><strong>\u00a0mammatus.<\/strong><\/span><\/p>\n<p><span style=\"color: #ff00ff;\"><a href=\"https:\/\/blogs.diariosur.es\/tormentas-y-rayos\/2013\/03\/11\/frio-a-partir-del-martes-alerta-por-lluvias-nieve-viento-el-tiempo-en-semana-santa-2013-ya-mismo\/olympus-digital-camera-1202\/\" rel=\"attachment wp-att-5278\"><span style=\"color: #ff00ff;\"><img loading=\"lazy\" class=\"aligncenter size-full wp-image-5278\" title=\"OLYMPUS DIGITAL CAMERA\" src=\"\/tormentas-y-rayos\/wp-content\/uploads\/sites\/12\/2013\/03\/064.jpg\" alt=\"\" width=\"670\" height=\"503\" srcset=\"https:\/\/static-blogs.diariosur.es\/wp-content\/uploads\/sites\/12\/2013\/03\/064.jpg 670w, https:\/\/static-blogs.diariosur.es\/wp-content\/uploads\/sites\/12\/2013\/03\/064-533x400.jpg 533w\" sizes=\"(max-width: 670px) 100vw, 670px\" \/><\/span><\/a><\/span><\/p>\n<p><span style=\"color: #ff00ff;\"><strong>Que mas tarde dieron paso a unas bonitas cortinas de lluvia mezcladas con rayos de sol.<\/strong><\/span><\/p>\n<p><span style=\"color: #ff00ff;\"><a href=\"https:\/\/blogs.diariosur.es\/tormentas-y-rayos\/2013\/03\/11\/frio-a-partir-del-martes-alerta-por-lluvias-nieve-viento-el-tiempo-en-semana-santa-2013-ya-mismo\/olympus-digital-camera-1203\/\" rel=\"attachment wp-att-5279\"><span style=\"color: #ff00ff;\"><img loading=\"lazy\" class=\"aligncenter size-full wp-image-5279\" title=\"OLYMPUS DIGITAL CAMERA\" src=\"\/tormentas-y-rayos\/wp-content\/uploads\/sites\/12\/2013\/03\/057.jpg\" alt=\"\" width=\"670\" height=\"503\" srcset=\"https:\/\/static-blogs.diariosur.es\/wp-content\/uploads\/sites\/12\/2013\/03\/057.jpg 670w, https:\/\/static-blogs.diariosur.es\/wp-content\/uploads\/sites\/12\/2013\/03\/057-533x400.jpg 533w\" sizes=\"(max-width: 670px) 100vw, 670px\" \/><\/span><\/a><\/span><\/p>\n<p><span style=\"color: #ff00ff;\"><strong>Poco mas que contar sobre el domingo.\u00a0<\/strong><\/span><\/p>\n<p><strong>Os dejo con este fot\u00f3n de nuestro amigo Carlos Castro. Es un cumulo congestu que cazo ayer en Sierra Tejeda.<\/strong><\/p>\n<p><a href=\"https:\/\/blogs.diariosur.es\/tormentas-y-rayos\/2013\/03\/11\/frio-a-partir-del-martes-alerta-por-lluvias-nieve-viento-el-tiempo-en-semana-santa-2013-ya-mismo\/135278_388171121281768_1006191629_o\/\" rel=\"attachment wp-att-5280\"><img loading=\"lazy\" class=\"aligncenter size-full wp-image-5280\" title=\"135278_388171121281768_1006191629_o\" src=\"\/tormentas-y-rayos\/wp-content\/uploads\/sites\/12\/2013\/03\/135278_388171121281768_1006191629_o.jpg\" alt=\"\" width=\"670\" height=\"447\" srcset=\"https:\/\/static-blogs.diariosur.es\/wp-content\/uploads\/sites\/12\/2013\/03\/135278_388171121281768_1006191629_o.jpg 670w, https:\/\/static-blogs.diariosur.es\/wp-content\/uploads\/sites\/12\/2013\/03\/135278_388171121281768_1006191629_o-600x400.jpg 600w\" sizes=\"(max-width: 670px) 100vw, 670px\" \/><\/a><\/p>\n","protected":false},"excerpt":{"rendered":"<p>&nbsp; \u00a0ACTUALIZACI\u00d3N\u00a0. ULTIMA HORA AMIGOS DE LA METEO. \u00a0LA ALERTA POR LLUVIAS SE AMPLIA A LA COSTA MALAGUE\u00d1A Y GUADALHORCE EL MARTES. LA MASA\u00a0H\u00daMEDA\u00a0SUBTROPICAL YA ESTA LLEGANDO AL CABO DE SAN VICENTE. OS PASO ESTA IMAGEN DEL SATELITE EUMETSAT. COMPARARLA CON LA DE MAS ABAJO DEL POST. &nbsp; &nbsp; &nbsp; &nbsp; Muy buenos d\u00edas amigos [&hellip;]<\/p>\n","protected":false},"author":16,"featured_media":5275,"comment_status":"open","ping_status":"closed","sticky":false,"template":"","format":"standard","meta":[],"categories":[2],"tags":[],"_links":{"self":[{"href":"https:\/\/blogs.diariosur.es\/tormentas-y-rayos\/wp-json\/wp\/v2\/posts\/5263"}],"collection":[{"href":"https:\/\/blogs.diariosur.es\/tormentas-y-rayos\/wp-json\/wp\/v2\/posts"}],"about":[{"href":"https:\/\/blogs.diariosur.es\/tormentas-y-rayos\/wp-json\/wp\/v2\/types\/post"}],"author":[{"embeddable":true,"href":"https:\/\/blogs.diariosur.es\/tormentas-y-rayos\/wp-json\/wp\/v2\/users\/16"}],"replies":[{"embeddable":true,"href":"https:\/\/blogs.diariosur.es\/tormentas-y-rayos\/wp-json\/wp\/v2\/comments?post=5263"}],"version-history":[{"count":0,"href":"https:\/\/blogs.diariosur.es\/tormentas-y-rayos\/wp-json\/wp\/v2\/posts\/5263\/revisions"}],"wp:featuredmedia":[{"embeddable":true,"href":"https:\/\/blogs.diariosur.es\/tormentas-y-rayos\/wp-json\/wp\/v2\/media\/5275"}],"wp:attachment":[{"href":"https:\/\/blogs.diariosur.es\/tormentas-y-rayos\/wp-json\/wp\/v2\/media?parent=5263"}],"wp:term":[{"taxonomy":"category","embeddable":true,"href":"https:\/\/blogs.diariosur.es\/tormentas-y-rayos\/wp-json\/wp\/v2\/categories?post=5263"},{"taxonomy":"post_tag","embeddable":true,"href":"https:\/\/blogs.diariosur.es\/tormentas-y-rayos\/wp-json\/wp\/v2\/tags?post=5263"}],"curies":[{"name":"wp","href":"https:\/\/api.w.org\/{rel}","templated":true}]}}