{"id":5288,"date":"2013-03-13T07:13:23","date_gmt":"2013-03-13T06:13:23","guid":{"rendered":"http:\/\/blogs.diariosur.es\/tormentas-y-rayos\/?p=5288"},"modified":"2013-03-13T07:13:23","modified_gmt":"2013-03-13T06:13:23","slug":"el-tiempo-en-semana-santa-2013-viernes-de-dolores-sabado-de-pasion-y-domingo-de-ramos-prediccion-del-tiempo-partido-malaga-oporto","status":"publish","type":"post","link":"https:\/\/blogs.diariosur.es\/tormentas-y-rayos\/2013\/03\/13\/el-tiempo-en-semana-santa-2013-viernes-de-dolores-sabado-de-pasion-y-domingo-de-ramos-prediccion-del-tiempo-partido-malaga-oporto\/","title":{"rendered":"El tiempo en Semana Santa 2013. Viernes de Dolores, S\u00e1bado de Pasi\u00f3n y Domingo de Ramos. Predicci\u00f3n del tiempo partido M\u00e1laga &#8211; Oporto"},"content":{"rendered":"<p><strong>Buenos d\u00edas amigos de la meteo.<\/strong><\/p>\n<p><strong>Son las cinco de la ma\u00f1ana, registro 12 grados y los cielos est\u00e1n algo nubosos en la Provincia Malague\u00f1a. El viento de terral de invierno ha sido el protagonista esta pasada madrugada. Las rachas han estado cercanas a los 40km\/h.<\/strong><\/p>\n<p><strong>Como os promet\u00ed el lunes, hoy hablaremos un poco de las tendencias que se pueden esperar para estos tres d\u00edas, no solo en Andaluc\u00eda y M\u00e1laga, si no en toda Espa\u00f1a. Primero os presento a los nazarenos que ir\u00e1n dando el tiempo desde hoy hasta que termine la Semana Santa.\u00a0<\/strong><\/p>\n<p><a href=\"https:\/\/blogs.diariosur.es\/tormentas-y-rayos\/2013\/03\/13\/el-tiempo-en-semana-santa-2013-viernes-de-dolores-sabado-de-pasion-y-domingo-de-ramos-prediccion-del-tiempo-partido-malaga-oporto\/nazafelizjl-2-3\/\" rel=\"attachment wp-att-5289\"><img loading=\"lazy\" class=\"aligncenter size-full wp-image-5289\" title=\"NazaFelizJL (2)\" src=\"\/tormentas-y-rayos\/wp-content\/uploads\/sites\/12\/2013\/03\/NazaFelizJL-2.jpg\" alt=\"\" width=\"400\" height=\"459\" srcset=\"https:\/\/static-blogs.diariosur.es\/wp-content\/uploads\/sites\/12\/2013\/03\/NazaFelizJL-2.jpg 400w, https:\/\/static-blogs.diariosur.es\/wp-content\/uploads\/sites\/12\/2013\/03\/NazaFelizJL-2-349x400.jpg 349w\" sizes=\"(max-width: 400px) 100vw, 400px\" \/><\/a><a href=\"https:\/\/blogs.diariosur.es\/tormentas-y-rayos\/2013\/03\/13\/el-tiempo-en-semana-santa-2013-viernes-de-dolores-sabado-de-pasion-y-domingo-de-ramos-prediccion-del-tiempo-partido-malaga-oporto\/nazaseriojl-17\/\" rel=\"attachment wp-att-5290\"><img loading=\"lazy\" class=\"aligncenter size-full wp-image-5290\" title=\"NazaSerioJL\" src=\"\/tormentas-y-rayos\/wp-content\/uploads\/sites\/12\/2013\/03\/NazaSerioJL.jpg\" alt=\"\" width=\"400\" height=\"465\" srcset=\"https:\/\/static-blogs.diariosur.es\/wp-content\/uploads\/sites\/12\/2013\/03\/NazaSerioJL.jpg 400w, https:\/\/static-blogs.diariosur.es\/wp-content\/uploads\/sites\/12\/2013\/03\/NazaSerioJL-344x400.jpg 344w\" sizes=\"(max-width: 400px) 100vw, 400px\" \/><\/a><a href=\"https:\/\/blogs.diariosur.es\/tormentas-y-rayos\/2013\/03\/13\/el-tiempo-en-semana-santa-2013-viernes-de-dolores-sabado-de-pasion-y-domingo-de-ramos-prediccion-del-tiempo-partido-malaga-oporto\/nazatristejl-2-4\/\" rel=\"attachment wp-att-5291\"><img loading=\"lazy\" class=\"aligncenter size-full wp-image-5291\" title=\"NazaTristeJL (2)\" src=\"\/tormentas-y-rayos\/wp-content\/uploads\/sites\/12\/2013\/03\/NazaTristeJL-21.jpg\" alt=\"\" width=\"400\" height=\"464\" srcset=\"https:\/\/static-blogs.diariosur.es\/wp-content\/uploads\/sites\/12\/2013\/03\/NazaTristeJL-21.jpg 400w, https:\/\/static-blogs.diariosur.es\/wp-content\/uploads\/sites\/12\/2013\/03\/NazaTristeJL-21-345x400.jpg 345w\" sizes=\"(max-width: 400px) 100vw, 400px\" \/><\/a><\/p>\n<p>&nbsp;<\/p>\n<p><span style=\"color: #ff0000;\"><strong>Espero no sacar un cuarto nazareno con mascarilla.<\/strong><\/span><\/p>\n<p><span style=\"color: #0000ff;\"><strong>Antes de nada y sobre todo a los nuevos que entrareis en mi blog, os quiero comentar que soy un simple aficionado a la meteorolog\u00eda. Esta afici\u00f3n la llevo conmigo desde que ten\u00eda muy corta edad, y como yo, hay muchos que le gusta esta apasionante afici\u00f3n. Hay que tener claro que las posibles predicciones que haga no son oficiales. \u00a0\u00a0<\/strong><\/span><\/p>\n<p><span style=\"color: #0000ff;\"><strong>Pero vamos al grano amigos.<\/strong><\/span><\/p>\n<p><span style=\"color: #0000ff;\"><strong> Solo quedan 9 dias d\u00edas para Viernes de Dolores , en estos momentos hay mucha dispersi\u00f3n en la gran mayor\u00eda de modelos. Esta dispersi\u00f3n se basa en el \u00a0Anticicl\u00f3n de las Azores, unos le dan mayor poder\u00edo, otras veces no, de pronto cambian y dan borrascas. Mucho me preguntareis, pero si quedan muy pocos d\u00edas Jose? as\u00ed es amigos quedan muy pocos d\u00edas, pero para muestra lo que paso ayer martes. Como todos sab\u00e9is se esperaban precipitaciones en nuestra provincia malague\u00f1a \u00a0entre d\u00e9biles y moderadas, al final la mayor precipitaci\u00f3n ha ca\u00eddo en el mar. . Asi es la meteo, en cuesti\u00f3n de unas horas las previsiones dan un vuelco a mejor o a peor.<\/strong><\/span><\/p>\n<p><span style=\"color: #0000ff;\"><strong>\u00a0Si os acord\u00e1is del a\u00f1o pasado en Semana Santa en M\u00e1laga Capital, yo mismo daba mas d\u00edas de lluvias, y creo recordar que al final casi salieron todas las procesiones, menos un par de ellas. Debido a la situaci\u00f3n orogr\u00e1fica de M\u00e1laga Capital las nubes se deshac\u00edan. \u00a0En cambio en muchos pueblos del oeste de M\u00e1laga suspendieron las\u00a0procesiones. El a\u00f1o pasado las danas fueron las protagonistas.<\/strong><\/span><\/p>\n<p><span style=\"color: #0000ff;\"><strong>\u00a0Con esto no quiero decir que las lluvias sean las protagonistas , si no que algunos frentes se podr\u00edan cruzar la\u00a0pen\u00ednsula y dejar algunos chubascos en el oeste peninsular y en M\u00e1laga.\u00a0<\/strong><\/span><\/p>\n<p><span style=\"color: #0000ff;\"><strong> Otro dato a destacar, es que si se diera una borrasca durante estos dias,\u00a0habr\u00eda\u00a0que tener en cuenta su posici\u00f3n y si es muy profunda. No es lo mismo una borrasca al noroeste de Galicia, que en la zona de Lisboa, \u00a0 Cabo de San Vicente o Golfo de Cadiz, que seria la peor para M\u00e1laga y buena parte de Andaluc\u00eda.\u00a0<\/strong><\/span><\/p>\n<p><strong><span style=\"color: #ff0000;\">Tambi\u00e9n\u00a0hay que estar atentos a la dorsal Africana, que desde hace casi dos meses esta desaparecida en combate. La dorsal Africana es la que frena los frentes y las borrascas en buena parte de\u00a0Andaluc\u00eda y trae las\u00a0sequ\u00edas. El modelo gfs hace unos dias daban borrasca en el golfo,<span style=\"color: #ff00ff;\"> hoy dan dorsal Africana<\/span>, os paso el mapa, pero no le\u00a0hag\u00e1is\u00a0caso de momento. Solo es para \u00a0que entend\u00e1is\u00a0las disparidad que hay ahora mismo.<\/span><\/strong><\/p>\n<p><a href=\"https:\/\/blogs.diariosur.es\/tormentas-y-rayos\/2013\/03\/13\/el-tiempo-en-semana-santa-2013-viernes-de-dolores-sabado-de-pasion-y-domingo-de-ramos-prediccion-del-tiempo-partido-malaga-oporto\/dorsal-2\/\" rel=\"attachment wp-att-5295\"><img loading=\"lazy\" class=\"aligncenter size-medium wp-image-5295\" title=\"dorsal\" src=\"\/tormentas-y-rayos\/wp-content\/uploads\/sites\/12\/2013\/03\/dorsal.jpg\" alt=\"\" width=\"480\" height=\"400\" srcset=\"https:\/\/static-blogs.diariosur.es\/wp-content\/uploads\/sites\/12\/2013\/03\/dorsal.jpg 725w, https:\/\/static-blogs.diariosur.es\/wp-content\/uploads\/sites\/12\/2013\/03\/dorsal-480x400.jpg 480w\" sizes=\"(max-width: 480px) 100vw, 480px\" \/><\/a><\/p>\n<p>&nbsp;<\/p>\n<p>&nbsp;<\/p>\n<p><a href=\"https:\/\/blogs.diariosur.es\/tormentas-y-rayos\/2013\/03\/13\/el-tiempo-en-semana-santa-2013-viernes-de-dolores-sabado-de-pasion-y-domingo-de-ramos-prediccion-del-tiempo-partido-malaga-oporto\/b-16\/\" rel=\"attachment wp-att-5297\"><img loading=\"lazy\" class=\"aligncenter size-medium wp-image-5297\" title=\"b\" src=\"\/tormentas-y-rayos\/wp-content\/uploads\/sites\/12\/2013\/03\/b3.jpg\" alt=\"\" width=\"459\" height=\"400\" srcset=\"https:\/\/static-blogs.diariosur.es\/wp-content\/uploads\/sites\/12\/2013\/03\/b3.jpg 747w, https:\/\/static-blogs.diariosur.es\/wp-content\/uploads\/sites\/12\/2013\/03\/b3-460x400.jpg 460w\" sizes=\"(max-width: 459px) 100vw, 459px\" \/><\/a><\/p>\n<p><span style=\"color: #008000;\"><strong>Seguro que muchos dir\u00e9is vaya rollo que se ha marcado este hombre, para apenas decir nada. Espero que el viernes os pueda dar alg\u00fan dato mas sobre las tendencias de los modelos y ojala veamos en toda Espa\u00f1a el nazareno feliz y solo las nubes creadas por el incienso.<\/strong><\/span><\/p>\n<p><strong><a href=\"https:\/\/blogs.diariosur.es\/tormentas-y-rayos\/2013\/03\/13\/el-tiempo-en-semana-santa-2013-viernes-de-dolores-sabado-de-pasion-y-domingo-de-ramos-prediccion-del-tiempo-partido-malaga-oporto\/olympus-digital-camera-1204\/\" rel=\"attachment wp-att-5292\"><img loading=\"lazy\" class=\"aligncenter size-full wp-image-5292\" title=\"OLYMPUS DIGITAL CAMERA\" src=\"\/tormentas-y-rayos\/wp-content\/uploads\/sites\/12\/2013\/03\/5643758939_db0cd8a4de_z.jpg\" alt=\"\" width=\"640\" height=\"480\" srcset=\"https:\/\/static-blogs.diariosur.es\/wp-content\/uploads\/sites\/12\/2013\/03\/5643758939_db0cd8a4de_z.jpg 640w, https:\/\/static-blogs.diariosur.es\/wp-content\/uploads\/sites\/12\/2013\/03\/5643758939_db0cd8a4de_z-533x400.jpg 533w\" sizes=\"(max-width: 640px) 100vw, 640px\" \/><\/a>\u00a0<\/strong><\/p>\n<p><span style=\"color: #0000ff;\"><strong>\u00a0\u00a0Bueno amigos hablemos un poco de lo que se espera desde hoy hasta el viernes.<\/strong><\/span><\/p>\n<p><span style=\"color: #0000ff;\"><strong>Como os he comentado un poco mas arriba, la lluvia al final no fue la protagonista el \u00a0martes en nuestra capital, mi pluvi\u00f3metro no ha llegado ni al medio litro. Dentro de la provincia destaca Marbella con 13 litros,y con precipitaciones sobre los 8 en la zona mas occidental. Donde si que ha llovido \u00a0ha sido en Sierra Luna en la provincia de C\u00e1diz, en este sitio se han contabilizado 120 litros.<\/strong><\/span><\/p>\n<p><strong><span style=\"color: #0000ff;\">La masa de aire frio ya la tenemos encima, esto har\u00e1 que hoy y ma\u00f1ana las\u00a0m\u00e1ximas\u00a0no pasen de los 15 grados y las m\u00ednimas ronden los 7. Fuente Aemet<\/span><\/strong><\/p>\n<p><a href=\"https:\/\/blogs.diariosur.es\/tormentas-y-rayos\/2013\/03\/13\/el-tiempo-en-semana-santa-2013-viernes-de-dolores-sabado-de-pasion-y-domingo-de-ramos-prediccion-del-tiempo-partido-malaga-oporto\/masa-fria\/\" rel=\"attachment wp-att-5296\"><img loading=\"lazy\" class=\"aligncenter size-full wp-image-5296\" title=\"masa fria\" src=\"\/tormentas-y-rayos\/wp-content\/uploads\/sites\/12\/2013\/03\/masa-fria.jpg\" alt=\"\" width=\"597\" height=\"542\" srcset=\"https:\/\/static-blogs.diariosur.es\/wp-content\/uploads\/sites\/12\/2013\/03\/masa-fria.jpg 597w, https:\/\/static-blogs.diariosur.es\/wp-content\/uploads\/sites\/12\/2013\/03\/masa-fria-441x400.jpg 441w\" sizes=\"(max-width: 597px) 100vw, 597px\" \/><\/a><\/p>\n<p>&nbsp;<\/p>\n<p><strong><span style=\"color: #0000ff;\">A partir del viernes se ir\u00e1n recuperando las temperaturas.<\/span><\/strong><\/p>\n<p><strong><span style=\"color: #0000ff;\"><span style=\"color: #ff00ff;\"> Para el partido de esta noche espero viento de terral de invierno y bastante fresquete. La lluvia de goles sera la protagonista jejejeje.<\/span><\/span><\/strong><\/p>\n<p>&nbsp;<\/p>\n<p><strong>Poco mas que contar amigos, la lluvia nos da una tregua hasta parece ser el domingo, pero de esto hablaremos el viernes. Os dejo con dos fotones, el primero de mi amigo Israel Fernandez. Precioso cielo amigo.<\/strong><\/p>\n<p><a href=\"https:\/\/blogs.diariosur.es\/tormentas-y-rayos\/2013\/03\/13\/el-tiempo-en-semana-santa-2013-viernes-de-dolores-sabado-de-pasion-y-domingo-de-ramos-prediccion-del-tiempo-partido-malaga-oporto\/israel-fernandez\/\" rel=\"attachment wp-att-5293\"><img loading=\"lazy\" class=\"aligncenter size-full wp-image-5293\" title=\"ISRAEL FERNANDEZ\" src=\"\/tormentas-y-rayos\/wp-content\/uploads\/sites\/12\/2013\/03\/ISRAEL-FERNANDEZ.jpg\" alt=\"\" width=\"670\" height=\"447\" srcset=\"https:\/\/static-blogs.diariosur.es\/wp-content\/uploads\/sites\/12\/2013\/03\/ISRAEL-FERNANDEZ.jpg 670w, https:\/\/static-blogs.diariosur.es\/wp-content\/uploads\/sites\/12\/2013\/03\/ISRAEL-FERNANDEZ-600x400.jpg 600w\" sizes=\"(max-width: 670px) 100vw, 670px\" \/><\/a><\/p>\n<p>&nbsp;<\/p>\n<p><strong>Y la otra fotograf\u00eda de Miguel \u00c1ngel \u00c1vila, es el amanecer del lunes. Preciosa la foto amigo.<\/strong><\/p>\n<p><a href=\"https:\/\/blogs.diariosur.es\/tormentas-y-rayos\/2013\/03\/13\/el-tiempo-en-semana-santa-2013-viernes-de-dolores-sabado-de-pasion-y-domingo-de-ramos-prediccion-del-tiempo-partido-malaga-oporto\/img_28175\/\" rel=\"attachment wp-att-5294\"><img loading=\"lazy\" class=\"aligncenter size-full wp-image-5294\" title=\"IMG_28175\" src=\"\/tormentas-y-rayos\/wp-content\/uploads\/sites\/12\/2013\/03\/IMG_28175.jpg\" alt=\"\" width=\"670\" height=\"503\" srcset=\"https:\/\/static-blogs.diariosur.es\/wp-content\/uploads\/sites\/12\/2013\/03\/IMG_28175.jpg 670w, https:\/\/static-blogs.diariosur.es\/wp-content\/uploads\/sites\/12\/2013\/03\/IMG_28175-533x400.jpg 533w\" sizes=\"(max-width: 670px) 100vw, 670px\" \/><\/a><\/p>\n","protected":false},"excerpt":{"rendered":"<p>Buenos d\u00edas amigos de la meteo. Son las cinco de la ma\u00f1ana, registro 12 grados y los cielos est\u00e1n algo nubosos en la Provincia Malague\u00f1a. El viento de terral de invierno ha sido el protagonista esta pasada madrugada. Las rachas han estado cercanas a los 40km\/h. Como os promet\u00ed el lunes, hoy hablaremos un poco [&hellip;]<\/p>\n","protected":false},"author":16,"featured_media":5292,"comment_status":"open","ping_status":"closed","sticky":false,"template":"","format":"standard","meta":[],"categories":[2],"tags":[13,241,340,358,441,587,740,760,844,888,902],"_links":{"self":[{"href":"https:\/\/blogs.diariosur.es\/tormentas-y-rayos\/wp-json\/wp\/v2\/posts\/5288"}],"collection":[{"href":"https:\/\/blogs.diariosur.es\/tormentas-y-rayos\/wp-json\/wp\/v2\/posts"}],"about":[{"href":"https:\/\/blogs.diariosur.es\/tormentas-y-rayos\/wp-json\/wp\/v2\/types\/post"}],"author":[{"embeddable":true,"href":"https:\/\/blogs.diariosur.es\/tormentas-y-rayos\/wp-json\/wp\/v2\/users\/16"}],"replies":[{"embeddable":true,"href":"https:\/\/blogs.diariosur.es\/tormentas-y-rayos\/wp-json\/wp\/v2\/comments?post=5288"}],"version-history":[{"count":0,"href":"https:\/\/blogs.diariosur.es\/tormentas-y-rayos\/wp-json\/wp\/v2\/posts\/5288\/revisions"}],"wp:featuredmedia":[{"embeddable":true,"href":"https:\/\/blogs.diariosur.es\/tormentas-y-rayos\/wp-json\/wp\/v2\/media\/5292"}],"wp:attachment":[{"href":"https:\/\/blogs.diariosur.es\/tormentas-y-rayos\/wp-json\/wp\/v2\/media?parent=5288"}],"wp:term":[{"taxonomy":"category","embeddable":true,"href":"https:\/\/blogs.diariosur.es\/tormentas-y-rayos\/wp-json\/wp\/v2\/categories?post=5288"},{"taxonomy":"post_tag","embeddable":true,"href":"https:\/\/blogs.diariosur.es\/tormentas-y-rayos\/wp-json\/wp\/v2\/tags?post=5288"}],"curies":[{"name":"wp","href":"https:\/\/api.w.org\/{rel}","templated":true}]}}