{"id":5299,"date":"2013-03-15T07:02:34","date_gmt":"2013-03-15T06:02:34","guid":{"rendered":"http:\/\/blogs.diariosur.es\/tormentas-y-rayos\/?p=5299"},"modified":"2013-03-15T07:02:34","modified_gmt":"2013-03-15T06:02:34","slug":"el-tiempo-en-semana-santa-2013-domingo-de-ramosse-sumara-a-la-huelga-el-sol-prevision-fin-de-semana-subida-de-temperaturas-y-posibles-chubascos-el-domingo","status":"publish","type":"post","link":"https:\/\/blogs.diariosur.es\/tormentas-y-rayos\/2013\/03\/15\/el-tiempo-en-semana-santa-2013-domingo-de-ramosse-sumara-a-la-huelga-el-sol-prevision-fin-de-semana-subida-de-temperaturas-y-posibles-chubascos-el-domingo\/","title":{"rendered":"El tiempo en Semana Santa 2013. Domingo de Ramos,\u00bfse sumar\u00e1 a la huelga el Sol ?. Previsi\u00f3n fin de semana: subida de temperaturas y posibles chubascos el domingo."},"content":{"rendered":"<p><strong>Buenos d\u00edas amigos de la meteo. Son las seis de la ma\u00f1ana, registro 9 grados y los cielos est\u00e1n despejados. Quiero saludar a dos seguidores de mi blog que ayer\u00a0conoc\u00ed, Noelia y Carlos, un abrazo.<\/strong><\/p>\n<p><strong>\u00a0Aqu\u00ed sigo mirando mapas y modelos, \u00a0para \u00a0prever lo que puede pasar\u00a0 en Semana Santa. Lo que esta claro es \u00a0que ya habemus \u00a0Papa y huelga , ahora solo nos queda el habemus anticicl\u00f3n jejeje. Para que comprend\u00e1is lo dif\u00edcil que es la meteorolog\u00eda y dar predicciones, os paso este enlace de la Revista del Aficionado a la\u00a0Meteorolog\u00eda\u00a0(ram). \u00a0No\u00a0dej\u00e9is\u00a0de leerlo y el ver el\u00a0v\u00eddeo.<\/strong><\/p>\n<p><span style=\"color: #ff0000;\"><strong><a href=\"http:\/\/www.tiempo.com\/ram\/31978\/ejemplo-de-un-sistema-caotico-parcialmente-predecible\/\" rel=\"external nofollow\">Ejemplo de un sistema ca\u00f3tico parcialmente predecible<\/a><\/strong><\/span><\/p>\n<p><strong>\u00bf que os ha parecido amigos?\u00a0<\/strong><\/p>\n<p>&nbsp;<\/p>\n<p><strong><span style=\"color: #ff00ff;\">\u00a0Os doy una buena noticia. Pero sin alzar las campanas al vuelo, parece que la tendencia y esto a\u00fan cogi\u00e9ndolo con pinzas, es que el anticicl\u00f3n vaya ganado terreno y el Domingo de Ramos el sol no haga huelga. No solo en M\u00e1laga si no en buena parte de la\u00a0pen\u00ednsula. Y veamos este nazareno.<\/span><\/strong><\/p>\n<p>&nbsp;<\/p>\n<p><a href=\"https:\/\/blogs.diariosur.es\/tormentas-y-rayos\/2013\/03\/15\/el-tiempo-en-semana-santa-2013-domingo-de-ramosse-sumara-a-la-huelga-el-sol-prevision-fin-de-semana-subida-de-temperaturas-y-posibles-chubascos-el-domingo\/nazafelizjl-2-6\/\" rel=\"attachment wp-att-5306\"><img loading=\"lazy\" class=\"aligncenter size-full wp-image-5306\" title=\"NazaFelizJL (2)\" src=\"\/tormentas-y-rayos\/wp-content\/uploads\/sites\/12\/2013\/03\/NazaFelizJL-23.jpg\" alt=\"\" width=\"400\" height=\"459\" srcset=\"https:\/\/static-blogs.diariosur.es\/wp-content\/uploads\/sites\/12\/2013\/03\/NazaFelizJL-23.jpg 400w, https:\/\/static-blogs.diariosur.es\/wp-content\/uploads\/sites\/12\/2013\/03\/NazaFelizJL-23-349x400.jpg 349w\" sizes=\"(max-width: 400px) 100vw, 400px\" \/><\/a><\/p>\n<p><strong>\u00a0Quiz\u00e1s el Viernes de Dolores y \u00a0madrugada del\u00a0S\u00e1bado,\u00a0podr\u00eda cruzar la\u00a0pen\u00ednsula\u00a0un frente y dejar algunos chubascos. Y si todo va como hasta ahora, la tarde noche del\u00a0S\u00e1bado\u00a0de Pasi\u00f3n disfrutaremos de los traslados.\u00a0<\/strong><\/p>\n<p>&nbsp;<\/p>\n<p><a href=\"https:\/\/blogs.diariosur.es\/tormentas-y-rayos\/2013\/03\/15\/el-tiempo-en-semana-santa-2013-domingo-de-ramosse-sumara-a-la-huelga-el-sol-prevision-fin-de-semana-subida-de-temperaturas-y-posibles-chubascos-el-domingo\/nazaseriojl-18\/\" rel=\"attachment wp-att-5307\"><img loading=\"lazy\" class=\"aligncenter size-full wp-image-5307\" title=\"NazaSerioJL\" src=\"\/tormentas-y-rayos\/wp-content\/uploads\/sites\/12\/2013\/03\/NazaSerioJL1.jpg\" alt=\"\" width=\"400\" height=\"465\" srcset=\"https:\/\/static-blogs.diariosur.es\/wp-content\/uploads\/sites\/12\/2013\/03\/NazaSerioJL1.jpg 400w, https:\/\/static-blogs.diariosur.es\/wp-content\/uploads\/sites\/12\/2013\/03\/NazaSerioJL1-344x400.jpg 344w\" sizes=\"(max-width: 400px) 100vw, 400px\" \/><\/a><\/p>\n<p>&nbsp;<\/p>\n<p><strong>Y poco mas que contar, si entre esta tarde y el\u00a0s\u00e1bado\u00a0hay algo relevante os\u00a0abro\u00a0un nuevo post el domingo.\u00a0<\/strong><\/p>\n<p>&nbsp;<\/p>\n<p><a href=\"https:\/\/blogs.diariosur.es\/tormentas-y-rayos\/2013\/03\/15\/el-tiempo-en-semana-santa-2013-domingo-de-ramosse-sumara-a-la-huelga-el-sol-prevision-fin-de-semana-subida-de-temperaturas-y-posibles-chubascos-el-domingo\/olympus-digital-camera-1205\/\" rel=\"attachment wp-att-5303\"><img loading=\"lazy\" class=\"aligncenter size-full wp-image-5303\" title=\"OLYMPUS DIGITAL CAMERA\" src=\"\/tormentas-y-rayos\/wp-content\/uploads\/sites\/12\/2013\/03\/181.jpg\" alt=\"\" width=\"670\" height=\"503\" srcset=\"https:\/\/static-blogs.diariosur.es\/wp-content\/uploads\/sites\/12\/2013\/03\/181.jpg 670w, https:\/\/static-blogs.diariosur.es\/wp-content\/uploads\/sites\/12\/2013\/03\/181-533x400.jpg 533w\" sizes=\"(max-width: 670px) 100vw, 670px\" \/><\/a><\/p>\n<p>&nbsp;<\/p>\n<p>&nbsp;<\/p>\n<p><span style=\"color: #ff0000;\"><strong>Bueno amigos vamos con la predicci\u00f3n del fin de semana.<\/strong><\/span><\/p>\n<p><strong>Hoy viernes el terral de invierno\u00a0dar\u00e1\u00a0paso al levante, que soplara entre \u00a0flojo y moderado en la costa. Las nubes medias y altas\u00a0tambi\u00e9n\u00a0ser\u00e1n\u00a0protagonistas.<\/strong><\/p>\n<p><strong>A partir del s\u00e1bado las\u00a0m\u00e1ximas\u00a0ir\u00e1n subiendo en nuestra provincia, as\u00ed como tambi\u00e9n en toda Andaluc\u00eda. Los cielos estar\u00e1n adornados con nubes altas, que dejaran pasar el sol.<span style=\"color: #ff00ff;\"> ACTUALIZACION: LLUEVE \u00a0HOY SABADO AMIGOS, LO SIENTO ASI ES LA METEO DE CAPRICHOSA.\u00a0<\/span><\/strong><\/p>\n<p><strong>El domingo una borrasca se acercara al Cabo de San Vicente.<\/strong><\/p>\n<p><a href=\"https:\/\/blogs.diariosur.es\/tormentas-y-rayos\/2013\/03\/15\/el-tiempo-en-semana-santa-2013-domingo-de-ramosse-sumara-a-la-huelga-el-sol-prevision-fin-de-semana-subida-de-temperaturas-y-posibles-chubascos-el-domingo\/borrasca-29\/\" rel=\"attachment wp-att-5302\"><img loading=\"lazy\" class=\"aligncenter size-medium wp-image-5302\" title=\"borrasca\" src=\"\/tormentas-y-rayos\/wp-content\/uploads\/sites\/12\/2013\/03\/borrasca1.jpg\" alt=\"\" width=\"600\" height=\"361\" srcset=\"https:\/\/static-blogs.diariosur.es\/wp-content\/uploads\/sites\/12\/2013\/03\/borrasca1.jpg 760w, https:\/\/static-blogs.diariosur.es\/wp-content\/uploads\/sites\/12\/2013\/03\/borrasca1-640x386.jpg 640w\" sizes=\"(max-width: 600px) 100vw, 600px\" \/><\/a><\/p>\n<p><strong>Las nubes y algunos chubascos\u00a0ser\u00e1n\u00a0los protagonistas este domingo. \u00a0La hora de los mismos no la tengo muy clara amigo Paco, pero casi seguro que la mayor probabilidad se\u00a0daria\u00a0por la tarde noche.\u00a0<\/strong><\/p>\n<p>&nbsp;<\/p>\n<p><strong>Como muchos\u00a0sab\u00e9is algunos r\u00edos de la zona occidental\u00a0andaluza\u00a0se han desbordado, como ha sido el caso del Guadalete y Guadalquivir. \u00a0Os pongo esta captura del satelite terra que es una pasada. Se ve claramente los sedimentos que aportan los rios al mar.<\/strong><\/p>\n<p><a href=\"https:\/\/blogs.diariosur.es\/tormentas-y-rayos\/2013\/03\/15\/el-tiempo-en-semana-santa-2013-domingo-de-ramosse-sumara-a-la-huelga-el-sol-prevision-fin-de-semana-subida-de-temperaturas-y-posibles-chubascos-el-domingo\/sedimentos-14\/\" rel=\"attachment wp-att-5304\"><img loading=\"lazy\" class=\"aligncenter size-full wp-image-5304\" title=\"sedimentos 14\" src=\"\/tormentas-y-rayos\/wp-content\/uploads\/sites\/12\/2013\/03\/sedimentos-14.jpg\" alt=\"\" width=\"680\" height=\"383\" srcset=\"https:\/\/static-blogs.diariosur.es\/wp-content\/uploads\/sites\/12\/2013\/03\/sedimentos-14.jpg 680w, https:\/\/static-blogs.diariosur.es\/wp-content\/uploads\/sites\/12\/2013\/03\/sedimentos-14-640x360.jpg 640w\" sizes=\"(max-width: 680px) 100vw, 680px\" \/><\/a><\/p>\n<p>&nbsp;<\/p>\n<p><strong>Y poco mas que contar. Os dejo con unos cumulus mediocres que acompa\u00f1an a una mariposa de la col. Ya queda solo una semana para la primavera achisssssssssss.\u00a0<\/strong><\/p>\n<h1><\/h1>\n<div>\n<p>\u00a0<a href=\"https:\/\/blogs.diariosur.es\/tormentas-y-rayos\/2013\/03\/15\/el-tiempo-en-semana-santa-2013-domingo-de-ramosse-sumara-a-la-huelga-el-sol-prevision-fin-de-semana-subida-de-temperaturas-y-posibles-chubascos-el-domingo\/olympus-digital-camera-1206\/\" rel=\"attachment wp-att-5305\"><img loading=\"lazy\" class=\"aligncenter size-full wp-image-5305\" title=\"OLYMPUS DIGITAL CAMERA\" src=\"\/tormentas-y-rayos\/wp-content\/uploads\/sites\/12\/2013\/03\/2266726770_f5ac41e966_o.jpg\" alt=\"\" width=\"670\" height=\"503\" srcset=\"https:\/\/static-blogs.diariosur.es\/wp-content\/uploads\/sites\/12\/2013\/03\/2266726770_f5ac41e966_o.jpg 670w, https:\/\/static-blogs.diariosur.es\/wp-content\/uploads\/sites\/12\/2013\/03\/2266726770_f5ac41e966_o-533x400.jpg 533w\" sizes=\"(max-width: 670px) 100vw, 670px\" \/><\/a><\/p>\n<\/div>\n","protected":false},"excerpt":{"rendered":"<p>Buenos d\u00edas amigos de la meteo. Son las seis de la ma\u00f1ana, registro 9 grados y los cielos est\u00e1n despejados. Quiero saludar a dos seguidores de mi blog que ayer\u00a0conoc\u00ed, Noelia y Carlos, un abrazo. \u00a0Aqu\u00ed sigo mirando mapas y modelos, \u00a0para \u00a0prever lo que puede pasar\u00a0 en Semana Santa. Lo que esta claro es [&hellip;]<\/p>\n","protected":false},"author":16,"featured_media":5303,"comment_status":"open","ping_status":"closed","sticky":false,"template":"","format":"standard","meta":[],"categories":[2],"tags":[13,358,489,560,809,888,902],"_links":{"self":[{"href":"https:\/\/blogs.diariosur.es\/tormentas-y-rayos\/wp-json\/wp\/v2\/posts\/5299"}],"collection":[{"href":"https:\/\/blogs.diariosur.es\/tormentas-y-rayos\/wp-json\/wp\/v2\/posts"}],"about":[{"href":"https:\/\/blogs.diariosur.es\/tormentas-y-rayos\/wp-json\/wp\/v2\/types\/post"}],"author":[{"embeddable":true,"href":"https:\/\/blogs.diariosur.es\/tormentas-y-rayos\/wp-json\/wp\/v2\/users\/16"}],"replies":[{"embeddable":true,"href":"https:\/\/blogs.diariosur.es\/tormentas-y-rayos\/wp-json\/wp\/v2\/comments?post=5299"}],"version-history":[{"count":0,"href":"https:\/\/blogs.diariosur.es\/tormentas-y-rayos\/wp-json\/wp\/v2\/posts\/5299\/revisions"}],"wp:featuredmedia":[{"embeddable":true,"href":"https:\/\/blogs.diariosur.es\/tormentas-y-rayos\/wp-json\/wp\/v2\/media\/5303"}],"wp:attachment":[{"href":"https:\/\/blogs.diariosur.es\/tormentas-y-rayos\/wp-json\/wp\/v2\/media?parent=5299"}],"wp:term":[{"taxonomy":"category","embeddable":true,"href":"https:\/\/blogs.diariosur.es\/tormentas-y-rayos\/wp-json\/wp\/v2\/categories?post=5299"},{"taxonomy":"post_tag","embeddable":true,"href":"https:\/\/blogs.diariosur.es\/tormentas-y-rayos\/wp-json\/wp\/v2\/tags?post=5299"}],"curies":[{"name":"wp","href":"https:\/\/api.w.org\/{rel}","templated":true}]}}