{"id":5309,"date":"2013-03-18T07:12:33","date_gmt":"2013-03-18T06:12:33","guid":{"rendered":"http:\/\/blogs.diariosur.es\/tormentas-y-rayos\/?p=5309"},"modified":"2013-03-18T07:12:33","modified_gmt":"2013-03-18T06:12:33","slug":"el-tiempo-en-semana-santa-2013-prevision-domingo-de-ramos-y-lunes-santo-el-martes-dia-del-padre-tendremos-lluvias","status":"publish","type":"post","link":"https:\/\/blogs.diariosur.es\/tormentas-y-rayos\/2013\/03\/18\/el-tiempo-en-semana-santa-2013-prevision-domingo-de-ramos-y-lunes-santo-el-martes-dia-del-padre-tendremos-lluvias\/","title":{"rendered":"El tiempo en Semana Santa 2013. Previsi\u00f3n Domingo de Ramos y Lunes Santo.  Alerta amarilla por lluvias el Dia del Padre. Desconvocada huelga limpieza"},"content":{"rendered":"<p>&nbsp;<\/p>\n<p>&nbsp;<\/p>\n<p><strong>Buenos dias amigos de la meteo. Son las seis y media de la ma\u00f1ana, registro 15 \u00a0grados y los cielos est\u00e1n poco nubosos en M\u00e1laga Capital.<\/strong><\/p>\n<p><strong>Antes de nada daros \u00a0las gracias a todos los nuevos que entr\u00e1is por primera vez en mi blog, y a todos mis seguidores. Siempre acostumbro los lunes a poner un resumen \u00a0en fotos de mis amigos y m\u00edas de lo que ha dado de si los cielos \u00a0este fin de semana. Pero como se que la gran mayor\u00eda quiere saber que tiempo har\u00e1 a partir del Viernes de Dolores hasta el Lunes Santo, dejaremos para el final el resumen y la predicci\u00f3n del tiempo de estos primeros dias de la semana. <span style=\"color: #ff00ff;\">Pero ya\u00a0sab\u00e9is\u00a0que \u00a0en la meteo en cuesti\u00f3n de poco tiempo puede cambiar a mejor o a peor.<\/span> Estas previsiones que os doy para estos primeros dias, no est\u00e1n aseguradas al 100%, pero hay una probabilidad alta de que se den.\u00a0<\/strong><\/p>\n<p>&nbsp;<\/p>\n<p><a href=\"https:\/\/blogs.diariosur.es\/tormentas-y-rayos\/2013\/03\/18\/el-tiempo-en-semana-santa-2013-prevision-domingo-de-ramos-y-lunes-santo-el-martes-dia-del-padre-tendremos-lluvias\/cof-2\/\" rel=\"attachment wp-att-5317\"><img loading=\"lazy\" class=\"aligncenter size-full wp-image-5317\" title=\"cof\" src=\"\/tormentas-y-rayos\/wp-content\/uploads\/sites\/12\/2013\/03\/cof1.jpg\" alt=\"\" width=\"670\" height=\"547\" srcset=\"https:\/\/static-blogs.diariosur.es\/wp-content\/uploads\/sites\/12\/2013\/03\/cof1.jpg 670w, https:\/\/static-blogs.diariosur.es\/wp-content\/uploads\/sites\/12\/2013\/03\/cof1-490x400.jpg 490w\" sizes=\"(max-width: 670px) 100vw, 670px\" \/><\/a><\/p>\n<p>&nbsp;<\/p>\n<p><strong>Bueno amigos vamos al grano. \u00a0Quedan apenas 5 dias para el Viernes de Dolores, este dia se espera que un frente fr\u00edo traiga consigo chubascos\u00a0espor\u00e1dicos\u00a0a \u00a0Andaluc\u00eda y provincia malague\u00f1a.<\/strong><\/p>\n<p><strong><span style=\"color: #ff00ff;\"> El S\u00e1bado de Pasi\u00f3n los chubascos ser\u00e1n menos probables,<span style=\"color: #ff0000;\"> pero hay una\u00a0peque\u00f1a\u00a0posibilidad de que se den,<\/span> esto lo veremos mejor el\u00a0mi\u00e9rcoles.<\/span><\/strong><\/p>\n<p><strong><span><span style=\"color: #0000ff;\"> ULTIMA HORA AMIGOS, AUMENTA LA PROBABILIDAD DE CHUBASCOS EL\u00a0S\u00c1BADO\u00a0DE PASI\u00d3N.<\/span><\/span><\/strong><\/p>\n<p><strong>\u00a0El Domingo de Ramos no espero lluvias en Andaluc\u00eda ni en la Provincia Malague\u00f1a, ser\u00eda el noroeste de la\u00a0pen\u00ednsula\u00a0 donde hay posibilidad de alguna precipitaci\u00f3n, por el paso de otro \u00a0frente. <\/strong><\/p>\n<p><strong>El Lunes Santo \u00a0tampoco espero lluvias ni en nuestra provincia, ni en \u00a0nuestra regi\u00f3n Andaluza, de nuevo la probabilidad de chubascos se\u00a0dar\u00edan\u00a0en el noroeste peninsular.<\/strong><\/p>\n<p><strong>\u00a0Esto se\u00a0deber\u00eda\u00a0a la entrada de una cu\u00f1a\u00a0anticicl\u00f3nica, os paso estos dos mapas previstos para estos dos dias.\u00a0<\/strong><\/p>\n<p><a href=\"https:\/\/blogs.diariosur.es\/tormentas-y-rayos\/2013\/03\/18\/el-tiempo-en-semana-santa-2013-prevision-domingo-de-ramos-y-lunes-santo-el-martes-dia-del-padre-tendremos-lluvias\/domingo-de-ramos\/\" rel=\"attachment wp-att-5312\"><img loading=\"lazy\" class=\"aligncenter size-medium wp-image-5312\" title=\"domingo de ramos\" src=\"\/tormentas-y-rayos\/wp-content\/uploads\/sites\/12\/2013\/03\/domingo-de-ramos.jpg\" alt=\"\" width=\"600\" height=\"365\" srcset=\"https:\/\/static-blogs.diariosur.es\/wp-content\/uploads\/sites\/12\/2013\/03\/domingo-de-ramos.jpg 761w, https:\/\/static-blogs.diariosur.es\/wp-content\/uploads\/sites\/12\/2013\/03\/domingo-de-ramos-640x389.jpg 640w\" sizes=\"(max-width: 600px) 100vw, 600px\" \/><\/a><\/p>\n<p><a href=\"https:\/\/blogs.diariosur.es\/tormentas-y-rayos\/2013\/03\/18\/el-tiempo-en-semana-santa-2013-prevision-domingo-de-ramos-y-lunes-santo-el-martes-dia-del-padre-tendremos-lluvias\/lunes-santo\/\" rel=\"attachment wp-att-5313\"><img loading=\"lazy\" class=\"aligncenter size-medium wp-image-5313\" title=\"lunes santo\" src=\"\/tormentas-y-rayos\/wp-content\/uploads\/sites\/12\/2013\/03\/lunes-santo.jpg\" alt=\"\" width=\"600\" height=\"372\" srcset=\"https:\/\/static-blogs.diariosur.es\/wp-content\/uploads\/sites\/12\/2013\/03\/lunes-santo.jpg 750w, https:\/\/static-blogs.diariosur.es\/wp-content\/uploads\/sites\/12\/2013\/03\/lunes-santo-640x397.jpg 640w\" sizes=\"(max-width: 600px) 100vw, 600px\" \/><\/a><\/p>\n<p><strong>As\u00ed\u00a0que si no hay cambios de \u00faltima hora veremos a nuestro nazareno feliz estos dos dias.<\/strong><\/p>\n<p><a href=\"https:\/\/blogs.diariosur.es\/tormentas-y-rayos\/2013\/03\/18\/el-tiempo-en-semana-santa-2013-prevision-domingo-de-ramos-y-lunes-santo-el-martes-dia-del-padre-tendremos-lluvias\/nazafelizjl-2-7\/\" rel=\"attachment wp-att-5310\"><img loading=\"lazy\" class=\"aligncenter size-full wp-image-5310\" title=\"NazaFelizJL (2)\" src=\"\/tormentas-y-rayos\/wp-content\/uploads\/sites\/12\/2013\/03\/NazaFelizJL-24.jpg\" alt=\"\" width=\"400\" height=\"459\" srcset=\"https:\/\/static-blogs.diariosur.es\/wp-content\/uploads\/sites\/12\/2013\/03\/NazaFelizJL-24.jpg 400w, https:\/\/static-blogs.diariosur.es\/wp-content\/uploads\/sites\/12\/2013\/03\/NazaFelizJL-24-349x400.jpg 349w\" sizes=\"(max-width: 400px) 100vw, 400px\" \/><\/a><\/p>\n<p><strong>\u00a0Ojala que a partir del Viernes de Dolores \u00a0este resuelta la convocatoria de \u00a0huelga de los trabajadores de limasa y no veamos este nazareno, que de verdad seria peor que la lluvia. \u00a0<\/strong><\/p>\n<p><span style=\"color: #ff0000;\"><strong>ULTIMA HORA AMIGOS DE LA METEO. LA HUELGA DE LIMPIEZA NO SERA LA PROTAGONISTA ESTA SEMANA SANTA. ASI QUE ESTE NAZARENO NO LO VEREMOS.<\/strong><\/span><\/p>\n<p><a href=\"https:\/\/blogs.diariosur.es\/tormentas-y-rayos\/2013\/03\/18\/el-tiempo-en-semana-santa-2013-prevision-domingo-de-ramos-y-lunes-santo-el-martes-dia-del-padre-tendremos-lluvias\/nazaatufaofeliz\/\" rel=\"attachment wp-att-5311\"><img loading=\"lazy\" class=\"aligncenter size-full wp-image-5311\" title=\"NazaAtufaoFeliz\" src=\"\/tormentas-y-rayos\/wp-content\/uploads\/sites\/12\/2013\/03\/NazaAtufaoFeliz.jpg\" alt=\"\" width=\"400\" height=\"490\" srcset=\"https:\/\/static-blogs.diariosur.es\/wp-content\/uploads\/sites\/12\/2013\/03\/NazaAtufaoFeliz.jpg 400w, https:\/\/static-blogs.diariosur.es\/wp-content\/uploads\/sites\/12\/2013\/03\/NazaAtufaoFeliz-327x400.jpg 327w\" sizes=\"(max-width: 400px) 100vw, 400px\" \/><\/a><\/p>\n<p><strong>\u00a0Mucho me preguntareis que pasara a partir del martes. Si os soy sincero no lo tengo muy claro. Fijaros en este mapa que os he puesto mas arriba.<\/strong><\/p>\n<p><a href=\"https:\/\/blogs.diariosur.es\/tormentas-y-rayos\/2013\/03\/18\/el-tiempo-en-semana-santa-2013-prevision-domingo-de-ramos-y-lunes-santo-el-martes-dia-del-padre-tendremos-lluvias\/lunes-santo-2\/\" rel=\"attachment wp-att-5314\"><img loading=\"lazy\" class=\"aligncenter size-medium wp-image-5314\" title=\"lunes santo\" src=\"\/tormentas-y-rayos\/wp-content\/uploads\/sites\/12\/2013\/03\/lunes-santo1.jpg\" alt=\"\" width=\"600\" height=\"372\" srcset=\"https:\/\/static-blogs.diariosur.es\/wp-content\/uploads\/sites\/12\/2013\/03\/lunes-santo1.jpg 761w, https:\/\/static-blogs.diariosur.es\/wp-content\/uploads\/sites\/12\/2013\/03\/lunes-santo1-640x397.jpg 640w\" sizes=\"(max-width: 600px) 100vw, 600px\" \/><\/a><\/p>\n<p><strong>En la zona de Groenlandia, Islandia y Paises Nordicos tenemos potentes anticiclones de bloqueo, esto hace que las borrascas bajen de latitud y sus frentes rieguen la\u00a0pen\u00ednsula. \u00a0Asi llevamos desde que\u00a0comenz\u00f3\u00a0Marzo. Hasta mediados de esta semana no\u00a0tendr\u00e9\u00a0claro si las lluvias afectaran de nuevo a partir del mates \u00a0santo por la noche. Poco a poco iremos\u00a0vi\u00e9ndolo y esperemos que el anticicl\u00f3n se refuerce un poco.<\/strong><\/p>\n<p>&nbsp;<\/p>\n<p>&nbsp;<\/p>\n<p><a href=\"https:\/\/blogs.diariosur.es\/tormentas-y-rayos\/2013\/03\/18\/el-tiempo-en-semana-santa-2013-prevision-domingo-de-ramos-y-lunes-santo-el-martes-dia-del-padre-tendremos-lluvias\/c-5\/\" rel=\"attachment wp-att-5315\"><img loading=\"lazy\" class=\"aligncenter size-full wp-image-5315\" title=\"C\" src=\"\/tormentas-y-rayos\/wp-content\/uploads\/sites\/12\" alt=\"\" width=\"450\" height=\"600\" \/><\/a><\/p>\n<p><span><strong><span style=\"color: #ff0000;\">\u00a0Vamos con la predicci\u00f3n para estos primeros d\u00edas de esta semana. Como todos sab\u00e9is el mi\u00e9rcoles a las 12 horas y 2 minutos comienza la primavera y los estornudos, la alergia puede ser la protagonista en el mes de mayo debido a las lluvias que nos han acompa\u00f1ado estos dos\u00a0\u00faltimos\u00a0meses..<\/span><\/strong><\/span><\/p>\n<p><span style=\"color: #ff0000;\"><strong>Hoy lunes no espero lluvias, el terral de invierno ser\u00e1 el protagonista. Aunque sople terral de invierno la m\u00e1xima puede rondar los 20 grados, las isos a 850 hpa estar\u00e1n sobre los 9 grados.<\/strong><\/span><\/p>\n<p><span style=\"color: #ff0000;\"><strong>El martes de nuevo los chubascos\u00a0ser\u00e1n\u00a0los protagonista, una peque\u00f1a borrasca se acercara al Cabo de San Vicente y\u00a0traer\u00e1\u00a0consigo una nueva inestabilizaci\u00f3n a\u00a0Andaluc\u00eda\u00a0y M\u00e1laga. Fuente meteogalicia<\/strong><\/span><\/p>\n<p><a href=\"https:\/\/blogs.diariosur.es\/tormentas-y-rayos\/2013\/03\/18\/el-tiempo-en-semana-santa-2013-prevision-domingo-de-ramos-y-lunes-santo-el-martes-dia-del-padre-tendremos-lluvias\/captura-134\/\" rel=\"attachment wp-att-5333\"><img loading=\"lazy\" class=\"aligncenter size-medium wp-image-5333\" title=\"Captura\" src=\"\/tormentas-y-rayos\/wp-content\/uploads\/sites\/12\/2013\/03\/Captura1.jpg\" alt=\"\" width=\"573\" height=\"400\" srcset=\"https:\/\/static-blogs.diariosur.es\/wp-content\/uploads\/sites\/12\/2013\/03\/Captura1.jpg 743w, https:\/\/static-blogs.diariosur.es\/wp-content\/uploads\/sites\/12\/2013\/03\/Captura1-574x400.jpg 574w\" sizes=\"(max-width: 573px) 100vw, 573px\" \/><\/a><\/p>\n<p>&nbsp;<\/p>\n<p><span style=\"color: #ff0000;\"><strong>Los chubascos serian los protagonistas el dia del padre y primeras horas de la madrugada del\u00a0mi\u00e9rcoles. \u00a0La Aemet activa la alerta amarilla por lluvias encasi toda la provincia malague\u00f1a.<\/strong><\/span><\/p>\n<p>&nbsp;<\/p>\n<p><a href=\"https:\/\/blogs.diariosur.es\/tormentas-y-rayos\/2013\/03\/18\/el-tiempo-en-semana-santa-2013-prevision-domingo-de-ramos-y-lunes-santo-el-martes-dia-del-padre-tendremos-lluvias\/alerta-amarilla-5\/\" rel=\"attachment wp-att-5332\"><img loading=\"lazy\" class=\"aligncenter size-full wp-image-5332\" title=\"alerta amarilla\" src=\"\/tormentas-y-rayos\/wp-content\/uploads\/sites\/12\/2013\/03\/alerta-amarilla.jpg\" alt=\"\" width=\"540\" height=\"396\" \/><\/a><\/p>\n<p><a href=\"https:\/\/blogs.diariosur.es\/tormentas-y-rayos\/2013\/03\/18\/el-tiempo-en-semana-santa-2013-prevision-domingo-de-ramos-y-lunes-santo-el-martes-dia-del-padre-tendremos-lluvias\/san-jose\/\" rel=\"attachment wp-att-5318\"><img loading=\"lazy\" class=\"aligncenter size-medium wp-image-5318\" title=\"san jose\" src=\"\/tormentas-y-rayos\/wp-content\/uploads\/sites\/12\/2013\/03\/san-jose.jpg\" alt=\"\" width=\"600\" height=\"381\" srcset=\"https:\/\/static-blogs.diariosur.es\/wp-content\/uploads\/sites\/12\/2013\/03\/san-jose.jpg 756w, https:\/\/static-blogs.diariosur.es\/wp-content\/uploads\/sites\/12\/2013\/03\/san-jose-629x400.jpg 629w\" sizes=\"(max-width: 600px) 100vw, 600px\" \/><\/a><\/p>\n<p><strong>\u00a0<\/strong><\/p>\n<p>&nbsp;<\/p>\n<p><span style=\"color: #0000ff;\"><strong>Bueno vamos ahora con lo que a mi mas me gusta: el resumen en fotos del fin de semana, que por cierto como muchos ya sab\u00e9is falle estrepitosamente con el pron\u00f3stico del s\u00e1bado.<\/strong><\/span><\/p>\n<p><span style=\"color: #0000ff;\"><strong>El s\u00e1bado la m\u00e1xima fue de 14,8 grados, los cielos estuvieron muy nubosos y la lluvia fue la protagonista. De camino al trabajo me acerque a la playa para fotografiar el amanecer, nada mas llegar y encontrarme con mi amigo Pedro, le comente que mala espina me da el cielo, lo mismo fallo en mi pron\u00f3stico y hoy llueve y eso paso jejeje, os paso una foto.<\/strong><\/span><\/p>\n<p><span style=\"color: #0000ff;\"><a href=\"https:\/\/blogs.diariosur.es\/tormentas-y-rayos\/2013\/03\/18\/el-tiempo-en-semana-santa-2013-prevision-domingo-de-ramos-y-lunes-santo-el-martes-dia-del-padre-tendremos-lluvias\/olympus-digital-camera-1207\/\" rel=\"attachment wp-att-5319\"><span style=\"color: #0000ff;\"><img loading=\"lazy\" class=\"aligncenter size-full wp-image-5319\" title=\"OLYMPUS DIGITAL CAMERA\" src=\"\/tormentas-y-rayos\/wp-content\/uploads\/sites\/12\/2013\/03\/0061.jpg\" alt=\"\" width=\"670\" height=\"422\" srcset=\"https:\/\/static-blogs.diariosur.es\/wp-content\/uploads\/sites\/12\/2013\/03\/0061.jpg 670w, https:\/\/static-blogs.diariosur.es\/wp-content\/uploads\/sites\/12\/2013\/03\/0061-635x400.jpg 635w\" sizes=\"(max-width: 670px) 100vw, 670px\" \/><\/span><\/a><\/span><\/p>\n<p>&nbsp;<\/p>\n<p><span style=\"color: #0000ff;\"><strong>Cuando sal\u00ed del curro los cielos estaban preciosos, y hasta a las nubes bajas le costaba quitarse de los Montes de M\u00e1laga.<\/strong><\/span><\/p>\n<p><span style=\"color: #0000ff;\"><a href=\"https:\/\/blogs.diariosur.es\/tormentas-y-rayos\/2013\/03\/18\/el-tiempo-en-semana-santa-2013-prevision-domingo-de-ramos-y-lunes-santo-el-martes-dia-del-padre-tendremos-lluvias\/olympus-digital-camera-1208\/\" rel=\"attachment wp-att-5320\"><span style=\"color: #0000ff;\"><img loading=\"lazy\" class=\"aligncenter size-full wp-image-5320\" title=\"OLYMPUS DIGITAL CAMERA\" src=\"\/tormentas-y-rayos\/wp-content\/uploads\/sites\/12\/2013\/03\/0071.jpg\" alt=\"\" width=\"670\" height=\"503\" srcset=\"https:\/\/static-blogs.diariosur.es\/wp-content\/uploads\/sites\/12\/2013\/03\/0071.jpg 670w, https:\/\/static-blogs.diariosur.es\/wp-content\/uploads\/sites\/12\/2013\/03\/0071-533x400.jpg 533w\" sizes=\"(max-width: 670px) 100vw, 670px\" \/><\/span><\/a><\/span><\/p>\n<p>&nbsp;<\/p>\n<p><span style=\"color: #0000ff;\"><a href=\"https:\/\/blogs.diariosur.es\/tormentas-y-rayos\/2013\/03\/18\/el-tiempo-en-semana-santa-2013-prevision-domingo-de-ramos-y-lunes-santo-el-martes-dia-del-padre-tendremos-lluvias\/olympus-digital-camera-1209\/\" rel=\"attachment wp-att-5321\"><span style=\"color: #0000ff;\"><img loading=\"lazy\" class=\"aligncenter size-full wp-image-5321\" title=\"OLYMPUS DIGITAL CAMERA\" src=\"\/tormentas-y-rayos\/wp-content\/uploads\/sites\/12\/2013\/03\/009.jpg\" alt=\"\" width=\"670\" height=\"503\" srcset=\"https:\/\/static-blogs.diariosur.es\/wp-content\/uploads\/sites\/12\/2013\/03\/009.jpg 670w, https:\/\/static-blogs.diariosur.es\/wp-content\/uploads\/sites\/12\/2013\/03\/009-533x400.jpg 533w\" sizes=\"(max-width: 670px) 100vw, 670px\" \/><\/span><\/a><\/span><\/p>\n<p><span style=\"color: #0000ff;\"><strong>Mas tarde, casi a la hora de ponerse el sol, los cielos se\u00a0abr\u00edan.\u00a0<\/strong><\/span><\/p>\n<p><span style=\"color: #0000ff;\"><a href=\"https:\/\/blogs.diariosur.es\/tormentas-y-rayos\/2013\/03\/18\/el-tiempo-en-semana-santa-2013-prevision-domingo-de-ramos-y-lunes-santo-el-martes-dia-del-padre-tendremos-lluvias\/olympus-digital-camera-1210\/\" rel=\"attachment wp-att-5322\"><span style=\"color: #0000ff;\"><img loading=\"lazy\" class=\"aligncenter size-full wp-image-5322\" title=\"OLYMPUS DIGITAL CAMERA\" src=\"\/tormentas-y-rayos\/wp-content\/uploads\/sites\/12\/2013\/03\/010.jpg\" alt=\"\" width=\"670\" height=\"503\" srcset=\"https:\/\/static-blogs.diariosur.es\/wp-content\/uploads\/sites\/12\/2013\/03\/010.jpg 670w, https:\/\/static-blogs.diariosur.es\/wp-content\/uploads\/sites\/12\/2013\/03\/010-533x400.jpg 533w\" sizes=\"(max-width: 670px) 100vw, 670px\" \/><\/span><\/a><\/span><\/p>\n<p><span style=\"color: #ff00ff;\"><strong>El domingo la m\u00e1xima fue de casi 18 grados. Los cielos de nuevo al igual que el s\u00e1bado estuvieron muy nubosos y los chubascos fueron los protagonistas.\u00a0<\/strong><\/span><\/p>\n<p><span style=\"color: #ff00ff;\"><strong>A \u00a0las ocho de la ma\u00f1ana tire para la playa, el cielo estaba impresionante, incluso en el mar se\u00a0ve\u00edan\u00a0rel\u00e1mpagos. Aunque no pude cazar ninguno.<\/strong><\/span><\/p>\n<p><span style=\"color: #ff00ff;\"><a href=\"https:\/\/blogs.diariosur.es\/tormentas-y-rayos\/2013\/03\/18\/el-tiempo-en-semana-santa-2013-prevision-domingo-de-ramos-y-lunes-santo-el-martes-dia-del-padre-tendremos-lluvias\/olympus-digital-camera-1211\/\" rel=\"attachment wp-att-5323\"><span style=\"color: #ff00ff;\"><img loading=\"lazy\" class=\"aligncenter size-full wp-image-5323\" title=\"OLYMPUS DIGITAL CAMERA\" src=\"\/tormentas-y-rayos\/wp-content\/uploads\/sites\/12\/2013\/03\/domingo1.jpg\" alt=\"\" width=\"670\" height=\"503\" srcset=\"https:\/\/static-blogs.diariosur.es\/wp-content\/uploads\/sites\/12\/2013\/03\/domingo1.jpg 670w, https:\/\/static-blogs.diariosur.es\/wp-content\/uploads\/sites\/12\/2013\/03\/domingo1-533x400.jpg 533w\" sizes=\"(max-width: 670px) 100vw, 670px\" \/><\/span><\/a><\/span><\/p>\n<p>&nbsp;<\/p>\n<p><span style=\"color: #ff00ff;\"><a href=\"https:\/\/blogs.diariosur.es\/tormentas-y-rayos\/2013\/03\/18\/el-tiempo-en-semana-santa-2013-prevision-domingo-de-ramos-y-lunes-santo-el-martes-dia-del-padre-tendremos-lluvias\/olympus-digital-camera-1212\/\" rel=\"attachment wp-att-5324\"><span style=\"color: #ff00ff;\"><img loading=\"lazy\" class=\"aligncenter size-full wp-image-5324\" title=\"OLYMPUS DIGITAL CAMERA\" src=\"\/tormentas-y-rayos\/wp-content\/uploads\/sites\/12\/2013\/03\/008_1.jpg\" alt=\"\" width=\"670\" height=\"503\" srcset=\"https:\/\/static-blogs.diariosur.es\/wp-content\/uploads\/sites\/12\/2013\/03\/008_1.jpg 670w, https:\/\/static-blogs.diariosur.es\/wp-content\/uploads\/sites\/12\/2013\/03\/008_1-533x400.jpg 533w\" sizes=\"(max-width: 670px) 100vw, 670px\" \/><\/span><\/a><\/span><\/p>\n<p><span style=\"color: #ff00ff;\"><strong>Sobre las diez y media\u00a0volv\u00ed\u00a0a la playa,\u00a0\u00a0los cielos\u00a0segu\u00edan\u00a0un poco menos nubosos. Los chubascos\u00a0ca\u00edan, pero a la vez el sol asomaba\u00a0t\u00edmidamente. Otro dato \u00a0a destacar fue que la poca lluvia que caia, lo hacia en forma de barro.<\/strong><\/span><\/p>\n<p><span style=\"color: #ff00ff;\"><a href=\"https:\/\/blogs.diariosur.es\/tormentas-y-rayos\/2013\/03\/18\/el-tiempo-en-semana-santa-2013-prevision-domingo-de-ramos-y-lunes-santo-el-martes-dia-del-padre-tendremos-lluvias\/olympus-digital-camera-1213\/\" rel=\"attachment wp-att-5325\"><span style=\"color: #ff00ff;\"><img loading=\"lazy\" class=\"aligncenter size-full wp-image-5325\" title=\"OLYMPUS DIGITAL CAMERA\" src=\"\/tormentas-y-rayos\/wp-content\/uploads\/sites\/12\/2013\/03\/0401.jpg\" alt=\"\" width=\"670\" height=\"503\" srcset=\"https:\/\/static-blogs.diariosur.es\/wp-content\/uploads\/sites\/12\/2013\/03\/0401.jpg 670w, https:\/\/static-blogs.diariosur.es\/wp-content\/uploads\/sites\/12\/2013\/03\/0401-533x400.jpg 533w\" sizes=\"(max-width: 670px) 100vw, 670px\" \/><\/span><\/a><\/span><\/p>\n<p>&nbsp;<\/p>\n<p><span style=\"color: #ff00ff;\"><a href=\"https:\/\/blogs.diariosur.es\/tormentas-y-rayos\/2013\/03\/18\/el-tiempo-en-semana-santa-2013-prevision-domingo-de-ramos-y-lunes-santo-el-martes-dia-del-padre-tendremos-lluvias\/olympus-digital-camera-1214\/\" rel=\"attachment wp-att-5326\"><span style=\"color: #ff00ff;\"><img loading=\"lazy\" class=\"aligncenter size-full wp-image-5326\" title=\"OLYMPUS DIGITAL CAMERA\" src=\"\/tormentas-y-rayos\/wp-content\/uploads\/sites\/12\/2013\/03\/015.jpg\" alt=\"\" width=\"670\" height=\"444\" srcset=\"https:\/\/static-blogs.diariosur.es\/wp-content\/uploads\/sites\/12\/2013\/03\/015.jpg 670w, https:\/\/static-blogs.diariosur.es\/wp-content\/uploads\/sites\/12\/2013\/03\/015-604x400.jpg 604w\" sizes=\"(max-width: 670px) 100vw, 670px\" \/><\/span><\/a><\/span><\/p>\n<p><span style=\"color: #ff00ff;\"><strong>Los primeros rayos de sol hicieron que este gorri\u00f3n y esta paloma se cargaran las pilas jejejej.<\/strong><\/span><\/p>\n<p><span style=\"color: #ff00ff;\"><a href=\"https:\/\/blogs.diariosur.es\/tormentas-y-rayos\/2013\/03\/18\/el-tiempo-en-semana-santa-2013-prevision-domingo-de-ramos-y-lunes-santo-el-martes-dia-del-padre-tendremos-lluvias\/olympus-digital-camera-1215\/\" rel=\"attachment wp-att-5327\"><span style=\"color: #ff00ff;\"><img loading=\"lazy\" class=\"aligncenter size-full wp-image-5327\" title=\"OLYMPUS DIGITAL CAMERA\" src=\"\/tormentas-y-rayos\/wp-content\/uploads\/sites\/12\/2013\/03\/0191.jpg\" alt=\"\" width=\"670\" height=\"503\" srcset=\"https:\/\/static-blogs.diariosur.es\/wp-content\/uploads\/sites\/12\/2013\/03\/0191.jpg 670w, https:\/\/static-blogs.diariosur.es\/wp-content\/uploads\/sites\/12\/2013\/03\/0191-533x400.jpg 533w\" sizes=\"(max-width: 670px) 100vw, 670px\" \/><\/span><\/a><\/span><\/p>\n<p>&nbsp;<\/p>\n<p><span style=\"color: #ff00ff;\"><strong>Por la tarde noche los cielos se fueron cubriendo, dejando un precioso atardecer que nuestro amigo Pedro Toro\u00a0fotografi\u00f3\u00a0magistralmente. Sobre las nueve de la noche de nuevo los chubascos fueron los protagonistas.<\/strong><\/span><\/p>\n<p><a href=\"https:\/\/blogs.diariosur.es\/tormentas-y-rayos\/2013\/03\/18\/el-tiempo-en-semana-santa-2013-prevision-domingo-de-ramos-y-lunes-santo-el-martes-dia-del-padre-tendremos-lluvias\/882208_632800596736876_864458105_o_1\/\" rel=\"attachment wp-att-5330\"><img loading=\"lazy\" class=\"aligncenter size-full wp-image-5330\" title=\"882208_632800596736876_864458105_o_1\" src=\"\/tormentas-y-rayos\/wp-content\/uploads\/sites\/12\/2013\/03\/882208_632800596736876_864458105_o_1.jpg\" alt=\"\" width=\"670\" height=\"445\" srcset=\"https:\/\/static-blogs.diariosur.es\/wp-content\/uploads\/sites\/12\/2013\/03\/882208_632800596736876_864458105_o_1.jpg 670w, https:\/\/static-blogs.diariosur.es\/wp-content\/uploads\/sites\/12\/2013\/03\/882208_632800596736876_864458105_o_1-602x400.jpg 602w\" sizes=\"(max-width: 670px) 100vw, 670px\" \/><\/a><\/p>\n<p>&nbsp;<\/p>\n<p><strong>\u00a0Poco mas que contar amigos, ma\u00f1ana martes o el\u00a0mi\u00e9rcoles\u00a0de nuevo\u00a0estar\u00e9\u00a0con vosotros.<\/strong><\/p>\n<p><strong>Os dejo con una foto de nuestra amiga Paqui Carnero, ya es primavera en el corte,\u00a0perd\u00f3n\u00a0en el blog jejejej.<\/strong><\/p>\n<p><a href=\"https:\/\/blogs.diariosur.es\/tormentas-y-rayos\/2013\/03\/18\/el-tiempo-en-semana-santa-2013-prevision-domingo-de-ramos-y-lunes-santo-el-martes-dia-del-padre-tendremos-lluvias\/199101_4454205444206_1842878046_n\/\" rel=\"attachment wp-att-5329\"><img loading=\"lazy\" class=\"aligncenter size-full wp-image-5329\" title=\"199101_4454205444206_1842878046_n\" src=\"\/tormentas-y-rayos\/wp-content\/uploads\/sites\/12\/2013\/03\/199101_4454205444206_1842878046_n.jpg\" alt=\"\" width=\"670\" height=\"503\" srcset=\"https:\/\/static-blogs.diariosur.es\/wp-content\/uploads\/sites\/12\/2013\/03\/199101_4454205444206_1842878046_n.jpg 670w, https:\/\/static-blogs.diariosur.es\/wp-content\/uploads\/sites\/12\/2013\/03\/199101_4454205444206_1842878046_n-533x400.jpg 533w\" sizes=\"(max-width: 670px) 100vw, 670px\" \/><\/a><\/p>\n","protected":false},"excerpt":{"rendered":"<p>&nbsp; &nbsp; Buenos dias amigos de la meteo. Son las seis y media de la ma\u00f1ana, registro 15 \u00a0grados y los cielos est\u00e1n poco nubosos en M\u00e1laga Capital. Antes de nada daros \u00a0las gracias a todos los nuevos que entr\u00e1is por primera vez en mi blog, y a todos mis seguidores. Siempre acostumbro los lunes [&hellip;]<\/p>\n","protected":false},"author":16,"featured_media":5315,"comment_status":"open","ping_status":"closed","sticky":false,"template":"","format":"standard","meta":[],"categories":[2],"tags":[13,319,342,358,489,562,569,580,809,903],"_links":{"self":[{"href":"https:\/\/blogs.diariosur.es\/tormentas-y-rayos\/wp-json\/wp\/v2\/posts\/5309"}],"collection":[{"href":"https:\/\/blogs.diariosur.es\/tormentas-y-rayos\/wp-json\/wp\/v2\/posts"}],"about":[{"href":"https:\/\/blogs.diariosur.es\/tormentas-y-rayos\/wp-json\/wp\/v2\/types\/post"}],"author":[{"embeddable":true,"href":"https:\/\/blogs.diariosur.es\/tormentas-y-rayos\/wp-json\/wp\/v2\/users\/16"}],"replies":[{"embeddable":true,"href":"https:\/\/blogs.diariosur.es\/tormentas-y-rayos\/wp-json\/wp\/v2\/comments?post=5309"}],"version-history":[{"count":0,"href":"https:\/\/blogs.diariosur.es\/tormentas-y-rayos\/wp-json\/wp\/v2\/posts\/5309\/revisions"}],"wp:featuredmedia":[{"embeddable":true,"href":"https:\/\/blogs.diariosur.es\/tormentas-y-rayos\/wp-json\/wp\/v2\/media\/5315"}],"wp:attachment":[{"href":"https:\/\/blogs.diariosur.es\/tormentas-y-rayos\/wp-json\/wp\/v2\/media?parent=5309"}],"wp:term":[{"taxonomy":"category","embeddable":true,"href":"https:\/\/blogs.diariosur.es\/tormentas-y-rayos\/wp-json\/wp\/v2\/categories?post=5309"},{"taxonomy":"post_tag","embeddable":true,"href":"https:\/\/blogs.diariosur.es\/tormentas-y-rayos\/wp-json\/wp\/v2\/tags?post=5309"}],"curies":[{"name":"wp","href":"https:\/\/api.w.org\/{rel}","templated":true}]}}