{"id":5340,"date":"2013-03-20T18:17:06","date_gmt":"2013-03-20T17:17:06","guid":{"rendered":"http:\/\/blogs.diariosur.es\/tormentas-y-rayos\/?p=5340"},"modified":"2013-03-20T18:17:06","modified_gmt":"2013-03-20T17:17:06","slug":"el-tiempo-en-semana-santa-2013-una-potente-borrasca-mantendra-la-incertidumbre-hasta-el-lunes-santo-en-buena-parte-de-la-peninsula","status":"publish","type":"post","link":"https:\/\/blogs.diariosur.es\/tormentas-y-rayos\/2013\/03\/20\/el-tiempo-en-semana-santa-2013-una-potente-borrasca-mantendra-la-incertidumbre-hasta-el-lunes-santo-en-buena-parte-de-la-peninsula\/","title":{"rendered":"El tiempo en Semana Santa 2013. Una potente borrasca mantendr\u00e1 la incertidumbre hasta el Lunes Santo en buena parte de la Pen\u00ednsula."},"content":{"rendered":"<p><strong>Buenas tardes amigos de la meteo.<\/strong><\/p>\n<p><strong>\u00a0Son las cuatro de la tarde, registro 17,5 grados y el viento de terral de primavera sigue de protagonista en la Capital Malague\u00f1a. Como todos sab\u00e9is, \u00a0hoy a las doce y dos minutos del mediod\u00eda entro la primavera.<\/strong><\/p>\n<p><strong>Vamos a intentar explicar lo que puede pasar desde el Viernes de Dolores hasta el Domingo de Ramos. En estos momentos aun hay diferencia de unos modelos a otros, como os comentaba esta ma\u00f1ana. Unos le dan al anticicl\u00f3n un poco mas de protagonismo y otros se lo dan a las borrascas. El dia pasado os comentaba que en la zona de Groenlandia, norte de Islandia y Paises Nordicos hay altas presiones, que hacen de muro para que las borrascas bajen de latitud. Os paso esta imagen del dia pasado.<\/strong><\/p>\n<p><a href=\"https:\/\/blogs.diariosur.es\/tormentas-y-rayos\/2013\/03\/20\/el-tiempo-en-semana-santa-2013-una-potente-borrasca-mantendra-la-incertidumbre-hasta-el-lunes-santo-en-buena-parte-de-la-peninsula\/lunes-santo1-600x372\/\" rel=\"attachment wp-att-5341\"><img loading=\"lazy\" class=\"aligncenter size-full wp-image-5341\" title=\"lunes-santo1-600x372\" src=\"\/tormentas-y-rayos\/wp-content\/uploads\/sites\/12\/2013\/03\/lunes-santo1.jpg\" alt=\"\" width=\"600\" height=\"372\" \/><\/a><\/p>\n<p><strong>Porque motivo los pron\u00f3sticos han cambiado en tan pocas horas ? muy sencillo amigos, la culpable esta borrasca que ya pod\u00e9is ver en el Atl\u00e1ntico. Fuente meteogalicia eumetsat y hirlam aemet<\/strong><\/p>\n<p><a href=\"https:\/\/blogs.diariosur.es\/tormentas-y-rayos\/2013\/03\/20\/el-tiempo-en-semana-santa-2013-una-potente-borrasca-mantendra-la-incertidumbre-hasta-el-lunes-santo-en-buena-parte-de-la-peninsula\/captura-132\/\" rel=\"attachment wp-att-5342\"><img loading=\"lazy\" class=\"aligncenter size-medium wp-image-5342\" title=\"Captura\" src=\"\/tormentas-y-rayos\/wp-content\/uploads\/sites\/12\/2013\/03\/Captura2.jpg\" alt=\"\" width=\"582\" height=\"400\" srcset=\"https:\/\/static-blogs.diariosur.es\/wp-content\/uploads\/sites\/12\/2013\/03\/Captura2.jpg 750w, https:\/\/static-blogs.diariosur.es\/wp-content\/uploads\/sites\/12\/2013\/03\/Captura2-583x400.jpg 583w\" sizes=\"(max-width: 582px) 100vw, 582px\" \/><\/a><\/p>\n<p>&nbsp;<\/p>\n<p><a href=\"https:\/\/blogs.diariosur.es\/tormentas-y-rayos\/2013\/03\/20\/el-tiempo-en-semana-santa-2013-una-potente-borrasca-mantendra-la-incertidumbre-hasta-el-lunes-santo-en-buena-parte-de-la-peninsula\/bbbbb-2\/\" rel=\"attachment wp-att-5343\"><img loading=\"lazy\" class=\"aligncenter size-medium wp-image-5343\" title=\"bbbbb\" src=\"\/tormentas-y-rayos\/wp-content\/uploads\/sites\/12\/2013\/03\/bbbbb1.jpg\" alt=\"\" width=\"600\" height=\"394\" srcset=\"https:\/\/static-blogs.diariosur.es\/wp-content\/uploads\/sites\/12\/2013\/03\/bbbbb1.jpg 712w, https:\/\/static-blogs.diariosur.es\/wp-content\/uploads\/sites\/12\/2013\/03\/bbbbb1-609x400.jpg 609w\" sizes=\"(max-width: 600px) 100vw, 600px\" \/><\/a><\/p>\n<p>&nbsp;<\/p>\n<p><strong>Esta borrasca ser\u00e1 la protagonista hasta el Lunes Santo, ya que seguir\u00e1 merodeando por esa zona, unas veces mas arriba y otras mas abajo, mandando frentes y l\u00edneas de inestabilidad. Ser\u00eda el lunes cuando se debilitar\u00eda un poco y cruzase por la zona norte camino del Mediterr\u00e1neo. Poneros un mapa del martes y mi\u00e9rcoles me parece precipitado, esto lo veremos \u00a0mejor en el pronostico que os de el Viernes de Dolores o Domingo de Ramos.<\/strong><\/p>\n<p><strong>\u00a0Un paso una secuencia previstas del modelo gfs desde el Viernes de Dolores hasta el Lunes Santo.<\/strong><\/p>\n<p><a href=\"https:\/\/blogs.diariosur.es\/tormentas-y-rayos\/2013\/03\/20\/el-tiempo-en-semana-santa-2013-una-potente-borrasca-mantendra-la-incertidumbre-hasta-el-lunes-santo-en-buena-parte-de-la-peninsula\/viernes-13\/\" rel=\"attachment wp-att-5344\"><img loading=\"lazy\" class=\"aligncenter size-medium wp-image-5344\" title=\"viernes\" src=\"\/tormentas-y-rayos\/wp-content\/uploads\/sites\/12\/2013\/03\/viernes.jpg\" alt=\"\" width=\"600\" height=\"365\" srcset=\"https:\/\/static-blogs.diariosur.es\/wp-content\/uploads\/sites\/12\/2013\/03\/viernes.jpg 756w, https:\/\/static-blogs.diariosur.es\/wp-content\/uploads\/sites\/12\/2013\/03\/viernes-640x390.jpg 640w\" sizes=\"(max-width: 600px) 100vw, 600px\" \/><\/a><a href=\"https:\/\/blogs.diariosur.es\/tormentas-y-rayos\/2013\/03\/20\/el-tiempo-en-semana-santa-2013-una-potente-borrasca-mantendra-la-incertidumbre-hasta-el-lunes-santo-en-buena-parte-de-la-peninsula\/sabaso\/\" rel=\"attachment wp-att-5345\"><img loading=\"lazy\" class=\"aligncenter size-medium wp-image-5345\" title=\"sabaso\" src=\"\/tormentas-y-rayos\/wp-content\/uploads\/sites\/12\/2013\/03\/sabaso.jpg\" alt=\"\" width=\"600\" height=\"367\" srcset=\"https:\/\/static-blogs.diariosur.es\/wp-content\/uploads\/sites\/12\/2013\/03\/sabaso.jpg 760w, https:\/\/static-blogs.diariosur.es\/wp-content\/uploads\/sites\/12\/2013\/03\/sabaso-640x392.jpg 640w\" sizes=\"(max-width: 600px) 100vw, 600px\" \/><\/a><a href=\"https:\/\/blogs.diariosur.es\/tormentas-y-rayos\/2013\/03\/20\/el-tiempo-en-semana-santa-2013-una-potente-borrasca-mantendra-la-incertidumbre-hasta-el-lunes-santo-en-buena-parte-de-la-peninsula\/domingo-10\/\" rel=\"attachment wp-att-5346\"><img loading=\"lazy\" class=\"aligncenter size-medium wp-image-5346\" title=\"domingo\" src=\"\/tormentas-y-rayos\/wp-content\/uploads\/sites\/12\/2013\/03\/domingo2.jpg\" alt=\"\" width=\"600\" height=\"371\" srcset=\"https:\/\/static-blogs.diariosur.es\/wp-content\/uploads\/sites\/12\/2013\/03\/domingo2.jpg 764w, https:\/\/static-blogs.diariosur.es\/wp-content\/uploads\/sites\/12\/2013\/03\/domingo2-640x396.jpg 640w\" sizes=\"(max-width: 600px) 100vw, 600px\" \/><\/a><a href=\"https:\/\/blogs.diariosur.es\/tormentas-y-rayos\/2013\/03\/20\/el-tiempo-en-semana-santa-2013-una-potente-borrasca-mantendra-la-incertidumbre-hasta-el-lunes-santo-en-buena-parte-de-la-peninsula\/lunes-9\/\" rel=\"attachment wp-att-5347\"><img loading=\"lazy\" class=\"aligncenter size-medium wp-image-5347\" title=\"lunes\" src=\"\/tormentas-y-rayos\/wp-content\/uploads\/sites\/12\/2013\/03\/lunes.jpg\" alt=\"\" width=\"600\" height=\"362\" srcset=\"https:\/\/static-blogs.diariosur.es\/wp-content\/uploads\/sites\/12\/2013\/03\/lunes.jpg 759w, https:\/\/static-blogs.diariosur.es\/wp-content\/uploads\/sites\/12\/2013\/03\/lunes-640x387.jpg 640w\" sizes=\"(max-width: 600px) 100vw, 600px\" \/><\/a><\/p>\n<p><strong>El primer frente de esta borrasca llegara el Viernes de Dolores a Andaluc\u00eda. \u00a0Entrar\u00eda de madrugada por la zona mas occidental de nuestra regi\u00f3n, dejando chubascos de d\u00e9biles a moderados. Abri\u00e9ndose claros a partir de la tarde. <\/strong><\/p>\n<p><strong>El S\u00e1bado de Pasi\u00f3n un nuevo frente mas activo llegar\u00eda a la\u00a0pen\u00ednsula. \u00a0Los chubascos moderados se prodigaran en nuestra regi\u00f3n a partir de la ma\u00f1ana en la zona mas occidental y a medida que pasen las horas llegaran al centro de la regi\u00f3n y mas debilitados contra mas al este de las provincias andaluzas.\u00a0\u00a0<\/strong><\/p>\n<p><a href=\"https:\/\/blogs.diariosur.es\/tormentas-y-rayos\/2013\/03\/20\/el-tiempo-en-semana-santa-2013-una-potente-borrasca-mantendra-la-incertidumbre-hasta-el-lunes-santo-en-buena-parte-de-la-peninsula\/nazatristejl-2-5\/\" rel=\"attachment wp-att-5348\"><img loading=\"lazy\" class=\"aligncenter size-full wp-image-5348\" title=\"NazaTristeJL (2)\" src=\"\/tormentas-y-rayos\/wp-content\/uploads\/sites\/12\/2013\/03\/NazaTristeJL-22.jpg\" alt=\"\" width=\"400\" height=\"464\" srcset=\"https:\/\/static-blogs.diariosur.es\/wp-content\/uploads\/sites\/12\/2013\/03\/NazaTristeJL-22.jpg 400w, https:\/\/static-blogs.diariosur.es\/wp-content\/uploads\/sites\/12\/2013\/03\/NazaTristeJL-22-345x400.jpg 345w\" sizes=\"(max-width: 400px) 100vw, 400px\" \/><\/a><\/p>\n<p>&nbsp;<\/p>\n<p><a href=\"https:\/\/blogs.diariosur.es\/tormentas-y-rayos\/2013\/03\/20\/el-tiempo-en-semana-santa-2013-una-potente-borrasca-mantendra-la-incertidumbre-hasta-el-lunes-santo-en-buena-parte-de-la-peninsula\/b-17\/\" rel=\"attachment wp-att-5350\"><img loading=\"lazy\" class=\"aligncenter size-full wp-image-5350\" title=\"B\" src=\"\/tormentas-y-rayos\/wp-content\/uploads\/sites\/12\/2013\/03\/B1.jpg\" alt=\"\" width=\"670\" height=\"502\" srcset=\"https:\/\/static-blogs.diariosur.es\/wp-content\/uploads\/sites\/12\/2013\/03\/B1.jpg 670w, https:\/\/static-blogs.diariosur.es\/wp-content\/uploads\/sites\/12\/2013\/03\/B1-534x400.jpg 534w\" sizes=\"(max-width: 670px) 100vw, 670px\" \/><\/a><\/p>\n<p>&nbsp;<\/p>\n<p><strong><span style=\"color: #ff0000;\">Y ahora viene lo complicado. \u00a0Domingo de Ramos que si no estrenas te se caen las manos jejejej. \u00a0Este dia pueden caer chubascos de corta duraci\u00f3n en cualquier punto de\u00a0Andaluc\u00eda\u00a0y buena parte de la\u00a0pen\u00ednsula. Sera el\u00a0t\u00f3pico\u00a0dia de primavera, que caiga un chaparr\u00f3n y a los pocos\u00a0minutos\u00a0salga el sol. La hora de los chubascos es\u00a0dif\u00edcil\u00a0predecir ahora mismo, pero en el nuevo post que abra el viernes intentare daros con mas datos lo que pueda ocurrir en toda la provincia malague\u00f1a y en toda\u00a0Andaluc\u00eda. \u00a0Este dia el radar de lluvias sera muy importante para ver los posibles chubascos.<\/span><\/strong><\/p>\n<p><a href=\"https:\/\/blogs.diariosur.es\/tormentas-y-rayos\/2013\/03\/20\/el-tiempo-en-semana-santa-2013-una-potente-borrasca-mantendra-la-incertidumbre-hasta-el-lunes-santo-en-buena-parte-de-la-peninsula\/nazaseriojl-2-4\/\" rel=\"attachment wp-att-5349\"><img loading=\"lazy\" class=\"aligncenter size-full wp-image-5349\" title=\"NazaSerioJL (2)\" src=\"\/tormentas-y-rayos\/wp-content\/uploads\/sites\/12\/2013\/03\/NazaSerioJL-21.jpg\" alt=\"\" width=\"400\" height=\"465\" srcset=\"https:\/\/static-blogs.diariosur.es\/wp-content\/uploads\/sites\/12\/2013\/03\/NazaSerioJL-21.jpg 400w, https:\/\/static-blogs.diariosur.es\/wp-content\/uploads\/sites\/12\/2013\/03\/NazaSerioJL-21-344x400.jpg 344w\" sizes=\"(max-width: 400px) 100vw, 400px\" \/><\/a><\/p>\n<p>&nbsp;<\/p>\n<p>&nbsp;<\/p>\n<p><a href=\"https:\/\/blogs.diariosur.es\/tormentas-y-rayos\/2013\/03\/20\/el-tiempo-en-semana-santa-2013-una-potente-borrasca-mantendra-la-incertidumbre-hasta-el-lunes-santo-en-buena-parte-de-la-peninsula\/a-21\/\" rel=\"attachment wp-att-5351\"><img loading=\"lazy\" class=\"aligncenter size-full wp-image-5351\" title=\"A\" src=\"\/tormentas-y-rayos\/wp-content\/uploads\/sites\/12\" alt=\"\" width=\"670\" height=\"502\" \/><\/a><\/p>\n<p>&nbsp;<\/p>\n<p><strong>Poco mas que contar amigos de la meteo. Ma\u00f1ana tengo turno doble y hasta las nueve de la noche no llegare a casa.\u00a0<\/strong><\/p>\n<p><strong>Os dejo con este foton de mi amigo Israel Fernandez que tomo ayer dia del padre desde la\u00a0bah\u00eda\u00a0malague\u00f1a.<\/strong><\/p>\n<p><a href=\"https:\/\/blogs.diariosur.es\/tormentas-y-rayos\/2013\/03\/20\/el-tiempo-en-semana-santa-2013-una-potente-borrasca-mantendra-la-incertidumbre-hasta-el-lunes-santo-en-buena-parte-de-la-peninsula\/53763_10200756243897702_1683252131_o\/\" rel=\"attachment wp-att-5352\"><img loading=\"lazy\" class=\"aligncenter size-full wp-image-5352\" title=\"53763_10200756243897702_1683252131_o\" src=\"\/tormentas-y-rayos\/wp-content\/uploads\/sites\/12\/2013\/03\/53763_10200756243897702_1683252131_o.jpg\" alt=\"\" width=\"670\" height=\"501\" srcset=\"https:\/\/static-blogs.diariosur.es\/wp-content\/uploads\/sites\/12\/2013\/03\/53763_10200756243897702_1683252131_o.jpg 670w, https:\/\/static-blogs.diariosur.es\/wp-content\/uploads\/sites\/12\/2013\/03\/53763_10200756243897702_1683252131_o-535x400.jpg 535w\" sizes=\"(max-width: 670px) 100vw, 670px\" \/><\/a><\/p>\n","protected":false},"excerpt":{"rendered":"<p>Buenas tardes amigos de la meteo. \u00a0Son las cuatro de la tarde, registro 17,5 grados y el viento de terral de primavera sigue de protagonista en la Capital Malague\u00f1a. Como todos sab\u00e9is, \u00a0hoy a las doce y dos minutos del mediod\u00eda entro la primavera. Vamos a intentar explicar lo que puede pasar desde el Viernes [&hellip;]<\/p>\n","protected":false},"author":16,"featured_media":5351,"comment_status":"open","ping_status":"closed","sticky":false,"template":"","format":"standard","meta":[],"categories":[2],"tags":[13,188,358,903],"_links":{"self":[{"href":"https:\/\/blogs.diariosur.es\/tormentas-y-rayos\/wp-json\/wp\/v2\/posts\/5340"}],"collection":[{"href":"https:\/\/blogs.diariosur.es\/tormentas-y-rayos\/wp-json\/wp\/v2\/posts"}],"about":[{"href":"https:\/\/blogs.diariosur.es\/tormentas-y-rayos\/wp-json\/wp\/v2\/types\/post"}],"author":[{"embeddable":true,"href":"https:\/\/blogs.diariosur.es\/tormentas-y-rayos\/wp-json\/wp\/v2\/users\/16"}],"replies":[{"embeddable":true,"href":"https:\/\/blogs.diariosur.es\/tormentas-y-rayos\/wp-json\/wp\/v2\/comments?post=5340"}],"version-history":[{"count":0,"href":"https:\/\/blogs.diariosur.es\/tormentas-y-rayos\/wp-json\/wp\/v2\/posts\/5340\/revisions"}],"wp:featuredmedia":[{"embeddable":true,"href":"https:\/\/blogs.diariosur.es\/tormentas-y-rayos\/wp-json\/wp\/v2\/media\/5351"}],"wp:attachment":[{"href":"https:\/\/blogs.diariosur.es\/tormentas-y-rayos\/wp-json\/wp\/v2\/media?parent=5340"}],"wp:term":[{"taxonomy":"category","embeddable":true,"href":"https:\/\/blogs.diariosur.es\/tormentas-y-rayos\/wp-json\/wp\/v2\/categories?post=5340"},{"taxonomy":"post_tag","embeddable":true,"href":"https:\/\/blogs.diariosur.es\/tormentas-y-rayos\/wp-json\/wp\/v2\/tags?post=5340"}],"curies":[{"name":"wp","href":"https:\/\/api.w.org\/{rel}","templated":true}]}}