{"id":5353,"date":"2013-03-22T06:56:27","date_gmt":"2013-03-22T05:56:27","guid":{"rendered":"http:\/\/blogs.diariosur.es\/tormentas-y-rayos\/?p=5353"},"modified":"2013-03-22T06:56:27","modified_gmt":"2013-03-22T05:56:27","slug":"el-tiempo-en-semana-santa-2013-prevision-viernes-de-dolores-las-borrascas-protagonistas-en-la-fachada-atlantica-peninsular","status":"publish","type":"post","link":"https:\/\/blogs.diariosur.es\/tormentas-y-rayos\/2013\/03\/22\/el-tiempo-en-semana-santa-2013-prevision-viernes-de-dolores-las-borrascas-protagonistas-en-la-fachada-atlantica-peninsular\/","title":{"rendered":"El tiempo en Semana Santa 2013. Previsi\u00f3n Viernes de Dolores. Las borrascas protagonistas en la fachada Atl\u00e1ntica Pen\u00ednsular."},"content":{"rendered":"<p><span style=\"color: #ff00ff;\"><strong>ULTIMA HORA\u00a0AMIGOS\u00a0DE LA METEO. <\/strong><\/span><\/p>\n<p><span><strong><span style=\"color: #ff0000;\">\u00a0ALERTA AMARILLA POR LLUVIAS EN HUELVA, CADIZ, SEVILLA Y M\u00c1LAGA. \u00a0EN EL POST DE HOY YA OS LO COMENTABA,\u00a0HAB\u00cdA\u00a0PROBABILIDAD DE ENTRAR EN ALERTA AMARILLA. MA\u00d1ANA SOBRE LAS SIETE DE LA MA\u00d1ANA ACTUALIZARE EL BLOG.<\/span><\/strong><\/span><\/p>\n<p>&nbsp;<\/p>\n<p>&nbsp;<\/p>\n<p><strong>Buenos d\u00edas amigos de la meteo. Son las seis de la ma\u00f1ana, registro 12,8 grados y los cielos est\u00e1n algo nubosos.<\/strong><\/p>\n<p><strong> Antes de nada quiero dar las gracias Paco Rodr\u00edguez, \u00a0por invitarme a su programa Bajo Palio de Canal Sur Radio. El estar con dos grandes profesionales de la meteorolog\u00eda ( Maldonado y \u00a0Antonio Delgado ) me lleno de una gran satisfacci\u00f3n.\u00a0<\/strong><\/p>\n<p>&nbsp;<\/p>\n<p><a href=\"https:\/\/blogs.diariosur.es\/tormentas-y-rayos\/2013\/03\/22\/el-tiempo-en-semana-santa-2013-prevision-viernes-de-dolores-las-borrascas-protagonistas-en-la-fachada-atlantica-peninsular\/attachment\/0554\/\" rel=\"attachment wp-att-5358\"><img loading=\"lazy\" class=\"aligncenter size-full wp-image-5358\" title=\"0554\" src=\"\/tormentas-y-rayos\/wp-content\/uploads\/sites\/12\/2013\/03\/0554.jpg\" alt=\"\" width=\"439\" height=\"600\" srcset=\"https:\/\/static-blogs.diariosur.es\/wp-content\/uploads\/sites\/12\/2013\/03\/0554.jpg 439w, https:\/\/static-blogs.diariosur.es\/wp-content\/uploads\/sites\/12\/2013\/03\/0554-293x400.jpg 293w\" sizes=\"(max-width: 439px) 100vw, 439px\" \/><\/a><\/p>\n<p><strong>Bueno amigos ya es Viernes de Dolores y el primer frente ya esta llegando a la Pen\u00ednsula. Os paso esta imagen del satelite eumetsat donde se ve dibujado perfectamente. Fuente Meteogalicia.\u00a0<\/strong><\/p>\n<p><strong><a href=\"https:\/\/blogs.diariosur.es\/tormentas-y-rayos\/2013\/03\/22\/el-tiempo-en-semana-santa-2013-prevision-viernes-de-dolores-las-borrascas-protagonistas-en-la-fachada-atlantica-peninsular\/viernes-dolores-2\/\" rel=\"attachment wp-att-5354\"><img loading=\"lazy\" class=\"aligncenter size-medium wp-image-5354\" title=\"viernes dolores.\" src=\"\/tormentas-y-rayos\/wp-content\/uploads\/sites\/12\/2013\/03\/viernes-dolores.-567x400.jpg\" alt=\"\" width=\"567\" height=\"400\" srcset=\"https:\/\/static-blogs.diariosur.es\/wp-content\/uploads\/sites\/12\/2013\/03\/viernes-dolores.-567x400.jpg 567w, https:\/\/static-blogs.diariosur.es\/wp-content\/uploads\/sites\/12\/2013\/03\/viernes-dolores..jpg 739w\" sizes=\"(max-width: 567px) 100vw, 567px\" \/><\/a><\/strong><\/p>\n<p><strong>\u00a0<strong>En\u00a0esta\u00a0imagen del radar de lluvias\u00a0tambi\u00e9n\u00a0se aprecia perfectamente, que las precipitaciones mas abundantes se\u00a0est\u00e1n\u00a0dando en Extremadura y Galicia.<\/strong><\/strong><\/p>\n<p><a href=\"https:\/\/blogs.diariosur.es\/tormentas-y-rayos\/2013\/03\/22\/el-tiempo-en-semana-santa-2013-prevision-viernes-de-dolores-las-borrascas-protagonistas-en-la-fachada-atlantica-peninsular\/radar-23\/\" rel=\"attachment wp-att-5356\"><img loading=\"lazy\" class=\"aligncenter size-full wp-image-5356\" title=\"radar\" src=\"\/tormentas-y-rayos\/wp-content\/uploads\/sites\/12\/2013\/03\/radar2.jpg\" alt=\"\" width=\"601\" height=\"556\" srcset=\"https:\/\/static-blogs.diariosur.es\/wp-content\/uploads\/sites\/12\/2013\/03\/radar2.jpg 601w, https:\/\/static-blogs.diariosur.es\/wp-content\/uploads\/sites\/12\/2013\/03\/radar2-432x400.jpg 432w\" sizes=\"(max-width: 601px) 100vw, 601px\" \/><\/a><\/p>\n<p><strong>A las provincias mas occidentales Andaluzas llegara dentro de poco, dejando chubascos\u00a0d\u00e9biles, que\u00a0ir\u00e1n\u00a0remitiendo en el trascurso de las horas, quedando los cielos\u00a0despajados\u00a0 al\u00a0mediod\u00eda.<\/strong><\/p>\n<p><strong>A la provincia malague\u00f1a lo espero a partir del mediod\u00eda, dejara chubascos d\u00e9biles, pero por la tarde noche se abrir\u00e1n grandes claros. \u00a0 Asi que veremos este nazareno<\/strong><\/p>\n<p><a href=\"https:\/\/blogs.diariosur.es\/tormentas-y-rayos\/2013\/03\/22\/el-tiempo-en-semana-santa-2013-prevision-viernes-de-dolores-las-borrascas-protagonistas-en-la-fachada-atlantica-peninsular\/nazafelizjl-2-8\/\" rel=\"attachment wp-att-5364\"><img loading=\"lazy\" class=\"aligncenter size-full wp-image-5364\" title=\"NazaFelizJL (2)\" src=\"\/tormentas-y-rayos\/wp-content\/uploads\/sites\/12\/2013\/03\/NazaFelizJL-25.jpg\" alt=\"\" width=\"400\" height=\"459\" srcset=\"https:\/\/static-blogs.diariosur.es\/wp-content\/uploads\/sites\/12\/2013\/03\/NazaFelizJL-25.jpg 400w, https:\/\/static-blogs.diariosur.es\/wp-content\/uploads\/sites\/12\/2013\/03\/NazaFelizJL-25-349x400.jpg 349w\" sizes=\"(max-width: 400px) 100vw, 400px\" \/><\/a><\/p>\n<p>&nbsp;<\/p>\n<p><strong>Ma\u00f1ana S\u00e1bado de Pasi\u00f3n el segundo frente ser\u00e1 mas activo y los chubascos por la tarde noche ser\u00e1n mas cuantiosos en M\u00e1laga Capital y en toda su provincia. De momento la Aemet activa la alerta amarilla en C\u00e1diz, pero no me extra\u00f1ar\u00eda que durante el dia de hoy, pongan tambi\u00e9n a la provincia malague\u00f1a en alerta para ma\u00f1ana\u00a0s\u00e1bado. Ma\u00f1ana casi seguro que este nazareno sera el protagonista en muchos puntos de Andaluc\u00eda.<\/strong><\/p>\n<p><a href=\"https:\/\/blogs.diariosur.es\/tormentas-y-rayos\/2013\/03\/22\/el-tiempo-en-semana-santa-2013-prevision-viernes-de-dolores-las-borrascas-protagonistas-en-la-fachada-atlantica-peninsular\/nazatristejl-2-6\/\" rel=\"attachment wp-att-5363\"><img loading=\"lazy\" class=\"aligncenter size-full wp-image-5363\" title=\"NazaTristeJL (2)\" src=\"\/tormentas-y-rayos\/wp-content\/uploads\/sites\/12\/2013\/03\/NazaTristeJL-23.jpg\" alt=\"\" width=\"400\" height=\"464\" srcset=\"https:\/\/static-blogs.diariosur.es\/wp-content\/uploads\/sites\/12\/2013\/03\/NazaTristeJL-23.jpg 400w, https:\/\/static-blogs.diariosur.es\/wp-content\/uploads\/sites\/12\/2013\/03\/NazaTristeJL-23-345x400.jpg 345w\" sizes=\"(max-width: 400px) 100vw, 400px\" \/><\/a><\/p>\n<p>&nbsp;<\/p>\n<p><strong>Al dia de hoy sigue la incertidumbre para el Domingo de Ramos, pero como os comentaba ayer en la radio, serian las primeras horas de la ma\u00f1ana con mayor probabilidad de chubascos. Pero esto lo veremos mejor ma\u00f1ana s\u00e1bado en el seguimiento especial que\u00a0har\u00e9\u00a0todos los d\u00edas de Semana Santa, ya ver\u00e9 de donde saco tiempo.\u00a0<\/strong><\/p>\n<p>&nbsp;<\/p>\n<p><strong>El anticicl\u00f3n de momento no quiere coger protagonismo. Seguir\u00e1n las borrascas siendo las protagonistas y la incertidumbre se traslada hasta el Mi\u00e9rcoles Santo. La fachada Atl\u00e1ntica peninsular sera la que tenga mayor probabilidad de chubascos, y M\u00e1laga aunque no lo parezca es mas Atl\u00e1ntica que Mediterr\u00e1nea. Os paso estos mapas donde se ve el bloque de anticiclones por la zona de Groenlandia y Pa\u00edses N\u00f3rdicos, por este motivo las borrascas bajan de latitud. Fuente modelo ECMWF. Os paso este enlace a mi blog, donde el dia pasado os explicaba porque se daban estas posibles lluvias. <a href=\"https:\/\/blogs.diariosur.es\/tormentas-y-rayos\/2013\/03\/20\/el-tiempo-en-semana-santa-2013-una-potente-borrasca-mantendra-la-incertidumbre-hasta-el-lunes-santo-en-buena-parte-de-la-peninsula\/\">ANTICICLONES DE BLOQUEO<\/a><\/strong><\/p>\n<p><a href=\"https:\/\/blogs.diariosur.es\/tormentas-y-rayos\/2013\/03\/22\/el-tiempo-en-semana-santa-2013-prevision-viernes-de-dolores-las-borrascas-protagonistas-en-la-fachada-atlantica-peninsular\/ecw\/\" rel=\"attachment wp-att-5357\"><img loading=\"lazy\" class=\"aligncenter size-medium wp-image-5357\" title=\"ecw\" src=\"\/tormentas-y-rayos\/wp-content\/uploads\/sites\/12\/2013\/03\/ecw.jpg\" alt=\"\" width=\"600\" height=\"315\" srcset=\"https:\/\/static-blogs.diariosur.es\/wp-content\/uploads\/sites\/12\/2013\/03\/ecw.jpg 1007w, https:\/\/static-blogs.diariosur.es\/wp-content\/uploads\/sites\/12\/2013\/03\/ecw-640x336.jpg 640w, https:\/\/static-blogs.diariosur.es\/wp-content\/uploads\/sites\/12\/2013\/03\/ecw-768x403.jpg 768w\" sizes=\"(max-width: 600px) 100vw, 600px\" \/><\/a><\/p>\n<p><strong><strong><\/strong>\u00a0Poco mas que contar amigos, ma\u00f1ana\u00a0S\u00e1bado\u00a0de Pasi\u00f3n\u00a0estar\u00e9\u00a0de nuevo con vosotros y\u00a0as\u00ed\u00a0hasta el Viernes Santo.\u00a0<\/strong><\/p>\n<p><a href=\"https:\/\/blogs.diariosur.es\/tormentas-y-rayos\/2013\/03\/22\/el-tiempo-en-semana-santa-2013-prevision-viernes-de-dolores-las-borrascas-protagonistas-en-la-fachada-atlantica-peninsular\/sur1-2\/\" rel=\"attachment wp-att-5360\"><img loading=\"lazy\" class=\"aligncenter size-full wp-image-5360\" title=\"SUR1\" src=\"\/tormentas-y-rayos\/wp-content\/uploads\/sites\/12\/2013\/03\/SUR11.jpg\" alt=\"\" width=\"444\" height=\"600\" srcset=\"https:\/\/static-blogs.diariosur.es\/wp-content\/uploads\/sites\/12\/2013\/03\/SUR11.jpg 444w, https:\/\/static-blogs.diariosur.es\/wp-content\/uploads\/sites\/12\/2013\/03\/SUR11-296x400.jpg 296w\" sizes=\"(max-width: 444px) 100vw, 444px\" \/><\/a><\/p>\n","protected":false},"excerpt":{"rendered":"<p>ULTIMA HORA\u00a0AMIGOS\u00a0DE LA METEO. \u00a0ALERTA AMARILLA POR LLUVIAS EN HUELVA, CADIZ, SEVILLA Y M\u00c1LAGA. \u00a0EN EL POST DE HOY YA OS LO COMENTABA,\u00a0HAB\u00cdA\u00a0PROBABILIDAD DE ENTRAR EN ALERTA AMARILLA. MA\u00d1ANA SOBRE LAS SIETE DE LA MA\u00d1ANA ACTUALIZARE EL BLOG. &nbsp; &nbsp; Buenos d\u00edas amigos de la meteo. Son las seis de la ma\u00f1ana, registro 12,8 grados [&hellip;]<\/p>\n","protected":false},"author":16,"featured_media":5359,"comment_status":"open","ping_status":"closed","sticky":false,"template":"","format":"standard","meta":[],"categories":[2],"tags":[13,63,91,358,809,903,1065],"_links":{"self":[{"href":"https:\/\/blogs.diariosur.es\/tormentas-y-rayos\/wp-json\/wp\/v2\/posts\/5353"}],"collection":[{"href":"https:\/\/blogs.diariosur.es\/tormentas-y-rayos\/wp-json\/wp\/v2\/posts"}],"about":[{"href":"https:\/\/blogs.diariosur.es\/tormentas-y-rayos\/wp-json\/wp\/v2\/types\/post"}],"author":[{"embeddable":true,"href":"https:\/\/blogs.diariosur.es\/tormentas-y-rayos\/wp-json\/wp\/v2\/users\/16"}],"replies":[{"embeddable":true,"href":"https:\/\/blogs.diariosur.es\/tormentas-y-rayos\/wp-json\/wp\/v2\/comments?post=5353"}],"version-history":[{"count":0,"href":"https:\/\/blogs.diariosur.es\/tormentas-y-rayos\/wp-json\/wp\/v2\/posts\/5353\/revisions"}],"wp:featuredmedia":[{"embeddable":true,"href":"https:\/\/blogs.diariosur.es\/tormentas-y-rayos\/wp-json\/wp\/v2\/media\/5359"}],"wp:attachment":[{"href":"https:\/\/blogs.diariosur.es\/tormentas-y-rayos\/wp-json\/wp\/v2\/media?parent=5353"}],"wp:term":[{"taxonomy":"category","embeddable":true,"href":"https:\/\/blogs.diariosur.es\/tormentas-y-rayos\/wp-json\/wp\/v2\/categories?post=5353"},{"taxonomy":"post_tag","embeddable":true,"href":"https:\/\/blogs.diariosur.es\/tormentas-y-rayos\/wp-json\/wp\/v2\/tags?post=5353"}],"curies":[{"name":"wp","href":"https:\/\/api.w.org\/{rel}","templated":true}]}}