{"id":5365,"date":"2013-03-23T06:54:47","date_gmt":"2013-03-23T05:54:47","guid":{"rendered":"http:\/\/blogs.diariosur.es\/tormentas-y-rayos\/?p=5365"},"modified":"2013-03-23T06:54:47","modified_gmt":"2013-03-23T05:54:47","slug":"el-tiempo-en-semana-santa-2013-prevision-traslado-del-cautivo-alerta-amarilla-por-lluvias-en-huelva-cadiz-sevilla-y-malaga","status":"publish","type":"post","link":"https:\/\/blogs.diariosur.es\/tormentas-y-rayos\/2013\/03\/23\/el-tiempo-en-semana-santa-2013-prevision-traslado-del-cautivo-alerta-amarilla-por-lluvias-en-huelva-cadiz-sevilla-y-malaga\/","title":{"rendered":"El tiempo en Semana Santa 2013. Previsi\u00f3n S\u00e1bado, traslado del Cautivo. Alerta amarilla por lluvias en Huelva, C\u00e1diz, Sevilla y M\u00e1laga."},"content":{"rendered":"<p>&nbsp;<\/p>\n<p><span style=\"color: #ff0000;\"><strong>ULTIMA HORA DIEZ DE LA NOCHE:<\/strong><\/span><\/p>\n<p><strong><span style=\"color: #0000ff;\">Buenas noches amigos de la meteo. Viendo el radar de lluvias y el satelite ahora mismo, parece que tendremos una tregua en los chubascos. Ma\u00f1ana os\u00a0dar\u00e9\u00a0sobre las siete o ocho de la ma\u00f1ana el pronostico del domingo de ramos. Con un poco de suerte\u00a0saldr\u00e1\u00a0la pollinica y lagrimas. Lo\u00a0\u00fanico\u00a0que me mosquea es el aire\u00a0fr\u00edo\u00a0en altura que tendremos ma\u00f1ana. Este aire\u00a0fr\u00edo\u00a0en altura, puede\u00a0desarrollar\u00a0las nubes. Ma\u00f1ana lo vemos.<\/span><\/strong><\/p>\n<p>&nbsp;<\/p>\n<p><strong>Buenos dias amigos de la meteo. Son las cinco y media de la ma\u00f1ana, los cielos est\u00e1n nubosos y registro 11,8 \u00a0grados.<\/strong><\/p>\n<p><strong>\u00a0Hoy tambi\u00e9n dar las gracias a Onda Cero por invitarme al programa Al Hombro. Pase un rato muy bueno.<\/strong><\/p>\n<p><a href=\"https:\/\/blogs.diariosur.es\/tormentas-y-rayos\/2013\/03\/23\/el-tiempo-en-semana-santa-2013-prevision-traslado-del-cautivo-alerta-amarilla-por-lluvias-en-huelva-cadiz-sevilla-y-malaga\/sabado-8\/\" rel=\"attachment wp-att-5371\"><img loading=\"lazy\" class=\"aligncenter size-full wp-image-5371\" title=\"SABADO\" src=\"\/tormentas-y-rayos\/wp-content\/uploads\/sites\/12\/2013\/03\/SABADO.jpg\" alt=\"\" width=\"450\" height=\"600\" srcset=\"https:\/\/static-blogs.diariosur.es\/wp-content\/uploads\/sites\/12\/2013\/03\/SABADO.jpg 450w, https:\/\/static-blogs.diariosur.es\/wp-content\/uploads\/sites\/12\/2013\/03\/SABADO-300x400.jpg 300w\" sizes=\"(max-width: 450px) 100vw, 450px\" \/><\/a><\/p>\n<p>&nbsp;<\/p>\n<p><span style=\"color: #0000ff;\"><strong>Se cumplieron los pron\u00f3sticos del Viernes de Dolores y la lluvia hizo acto de presencia a partir del mediod\u00eda. \u00a0A medida que avanzaba la tarde los cielos se fueron despejando y los traslados previstos se hicieron sin sobresaltos, menos mal jejeje. <\/strong><\/span><\/p>\n<p><span style=\"color: #ff0000;\"><strong>As\u00ed es amigos de la meteo, media Andaluc\u00eda entra en alerta amarilla por lluvias hoy S\u00e1bado de Pasi\u00f3n.<\/strong><\/span><\/p>\n<p><a href=\"https:\/\/blogs.diariosur.es\/tormentas-y-rayos\/2013\/03\/23\/el-tiempo-en-semana-santa-2013-prevision-traslado-del-cautivo-alerta-amarilla-por-lluvias-en-huelva-cadiz-sevilla-y-malaga\/amarilla-4\/\" rel=\"attachment wp-att-5367\"><img loading=\"lazy\" class=\"aligncenter size-full wp-image-5367\" title=\"amarilla\" src=\"\/tormentas-y-rayos\/wp-content\/uploads\/sites\/12\/2013\/03\/amarilla1.jpg\" alt=\"\" width=\"550\" height=\"382\" \/><\/a><\/p>\n<p>&nbsp;<\/p>\n<p><strong>\u00a0<strong><span style=\"color: #ff00ff;\">Ayer hable en la\u00a0radio\u00a0 con un hermano del Cautivo,\u00a0coment\u00e1ndole\u00a0que la lluvia\u00a0llegar\u00eda\u00a0al\u00a0<\/span><\/strong><strong><span><span style=\"color: #ff00ff;\">mediod\u00eda de hoy. \u00a0Y que el traslado se\u00a0podr\u00eda\u00a0hacer sin sobresaltos. Pero viendo las ultimas\u00a0im\u00e1genes\u00a0del\u00a0sat\u00e9lite y del radar de lluvias de M\u00e1laga, \u00a0creo que el frente se adelanta y podemos tener chubascos\u00a0espor\u00e1dicos\u00a0antes de lo previsto. El radar de lluvias en estos momentos es una herramienta primordial.<\/span><\/span><\/strong><\/strong><\/p>\n<p>&nbsp;<\/p>\n<p><strong>Os he guardado una imagen de ayer del satelite eumetsat, donde se ve\u00eda el frente que ser\u00e1 protagonista durante el dia hoy.\u00a0Tambi\u00e9n\u00a0pod\u00e9is\u00a0observar el que nos afecto ayer. \u00a0Y os pongo otra imagen de hace pocos minutos, donde se puede ver donde esta ahora cuando son las cinco de la ma\u00f1ana.\u00a0Fuente\u00a0meteogalicia<\/strong><\/p>\n<p><a href=\"https:\/\/blogs.diariosur.es\/tormentas-y-rayos\/2013\/03\/23\/el-tiempo-en-semana-santa-2013-prevision-traslado-del-cautivo-alerta-amarilla-por-lluvias-en-huelva-cadiz-sevilla-y-malaga\/frente-18\/\" rel=\"attachment wp-att-5366\"><img loading=\"lazy\" class=\"aligncenter size-medium wp-image-5366\" title=\"frente\" src=\"\/tormentas-y-rayos\/wp-content\/uploads\/sites\/12\/2013\/03\/frente.jpg\" alt=\"\" width=\"569\" height=\"400\" srcset=\"https:\/\/static-blogs.diariosur.es\/wp-content\/uploads\/sites\/12\/2013\/03\/frente.jpg 742w, https:\/\/static-blogs.diariosur.es\/wp-content\/uploads\/sites\/12\/2013\/03\/frente-570x400.jpg 570w\" sizes=\"(max-width: 569px) 100vw, 569px\" \/><\/a><\/p>\n<p>&nbsp;<\/p>\n<p>&nbsp;<\/p>\n<p>&nbsp;<\/p>\n<p><strong>\u00a0Imagen cinco de la ma\u00f1ana. Las nubes que en estos momentos hay en M\u00e1laga son nubes altas tipo cirros que no dejan\u00a0precipitaci\u00f3n. Pero poco a poco se est\u00e1n acercando nubes con mas desarrollo, que ya dejan precipitaci\u00f3n en las provincias mas occidentales andaluzas.<\/strong><\/p>\n<p><a href=\"https:\/\/blogs.diariosur.es\/tormentas-y-rayos\/2013\/03\/23\/el-tiempo-en-semana-santa-2013-prevision-traslado-del-cautivo-alerta-amarilla-por-lluvias-en-huelva-cadiz-sevilla-y-malaga\/sabd-madrug\/\" rel=\"attachment wp-att-5368\"><img loading=\"lazy\" class=\"aligncenter size-medium wp-image-5368\" title=\"sabd madrug\" src=\"\/tormentas-y-rayos\/wp-content\/uploads\/sites\/12\/2013\/03\/sabd-madrug.jpg\" alt=\"\" width=\"570\" height=\"400\" srcset=\"https:\/\/static-blogs.diariosur.es\/wp-content\/uploads\/sites\/12\/2013\/03\/sabd-madrug.jpg 751w, https:\/\/static-blogs.diariosur.es\/wp-content\/uploads\/sites\/12\/2013\/03\/sabd-madrug-570x400.jpg 570w\" sizes=\"(max-width: 570px) 100vw, 570px\" \/><\/a><\/p>\n<p><strong>Imagen de las siete menos veinte del radar de lluvias de M\u00e1laga. Ya se ven algunos chubascos cerca la provincia malague\u00f1a.\u00a0<\/strong><\/p>\n<p>&nbsp;<\/p>\n<p><a href=\"https:\/\/blogs.diariosur.es\/tormentas-y-rayos\/2013\/03\/23\/el-tiempo-en-semana-santa-2013-prevision-traslado-del-cautivo-alerta-amarilla-por-lluvias-en-huelva-cadiz-sevilla-y-malaga\/chubascos-4\/\" rel=\"attachment wp-att-5374\"><img loading=\"lazy\" class=\"aligncenter size-full wp-image-5374\" title=\"chubascos\" src=\"\/tormentas-y-rayos\/wp-content\/uploads\/sites\/12\/2013\/03\/chubascos.jpg\" alt=\"\" width=\"586\" height=\"603\" srcset=\"https:\/\/static-blogs.diariosur.es\/wp-content\/uploads\/sites\/12\/2013\/03\/chubascos.jpg 586w, https:\/\/static-blogs.diariosur.es\/wp-content\/uploads\/sites\/12\/2013\/03\/chubascos-389x400.jpg 389w\" sizes=\"(max-width: 586px) 100vw, 586px\" \/><\/a><\/p>\n<p>&nbsp;<\/p>\n<p><strong>Hay probabilidad de \u00a0chubascos \u00a0moderados y en ocasiones fuertes durante la tarde noche. Incluso podemos tener alguna tormenta en el litoral malague\u00f1o.\u00a0<\/strong><\/p>\n<p><strong>ASI QUE ESTE NAZARENO SERA EL PROTAGONISTA<\/strong><\/p>\n<p><a href=\"https:\/\/blogs.diariosur.es\/tormentas-y-rayos\/2013\/03\/23\/el-tiempo-en-semana-santa-2013-prevision-traslado-del-cautivo-alerta-amarilla-por-lluvias-en-huelva-cadiz-sevilla-y-malaga\/nazatristejl-2-7\/\" rel=\"attachment wp-att-5370\"><img loading=\"lazy\" class=\"aligncenter size-full wp-image-5370\" title=\"NazaTristeJL (2)\" src=\"\/tormentas-y-rayos\/wp-content\/uploads\/sites\/12\/2013\/03\/NazaTristeJL-24.jpg\" alt=\"\" width=\"400\" height=\"464\" srcset=\"https:\/\/static-blogs.diariosur.es\/wp-content\/uploads\/sites\/12\/2013\/03\/NazaTristeJL-24.jpg 400w, https:\/\/static-blogs.diariosur.es\/wp-content\/uploads\/sites\/12\/2013\/03\/NazaTristeJL-24-345x400.jpg 345w\" sizes=\"(max-width: 400px) 100vw, 400px\" \/><\/a><\/p>\n<p>&nbsp;<\/p>\n<p>&nbsp;<\/p>\n<p><a href=\"https:\/\/blogs.diariosur.es\/tormentas-y-rayos\/2013\/03\/23\/el-tiempo-en-semana-santa-2013-prevision-traslado-del-cautivo-alerta-amarilla-por-lluvias-en-huelva-cadiz-sevilla-y-malaga\/008_1\/\" rel=\"attachment wp-att-5372\"><img loading=\"lazy\" class=\"aligncenter size-full wp-image-5372\" title=\"008_1\" src=\"\/tormentas-y-rayos\/wp-content\/uploads\/sites\/12\/2013\/03\/008_11.jpg\" alt=\"\" width=\"670\" height=\"502\" srcset=\"https:\/\/static-blogs.diariosur.es\/wp-content\/uploads\/sites\/12\/2013\/03\/008_11.jpg 670w, https:\/\/static-blogs.diariosur.es\/wp-content\/uploads\/sites\/12\/2013\/03\/008_11-534x400.jpg 534w\" sizes=\"(max-width: 670px) 100vw, 670px\" \/><\/a><\/p>\n<p>&nbsp;<\/p>\n<p><a href=\"https:\/\/blogs.diariosur.es\/tormentas-y-rayos\/2013\/03\/23\/el-tiempo-en-semana-santa-2013-prevision-traslado-del-cautivo-alerta-amarilla-por-lluvias-en-huelva-cadiz-sevilla-y-malaga\/olympus-digital-camera-1053\/\" rel=\"attachment wp-att-5373\"><img loading=\"lazy\" class=\"aligncenter size-full wp-image-5373\" title=\"OLYMPUS DIGITAL CAMERA\" src=\"\/tormentas-y-rayos\/wp-content\/uploads\/sites\/12\/2013\/03\/4476343539_cb9eed1f98_o.jpg\" alt=\"\" width=\"400\" height=\"533\" srcset=\"https:\/\/static-blogs.diariosur.es\/wp-content\/uploads\/sites\/12\/2013\/03\/4476343539_cb9eed1f98_o.jpg 400w, https:\/\/static-blogs.diariosur.es\/wp-content\/uploads\/sites\/12\/2013\/03\/4476343539_cb9eed1f98_o-300x400.jpg 300w\" sizes=\"(max-width: 400px) 100vw, 400px\" \/><\/a><\/p>\n<p><strong>Para ma\u00f1ana domingo espero que durante la madrugada pase tanto el frente de hoy, como algunas lineas de inestabilidad. Con un poco de suerte\u00a0podr\u00e1\u00a0salir la Pollinica y Lagrimas.<\/strong><\/p>\n<p><strong> Nos vemos ma\u00f1ana amigos.<\/strong><\/p>\n<p>&nbsp;<\/p>\n","protected":false},"excerpt":{"rendered":"<p>&nbsp; ULTIMA HORA DIEZ DE LA NOCHE: Buenas noches amigos de la meteo. Viendo el radar de lluvias y el satelite ahora mismo, parece que tendremos una tregua en los chubascos. Ma\u00f1ana os\u00a0dar\u00e9\u00a0sobre las siete o ocho de la ma\u00f1ana el pronostico del domingo de ramos. Con un poco de suerte\u00a0saldr\u00e1\u00a0la pollinica y lagrimas. Lo\u00a0\u00fanico\u00a0que [&hellip;]<\/p>\n","protected":false},"author":16,"featured_media":5370,"comment_status":"open","ping_status":"closed","sticky":false,"template":"","format":"standard","meta":[],"categories":[2],"tags":[13,63,91,237,358,569,809,903,1016],"_links":{"self":[{"href":"https:\/\/blogs.diariosur.es\/tormentas-y-rayos\/wp-json\/wp\/v2\/posts\/5365"}],"collection":[{"href":"https:\/\/blogs.diariosur.es\/tormentas-y-rayos\/wp-json\/wp\/v2\/posts"}],"about":[{"href":"https:\/\/blogs.diariosur.es\/tormentas-y-rayos\/wp-json\/wp\/v2\/types\/post"}],"author":[{"embeddable":true,"href":"https:\/\/blogs.diariosur.es\/tormentas-y-rayos\/wp-json\/wp\/v2\/users\/16"}],"replies":[{"embeddable":true,"href":"https:\/\/blogs.diariosur.es\/tormentas-y-rayos\/wp-json\/wp\/v2\/comments?post=5365"}],"version-history":[{"count":0,"href":"https:\/\/blogs.diariosur.es\/tormentas-y-rayos\/wp-json\/wp\/v2\/posts\/5365\/revisions"}],"wp:featuredmedia":[{"embeddable":true,"href":"https:\/\/blogs.diariosur.es\/tormentas-y-rayos\/wp-json\/wp\/v2\/media\/5370"}],"wp:attachment":[{"href":"https:\/\/blogs.diariosur.es\/tormentas-y-rayos\/wp-json\/wp\/v2\/media?parent=5365"}],"wp:term":[{"taxonomy":"category","embeddable":true,"href":"https:\/\/blogs.diariosur.es\/tormentas-y-rayos\/wp-json\/wp\/v2\/categories?post=5365"},{"taxonomy":"post_tag","embeddable":true,"href":"https:\/\/blogs.diariosur.es\/tormentas-y-rayos\/wp-json\/wp\/v2\/tags?post=5365"}],"curies":[{"name":"wp","href":"https:\/\/api.w.org\/{rel}","templated":true}]}}