{"id":5376,"date":"2013-03-24T07:31:00","date_gmt":"2013-03-24T06:31:00","guid":{"rendered":"http:\/\/blogs.diariosur.es\/tormentas-y-rayos\/?p=5376"},"modified":"2013-03-24T07:31:00","modified_gmt":"2013-03-24T06:31:00","slug":"el-tiempo-en-semana-santa-2013-prevision-domingo-de-ramos-el-terral-de-primavera-factor-importante-para-que-no-llueva","status":"publish","type":"post","link":"https:\/\/blogs.diariosur.es\/tormentas-y-rayos\/2013\/03\/24\/el-tiempo-en-semana-santa-2013-prevision-domingo-de-ramos-el-terral-de-primavera-factor-importante-para-que-no-llueva\/","title":{"rendered":"El tiempo en Semana Santa 2013. Previsi\u00f3n Domingo de Ramos. El terral de primavera factor importante para que no llueva en M\u00e1laga Capital."},"content":{"rendered":"<p><strong>Buenos dias amigos de la meteo. Son las cinco y media de la ma\u00f1ana, registro 11 grados y los cielos est\u00e1n muy \u00a0nubosos.\u00a0<\/strong><\/p>\n<p><strong>Se cumplieron los pron\u00f3sticos y la lluvia fue la protagonista el S\u00e1bado de Pasi\u00f3n. Desde la una de la tarde hasta las nueve de la noche se prodigaron los chubascos, que incluso iban acompa\u00f1ados de tormentas. Os paso una foto de la Virgen de los Desamparados de mi barrio que no pudo salir.<\/strong><\/p>\n<p>&nbsp;<\/p>\n<p><a href=\"https:\/\/blogs.diariosur.es\/tormentas-y-rayos\/2013\/03\/24\/el-tiempo-en-semana-santa-2013-prevision-domingo-de-ramos-el-terral-de-primavera-factor-importante-para-que-no-llueva\/olympus-digital-camera-1054\/\" rel=\"attachment wp-att-5380\"><img loading=\"lazy\" class=\"aligncenter size-full wp-image-5380\" title=\"OLYMPUS DIGITAL CAMERA\" src=\"\/tormentas-y-rayos\/wp-content\/uploads\/sites\/12\/2013\/03\/0051.jpg\" alt=\"\" width=\"400\" height=\"533\" srcset=\"https:\/\/static-blogs.diariosur.es\/wp-content\/uploads\/sites\/12\/2013\/03\/0051.jpg 400w, https:\/\/static-blogs.diariosur.es\/wp-content\/uploads\/sites\/12\/2013\/03\/0051-300x400.jpg 300w\" sizes=\"(max-width: 400px) 100vw, 400px\" \/><\/a><\/p>\n<p>&nbsp;<\/p>\n<p>&nbsp;<\/p>\n<p><strong>Mi amigo y aficionado a la meteorologia\u00a0<a id=\"js_44\" href=\"https:\/\/www.facebook.com\/rafael.thorstein\" data-hovercard=\"\/ajax\/hovercard\/user.php?id=1648685176\" rel=\"external nofollow\">Rafael Thorstein<\/a>\u00a0, quiere compartir este fot\u00f3n. Es de ayer en Cadiz, donde la lluvia\u00a0tambi\u00e9n\u00a0fue la protagonista.<\/strong><\/p>\n<p><a href=\"https:\/\/blogs.diariosur.es\/tormentas-y-rayos\/2013\/03\/24\/el-tiempo-en-semana-santa-2013-prevision-domingo-de-ramos-el-terral-de-primavera-factor-importante-para-que-no-llueva\/901888_10200205176485966_1415817363_o\/\" rel=\"attachment wp-att-5384\"><img loading=\"lazy\" class=\"aligncenter size-full wp-image-5384\" title=\"901888_10200205176485966_1415817363_o\" src=\"\/tormentas-y-rayos\/wp-content\/uploads\/sites\/12\/2013\/03\/901888_10200205176485966_1415817363_o.jpg\" alt=\"\" width=\"670\" height=\"327\" srcset=\"https:\/\/static-blogs.diariosur.es\/wp-content\/uploads\/sites\/12\/2013\/03\/901888_10200205176485966_1415817363_o.jpg 670w, https:\/\/static-blogs.diariosur.es\/wp-content\/uploads\/sites\/12\/2013\/03\/901888_10200205176485966_1415817363_o-640x312.jpg 640w\" sizes=\"(max-width: 670px) 100vw, 670px\" \/><\/a><\/p>\n<p><strong><span style=\"color: #ff0000;\">Pero vamos a lo que vamos, y hablemos de la previsi\u00f3n del Domingo de Ramos. Que\u00a0seg\u00fan\u00a0la\u00a0mayor\u00eda\u00a0de los modelos dan una ma\u00f1ana con chubascos hasta el\u00a0mediod\u00eda, siendo mas probables en el interior.\u00a0<\/span><\/strong><\/p>\n<p><a href=\"https:\/\/blogs.diariosur.es\/tormentas-y-rayos\/2013\/03\/24\/el-tiempo-en-semana-santa-2013-prevision-domingo-de-ramos-el-terral-de-primavera-factor-importante-para-que-no-llueva\/nazaseriojl-19\/\" rel=\"attachment wp-att-5378\"><img loading=\"lazy\" class=\"aligncenter size-full wp-image-5378\" title=\"NazaSerioJL\" src=\"\/tormentas-y-rayos\/wp-content\/uploads\/sites\/12\/2013\/03\/NazaSerioJL2.jpg\" alt=\"\" width=\"400\" height=\"465\" srcset=\"https:\/\/static-blogs.diariosur.es\/wp-content\/uploads\/sites\/12\/2013\/03\/NazaSerioJL2.jpg 400w, https:\/\/static-blogs.diariosur.es\/wp-content\/uploads\/sites\/12\/2013\/03\/NazaSerioJL2-344x400.jpg 344w\" sizes=\"(max-width: 400px) 100vw, 400px\" \/><\/a><\/p>\n<p><strong>En estos momentos hay peque\u00f1as l\u00edneas de inestabilidad, que dejan chubascos espor\u00e1dicos en la provincia malague\u00f1a y de corta duraci\u00f3n. Os paso el radar que hoy es primordial fuente aemet.<\/strong><\/p>\n<p><a href=\"https:\/\/blogs.diariosur.es\/tormentas-y-rayos\/2013\/03\/24\/el-tiempo-en-semana-santa-2013-prevision-domingo-de-ramos-el-terral-de-primavera-factor-importante-para-que-no-llueva\/radar-25\/\" rel=\"attachment wp-att-5377\"><img loading=\"lazy\" class=\"aligncenter size-full wp-image-5377\" title=\"radar\" src=\"\/tormentas-y-rayos\/wp-content\/uploads\/sites\/12\/2013\/03\/radar4.jpg\" alt=\"\" width=\"556\" height=\"565\" srcset=\"https:\/\/static-blogs.diariosur.es\/wp-content\/uploads\/sites\/12\/2013\/03\/radar4.jpg 556w, https:\/\/static-blogs.diariosur.es\/wp-content\/uploads\/sites\/12\/2013\/03\/radar4-394x400.jpg 394w\" sizes=\"(max-width: 556px) 100vw, 556px\" \/><\/a><\/p>\n<p>&nbsp;<\/p>\n<p><strong>Esos chubascos nos acompa\u00f1aran en nuestra provincia durante las primeras horas de la ma\u00f1ana. Con un poco de suerte a las diez de la ma\u00f1ana que sale la Pollinica , estos chubascos pienso que habr\u00e1n pasado, o cuando lleguen a la capital se deshagan y si caen seran muy debiles \u00a0<span style=\"color: #ff0000;\">pero esto es una apreciaci\u00f3n mia muy particular, ya que hay modelos que dan lluvia hasta la una de la tarde, ya\u00a0sab\u00e9is\u00a0que yo soy solo un aficionado a la meteorolog\u00eda. Al estar soplando terral de primavera, las nubes vienen casi del noroeste, al cruzar las monta\u00f1as que rodean M\u00e1laga se desgastan por el efecto foehn. Si acaso unas gotas mal contadas en el trascurso de la ma\u00f1ana. El dia pasado hablando en onda cero con un hermano mayor, me comentaba que el a\u00f1o pasado llovia en Almogia y en cambio en M\u00e1laga no\u00a0ca\u00eda\u00a0ni una gota, le explique el motivo por el cual se daba esto.\u00a0<\/span><\/strong><\/p>\n<p><strong> Por eso os recomiendo mirar el radar de M\u00e1laga y llamar a la Aemet. Ahora mismo cuando son las seis y diez\u00a0 de la ma\u00f1ana \u00a0<\/strong><\/p>\n<p><strong>caen gotillas en la Capital Malague\u00f1a.<\/strong><\/p>\n<p><strong>\u00a0A primeras horas de la tarde y seg\u00fan los modelos baja mucho la probabilidad de lluvias, con un poco de suerte el Domingo de Ramos se puede salvar. Pero el viento de terral de primavera tomara protagonismo y la\u00a0candelaria\u00a0de los tronos costara mantenerla encendida.<\/strong><\/p>\n<p><a href=\"https:\/\/blogs.diariosur.es\/tormentas-y-rayos\/2013\/03\/24\/el-tiempo-en-semana-santa-2013-prevision-domingo-de-ramos-el-terral-de-primavera-factor-importante-para-que-no-llueva\/nazafelizjl-2-9\/\" rel=\"attachment wp-att-5379\"><img loading=\"lazy\" class=\"aligncenter size-full wp-image-5379\" title=\"NazaFelizJL (2)\" src=\"\/tormentas-y-rayos\/wp-content\/uploads\/sites\/12\/2013\/03\/NazaFelizJL-26.jpg\" alt=\"\" width=\"400\" height=\"459\" srcset=\"https:\/\/static-blogs.diariosur.es\/wp-content\/uploads\/sites\/12\/2013\/03\/NazaFelizJL-26.jpg 400w, https:\/\/static-blogs.diariosur.es\/wp-content\/uploads\/sites\/12\/2013\/03\/NazaFelizJL-26-349x400.jpg 349w\" sizes=\"(max-width: 400px) 100vw, 400px\" \/><\/a><\/p>\n<p>&nbsp;<\/p>\n<p><strong>\u00a0Os dejo amigos, ojala los chubascos se desgasten al llegar a M\u00e1laga. Ma\u00f1ana a primera hora o cuando llegue del curro veremos la previsi\u00f3n del Lunes Santo. Lo unico que os puedo comentar es que <span style=\"color: #ff0000;\">el rosario<\/span> de borrascas\u00a0seguir\u00e1n\u00a0pasando.<\/strong><\/p>\n<p><a href=\"https:\/\/blogs.diariosur.es\/tormentas-y-rayos\/2013\/03\/24\/el-tiempo-en-semana-santa-2013-prevision-domingo-de-ramos-el-terral-de-primavera-factor-importante-para-que-no-llueva\/olympus-digital-camera-1056\/\" rel=\"attachment wp-att-5382\"><img loading=\"lazy\" class=\"aligncenter size-full wp-image-5382\" title=\"OLYMPUS DIGITAL CAMERA\" src=\"\/tormentas-y-rayos\/wp-content\/uploads\/sites\/12\/2013\/03\/4485753361_a0a9617dd3_z1.jpg\" alt=\"\" width=\"479\" height=\"640\" srcset=\"https:\/\/static-blogs.diariosur.es\/wp-content\/uploads\/sites\/12\/2013\/03\/4485753361_a0a9617dd3_z1.jpg 479w, https:\/\/static-blogs.diariosur.es\/wp-content\/uploads\/sites\/12\/2013\/03\/4485753361_a0a9617dd3_z1-299x400.jpg 299w\" sizes=\"(max-width: 479px) 100vw, 479px\" \/><\/a><\/p>\n","protected":false},"excerpt":{"rendered":"<p>Buenos dias amigos de la meteo. Son las cinco y media de la ma\u00f1ana, registro 11 grados y los cielos est\u00e1n muy \u00a0nubosos.\u00a0 Se cumplieron los pron\u00f3sticos y la lluvia fue la protagonista el S\u00e1bado de Pasi\u00f3n. Desde la una de la tarde hasta las nueve de la noche se prodigaron los chubascos, que incluso [&hellip;]<\/p>\n","protected":false},"author":16,"featured_media":5378,"comment_status":"open","ping_status":"closed","sticky":false,"template":"","format":"standard","meta":[],"categories":[2],"tags":[13,358,809,888,902],"_links":{"self":[{"href":"https:\/\/blogs.diariosur.es\/tormentas-y-rayos\/wp-json\/wp\/v2\/posts\/5376"}],"collection":[{"href":"https:\/\/blogs.diariosur.es\/tormentas-y-rayos\/wp-json\/wp\/v2\/posts"}],"about":[{"href":"https:\/\/blogs.diariosur.es\/tormentas-y-rayos\/wp-json\/wp\/v2\/types\/post"}],"author":[{"embeddable":true,"href":"https:\/\/blogs.diariosur.es\/tormentas-y-rayos\/wp-json\/wp\/v2\/users\/16"}],"replies":[{"embeddable":true,"href":"https:\/\/blogs.diariosur.es\/tormentas-y-rayos\/wp-json\/wp\/v2\/comments?post=5376"}],"version-history":[{"count":0,"href":"https:\/\/blogs.diariosur.es\/tormentas-y-rayos\/wp-json\/wp\/v2\/posts\/5376\/revisions"}],"wp:featuredmedia":[{"embeddable":true,"href":"https:\/\/blogs.diariosur.es\/tormentas-y-rayos\/wp-json\/wp\/v2\/media\/5378"}],"wp:attachment":[{"href":"https:\/\/blogs.diariosur.es\/tormentas-y-rayos\/wp-json\/wp\/v2\/media?parent=5376"}],"wp:term":[{"taxonomy":"category","embeddable":true,"href":"https:\/\/blogs.diariosur.es\/tormentas-y-rayos\/wp-json\/wp\/v2\/categories?post=5376"},{"taxonomy":"post_tag","embeddable":true,"href":"https:\/\/blogs.diariosur.es\/tormentas-y-rayos\/wp-json\/wp\/v2\/tags?post=5376"}],"curies":[{"name":"wp","href":"https:\/\/api.w.org\/{rel}","templated":true}]}}