{"id":5394,"date":"2013-03-25T06:53:33","date_gmt":"2013-03-25T05:53:33","guid":{"rendered":"http:\/\/blogs.diariosur.es\/tormentas-y-rayos\/?p=5394"},"modified":"2013-03-25T06:53:33","modified_gmt":"2013-03-25T05:53:33","slug":"el-tiempo-en-semana-santa-ayer-tarde-noche-de-domingo-de-ramos-nos-salvamos-de-la-lluvia-por-puro-milagro-prevision-lunes-santo","status":"publish","type":"post","link":"https:\/\/blogs.diariosur.es\/tormentas-y-rayos\/2013\/03\/25\/el-tiempo-en-semana-santa-ayer-tarde-noche-de-domingo-de-ramos-nos-salvamos-de-la-lluvia-por-puro-milagro-prevision-lunes-santo\/","title":{"rendered":"El tiempo en Semana Santa. Ayer tarde noche de Domingo de Ramos nos salvamos de la lluvia por puro milagro. Previsi\u00f3n Lunes Santo."},"content":{"rendered":"<p>&nbsp;<\/p>\n<p><strong><span style=\"color: #ff0000;\">ACTUALIZACI\u00d3N ULTIMA HORA: Buenas tardes amigos de la meteo, en estos momentos cuando son lascuatro de la tarde y aunque\u00a0ve\u00e1is\u00a0el cielo tan encapotado, no se registran precipitaciones en la provincia malague\u00f1a. Un abrazo<\/span><\/strong><\/p>\n<p>&nbsp;<\/p>\n<p><strong>Buenos d\u00edas amigos de la meteo. Son las seis de la ma\u00f1ana, registro 12 grados y los cielos est\u00e1n despejados, pero a partir del\u00a0mediod\u00eda\u00a0llegaran las primeras nubes.\u00a0<\/strong><\/p>\n<p><strong>Antes de daros una previsi\u00f3n para hoy Lunes Santo, me vais a \u00a0permit\u00ed que os ponga unas cuantas fotos que hice ayer por la tarde noche del Domingo de Ramos y contaros lo cerca que estuvimos de que lloviera bastante. Los que estuvierais atentos al radar, estar\u00edas sufriendo como yo. Cada dia me sorprende mas la\u00a0meteorolog\u00eda.<\/strong><\/p>\n<p><strong> Sobre las seis de la tarde los chubascos pasaron cerca de la capital, tanto por el este como por el oeste. En la zona comprendida entre Estepona y San \u00a0Pedro tuvieron lluvias, asi como entre Torre del Mar y el Rinc\u00f3n.<\/strong><\/p>\n<p><a href=\"https:\/\/blogs.diariosur.es\/tormentas-y-rayos\/2013\/03\/25\/el-tiempo-en-semana-santa-ayer-tarde-noche-de-domingo-de-ramos-nos-salvamos-de-la-lluvia-por-puro-milagro-prevision-lunes-santo\/chubasco-seis-de-la-tarde\/\" rel=\"attachment wp-att-5395\"><img loading=\"lazy\" class=\"aligncenter size-full wp-image-5395\" title=\"chubasco seis de la tarde\" src=\"\/tormentas-y-rayos\/wp-content\/uploads\/sites\/12\/2013\/03\/chubasco-seis-de-la-tarde.jpg\" alt=\"\" width=\"680\" height=\"583\" srcset=\"https:\/\/static-blogs.diariosur.es\/wp-content\/uploads\/sites\/12\/2013\/03\/chubasco-seis-de-la-tarde.jpg 680w, https:\/\/static-blogs.diariosur.es\/wp-content\/uploads\/sites\/12\/2013\/03\/chubasco-seis-de-la-tarde-467x400.jpg 467w\" sizes=\"(max-width: 680px) 100vw, 680px\" \/><\/a><\/p>\n<p><strong>Pero cuando mas me asuste fue a las nueve de la noche, de pronto se regeneraron unas nubes cerca del Valle Del Guadalhorce, que trajeron un leves chubascos a la capital. Pero en apenas unos\u00a0kil\u00f3metros\u00a0la lluvia era moderada como me comento un amigo de Coin.<\/strong><\/p>\n<p><a href=\"https:\/\/blogs.diariosur.es\/tormentas-y-rayos\/2013\/03\/25\/el-tiempo-en-semana-santa-ayer-tarde-noche-de-domingo-de-ramos-nos-salvamos-de-la-lluvia-por-puro-milagro-prevision-lunes-santo\/radar-nueve\/\" rel=\"attachment wp-att-5396\"><img loading=\"lazy\" class=\"aligncenter size-full wp-image-5396\" title=\"radar nueve\" src=\"\/tormentas-y-rayos\/wp-content\/uploads\/sites\/12\/2013\/03\/radar-nueve.jpg\" alt=\"\" width=\"680\" height=\"603\" srcset=\"https:\/\/static-blogs.diariosur.es\/wp-content\/uploads\/sites\/12\/2013\/03\/radar-nueve.jpg 680w, https:\/\/static-blogs.diariosur.es\/wp-content\/uploads\/sites\/12\/2013\/03\/radar-nueve-451x400.jpg 451w\" sizes=\"(max-width: 680px) 100vw, 680px\" \/><\/a><\/p>\n<p>&nbsp;<\/p>\n<p><strong>Pero el colmo fue cuando ese chubasco al acercarse a la Capital se quedo\u00a0est\u00e1tico\u00a0, la lluvia a las diezde la noche era la protagonista desde Torremolinos hasta casi Marbella. Un compa\u00f1ero \u00a0que vive cerca del Tivoli \u00a0me llamaba por tel\u00e9fono \u00a0para\u00a0coment\u00e1rme el chaparr\u00f3n tan fuerte que le\u00a0ca\u00eda. No lo entiendo como se quedo\u00a0est\u00e1tico. No soplaba levante, ni sureste, que es cuando suele pasar esto. Otro dato a destacar fue la nevada que cuajo a 1750 metros en la Sierra de las Nieves.<\/strong><\/p>\n<p><a href=\"https:\/\/blogs.diariosur.es\/tormentas-y-rayos\/2013\/03\/25\/el-tiempo-en-semana-santa-ayer-tarde-noche-de-domingo-de-ramos-nos-salvamos-de-la-lluvia-por-puro-milagro-prevision-lunes-santo\/diez-de-la-noche\/\" rel=\"attachment wp-att-5404\"><img loading=\"lazy\" class=\"aligncenter size-full wp-image-5404\" title=\"diez de la noche\" src=\"\/tormentas-y-rayos\/wp-content\/uploads\/sites\/12\/2013\/03\/diez-de-la-noche.jpg\" alt=\"\" width=\"680\" height=\"582\" srcset=\"https:\/\/static-blogs.diariosur.es\/wp-content\/uploads\/sites\/12\/2013\/03\/diez-de-la-noche.jpg 680w, https:\/\/static-blogs.diariosur.es\/wp-content\/uploads\/sites\/12\/2013\/03\/diez-de-la-noche-467x400.jpg 467w\" sizes=\"(max-width: 680px) 100vw, 680px\" \/><\/a><\/p>\n<p><strong>Todo esto que os pongo es para que\u00a0ve\u00e1is\u00a0como es la meteo, y como cambia en apenas una hora. Menos mal que no llego a entra de lleno en la capital, porque hubiera llovido mas que cuando cayo el chubasco de por la ma\u00f1ana..<\/strong><\/p>\n<p><strong>Os paso unas fotos de ayer por la tarde, es mi regalo para todos los que me\u00a0segu\u00eds.<\/strong><\/p>\n<p><a href=\"https:\/\/blogs.diariosur.es\/tormentas-y-rayos\/2013\/03\/25\/el-tiempo-en-semana-santa-ayer-tarde-noche-de-domingo-de-ramos-nos-salvamos-de-la-lluvia-por-puro-milagro-prevision-lunes-santo\/olympus-digital-camera-1134\/\" rel=\"attachment wp-att-5397\"><img loading=\"lazy\" class=\"aligncenter size-full wp-image-5397\" title=\"OLYMPUS DIGITAL CAMERA\" src=\"\/tormentas-y-rayos\/wp-content\/uploads\/sites\/12\/2013\/03\/067.jpg\" alt=\"\" width=\"400\" height=\"534\" srcset=\"https:\/\/static-blogs.diariosur.es\/wp-content\/uploads\/sites\/12\/2013\/03\/067.jpg 400w, https:\/\/static-blogs.diariosur.es\/wp-content\/uploads\/sites\/12\/2013\/03\/067-300x400.jpg 300w\" sizes=\"(max-width: 400px) 100vw, 400px\" \/><\/a><\/p>\n<p><a href=\"https:\/\/blogs.diariosur.es\/tormentas-y-rayos\/2013\/03\/25\/el-tiempo-en-semana-santa-ayer-tarde-noche-de-domingo-de-ramos-nos-salvamos-de-la-lluvia-por-puro-milagro-prevision-lunes-santo\/olympus-digital-camera-1216\/\" rel=\"attachment wp-att-5398\"><img loading=\"lazy\" class=\"aligncenter size-full wp-image-5398\" title=\"OLYMPUS DIGITAL CAMERA\" src=\"\/tormentas-y-rayos\/wp-content\/uploads\/sites\/12\/2013\/03\/093.jpg\" alt=\"\" width=\"400\" height=\"534\" srcset=\"https:\/\/static-blogs.diariosur.es\/wp-content\/uploads\/sites\/12\/2013\/03\/093.jpg 400w, https:\/\/static-blogs.diariosur.es\/wp-content\/uploads\/sites\/12\/2013\/03\/093-300x400.jpg 300w\" sizes=\"(max-width: 400px) 100vw, 400px\" \/><\/a><\/p>\n<p><a href=\"https:\/\/blogs.diariosur.es\/tormentas-y-rayos\/2013\/03\/25\/el-tiempo-en-semana-santa-ayer-tarde-noche-de-domingo-de-ramos-nos-salvamos-de-la-lluvia-por-puro-milagro-prevision-lunes-santo\/olympus-digital-camera-1217\/\" rel=\"attachment wp-att-5399\"><img loading=\"lazy\" class=\"aligncenter size-full wp-image-5399\" title=\"OLYMPUS DIGITAL CAMERA\" src=\"\/tormentas-y-rayos\/wp-content\/uploads\/sites\/12\/2013\/03\/111.jpg\" alt=\"\" width=\"400\" height=\"533\" srcset=\"https:\/\/static-blogs.diariosur.es\/wp-content\/uploads\/sites\/12\/2013\/03\/111.jpg 400w, https:\/\/static-blogs.diariosur.es\/wp-content\/uploads\/sites\/12\/2013\/03\/111-300x400.jpg 300w\" sizes=\"(max-width: 400px) 100vw, 400px\" \/><\/a><\/p>\n<p><a href=\"https:\/\/blogs.diariosur.es\/tormentas-y-rayos\/2013\/03\/25\/el-tiempo-en-semana-santa-ayer-tarde-noche-de-domingo-de-ramos-nos-salvamos-de-la-lluvia-por-puro-milagro-prevision-lunes-santo\/olympus-digital-camera-1218\/\" rel=\"attachment wp-att-5400\"><img loading=\"lazy\" class=\"aligncenter size-full wp-image-5400\" title=\"OLYMPUS DIGITAL CAMERA\" src=\"\/tormentas-y-rayos\/wp-content\/uploads\/sites\/12\/2013\/03\/108.jpg\" alt=\"\" width=\"500\" height=\"667\" \/><\/a><\/p>\n<p>&nbsp;<\/p>\n<p><strong>Bueno amigos vamos al grano y os doy la previsi\u00f3n para hoy Lunes Santo.<\/strong><\/p>\n<p><strong>El anticicl\u00f3n de las Azores sigue muy debilitado, y el rosario borrascas siguen pasando cerca del noroeste de la\u00a0pen\u00ednsula.\u00a0 Incluso para la semana que viene si se cumple este modelo llegar\u00edan mas lluvias. \u00a0Estas borrascas traen masas nubosas muy\u00a0h\u00famedas, para que me\u00a0entend\u00e1is! de una nube\u00a0peque\u00f1a\u00a0ya caen gotas.\u00a0\u00a0<\/strong><\/p>\n<p><strong> Os paso un panel del modelo gfs. Y el mapa previsto por el hirlam en superficie para hoy fuente aemet.<\/strong><\/p>\n<p><a href=\"https:\/\/blogs.diariosur.es\/tormentas-y-rayos\/2013\/03\/25\/el-tiempo-en-semana-santa-ayer-tarde-noche-de-domingo-de-ramos-nos-salvamos-de-la-lluvia-por-puro-milagro-prevision-lunes-santo\/rosario\/\" rel=\"attachment wp-att-5401\"><img loading=\"lazy\" class=\"aligncenter size-full wp-image-5401\" title=\"rosario\" src=\"\/tormentas-y-rayos\/wp-content\/uploads\/sites\/12\/2013\/03\/rosario.jpg\" alt=\"\" width=\"690\" height=\"540\" srcset=\"https:\/\/static-blogs.diariosur.es\/wp-content\/uploads\/sites\/12\/2013\/03\/rosario.jpg 690w, https:\/\/static-blogs.diariosur.es\/wp-content\/uploads\/sites\/12\/2013\/03\/rosario-511x400.jpg 511w\" sizes=\"(max-width: 690px) 100vw, 690px\" \/><\/a><\/p>\n<p><strong>\u00a0Si os\u00a0fij\u00e1is\u00a0en este mapa de las 13:00 horas seguimos dentro de la influencia de la borrasca.<\/strong><\/p>\n<p>&nbsp;<\/p>\n<p>&nbsp;<\/p>\n<p><a href=\"https:\/\/blogs.diariosur.es\/tormentas-y-rayos\/2013\/03\/25\/el-tiempo-en-semana-santa-ayer-tarde-noche-de-domingo-de-ramos-nos-salvamos-de-la-lluvia-por-puro-milagro-prevision-lunes-santo\/superficie-2\/\" rel=\"attachment wp-att-5406\"><img loading=\"lazy\" class=\"aligncenter size-medium wp-image-5406\" title=\"superficie\" src=\"\/tormentas-y-rayos\/wp-content\/uploads\/sites\/12\/2013\/03\/superficie1.jpg\" alt=\"\" width=\"600\" height=\"394\" srcset=\"https:\/\/static-blogs.diariosur.es\/wp-content\/uploads\/sites\/12\/2013\/03\/superficie1.jpg 752w, https:\/\/static-blogs.diariosur.es\/wp-content\/uploads\/sites\/12\/2013\/03\/superficie1-608x400.jpg 608w\" sizes=\"(max-width: 600px) 100vw, 600px\" \/><\/a><\/p>\n<p>&nbsp;<\/p>\n<p>&nbsp;<\/p>\n<p><strong>Pero\u00a0tambi\u00e9n\u00a0se puede observar en la imagen de arriba, como entra una peque\u00f1a cu\u00f1a anticiclonica desde Canarias hasta el Golfo de C\u00e1diz. Esta peque\u00f1a cu\u00f1a anticiclonica puede ayudar a que los chubascos no sean tan importantes en nuestra provincia y se den menos. Fijaros en el\u00a0gr\u00e1fico\u00a0de presi\u00f3n que os pongo.<\/strong><\/p>\n<p><strong> Pero no hacerse ilusiones porque a partir del martes por la tarde de nuevo bajara la presi\u00f3n. No os pongo el mapa porque asusta.<\/strong><\/p>\n<p><a href=\"https:\/\/blogs.diariosur.es\/tormentas-y-rayos\/2013\/03\/25\/el-tiempo-en-semana-santa-ayer-tarde-noche-de-domingo-de-ramos-nos-salvamos-de-la-lluvia-por-puro-milagro-prevision-lunes-santo\/barometro-2\/\" rel=\"attachment wp-att-5408\"><img loading=\"lazy\" class=\"aligncenter size-medium wp-image-5408\" title=\"barometro\" src=\"\/tormentas-y-rayos\/wp-content\/uploads\/sites\/12\/2013\/03\/barometro.jpg\" alt=\"\" width=\"600\" height=\"253\" srcset=\"https:\/\/static-blogs.diariosur.es\/wp-content\/uploads\/sites\/12\/2013\/03\/barometro.jpg 740w, https:\/\/static-blogs.diariosur.es\/wp-content\/uploads\/sites\/12\/2013\/03\/barometro-640x271.jpg 640w\" sizes=\"(max-width: 600px) 100vw, 600px\" \/><\/a><\/p>\n<p><strong>En esta otra imagen del satelite eumetsat, se ve claramente las nubes que llegan a la pen\u00ednsula.<\/strong><\/p>\n<p>&nbsp;<\/p>\n<p><a href=\"https:\/\/blogs.diariosur.es\/tormentas-y-rayos\/2013\/03\/25\/el-tiempo-en-semana-santa-ayer-tarde-noche-de-domingo-de-ramos-nos-salvamos-de-la-lluvia-por-puro-milagro-prevision-lunes-santo\/lunes-santo-3\/\" rel=\"attachment wp-att-5407\"><img loading=\"lazy\" class=\"aligncenter size-medium wp-image-5407\" title=\"lunes santo\" src=\"\/tormentas-y-rayos\/wp-content\/uploads\/sites\/12\/2013\/03\/lunes-santo2.jpg\" alt=\"\" width=\"577\" height=\"400\" \/><\/a><\/p>\n<p>&nbsp;<\/p>\n<p>&nbsp;<\/p>\n<p><strong>Hoy Lunes Santo se pueden registrar a partir de las dos de la tarde algunos chubascos\u00a0espor\u00e1dicos, siendo mas probables en el\u00a0interior\u00a0de la provincia. Pero sin descartarlos en la costa.\u00a0<\/strong><\/p>\n<p><strong> Durante la noche y madrugada del martes y\u00a0seg\u00fan\u00a0los modelos la probabilidad de chubascos\u00a0desaparecer\u00eda. \u00a0De todas formas sera otro dia para mirar al cielo y al radar.<\/strong><\/p>\n<p>&nbsp;<\/p>\n<p><a href=\"https:\/\/blogs.diariosur.es\/tormentas-y-rayos\/2013\/03\/25\/el-tiempo-en-semana-santa-ayer-tarde-noche-de-domingo-de-ramos-nos-salvamos-de-la-lluvia-por-puro-milagro-prevision-lunes-santo\/captura-135\/\" rel=\"attachment wp-att-5402\"><img loading=\"lazy\" class=\"aligncenter size-full wp-image-5402\" title=\"Captura\" src=\"\/tormentas-y-rayos\/wp-content\/uploads\/sites\/12\/2013\/03\/Captura3.jpg\" alt=\"\" width=\"526\" height=\"229\" \/><\/a><\/p>\n<p>&nbsp;<\/p>\n<p><a href=\"https:\/\/blogs.diariosur.es\/tormentas-y-rayos\/2013\/03\/25\/el-tiempo-en-semana-santa-ayer-tarde-noche-de-domingo-de-ramos-nos-salvamos-de-la-lluvia-por-puro-milagro-prevision-lunes-santo\/nazaseriojl-2-5\/\" rel=\"attachment wp-att-5405\"><img loading=\"lazy\" class=\"aligncenter size-full wp-image-5405\" title=\"NazaSerioJL (2)\" src=\"\/tormentas-y-rayos\/wp-content\/uploads\/sites\/12\/2013\/03\/NazaSerioJL-22.jpg\" alt=\"\" width=\"400\" height=\"465\" srcset=\"https:\/\/static-blogs.diariosur.es\/wp-content\/uploads\/sites\/12\/2013\/03\/NazaSerioJL-22.jpg 400w, https:\/\/static-blogs.diariosur.es\/wp-content\/uploads\/sites\/12\/2013\/03\/NazaSerioJL-22-344x400.jpg 344w\" sizes=\"(max-width: 400px) 100vw, 400px\" \/><\/a><\/p>\n<p><strong>Poco mas que contar amigos de la meteo. Cuando salga a comer \u00a0y si veo algo raro actualizare desde el\u00a0m\u00f3vil el post. Y de nuevo gracias por los\u00a0\u00e1nimos.\u00a0\u00a0<\/strong><\/p>\n","protected":false},"excerpt":{"rendered":"<p>&nbsp; ACTUALIZACI\u00d3N ULTIMA HORA: Buenas tardes amigos de la meteo, en estos momentos cuando son lascuatro de la tarde y aunque\u00a0ve\u00e1is\u00a0el cielo tan encapotado, no se registran precipitaciones en la provincia malague\u00f1a. Un abrazo &nbsp; Buenos d\u00edas amigos de la meteo. Son las seis de la ma\u00f1ana, registro 12 grados y los cielos est\u00e1n despejados, [&hellip;]<\/p>\n","protected":false},"author":16,"featured_media":5405,"comment_status":"open","ping_status":"closed","sticky":false,"template":"","format":"standard","meta":[],"categories":[2],"tags":[13,358,579,809,888,890,902],"_links":{"self":[{"href":"https:\/\/blogs.diariosur.es\/tormentas-y-rayos\/wp-json\/wp\/v2\/posts\/5394"}],"collection":[{"href":"https:\/\/blogs.diariosur.es\/tormentas-y-rayos\/wp-json\/wp\/v2\/posts"}],"about":[{"href":"https:\/\/blogs.diariosur.es\/tormentas-y-rayos\/wp-json\/wp\/v2\/types\/post"}],"author":[{"embeddable":true,"href":"https:\/\/blogs.diariosur.es\/tormentas-y-rayos\/wp-json\/wp\/v2\/users\/16"}],"replies":[{"embeddable":true,"href":"https:\/\/blogs.diariosur.es\/tormentas-y-rayos\/wp-json\/wp\/v2\/comments?post=5394"}],"version-history":[{"count":0,"href":"https:\/\/blogs.diariosur.es\/tormentas-y-rayos\/wp-json\/wp\/v2\/posts\/5394\/revisions"}],"wp:featuredmedia":[{"embeddable":true,"href":"https:\/\/blogs.diariosur.es\/tormentas-y-rayos\/wp-json\/wp\/v2\/media\/5405"}],"wp:attachment":[{"href":"https:\/\/blogs.diariosur.es\/tormentas-y-rayos\/wp-json\/wp\/v2\/media?parent=5394"}],"wp:term":[{"taxonomy":"category","embeddable":true,"href":"https:\/\/blogs.diariosur.es\/tormentas-y-rayos\/wp-json\/wp\/v2\/categories?post=5394"},{"taxonomy":"post_tag","embeddable":true,"href":"https:\/\/blogs.diariosur.es\/tormentas-y-rayos\/wp-json\/wp\/v2\/tags?post=5394"}],"curies":[{"name":"wp","href":"https:\/\/api.w.org\/{rel}","templated":true}]}}