{"id":5411,"date":"2013-03-26T06:59:53","date_gmt":"2013-03-26T05:59:53","guid":{"rendered":"http:\/\/blogs.diariosur.es\/tormentas-y-rayos\/?p=5411"},"modified":"2013-03-26T06:59:53","modified_gmt":"2013-03-26T05:59:53","slug":"el-tiempo-en-semana-santa-prevision-martes-santo-madrugada-del-miercoles-santo","status":"publish","type":"post","link":"https:\/\/blogs.diariosur.es\/tormentas-y-rayos\/2013\/03\/26\/el-tiempo-en-semana-santa-prevision-martes-santo-madrugada-del-miercoles-santo\/","title":{"rendered":"El tiempo en Semana Santa. Previsi\u00f3n Martes Santo, madrugada del Mi\u00e9rcoles Santo."},"content":{"rendered":"<p><strong>Buenos dias amigos de la meteo.<\/strong><\/p>\n<p><strong>\u00a0Son las seis de la ma\u00f1ana, registro 15 grados y los cielos est\u00e1n poco nubosos.<\/strong><\/p>\n<p><strong>\u00a0Dif\u00edcil dia para dar una previsi\u00f3n, y mas cuando tambi\u00e9n tenemos procesiones recorriendo las calles de M\u00e1laga en la madrugada del mi\u00e9rcoles. Antes os hago un peque\u00f1o resumen del Lunes Santo en fotos. <\/strong><\/p>\n<p><strong>Al final la cu\u00f1a anticiclonica que os comentaba en el post de ayer, ayudo para que no se \u00a0\u00a0registraran precipitaciones en nuestra provincia. Muchos de vosotros cuando al mediod\u00eda se cubrieron los cielos, pensabais que de nuevo la lluvia seria la protagonista. Y mas a primera hora de la tarde cuando los cielos estaban mas negros. Os paso esta foto que tome ayer al principio de la Alameda.<\/strong><\/p>\n<p><a href=\"https:\/\/blogs.diariosur.es\/tormentas-y-rayos\/2013\/03\/26\/el-tiempo-en-semana-santa-prevision-martes-santo-madrugada-del-miercoles-santo\/olympus-digital-camera-1219\/\" rel=\"attachment wp-att-5412\"><img loading=\"lazy\" class=\"aligncenter size-full wp-image-5412\" title=\"OLYMPUS DIGITAL CAMERA\" src=\"\/tormentas-y-rayos\/wp-content\/uploads\/sites\/12\/2013\/03\/0022.jpg\" alt=\"\" width=\"670\" height=\"503\" srcset=\"https:\/\/static-blogs.diariosur.es\/wp-content\/uploads\/sites\/12\/2013\/03\/0022.jpg 670w, https:\/\/static-blogs.diariosur.es\/wp-content\/uploads\/sites\/12\/2013\/03\/0022-533x400.jpg 533w\" sizes=\"(max-width: 670px) 100vw, 670px\" \/><\/a><\/p>\n<p>&nbsp;<\/p>\n<p><strong>Sobre las siete de la tarde los cielos se abr\u00edan y dejaban un atardecer muy bonito. Os pongo varias fotos del Cristo de la Crucifixi\u00f3n \u00a0entrando en la Alameda.<\/strong><\/p>\n<p><a href=\"https:\/\/blogs.diariosur.es\/tormentas-y-rayos\/2013\/03\/26\/el-tiempo-en-semana-santa-prevision-martes-santo-madrugada-del-miercoles-santo\/olympus-digital-camera-1220\/\" rel=\"attachment wp-att-5413\"><img loading=\"lazy\" class=\"aligncenter size-full wp-image-5413\" title=\"OLYMPUS DIGITAL CAMERA\" src=\"\/tormentas-y-rayos\/wp-content\/uploads\/sites\/12\/2013\/03\/b4.jpg\" alt=\"\" width=\"670\" height=\"503\" srcset=\"https:\/\/static-blogs.diariosur.es\/wp-content\/uploads\/sites\/12\/2013\/03\/b4.jpg 670w, https:\/\/static-blogs.diariosur.es\/wp-content\/uploads\/sites\/12\/2013\/03\/b4-533x400.jpg 533w\" sizes=\"(max-width: 670px) 100vw, 670px\" \/><\/a><\/p>\n<p><a href=\"https:\/\/blogs.diariosur.es\/tormentas-y-rayos\/2013\/03\/26\/el-tiempo-en-semana-santa-prevision-martes-santo-madrugada-del-miercoles-santo\/olympus-digital-camera-1221\/\" rel=\"attachment wp-att-5414\"><img loading=\"lazy\" class=\"aligncenter size-full wp-image-5414\" title=\"OLYMPUS DIGITAL CAMERA\" src=\"\/tormentas-y-rayos\/wp-content\/uploads\/sites\/12\/2013\/03\/b11.jpg\" alt=\"\" width=\"400\" height=\"533\" srcset=\"https:\/\/static-blogs.diariosur.es\/wp-content\/uploads\/sites\/12\/2013\/03\/b11.jpg 400w, https:\/\/static-blogs.diariosur.es\/wp-content\/uploads\/sites\/12\/2013\/03\/b11-300x400.jpg 300w\" sizes=\"(max-width: 400px) 100vw, 400px\" \/><\/a><\/p>\n<p>&nbsp;<\/p>\n<p><a href=\"https:\/\/blogs.diariosur.es\/tormentas-y-rayos\/2013\/03\/26\/el-tiempo-en-semana-santa-prevision-martes-santo-madrugada-del-miercoles-santo\/olympus-digital-camera-1222\/\" rel=\"attachment wp-att-5415\"><img loading=\"lazy\" class=\"aligncenter size-full wp-image-5415\" title=\"OLYMPUS DIGITAL CAMERA\" src=\"\/tormentas-y-rayos\/wp-content\/uploads\/sites\/12\/2013\/03\/b21.jpg\" alt=\"\" width=\"400\" height=\"464\" srcset=\"https:\/\/static-blogs.diariosur.es\/wp-content\/uploads\/sites\/12\/2013\/03\/b21.jpg 400w, https:\/\/static-blogs.diariosur.es\/wp-content\/uploads\/sites\/12\/2013\/03\/b21-345x400.jpg 345w\" sizes=\"(max-width: 400px) 100vw, 400px\" \/><\/a><\/p>\n<p>&nbsp;<\/p>\n<p><a href=\"https:\/\/blogs.diariosur.es\/tormentas-y-rayos\/2013\/03\/26\/el-tiempo-en-semana-santa-prevision-martes-santo-madrugada-del-miercoles-santo\/olympus-digital-camera-1223\/\" rel=\"attachment wp-att-5416\"><img loading=\"lazy\" class=\"aligncenter size-full wp-image-5416\" title=\"OLYMPUS DIGITAL CAMERA\" src=\"\/tormentas-y-rayos\/wp-content\/uploads\/sites\/12\/2013\/03\/b31.jpg\" alt=\"\" width=\"670\" height=\"503\" srcset=\"https:\/\/static-blogs.diariosur.es\/wp-content\/uploads\/sites\/12\/2013\/03\/b31.jpg 670w, https:\/\/static-blogs.diariosur.es\/wp-content\/uploads\/sites\/12\/2013\/03\/b31-533x400.jpg 533w\" sizes=\"(max-width: 670px) 100vw, 670px\" \/><\/a><\/p>\n<p>&nbsp;<\/p>\n<p><strong>Ya se que algunos est\u00e1is deseando ver los amaneceres malague\u00f1os que suelo poner en el blog, pero os prometo que a partir de la semana que viene ser\u00e1n los protagonistas. Mientras entrar en mi\u00a0galer\u00eda\u00a0que\u00a0ten\u00e9is\u00a0a la derecha del blog y os carg\u00e1is las pilas.<\/strong><\/p>\n<p><span style=\"color: #ff0000;\"><strong>PREVISI\u00d3N MARTES SANTO, MADRUGADA DEL\u00a0MI\u00c9RCOLES.<\/strong><\/span><\/p>\n<p><strong>Bueno amigos de la meteo se complica la\u00a0situaci\u00f3n\u00a0para hoy Martes Santo y madrugada del\u00a0mi\u00e9rcoles en casi toda\u00a0Andaluc\u00eda.\u00a0Ser\u00e1n\u00a0las provincias occidentales andaluzas\u00a0atl\u00e1nticas\u00a0 las que mayor probabilidad de chubascos tengan a partir del\u00a0mediod\u00eda. Pero como la gran\u00a0mayor\u00eda\u00a0sab\u00e9is, parte de nuestra provincia malague\u00f1a es\u00a0atl\u00e1ntica.\u00a0<\/strong><\/p>\n<p><strong>La probabilidad de chubascos en nuestra provincia se\u00a0dar\u00e1n\u00a0a partir de la noche, siendo la zona occidental de la provincia malague\u00f1a la primera en recibirlos. En la capital aumentara la probabilidad de chubascos\u00a0espor\u00e1dicos\u00a0a ultima hora de la noche, <span><span style=\"color: #ff00ff;\">pero\u00a0seg\u00fan\u00a0los modelos sera en la madrugada del\u00a0mi\u00e9rcoles\u00a0cuando hay mas probabilidad de chaparrones mas cuantiosos.\u00a0<\/span><\/span><\/strong><\/p>\n<p>&nbsp;<\/p>\n<p>&nbsp;<\/p>\n<p><strong> Tenemos una borrasca muy cerca de la\u00a0pen\u00ednsula, que trae asociado un frente. Fuente Aemet y modelo fax.<\/strong><\/p>\n<p><a href=\"https:\/\/blogs.diariosur.es\/tormentas-y-rayos\/2013\/03\/26\/el-tiempo-en-semana-santa-prevision-martes-santo-madrugada-del-miercoles-santo\/borrasca-30\/\" rel=\"attachment wp-att-5417\"><img loading=\"lazy\" class=\"aligncenter size-medium wp-image-5417\" title=\"borrasca\" src=\"\/tormentas-y-rayos\/wp-content\/uploads\/sites\/12\/2013\/03\/borrasca2.jpg\" alt=\"\" width=\"600\" height=\"400\" srcset=\"https:\/\/static-blogs.diariosur.es\/wp-content\/uploads\/sites\/12\/2013\/03\/borrasca2.jpg 750w, https:\/\/static-blogs.diariosur.es\/wp-content\/uploads\/sites\/12\/2013\/03\/borrasca2-599x400.jpg 599w\" sizes=\"(max-width: 600px) 100vw, 600px\" \/><\/a><\/p>\n<p>&nbsp;<\/p>\n<p><strong>\u00a0<\/strong><\/p>\n<p><a href=\"https:\/\/blogs.diariosur.es\/tormentas-y-rayos\/2013\/03\/26\/el-tiempo-en-semana-santa-prevision-martes-santo-madrugada-del-miercoles-santo\/fax-2\/\" rel=\"attachment wp-att-5418\"><img loading=\"lazy\" class=\"aligncenter size-full wp-image-5418\" title=\"fax\" src=\"\/tormentas-y-rayos\/wp-content\/uploads\/sites\/12\/2013\/03\/fax.jpg\" alt=\"\" width=\"682\" height=\"612\" srcset=\"https:\/\/static-blogs.diariosur.es\/wp-content\/uploads\/sites\/12\/2013\/03\/fax.jpg 682w, https:\/\/static-blogs.diariosur.es\/wp-content\/uploads\/sites\/12\/2013\/03\/fax-446x400.jpg 446w\" sizes=\"(max-width: 682px) 100vw, 682px\" \/><\/a><\/p>\n<p><strong>Esta nueva borrasca trae una masa de aire humedad y c\u00e1lida, esto har\u00e1 que las temperaturas suban. Os paso esta imagen del satelite eumetsat de ayer a las nueve y media de la noche, es impresionante.<\/strong><\/p>\n<p><a href=\"https:\/\/blogs.diariosur.es\/tormentas-y-rayos\/2013\/03\/26\/el-tiempo-en-semana-santa-prevision-martes-santo-madrugada-del-miercoles-santo\/imagen-de-ayer\/\" rel=\"attachment wp-att-5419\"><img loading=\"lazy\" class=\"aligncenter size-medium wp-image-5419\" title=\"imagen de ayer\" src=\"\/tormentas-y-rayos\/wp-content\/uploads\/sites\/12\/2013\/03\/imagen-de-ayer.jpg\" alt=\"\" width=\"593\" height=\"400\" \/><\/a><\/p>\n<p>&nbsp;<\/p>\n<p><strong>Y esta otra de hace pocos minutos, concretamente de las cinco y cuarto de la ma\u00f1ana. Ya\u00a0pod\u00e9is\u00a0ver el frente entrando a la\u00a0Pen\u00ednsula\u00a0y dejando las primeras precipitaciones en Galicia, que por cierto llevan una Semana Santa \u00a0con lluvias todos los dias.<\/strong><\/p>\n<p><a href=\"https:\/\/blogs.diariosur.es\/tormentas-y-rayos\/2013\/03\/26\/el-tiempo-en-semana-santa-prevision-martes-santo-madrugada-del-miercoles-santo\/seis-de-la-manana-3\/\" rel=\"attachment wp-att-5420\"><img loading=\"lazy\" class=\"aligncenter size-medium wp-image-5420\" title=\"seis de la ma\u00f1ana\" src=\"\/tormentas-y-rayos\/wp-content\/uploads\/sites\/12\/2013\/03\/seis-de-la-ma\u00f1ana.jpg\" alt=\"\" width=\"582\" height=\"400\" \/><\/a><\/p>\n<p><a href=\"https:\/\/blogs.diariosur.es\/tormentas-y-rayos\/2013\/03\/26\/el-tiempo-en-semana-santa-prevision-martes-santo-madrugada-del-miercoles-santo\/radar-26\/\" rel=\"attachment wp-att-5421\"><img loading=\"lazy\" class=\"aligncenter size-full wp-image-5421\" title=\"radar\" src=\"\/tormentas-y-rayos\/wp-content\/uploads\/sites\/12\/2013\/03\/radar5.jpg\" alt=\"\" width=\"598\" height=\"551\" srcset=\"https:\/\/static-blogs.diariosur.es\/wp-content\/uploads\/sites\/12\/2013\/03\/radar5.jpg 598w, https:\/\/static-blogs.diariosur.es\/wp-content\/uploads\/sites\/12\/2013\/03\/radar5-434x400.jpg 434w\" sizes=\"(max-width: 598px) 100vw, 598px\" \/><\/a><\/p>\n<p><strong>Resumiendo amigos de la meteo. <\/strong><\/p>\n<p><strong>Otro noche en M\u00e1laga para mirar el radar y sobre todo durante la madrugada, que es cuando se espera\u00a0alg\u00fan\u00a0chaparr\u00f3n . En la madrugada del\u00a0mi\u00e9rcoles\u00a0hay muchas\u00a0cofrad\u00edas\u00a0aun en la calle, siendo la Nueva Esperaza la que se encierra mas tarde. Esperemos que esa lluvia prevista entre lo mas tarde posible y le de tiempo a las\u00a0cofrad\u00edas\u00a0a terminar su recorrido sin sobresaltos.<\/strong><\/p>\n","protected":false},"excerpt":{"rendered":"<p>Buenos dias amigos de la meteo. \u00a0Son las seis de la ma\u00f1ana, registro 15 grados y los cielos est\u00e1n poco nubosos. \u00a0Dif\u00edcil dia para dar una previsi\u00f3n, y mas cuando tambi\u00e9n tenemos procesiones recorriendo las calles de M\u00e1laga en la madrugada del mi\u00e9rcoles. Antes os hago un peque\u00f1o resumen del Lunes Santo en fotos. Al [&hellip;]<\/p>\n","protected":false},"author":16,"featured_media":5422,"comment_status":"open","ping_status":"closed","sticky":false,"template":"","format":"standard","meta":[],"categories":[2],"tags":[358,609,650,809,888,890,902],"_links":{"self":[{"href":"https:\/\/blogs.diariosur.es\/tormentas-y-rayos\/wp-json\/wp\/v2\/posts\/5411"}],"collection":[{"href":"https:\/\/blogs.diariosur.es\/tormentas-y-rayos\/wp-json\/wp\/v2\/posts"}],"about":[{"href":"https:\/\/blogs.diariosur.es\/tormentas-y-rayos\/wp-json\/wp\/v2\/types\/post"}],"author":[{"embeddable":true,"href":"https:\/\/blogs.diariosur.es\/tormentas-y-rayos\/wp-json\/wp\/v2\/users\/16"}],"replies":[{"embeddable":true,"href":"https:\/\/blogs.diariosur.es\/tormentas-y-rayos\/wp-json\/wp\/v2\/comments?post=5411"}],"version-history":[{"count":0,"href":"https:\/\/blogs.diariosur.es\/tormentas-y-rayos\/wp-json\/wp\/v2\/posts\/5411\/revisions"}],"wp:featuredmedia":[{"embeddable":true,"href":"https:\/\/blogs.diariosur.es\/tormentas-y-rayos\/wp-json\/wp\/v2\/media\/5422"}],"wp:attachment":[{"href":"https:\/\/blogs.diariosur.es\/tormentas-y-rayos\/wp-json\/wp\/v2\/media?parent=5411"}],"wp:term":[{"taxonomy":"category","embeddable":true,"href":"https:\/\/blogs.diariosur.es\/tormentas-y-rayos\/wp-json\/wp\/v2\/categories?post=5411"},{"taxonomy":"post_tag","embeddable":true,"href":"https:\/\/blogs.diariosur.es\/tormentas-y-rayos\/wp-json\/wp\/v2\/tags?post=5411"}],"curies":[{"name":"wp","href":"https:\/\/api.w.org\/{rel}","templated":true}]}}