{"id":5424,"date":"2013-03-27T07:17:09","date_gmt":"2013-03-27T06:17:09","guid":{"rendered":"http:\/\/blogs.diariosur.es\/tormentas-y-rayos\/?p=5424"},"modified":"2013-03-27T07:17:09","modified_gmt":"2013-03-27T06:17:09","slug":"el-tiempo-en-semana-santa-prevision-miercoles-santo-probabilidad-de-chubascos-a-partir-del-mediodia-de-nuevo-la-lluvia-paso-rozando-malaga-capital","status":"publish","type":"post","link":"https:\/\/blogs.diariosur.es\/tormentas-y-rayos\/2013\/03\/27\/el-tiempo-en-semana-santa-prevision-miercoles-santo-probabilidad-de-chubascos-a-partir-del-mediodia-de-nuevo-la-lluvia-paso-rozando-malaga-capital\/","title":{"rendered":"El tiempo en Semana Santa. Previsi\u00f3n Mi\u00e9rcoles Santo: probabilidad de chubascos a partir del mediod\u00eda.De nuevo la lluvia paso rozando M\u00e1laga Capital"},"content":{"rendered":"<p><strong>Buenos d\u00edas amigos de la meteo. Son las seis de la ma\u00f1ana, registro 14 grados y los cielos est\u00e1n nubosos.<\/strong><\/p>\n<p><strong>Hoy os doy antes la previsi\u00f3n y luego os pongo el resumen del Martes Santo en fotos.\u00a0<\/strong><\/p>\n<p>&nbsp;<\/p>\n<p><span style=\"color: #ff0000;\"><strong>PREVISI\u00d3N\u00a0MI\u00c9RCOLES\u00a0SANTO:<\/strong><\/span><\/p>\n<p>&nbsp;<\/p>\n<p><a href=\"https:\/\/blogs.diariosur.es\/tormentas-y-rayos\/2013\/03\/27\/el-tiempo-en-semana-santa-prevision-miercoles-santo-probabilidad-de-chubascos-a-partir-del-mediodia-de-nuevo-la-lluvia-paso-rozando-malaga-capital\/nazaseriojl-2-7\/\" rel=\"attachment wp-att-5432\"><img loading=\"lazy\" title=\"NazaSerioJL (2)\" src=\"\/tormentas-y-rayos\/wp-content\/uploads\/sites\/12\/2013\/03\/NazaSerioJL-24.jpg\" alt=\"\" width=\"400\" height=\"465\" \/><\/a><\/p>\n<p><span style=\"color: #ff00ff;\"><strong>Muchos compa\u00f1eros de trabajo me preguntaban ayer \u00a0por la ma\u00f1ana \u00a0lo cambiante de las predicciones de un dia para otro que daban los modelos.\u00a0As\u00ed\u00a0es amigos, este tipo de situaciones es muy dif\u00edcil de modelizar. Los pron\u00f3sticos para hoy dan mas inestabilidad en toda la Provincia Malague\u00f1a, incluida la Capital. La borrasca que se esperaba que \u00a0pasase mas r\u00e1pidamente hacia el\u00a0mediterr\u00e1neo, lo\u00a0har\u00e1\u00a0mas lentamente.<\/strong><\/span><\/p>\n<p><span style=\"color: #ff00ff;\"><strong>Os paso este mapa previsto para hoy a la una de la tarde. Fuente Aemet hirlam<\/strong><\/span><\/p>\n<p><span style=\"color: #ff00ff;\"><a href=\"https:\/\/blogs.diariosur.es\/tormentas-y-rayos\/2013\/03\/27\/el-tiempo-en-semana-santa-prevision-miercoles-santo-probabilidad-de-chubascos-a-partir-del-mediodia-de-nuevo-la-lluvia-paso-rozando-malaga-capital\/nivel-de-superficie\/\" rel=\"attachment wp-att-5431\"><span style=\"color: #ff00ff;\"><img loading=\"lazy\" title=\"NIVEL DE SUPERFICIE\" src=\"\/tormentas-y-rayos\/wp-content\/uploads\/sites\/12\/2013\/03\/NIVEL-DE-SUPERFICIE.jpg\" alt=\"\" width=\"600\" height=\"398\" \/><\/span><\/a><\/span><\/p>\n<p><span style=\"color: #ff00ff;\"><strong>Si os fij\u00e1is seguimos en su radio de acci\u00f3n mas que ayer. La presi\u00f3n ha vuelto a bajar, ahora mismo mi barometro marca 1004 mb, cuando ayer a esta misma hora marcaba 1011 mb, os paso un\u00a0gr\u00e1fico\u00a0fuente aemet.<\/strong><\/span><\/p>\n<p><span style=\"color: #ff00ff;\"><a href=\"https:\/\/blogs.diariosur.es\/tormentas-y-rayos\/2013\/03\/27\/el-tiempo-en-semana-santa-prevision-miercoles-santo-probabilidad-de-chubascos-a-partir-del-mediodia-de-nuevo-la-lluvia-paso-rozando-malaga-capital\/presion-6\/\" rel=\"attachment wp-att-5433\"><span style=\"color: #ff00ff;\"><img loading=\"lazy\" title=\"presion\" src=\"\/tormentas-y-rayos\/wp-content\/uploads\/sites\/12\/2013\/03\/presion1.jpg\" alt=\"\" width=\"600\" height=\"254\" \/><\/span><\/a><\/span><\/p>\n<p><span style=\"color: #ff00ff;\"><strong>La borrasca trae aire fr\u00edo en altura, este aire fr\u00edo pienso que puede ser el detonante, para que los chubascos se den a partir del mediod\u00eda y primeras horas de la tarde en toda nuestra provincia. Ya veremos en el trascurso de las primeras horas de la tarde como va evolucionando las previsiones. Ahora son las siete de la ma\u00f1ana y de aqui a las cuatro que salga del curro puede cambiar todo. De todas formas si puedo actualizare el blog.\u00a0<\/strong><\/span><\/p>\n<p><span style=\"color: #ff00ff;\"><strong>Otro dia para mirar al cielo y al radar<\/strong><\/span><\/p>\n<p>&nbsp;<\/p>\n<p><a href=\"https:\/\/blogs.diariosur.es\/tormentas-y-rayos\/2013\/03\/27\/el-tiempo-en-semana-santa-prevision-miercoles-santo-probabilidad-de-chubascos-a-partir-del-mediodia-de-nuevo-la-lluvia-paso-rozando-malaga-capital\/predicii\/\" rel=\"attachment wp-att-5435\"><img loading=\"lazy\" class=\"aligncenter size-full wp-image-5435\" title=\"predicii\" src=\"\/tormentas-y-rayos\/wp-content\/uploads\/sites\/12\/2013\/03\/predicii.jpg\" alt=\"\" width=\"554\" height=\"324\" \/><\/a><\/p>\n<p><span style=\"color: #ff0000;\"><strong>OS PONGO EL RESUMEN DE AYER MARTES SANTO<\/strong><\/span><\/p>\n<p><span style=\"color: #0000ff;\"><strong> La m\u00e1xima fue de 22 grados y la m\u00ednima 13, lo mas destacado de ayer tres cosas; \u00a0la subida de temperatura, \u00a0unos cielos preciosos que se dieron a las cuatro de la tarde cuando sal\u00ed a comer y por ultimo que de nuevo tuvimos suerte y no\u00a0llovi\u00f3\u00a0en M\u00e1laga Capital. Un poco mas abajo os pongo unas capturas del radar de M\u00e1laga.<\/strong><\/span><\/p>\n<p>&nbsp;<\/p>\n<p><span style=\"color: #0000ff;\"><strong>\u00a0Vamos con la primera foto. Se tratan de altocum\u00falus stratriformis.\u00a0<\/strong><\/span><\/p>\n<p><span style=\"color: #0000ff;\"><a href=\"https:\/\/blogs.diariosur.es\/tormentas-y-rayos\/2013\/03\/27\/el-tiempo-en-semana-santa-prevision-miercoles-santo-probabilidad-de-chubascos-a-partir-del-mediodia-de-nuevo-la-lluvia-paso-rozando-malaga-capital\/olympus-digital-camera-1224\/\" rel=\"attachment wp-att-5425\"><span style=\"color: #0000ff;\"><img loading=\"lazy\" class=\"aligncenter size-full wp-image-5425\" title=\"OLYMPUS DIGITAL CAMERA\" src=\"\/tormentas-y-rayos\/wp-content\/uploads\/sites\/12\/2013\/03\/z2.jpg\" alt=\"\" width=\"660\" height=\"495\" srcset=\"https:\/\/static-blogs.diariosur.es\/wp-content\/uploads\/sites\/12\/2013\/03\/z2.jpg 660w, https:\/\/static-blogs.diariosur.es\/wp-content\/uploads\/sites\/12\/2013\/03\/z2-533x400.jpg 533w\" sizes=\"(max-width: 660px) 100vw, 660px\" \/><\/span><\/a><\/span><\/p>\n<p>&nbsp;<\/p>\n<p><span style=\"color: #0000ff;\"><strong>Ayer no baje a fotografiar los tronos, pero os pongo un par de fotos del a\u00f1o\u00a0pasado\u00a0que le tengo mucho cari\u00f1o.<\/strong><\/span><\/p>\n<p><span style=\"color: #0000ff;\"><strong>Este es el traslado de mi Cristo.\u00a0Sab\u00e9is\u00a0cual es verdad? Os doy una pista&#8230; a la misma hora del traslado, media M\u00e1laga esta viendo a los legionarios. Si\u00a0pod\u00e9is\u00a0ir al Hospital Noble el Jueves Santo, merece la pena de verdad.<\/strong><\/span><\/p>\n<p><span style=\"color: #0000ff;\"><a href=\"https:\/\/blogs.diariosur.es\/tormentas-y-rayos\/2013\/03\/27\/el-tiempo-en-semana-santa-prevision-miercoles-santo-probabilidad-de-chubascos-a-partir-del-mediodia-de-nuevo-la-lluvia-paso-rozando-malaga-capital\/olympus-digital-camera-1225\/\" rel=\"attachment wp-att-5426\"><span style=\"color: #0000ff;\"><img loading=\"lazy\" class=\"aligncenter size-full wp-image-5426\" title=\"OLYMPUS DIGITAL CAMERA\" src=\"\/tormentas-y-rayos\/wp-content\/uploads\/sites\/12\/2013\/03\/5644327422_d3c5382c47_b.jpg\" alt=\"\" width=\"660\" height=\"502\" srcset=\"https:\/\/static-blogs.diariosur.es\/wp-content\/uploads\/sites\/12\/2013\/03\/5644327422_d3c5382c47_b.jpg 660w, https:\/\/static-blogs.diariosur.es\/wp-content\/uploads\/sites\/12\/2013\/03\/5644327422_d3c5382c47_b-526x400.jpg 526w\" sizes=\"(max-width: 660px) 100vw, 660px\" \/><\/span><\/a><\/span><\/p>\n<p>&nbsp;<\/p>\n<p>&nbsp;<\/p>\n<p><span style=\"color: #0000ff;\"><strong>Y esta de la Salutaci\u00f3n<\/strong><\/span><\/p>\n<p><span style=\"color: #0000ff;\"><a href=\"https:\/\/blogs.diariosur.es\/tormentas-y-rayos\/2013\/03\/27\/el-tiempo-en-semana-santa-prevision-miercoles-santo-probabilidad-de-chubascos-a-partir-del-mediodia-de-nuevo-la-lluvia-paso-rozando-malaga-capital\/olympus-digital-camera-1226\/\" rel=\"attachment wp-att-5427\"><span style=\"color: #0000ff;\"><img loading=\"lazy\" class=\"aligncenter size-full wp-image-5427\" title=\"OLYMPUS DIGITAL CAMERA\" src=\"\/tormentas-y-rayos\/wp-content\/uploads\/sites\/12\/2013\/03\/045.jpg\" alt=\"\" width=\"660\" height=\"495\" srcset=\"https:\/\/static-blogs.diariosur.es\/wp-content\/uploads\/sites\/12\/2013\/03\/045.jpg 660w, https:\/\/static-blogs.diariosur.es\/wp-content\/uploads\/sites\/12\/2013\/03\/045-533x400.jpg 533w\" sizes=\"(max-width: 660px) 100vw, 660px\" \/><\/span><\/a><\/span><\/p>\n<p>&nbsp;<\/p>\n<p><span style=\"color: #0000ff;\"><strong>\u00a0Como os comentaba un poco mas arriba , de nuevo M\u00e1laga Capital se libro de la lluvia. Sobre las diez y media de la noche se registraban los primeros chubascos en la zona occidental de la provincia malague\u00f1a<\/strong><\/span><\/p>\n<p><span style=\"color: #0000ff;\"><a href=\"https:\/\/blogs.diariosur.es\/tormentas-y-rayos\/2013\/03\/27\/el-tiempo-en-semana-santa-prevision-miercoles-santo-probabilidad-de-chubascos-a-partir-del-mediodia-de-nuevo-la-lluvia-paso-rozando-malaga-capital\/radar-27\/\" rel=\"attachment wp-att-5428\"><span style=\"color: #0000ff;\"><img loading=\"lazy\" class=\"aligncenter size-full wp-image-5428\" title=\"RADAR\" src=\"\/tormentas-y-rayos\/wp-content\/uploads\/sites\/12\/2013\/03\/RADAR.jpg\" alt=\"\" width=\"596\" height=\"679\" srcset=\"https:\/\/static-blogs.diariosur.es\/wp-content\/uploads\/sites\/12\/2013\/03\/RADAR.jpg 596w, https:\/\/static-blogs.diariosur.es\/wp-content\/uploads\/sites\/12\/2013\/03\/RADAR-351x400.jpg 351w\" sizes=\"(max-width: 596px) 100vw, 596px\" \/><\/span><\/a><\/span><\/p>\n<p><span style=\"color: #0000ff;\"><strong>\u00a0Pero los chubascos un poco mas moderados se daban de madrugada, estos chubascos han dejado entre 2 y 5 litros en la zona occidental de nuestra provincia. Pero de nuevo tuvimos a la suerte aliada con nosotros, como paso la noche del Domingo de Ramos en M\u00e1laga Capital. Los chubascos mas gordos\u00a0pasaban\u00a0rozando.<\/strong><\/span><\/p>\n<p>&nbsp;<\/p>\n<p><span style=\"color: #0000ff;\"><a href=\"https:\/\/blogs.diariosur.es\/tormentas-y-rayos\/2013\/03\/27\/el-tiempo-en-semana-santa-prevision-miercoles-santo-probabilidad-de-chubascos-a-partir-del-mediodia-de-nuevo-la-lluvia-paso-rozando-malaga-capital\/dos\/\" rel=\"attachment wp-att-5430\"><span style=\"color: #0000ff;\"><img loading=\"lazy\" class=\"aligncenter size-full wp-image-5430\" title=\"dos\" src=\"\/tormentas-y-rayos\/wp-content\/uploads\/sites\/12\/2013\/03\/dos.jpg\" alt=\"\" width=\"549\" height=\"624\" srcset=\"https:\/\/static-blogs.diariosur.es\/wp-content\/uploads\/sites\/12\/2013\/03\/dos.jpg 549w, https:\/\/static-blogs.diariosur.es\/wp-content\/uploads\/sites\/12\/2013\/03\/dos-352x400.jpg 352w\" sizes=\"(max-width: 549px) 100vw, 549px\" \/><\/span><\/a><\/span><\/p>\n<p>&nbsp;<\/p>\n<p><span style=\"color: #0000ff;\"><strong><a href=\"https:\/\/blogs.diariosur.es\/tormentas-y-rayos\/2013\/03\/27\/el-tiempo-en-semana-santa-prevision-miercoles-santo-probabilidad-de-chubascos-a-partir-del-mediodia-de-nuevo-la-lluvia-paso-rozando-malaga-capital\/tres\/\" rel=\"attachment wp-att-5429\"><span style=\"color: #0000ff;\"><img loading=\"lazy\" class=\"aligncenter size-full wp-image-5429\" title=\"tres\" src=\"\/tormentas-y-rayos\/wp-content\/uploads\/sites\/12\/2013\/03\/tres.jpg\" alt=\"\" width=\"636\" height=\"590\" srcset=\"https:\/\/static-blogs.diariosur.es\/wp-content\/uploads\/sites\/12\/2013\/03\/tres.jpg 636w, https:\/\/static-blogs.diariosur.es\/wp-content\/uploads\/sites\/12\/2013\/03\/tres-431x400.jpg 431w\" sizes=\"(max-width: 636px) 100vw, 636px\" \/><\/span><\/a>\u00a0<\/strong><\/span><\/p>\n<p>&nbsp;<\/p>\n<p><a href=\"https:\/\/blogs.diariosur.es\/tormentas-y-rayos\/2013\/03\/27\/el-tiempo-en-semana-santa-prevision-miercoles-santo-probabilidad-de-chubascos-a-partir-del-mediodia-de-nuevo-la-lluvia-paso-rozando-malaga-capital\/1-20\/\" rel=\"attachment wp-att-5437\"><img loading=\"lazy\" class=\"aligncenter size-medium wp-image-5437\" title=\"1\" src=\"\/tormentas-y-rayos\/wp-content\/uploads\/sites\/12\/2013\/03\/1.jpg\" alt=\"\" width=\"600\" height=\"177\" \/><\/a><\/p>\n<p><strong>os dejo con esta preciosa foto que tomo mi mujer Genoveva ayer por la ma\u00f1ana del Cristo de Mena.<\/strong><\/p>\n<p><a href=\"https:\/\/blogs.diariosur.es\/tormentas-y-rayos\/2013\/03\/27\/el-tiempo-en-semana-santa-prevision-miercoles-santo-probabilidad-de-chubascos-a-partir-del-mediodia-de-nuevo-la-lluvia-paso-rozando-malaga-capital\/attachment\/029\/\" rel=\"attachment wp-att-5434\"><img loading=\"lazy\" class=\"aligncenter size-full wp-image-5434\" title=\"029\" src=\"\/tormentas-y-rayos\/wp-content\/uploads\/sites\/12\/2013\/03\/029.jpg\" alt=\"\" width=\"660\" height=\"440\" srcset=\"https:\/\/static-blogs.diariosur.es\/wp-content\/uploads\/sites\/12\/2013\/03\/029.jpg 660w, https:\/\/static-blogs.diariosur.es\/wp-content\/uploads\/sites\/12\/2013\/03\/029-600x400.jpg 600w\" sizes=\"(max-width: 660px) 100vw, 660px\" \/><\/a><\/p>\n","protected":false},"excerpt":{"rendered":"<p>Buenos d\u00edas amigos de la meteo. Son las seis de la ma\u00f1ana, registro 14 grados y los cielos est\u00e1n nubosos. Hoy os doy antes la previsi\u00f3n y luego os pongo el resumen del Martes Santo en fotos.\u00a0 &nbsp; PREVISI\u00d3N\u00a0MI\u00c9RCOLES\u00a0SANTO: &nbsp; Muchos compa\u00f1eros de trabajo me preguntaban ayer \u00a0por la ma\u00f1ana \u00a0lo cambiante de las predicciones [&hellip;]<\/p>\n","protected":false},"author":16,"featured_media":5431,"comment_status":"open","ping_status":"closed","sticky":false,"template":"","format":"standard","meta":[],"categories":[2],"tags":[358,650,809,888,890,902],"_links":{"self":[{"href":"https:\/\/blogs.diariosur.es\/tormentas-y-rayos\/wp-json\/wp\/v2\/posts\/5424"}],"collection":[{"href":"https:\/\/blogs.diariosur.es\/tormentas-y-rayos\/wp-json\/wp\/v2\/posts"}],"about":[{"href":"https:\/\/blogs.diariosur.es\/tormentas-y-rayos\/wp-json\/wp\/v2\/types\/post"}],"author":[{"embeddable":true,"href":"https:\/\/blogs.diariosur.es\/tormentas-y-rayos\/wp-json\/wp\/v2\/users\/16"}],"replies":[{"embeddable":true,"href":"https:\/\/blogs.diariosur.es\/tormentas-y-rayos\/wp-json\/wp\/v2\/comments?post=5424"}],"version-history":[{"count":0,"href":"https:\/\/blogs.diariosur.es\/tormentas-y-rayos\/wp-json\/wp\/v2\/posts\/5424\/revisions"}],"wp:featuredmedia":[{"embeddable":true,"href":"https:\/\/blogs.diariosur.es\/tormentas-y-rayos\/wp-json\/wp\/v2\/media\/5431"}],"wp:attachment":[{"href":"https:\/\/blogs.diariosur.es\/tormentas-y-rayos\/wp-json\/wp\/v2\/media?parent=5424"}],"wp:term":[{"taxonomy":"category","embeddable":true,"href":"https:\/\/blogs.diariosur.es\/tormentas-y-rayos\/wp-json\/wp\/v2\/categories?post=5424"},{"taxonomy":"post_tag","embeddable":true,"href":"https:\/\/blogs.diariosur.es\/tormentas-y-rayos\/wp-json\/wp\/v2\/tags?post=5424"}],"curies":[{"name":"wp","href":"https:\/\/api.w.org\/{rel}","templated":true}]}}