{"id":5439,"date":"2013-03-27T16:57:13","date_gmt":"2013-03-27T15:57:13","guid":{"rendered":"http:\/\/blogs.diariosur.es\/tormentas-y-rayos\/?p=5439"},"modified":"2013-03-27T16:57:13","modified_gmt":"2013-03-27T15:57:13","slug":"actualizacion-ultima-hora-vortice-en-el-cabo-de-san-vicente-prevision-miercoles-santo-el-tiempo-en-semana-santa","status":"publish","type":"post","link":"https:\/\/blogs.diariosur.es\/tormentas-y-rayos\/2013\/03\/27\/actualizacion-ultima-hora-vortice-en-el-cabo-de-san-vicente-prevision-miercoles-santo-el-tiempo-en-semana-santa\/","title":{"rendered":"Actualizaci\u00f3n ultima hora. V\u00f3rtice en el Cabo de San Vicente. Previsi\u00f3n Mi\u00e9rcoles Santo. El tiempo en semana Santa."},"content":{"rendered":"<p><strong>Hola \u00a0amigos de la meteo, son las cuatro y media de la tarde y se est\u00e1n cumpliendo <a href=\"https:\/\/blogs.diariosur.es\/tormentas-y-rayos\/\">las previsiones que daba esta ma\u00f1ana en el blog,<\/a> \u00a0y el nazareno triste es el protagonista en muchos puntos de Cordoba y de Sevilla, donde se han suspendido procesiones.<\/strong><\/p>\n<p><strong> Desde el\u00a0mediod\u00eda\u00a0caen chubascos\u00a0espor\u00e1dicos\u00a0por algunos puntos de la provincia malague\u00f1a. Incluso en la Capital han\u00a0ca\u00eddo\u00a0goterones, pero poca cosa.<\/strong><\/p>\n<p><strong>Os paso una\u00a0im\u00e1genes\u00a0del radar recientes de casi toda\u00a0Andaluc\u00eda. Los chubascos mas fuertes se\u00a0est\u00e1n\u00a0dando en la zona occidental de\u00a0Andaluc\u00eda. Fuente Aemet.<\/strong><\/p>\n<p><a href=\"https:\/\/blogs.diariosur.es\/tormentas-y-rayos\/2013\/03\/27\/actualizacion-ultima-hora-vortice-en-el-cabo-de-san-vicente-prevision-miercoles-santo-el-tiempo-en-semana-santa\/ch\/\" rel=\"attachment wp-att-5440\"><img loading=\"lazy\" class=\"aligncenter size-full wp-image-5440\" title=\"ch\" src=\"\/tormentas-y-rayos\/wp-content\/uploads\/sites\/12\/2013\/03\/ch.jpg\" alt=\"\" width=\"654\" height=\"662\" srcset=\"https:\/\/static-blogs.diariosur.es\/wp-content\/uploads\/sites\/12\/2013\/03\/ch.jpg 654w, https:\/\/static-blogs.diariosur.es\/wp-content\/uploads\/sites\/12\/2013\/03\/ch-395x400.jpg 395w\" sizes=\"(max-width: 654px) 100vw, 654px\" \/><\/a><\/p>\n<p><a href=\"https:\/\/blogs.diariosur.es\/tormentas-y-rayos\/2013\/03\/27\/actualizacion-ultima-hora-vortice-en-el-cabo-de-san-vicente-prevision-miercoles-santo-el-tiempo-en-semana-santa\/chh\/\" rel=\"attachment wp-att-5441\"><img loading=\"lazy\" class=\"aligncenter size-full wp-image-5441\" title=\"chh\" src=\"\/tormentas-y-rayos\/wp-content\/uploads\/sites\/12\/2013\/03\/chh.jpg\" alt=\"\" width=\"651\" height=\"684\" srcset=\"https:\/\/static-blogs.diariosur.es\/wp-content\/uploads\/sites\/12\/2013\/03\/chh.jpg 651w, https:\/\/static-blogs.diariosur.es\/wp-content\/uploads\/sites\/12\/2013\/03\/chh-381x400.jpg 381w\" sizes=\"(max-width: 651px) 100vw, 651px\" \/><\/a><\/p>\n<p><strong>Pero lo que a mi en particular me mosquea, es un\u00a0v\u00f3rtice\u00a0que se ve cerca del Cabo de San Vicente y que tiene sentido\u00a0cicl\u00f3nico. Es decir que se mueve al contrario de las agujas de un reloj.<\/strong><\/p>\n<p><strong>Esas nubes si traen mas lluvias, os paso una imagen del visible del satelite Eutmesat.<\/strong><\/p>\n<p><a href=\"https:\/\/blogs.diariosur.es\/tormentas-y-rayos\/2013\/03\/27\/actualizacion-ultima-hora-vortice-en-el-cabo-de-san-vicente-prevision-miercoles-santo-el-tiempo-en-semana-santa\/vortice\/\" rel=\"attachment wp-att-5442\"><img loading=\"lazy\" class=\"aligncenter size-medium wp-image-5442\" title=\"vortice\" src=\"\/tormentas-y-rayos\/wp-content\/uploads\/sites\/12\/2013\/03\/vortice.jpg\" alt=\"\" width=\"561\" height=\"400\" srcset=\"https:\/\/static-blogs.diariosur.es\/wp-content\/uploads\/sites\/12\/2013\/03\/vortice.jpg 747w, https:\/\/static-blogs.diariosur.es\/wp-content\/uploads\/sites\/12\/2013\/03\/vortice-562x400.jpg 562w\" sizes=\"(max-width: 561px) 100vw, 561px\" \/><\/a><\/p>\n<p><strong>En el radar de lluvias del instituto de\u00a0meteorolog\u00eda\u00a0de\u00a0Portugal\u00a0se ven esas lluvias que os comento<\/strong><\/p>\n<p><a href=\"https:\/\/blogs.diariosur.es\/tormentas-y-rayos\/2013\/03\/27\/actualizacion-ultima-hora-vortice-en-el-cabo-de-san-vicente-prevision-miercoles-santo-el-tiempo-en-semana-santa\/portugal-3\/\" rel=\"attachment wp-att-5443\"><img loading=\"lazy\" class=\"aligncenter size-full wp-image-5443\" title=\"portugal\" src=\"\/tormentas-y-rayos\/wp-content\/uploads\/sites\/12\/2013\/03\/portugal.jpg\" alt=\"\" width=\"622\" height=\"676\" srcset=\"https:\/\/static-blogs.diariosur.es\/wp-content\/uploads\/sites\/12\/2013\/03\/portugal.jpg 622w, https:\/\/static-blogs.diariosur.es\/wp-content\/uploads\/sites\/12\/2013\/03\/portugal-368x400.jpg 368w\" sizes=\"(max-width: 622px) 100vw, 622px\" \/><\/a><\/p>\n<p>&nbsp;<\/p>\n<p>&nbsp;<\/p>\n<p>&nbsp;<\/p>\n<p>&nbsp;<\/p>\n<p><strong>Seg\u00fan<\/strong><strong>\u00a0el movimiento que se aprecia en las\u00a0im\u00e1genes\u00a0del sat 24, me da la impresi\u00f3n que se mueve hacia la zona de C\u00e1diz.<span style=\"color: #ff0000;\"> Y pienso que\u00a0podr\u00eda\u00a0afectarnos durante la noche o madrugada.<\/span> \u00a0Yo\u00a0estar\u00eda\u00a0atento al radar durante todo lo que queda del\u00a0Mi\u00e9rcoles\u00a0Santo y madrugada del Jueves Santo por si nos afecta. Lo mismo al llegar a la zona del Golfo de Cadiz \u00a0y se deshace, pero no\u00a0estar\u00eda\u00a0de mas hacerle un seguimiento con el radar.\u00a0<\/strong><\/p>\n<p><strong>Poco mas que contar amigos, hasta ma\u00f1ana que con un poco de suerte veremos al nazareno feliz.<\/strong><\/p>\n<p><a href=\"https:\/\/blogs.diariosur.es\/tormentas-y-rayos\/2013\/03\/27\/actualizacion-ultima-hora-vortice-en-el-cabo-de-san-vicente-prevision-miercoles-santo-el-tiempo-en-semana-santa\/nazafelizjl-2-10\/\" rel=\"attachment wp-att-5444\"><img loading=\"lazy\" class=\"aligncenter size-full wp-image-5444\" title=\"NazaFelizJL (2)\" src=\"\/tormentas-y-rayos\/wp-content\/uploads\/sites\/12\/2013\/03\/NazaFelizJL-27.jpg\" alt=\"\" width=\"400\" height=\"459\" srcset=\"https:\/\/static-blogs.diariosur.es\/wp-content\/uploads\/sites\/12\/2013\/03\/NazaFelizJL-27.jpg 400w, https:\/\/static-blogs.diariosur.es\/wp-content\/uploads\/sites\/12\/2013\/03\/NazaFelizJL-27-349x400.jpg 349w\" sizes=\"(max-width: 400px) 100vw, 400px\" \/><\/a><\/p>\n","protected":false},"excerpt":{"rendered":"<p>Hola \u00a0amigos de la meteo, son las cuatro y media de la tarde y se est\u00e1n cumpliendo las previsiones que daba esta ma\u00f1ana en el blog, \u00a0y el nazareno triste es el protagonista en muchos puntos de Cordoba y de Sevilla, donde se han suspendido procesiones. Desde el\u00a0mediod\u00eda\u00a0caen chubascos\u00a0espor\u00e1dicos\u00a0por algunos puntos de la provincia malague\u00f1a. [&hellip;]<\/p>\n","protected":false},"author":16,"featured_media":5442,"comment_status":"open","ping_status":"closed","sticky":false,"template":"","format":"standard","meta":[],"categories":[2],"tags":[358,485,650,888,890,902,1028],"_links":{"self":[{"href":"https:\/\/blogs.diariosur.es\/tormentas-y-rayos\/wp-json\/wp\/v2\/posts\/5439"}],"collection":[{"href":"https:\/\/blogs.diariosur.es\/tormentas-y-rayos\/wp-json\/wp\/v2\/posts"}],"about":[{"href":"https:\/\/blogs.diariosur.es\/tormentas-y-rayos\/wp-json\/wp\/v2\/types\/post"}],"author":[{"embeddable":true,"href":"https:\/\/blogs.diariosur.es\/tormentas-y-rayos\/wp-json\/wp\/v2\/users\/16"}],"replies":[{"embeddable":true,"href":"https:\/\/blogs.diariosur.es\/tormentas-y-rayos\/wp-json\/wp\/v2\/comments?post=5439"}],"version-history":[{"count":0,"href":"https:\/\/blogs.diariosur.es\/tormentas-y-rayos\/wp-json\/wp\/v2\/posts\/5439\/revisions"}],"wp:featuredmedia":[{"embeddable":true,"href":"https:\/\/blogs.diariosur.es\/tormentas-y-rayos\/wp-json\/wp\/v2\/media\/5442"}],"wp:attachment":[{"href":"https:\/\/blogs.diariosur.es\/tormentas-y-rayos\/wp-json\/wp\/v2\/media?parent=5439"}],"wp:term":[{"taxonomy":"category","embeddable":true,"href":"https:\/\/blogs.diariosur.es\/tormentas-y-rayos\/wp-json\/wp\/v2\/categories?post=5439"},{"taxonomy":"post_tag","embeddable":true,"href":"https:\/\/blogs.diariosur.es\/tormentas-y-rayos\/wp-json\/wp\/v2\/tags?post=5439"}],"curies":[{"name":"wp","href":"https:\/\/api.w.org\/{rel}","templated":true}]}}