{"id":5448,"date":"2013-03-28T08:39:21","date_gmt":"2013-03-28T07:39:21","guid":{"rendered":"http:\/\/blogs.diariosur.es\/tormentas-y-rayos\/?p=5448"},"modified":"2013-03-28T08:39:21","modified_gmt":"2013-03-28T07:39:21","slug":"el-tiempo-en-semana-santa-prevision-jueves-santo-el-vortice-se-paseo-por-andalucia","status":"publish","type":"post","link":"https:\/\/blogs.diariosur.es\/tormentas-y-rayos\/2013\/03\/28\/el-tiempo-en-semana-santa-prevision-jueves-santo-el-vortice-se-paseo-por-andalucia\/","title":{"rendered":"El tiempo en Semana Santa. Previsi\u00f3n Jueves Santo. El v\u00f3rtice se paseo por Andalucia."},"content":{"rendered":"<p><strong>Buenos dias amigos de la meteo. Son las ocho de la ma\u00f1ana, registro 16 grados y los cielos est\u00e1n nubosos. <a href=\"https:\/\/blogs.diariosur.es\/tormentas-y-rayos\/2013\/03\/27\/actualizacion-ultima-hora-vortice-en-el-cabo-de-san-vicente-prevision-miercoles-santo-el-tiempo-en-semana-santa\/\">Ayer os abr\u00ed un post de \u00faltima hora por la tarde, donde os comentaba que me daba mala espina un v\u00f3rtice que hab\u00eda en el Cabo de San Vicente.<\/a> Ese v\u00f3rtice se ha paseado por la provincia malague\u00f1a a partir de la una de la madrugada, dejando chubascos tanto en la provincia como en la capital sobre las dos de la ma\u00f1ana. Hasta las cinco de la ma\u00f1ana ha estado cayendo chubascos d\u00e9biles en la Capital Malague\u00f1a.\u00a0<\/strong><\/p>\n<p><strong>Os paso una imagen de ayer por la tarde del\u00a0v\u00f3rtice\u00a0y otra de esta pasada madrugada.<\/strong><\/p>\n<p><a href=\"https:\/\/blogs.diariosur.es\/tormentas-y-rayos\/2013\/03\/28\/el-tiempo-en-semana-santa-prevision-jueves-santo-el-vortice-se-paseo-por-andalucia\/tres-de\/\" rel=\"attachment wp-att-5449\"><img loading=\"lazy\" class=\"aligncenter size-medium wp-image-5449\" title=\"tres de\" src=\"\/tormentas-y-rayos\/wp-content\/uploads\/sites\/12\/2013\/03\/tres-de.jpg\" alt=\"\" width=\"479\" height=\"400\" srcset=\"https:\/\/static-blogs.diariosur.es\/wp-content\/uploads\/sites\/12\/2013\/03\/tres-de.jpg 759w, https:\/\/static-blogs.diariosur.es\/wp-content\/uploads\/sites\/12\/2013\/03\/tres-de-480x400.jpg 480w\" sizes=\"(max-width: 479px) 100vw, 479px\" \/><\/a><\/p>\n<p>&nbsp;<\/p>\n<p>&nbsp;<\/p>\n<p>&nbsp;<\/p>\n<p>&nbsp;<\/p>\n<p><a href=\"https:\/\/blogs.diariosur.es\/tormentas-y-rayos\/2013\/03\/28\/el-tiempo-en-semana-santa-prevision-jueves-santo-el-vortice-se-paseo-por-andalucia\/vortice-madrugada-jueves\/\" rel=\"attachment wp-att-5450\"><img loading=\"lazy\" class=\"aligncenter size-medium wp-image-5450\" title=\"vortice madrugada jueves\" src=\"\/tormentas-y-rayos\/wp-content\/uploads\/sites\/12\/2013\/03\/vortice-madrugada-jueves.jpg\" alt=\"\" width=\"547\" height=\"400\" srcset=\"https:\/\/static-blogs.diariosur.es\/wp-content\/uploads\/sites\/12\/2013\/03\/vortice-madrugada-jueves.jpg 723w, https:\/\/static-blogs.diariosur.es\/wp-content\/uploads\/sites\/12\/2013\/03\/vortice-madrugada-jueves-548x400.jpg 548w\" sizes=\"(max-width: 547px) 100vw, 547px\" \/><\/a><\/p>\n<p><strong>Decisi\u00f3n correcta del Hermano Mayor y Junta de la Expiraci\u00f3n de no salir. El Viernes de Dolores estuve hablando con \u00e9l en \u00a0Onda Cero y le comentaba que la meteo puede cambiar en pocas horas. Le dije que el blog lo actualizaba todos los d\u00edas e incluso dos veces por si hab\u00eda cambios de ultima hora como paso ayer, ya que los pron\u00f3sticos no daban lluvias en la madrugada del Jueves Santo, pero al final se dieron.<\/strong><\/p>\n<p><strong>Hoy no me he podido\u00a0resistir\u00a0y he tirado para la playa a las siete menos cuarto, el amanecer ha sido precioso. Se lo quiero dedicar a mi amigo Jose Manuel que lo paso ayer fatal. Un abrazo y hoy disfruta de las procesiones.<\/strong><\/p>\n<p><a href=\"https:\/\/blogs.diariosur.es\/tormentas-y-rayos\/2013\/03\/28\/el-tiempo-en-semana-santa-prevision-jueves-santo-el-vortice-se-paseo-por-andalucia\/olympus-digital-camera-1227\/\" rel=\"attachment wp-att-5451\"><img loading=\"lazy\" class=\"aligncenter size-full wp-image-5451\" title=\"OLYMPUS DIGITAL CAMERA\" src=\"\/tormentas-y-rayos\/wp-content\/uploads\/sites\/12\/2013\/03\/jose-manuel.jpg\" alt=\"\" width=\"670\" height=\"438\" srcset=\"https:\/\/static-blogs.diariosur.es\/wp-content\/uploads\/sites\/12\/2013\/03\/jose-manuel.jpg 670w, https:\/\/static-blogs.diariosur.es\/wp-content\/uploads\/sites\/12\/2013\/03\/jose-manuel-612x400.jpg 612w\" sizes=\"(max-width: 670px) 100vw, 670px\" \/><\/a><\/p>\n<p><span style=\"color: #ff0000;\"><strong>A QUE ESTABAIS DESEANDO VER ESTE NAZARENO<\/strong><\/span><\/p>\n<p><a href=\"https:\/\/blogs.diariosur.es\/tormentas-y-rayos\/2013\/03\/28\/el-tiempo-en-semana-santa-prevision-jueves-santo-el-vortice-se-paseo-por-andalucia\/nazafelizjl-2-11\/\" rel=\"attachment wp-att-5452\"><img loading=\"lazy\" class=\"aligncenter size-full wp-image-5452\" title=\"NazaFelizJL (2)\" src=\"\/tormentas-y-rayos\/wp-content\/uploads\/sites\/12\/2013\/03\/NazaFelizJL-28.jpg\" alt=\"\" width=\"400\" height=\"459\" srcset=\"https:\/\/static-blogs.diariosur.es\/wp-content\/uploads\/sites\/12\/2013\/03\/NazaFelizJL-28.jpg 400w, https:\/\/static-blogs.diariosur.es\/wp-content\/uploads\/sites\/12\/2013\/03\/NazaFelizJL-28-349x400.jpg 349w\" sizes=\"(max-width: 400px) 100vw, 400px\" \/><\/a><\/p>\n<p><strong>Pues si amigos, si no hay cambios de ultima hora,<span style=\"color: #ff00ff;\">( una mariposa no mete la pata \u00a0aleteando las alas y si no surge otro\u00a0v\u00f3rtice jejejeje<\/span>), tendremos un Jueves Santo sin sobresaltos. Me refiero hasta las doce de la noche, ya que a partir de esa hora es Viernes Santo.<\/strong><\/p>\n<p><strong>Hay que estar atentos a la nueva borrasca que ya se ve en el\u00a0Atl\u00e1ntico con su frente asociado. fuente eumetsat meteogalicia.<\/strong><\/p>\n<p><a href=\"https:\/\/blogs.diariosur.es\/tormentas-y-rayos\/2013\/03\/28\/el-tiempo-en-semana-santa-prevision-jueves-santo-el-vortice-se-paseo-por-andalucia\/borrasca-niernes\/\" rel=\"attachment wp-att-5453\"><img loading=\"lazy\" class=\"aligncenter size-medium wp-image-5453\" title=\"borrasca niernes\" src=\"\/tormentas-y-rayos\/wp-content\/uploads\/sites\/12\/2013\/03\/borrasca-niernes.jpg\" alt=\"\" width=\"570\" height=\"400\" srcset=\"https:\/\/static-blogs.diariosur.es\/wp-content\/uploads\/sites\/12\/2013\/03\/borrasca-niernes.jpg 752w, https:\/\/static-blogs.diariosur.es\/wp-content\/uploads\/sites\/12\/2013\/03\/borrasca-niernes-571x400.jpg 571w\" sizes=\"(max-width: 570px) 100vw, 570px\" \/><\/a><\/p>\n<p>&nbsp;<\/p>\n<p>&nbsp;<\/p>\n<p><span style=\"color: #ff00ff;\"><strong>\u00a0De todas formas todos los modelos no dan lluvias en nuestra provincia hasta el viernes por \u00a0noche o de madrugada, y como siempre os digo el radar una herramienta muy importante.<\/strong><\/span><\/p>\n<p><strong>Os dejo con una foto de los Salesianos que tome ayer.<\/strong><\/p>\n<p><a href=\"https:\/\/blogs.diariosur.es\/tormentas-y-rayos\/2013\/03\/28\/el-tiempo-en-semana-santa-prevision-jueves-santo-el-vortice-se-paseo-por-andalucia\/olympus-digital-camera-1228\/\" rel=\"attachment wp-att-5454\"><img loading=\"lazy\" class=\"aligncenter size-full wp-image-5454\" title=\"OLYMPUS DIGITAL CAMERA\" src=\"\/tormentas-y-rayos\/wp-content\/uploads\/sites\/12\/2013\/03\/0015.jpg\" alt=\"\" width=\"400\" height=\"533\" srcset=\"https:\/\/static-blogs.diariosur.es\/wp-content\/uploads\/sites\/12\/2013\/03\/0015.jpg 400w, https:\/\/static-blogs.diariosur.es\/wp-content\/uploads\/sites\/12\/2013\/03\/0015-300x400.jpg 300w\" sizes=\"(max-width: 400px) 100vw, 400px\" \/><\/a><\/p>\n<p>&nbsp;<\/p>\n","protected":false},"excerpt":{"rendered":"<p>Buenos dias amigos de la meteo. Son las ocho de la ma\u00f1ana, registro 16 grados y los cielos est\u00e1n nubosos. Ayer os abr\u00ed un post de \u00faltima hora por la tarde, donde os comentaba que me daba mala espina un v\u00f3rtice que hab\u00eda en el Cabo de San Vicente. Ese v\u00f3rtice se ha paseado por [&hellip;]<\/p>\n","protected":false},"author":16,"featured_media":5454,"comment_status":"open","ping_status":"closed","sticky":false,"template":"","format":"standard","meta":[],"categories":[2],"tags":[358,536,888,890,902],"_links":{"self":[{"href":"https:\/\/blogs.diariosur.es\/tormentas-y-rayos\/wp-json\/wp\/v2\/posts\/5448"}],"collection":[{"href":"https:\/\/blogs.diariosur.es\/tormentas-y-rayos\/wp-json\/wp\/v2\/posts"}],"about":[{"href":"https:\/\/blogs.diariosur.es\/tormentas-y-rayos\/wp-json\/wp\/v2\/types\/post"}],"author":[{"embeddable":true,"href":"https:\/\/blogs.diariosur.es\/tormentas-y-rayos\/wp-json\/wp\/v2\/users\/16"}],"replies":[{"embeddable":true,"href":"https:\/\/blogs.diariosur.es\/tormentas-y-rayos\/wp-json\/wp\/v2\/comments?post=5448"}],"version-history":[{"count":0,"href":"https:\/\/blogs.diariosur.es\/tormentas-y-rayos\/wp-json\/wp\/v2\/posts\/5448\/revisions"}],"wp:featuredmedia":[{"embeddable":true,"href":"https:\/\/blogs.diariosur.es\/tormentas-y-rayos\/wp-json\/wp\/v2\/media\/5454"}],"wp:attachment":[{"href":"https:\/\/blogs.diariosur.es\/tormentas-y-rayos\/wp-json\/wp\/v2\/media?parent=5448"}],"wp:term":[{"taxonomy":"category","embeddable":true,"href":"https:\/\/blogs.diariosur.es\/tormentas-y-rayos\/wp-json\/wp\/v2\/categories?post=5448"},{"taxonomy":"post_tag","embeddable":true,"href":"https:\/\/blogs.diariosur.es\/tormentas-y-rayos\/wp-json\/wp\/v2\/tags?post=5448"}],"curies":[{"name":"wp","href":"https:\/\/api.w.org\/{rel}","templated":true}]}}