{"id":5456,"date":"2013-03-29T09:08:49","date_gmt":"2013-03-29T08:08:49","guid":{"rendered":"http:\/\/blogs.diariosur.es\/tormentas-y-rayos\/?p=5456"},"modified":"2013-03-29T09:08:49","modified_gmt":"2013-03-29T08:08:49","slug":"el-tiempo-en-semana-santa-prevision-viernes-santo-probabilidad-de-chubascos-esporadicos","status":"publish","type":"post","link":"https:\/\/blogs.diariosur.es\/tormentas-y-rayos\/2013\/03\/29\/el-tiempo-en-semana-santa-prevision-viernes-santo-probabilidad-de-chubascos-esporadicos\/","title":{"rendered":"El tiempo en Semana Santa. Previsi\u00f3n Viernes Santo, probabilidad de chubascos espor\u00e1dicos."},"content":{"rendered":"<p><a href=\"https:\/\/blogs.diariosur.es\/tormentas-y-rayos\/2013\/03\/29\/actualizacion-ultima-hora-viernes-santo-posible-masa-humedad-subtropical-para-esta-madrugada\/\"><br \/>\n<\/a><\/p>\n<p><strong><a href=\"https:\/\/blogs.diariosur.es\/tormentas-y-rayos\/2013\/03\/29\/actualizacion-ultima-hora-viernes-santo-posible-masa-humedad-subtropical-para-esta-madrugada\/\">ACTUALIZACION ULTIMA HORA<\/a><\/strong><\/p>\n<p>&nbsp;<\/p>\n<p><strong>Buenos dias amigos de la meteo. <\/strong><\/p>\n<p><strong>Son las seis \u00a0de la ma\u00f1ana, registro 16 grados y caen gotas en mi zona. . Viendo mapas y modelos, el mes de abril comenzara\u00a0tambi\u00e9n\u00a0lluviosos. Seguiremos viendo estos cielos\u00a0como el de esta preciosa foto que me manda desde Mallorca mi amiga Maria Canals Esteva, se distingue al fondo un arcus.\u00a0<\/strong><\/p>\n<p>&nbsp;<\/p>\n<p><a href=\"https:\/\/blogs.diariosur.es\/tormentas-y-rayos\/2013\/03\/29\/el-tiempo-en-semana-santa-prevision-viernes-santo-probabilidad-de-chubascos-esporadicos\/maria-canals-esteva-3\/\" rel=\"attachment wp-att-5510\"><img loading=\"lazy\" class=\"aligncenter size-full wp-image-5510\" title=\"maria-Canals-esteva\" src=\"\/tormentas-y-rayos\/wp-content\/uploads\/sites\/12\/2013\/03\/maria-Canals-esteva2.jpg\" alt=\"\" width=\"400\" height=\"535\" srcset=\"https:\/\/static-blogs.diariosur.es\/wp-content\/uploads\/sites\/12\/2013\/03\/maria-Canals-esteva2.jpg 400w, https:\/\/static-blogs.diariosur.es\/wp-content\/uploads\/sites\/12\/2013\/03\/maria-Canals-esteva2-299x400.jpg 299w\" sizes=\"(max-width: 400px) 100vw, 400px\" \/><\/a><\/p>\n<p><strong>Si me permit\u00eds, os hare antes de la previsi\u00f3n \u00a0del Viernes Santo un peque\u00f1o resumen del Jueves Santo, \u00a0de esta manera me da tiempo a ver mapas actualizados para hoy.<\/strong><\/p>\n<p><strong>La m\u00e1xima de ayer fue de 22,4 grados, los cielos estuvieron algo nubosos y el terral de primavera fue el protagonista, d\u00e1ndose rachas de 40 km\/h.<\/strong><\/p>\n<p><strong>\u00a0Mientras media M\u00e1laga ve\u00eda el desembarco de los legionarios, mi cofrad\u00eda hacia el traslado de la Hermandad del Sagrado Descendimiento y M\u00aa Stma. de las Angustias en la Capilla del Hospital Noble. Os invito el a\u00f1o que viene a verla, merece la pena.<\/strong><\/p>\n<p><a href=\"https:\/\/blogs.diariosur.es\/tormentas-y-rayos\/2013\/03\/29\/el-tiempo-en-semana-santa-prevision-viernes-santo-probabilidad-de-chubascos-esporadicos\/olympus-digital-camera-1229\/\" rel=\"attachment wp-att-5458\"><img loading=\"lazy\" class=\"aligncenter size-full wp-image-5458\" title=\"OLYMPUS DIGITAL CAMERA\" src=\"\/tormentas-y-rayos\/wp-content\/uploads\/sites\/12\/2013\/03\/033.jpg\" alt=\"\" width=\"670\" height=\"503\" srcset=\"https:\/\/static-blogs.diariosur.es\/wp-content\/uploads\/sites\/12\/2013\/03\/033.jpg 670w, https:\/\/static-blogs.diariosur.es\/wp-content\/uploads\/sites\/12\/2013\/03\/033-533x400.jpg 533w\" sizes=\"(max-width: 670px) 100vw, 670px\" \/><\/a><\/p>\n<p>&nbsp;<\/p>\n<p><strong>Pero no solo hab\u00eda gente viendo la Semana Santa, muchos decidieron aprovechar el sol \u00a0para pasear y relajarse.<\/strong><\/p>\n<p><a href=\"https:\/\/blogs.diariosur.es\/tormentas-y-rayos\/2013\/03\/29\/el-tiempo-en-semana-santa-prevision-viernes-santo-probabilidad-de-chubascos-esporadicos\/olympus-digital-camera-1230\/\" rel=\"attachment wp-att-5459\"><img loading=\"lazy\" class=\"aligncenter size-full wp-image-5459\" title=\"OLYMPUS DIGITAL CAMERA\" src=\"\/tormentas-y-rayos\/wp-content\/uploads\/sites\/12\/2013\/03\/0391.jpg\" alt=\"\" width=\"670\" height=\"503\" srcset=\"https:\/\/static-blogs.diariosur.es\/wp-content\/uploads\/sites\/12\/2013\/03\/0391.jpg 670w, https:\/\/static-blogs.diariosur.es\/wp-content\/uploads\/sites\/12\/2013\/03\/0391-533x400.jpg 533w\" sizes=\"(max-width: 670px) 100vw, 670px\" \/><\/a><\/p>\n<p><a href=\"https:\/\/blogs.diariosur.es\/tormentas-y-rayos\/2013\/03\/29\/el-tiempo-en-semana-santa-prevision-viernes-santo-probabilidad-de-chubascos-esporadicos\/olympus-digital-camera-1231\/\" rel=\"attachment wp-att-5460\"><img loading=\"lazy\" class=\"aligncenter size-full wp-image-5460\" title=\"OLYMPUS DIGITAL CAMERA\" src=\"\/tormentas-y-rayos\/wp-content\/uploads\/sites\/12\/2013\/03\/0402.jpg\" alt=\"\" width=\"670\" height=\"503\" srcset=\"https:\/\/static-blogs.diariosur.es\/wp-content\/uploads\/sites\/12\/2013\/03\/0402.jpg 670w, https:\/\/static-blogs.diariosur.es\/wp-content\/uploads\/sites\/12\/2013\/03\/0402-533x400.jpg 533w\" sizes=\"(max-width: 670px) 100vw, 670px\" \/><\/a><\/p>\n<p><strong>Por la noche el terral de primavera fue aflojando, la temperatura\u00a0segu\u00eda\u00a0muy agradable y las calles de M\u00e1laga estaban a rebozar para ver los tronos.<\/strong><\/p>\n<p><a href=\"https:\/\/blogs.diariosur.es\/tormentas-y-rayos\/2013\/03\/29\/el-tiempo-en-semana-santa-prevision-viernes-santo-probabilidad-de-chubascos-esporadicos\/olympus-digital-camera-1232\/\" rel=\"attachment wp-att-5461\"><img loading=\"lazy\" class=\"aligncenter size-full wp-image-5461\" title=\"OLYMPUS DIGITAL CAMERA\" src=\"\/tormentas-y-rayos\/wp-content\/uploads\/sites\/12\/2013\/03\/055.jpg\" alt=\"\" width=\"670\" height=\"503\" srcset=\"https:\/\/static-blogs.diariosur.es\/wp-content\/uploads\/sites\/12\/2013\/03\/055.jpg 670w, https:\/\/static-blogs.diariosur.es\/wp-content\/uploads\/sites\/12\/2013\/03\/055-533x400.jpg 533w\" sizes=\"(max-width: 670px) 100vw, 670px\" \/><\/a><\/p>\n<p><a href=\"https:\/\/blogs.diariosur.es\/tormentas-y-rayos\/2013\/03\/29\/el-tiempo-en-semana-santa-prevision-viernes-santo-probabilidad-de-chubascos-esporadicos\/olympus-digital-camera-1234\/\" rel=\"attachment wp-att-5463\"><img loading=\"lazy\" class=\"aligncenter size-full wp-image-5463\" title=\"OLYMPUS DIGITAL CAMERA\" src=\"\/tormentas-y-rayos\/wp-content\/uploads\/sites\/12\/2013\/03\/0771.jpg\" alt=\"\" width=\"670\" height=\"503\" srcset=\"https:\/\/static-blogs.diariosur.es\/wp-content\/uploads\/sites\/12\/2013\/03\/0771.jpg 670w, https:\/\/static-blogs.diariosur.es\/wp-content\/uploads\/sites\/12\/2013\/03\/0771-533x400.jpg 533w\" sizes=\"(max-width: 670px) 100vw, 670px\" \/><\/a><\/p>\n<p><span style=\"color: #ff0000;\"><strong>Bueno amigos vamos con la previsi\u00f3n del tiempo para hoy Viernes Santo y luego os pongo varias fotos del amanecer de hoy, que se las dedico a nuestro fiel seguidor del blog Paco.<\/strong><\/span><\/p>\n<p><a href=\"https:\/\/blogs.diariosur.es\/tormentas-y-rayos\/2013\/03\/29\/el-tiempo-en-semana-santa-prevision-viernes-santo-probabilidad-de-chubascos-esporadicos\/nazaseriojl-2-8\/\" rel=\"attachment wp-att-5464\"><img loading=\"lazy\" class=\"aligncenter size-full wp-image-5464\" title=\"NazaSerioJL (2)\" src=\"\/tormentas-y-rayos\/wp-content\/uploads\/sites\/12\/2013\/03\/NazaSerioJL-25.jpg\" alt=\"\" width=\"400\" height=\"465\" srcset=\"https:\/\/static-blogs.diariosur.es\/wp-content\/uploads\/sites\/12\/2013\/03\/NazaSerioJL-25.jpg 400w, https:\/\/static-blogs.diariosur.es\/wp-content\/uploads\/sites\/12\/2013\/03\/NazaSerioJL-25-344x400.jpg 344w\" sizes=\"(max-width: 400px) 100vw, 400px\" \/><\/a><\/p>\n<p>&nbsp;<\/p>\n<p><strong>Siento comunicaros que hoy ser\u00e1 otro dia para mirar al cielo y sobre todo al radar de lluvias. Seguimos bajo la influencia de una potente borrasca. Fuenete meteociel gfs.<\/strong><\/p>\n<p><a href=\"https:\/\/blogs.diariosur.es\/tormentas-y-rayos\/2013\/03\/29\/el-tiempo-en-semana-santa-prevision-viernes-santo-probabilidad-de-chubascos-esporadicos\/isobaras-4\/\" rel=\"attachment wp-att-5465\"><img loading=\"lazy\" class=\"aligncenter size-medium wp-image-5465\" title=\"isobaras\" src=\"\/tormentas-y-rayos\/wp-content\/uploads\/sites\/12\/2013\/03\/isobaras.jpg\" alt=\"\" width=\"600\" height=\"365\" srcset=\"https:\/\/static-blogs.diariosur.es\/wp-content\/uploads\/sites\/12\/2013\/03\/isobaras.jpg 767w, https:\/\/static-blogs.diariosur.es\/wp-content\/uploads\/sites\/12\/2013\/03\/isobaras-640x390.jpg 640w\" sizes=\"(max-width: 600px) 100vw, 600px\" \/><\/a><\/p>\n<p>&nbsp;<\/p>\n<p><strong>Esta borrasca sigue mandando masas nubosas muy h\u00famedas que desde esta madrugada cruzan la Pen\u00ednsula Ib\u00e9rica. Por este motivo esta ma\u00f1ana ca\u00edan unas leves gotas. Os paso una imagen del satelite eumetsat. Fuente Meteogalicia.<\/strong><\/p>\n<p><a href=\"https:\/\/blogs.diariosur.es\/tormentas-y-rayos\/2013\/03\/29\/el-tiempo-en-semana-santa-prevision-viernes-santo-probabilidad-de-chubascos-esporadicos\/borrasca-31\/\" rel=\"attachment wp-att-5466\"><img loading=\"lazy\" class=\"aligncenter size-medium wp-image-5466\" title=\"borrasca\" src=\"\/tormentas-y-rayos\/wp-content\/uploads\/sites\/12\/2013\/03\/borrasca3.jpg\" alt=\"\" width=\"577\" height=\"400\" srcset=\"https:\/\/static-blogs.diariosur.es\/wp-content\/uploads\/sites\/12\/2013\/03\/borrasca3.jpg 755w, https:\/\/static-blogs.diariosur.es\/wp-content\/uploads\/sites\/12\/2013\/03\/borrasca3-577x400.jpg 577w\" sizes=\"(max-width: 577px) 100vw, 577px\" \/><\/a><\/p>\n<p><strong>En el radar de la Aemet se ve claramente que ya hay chubascos afectando a las provincias mas occidentales Andaluzas ( Huelva, Sevilla y C\u00e1diz) cuando son las ocho y media de la ma\u00f1ana.\u00a0<\/strong><\/p>\n<p><a href=\"https:\/\/blogs.diariosur.es\/tormentas-y-rayos\/2013\/03\/29\/el-tiempo-en-semana-santa-prevision-viernes-santo-probabilidad-de-chubascos-esporadicos\/radar-28\/\" rel=\"attachment wp-att-5467\"><img loading=\"lazy\" class=\"aligncenter size-full wp-image-5467\" title=\"radar\" src=\"\/tormentas-y-rayos\/wp-content\/uploads\/sites\/12\/2013\/03\/radar6.jpg\" alt=\"\" width=\"609\" height=\"586\" srcset=\"https:\/\/static-blogs.diariosur.es\/wp-content\/uploads\/sites\/12\/2013\/03\/radar6.jpg 609w, https:\/\/static-blogs.diariosur.es\/wp-content\/uploads\/sites\/12\/2013\/03\/radar6-416x400.jpg 416w\" sizes=\"(max-width: 609px) 100vw, 609px\" \/><\/a><\/p>\n<p><strong>Seg\u00fan los modelos de lluvias, estos chubascos tambi\u00e9n se pueden dar en el interior de\u00a0 la provincia malague\u00f1a. No hay que descartarlos en la Capital, siendo por la noche o de madrugada cuando mas probabilidad hay. Es fundamental mirar el radar a partir de las cuatro de la tarde, que es cuando algunas cofrad\u00edas se preparan para salir.\u00a0<\/strong><\/p>\n<p><span style=\"color: #ff0000;\"><strong>De todas formas viendo las\u00a0im\u00e1genes\u00a0de los\u00a0sat\u00e9lites\u00a0las nubes no est\u00e1n muy\u00a0desarrolladas\u00a0y lo mismo caen cuatro gotas en la Capital, pero lo suficiente para pensarse si salir o no. A medida que pasen las horas esta ma\u00f1ana se vera mejor lo que pueda pasar y si esas nubes se\u00a0desarrollan\u00a0mas.<\/strong><\/span><\/p>\n<p><strong><span style=\"color: #ff00ff;\">Hoy de nuevo he estado fotografiando el\u00a0amanecer, ha estado precioso y mas en\u00a0compa\u00f1\u00eda\u00a0de dos amigos Miguel Angel P\u00e9rez cazador de rayos y nuestro amigo Pedro Toro cazador de los amaneceres malague\u00f1os. Hoy les comentaba a Pedro y a Miguel que habia todo tipo de nubes, impresionante los cielos de hoy.<\/span><\/strong><\/p>\n<p><strong>En esta primera foto vemos a Miguel preparando la\u00a0c\u00e1mara.<\/strong><\/p>\n<p><a href=\"https:\/\/blogs.diariosur.es\/tormentas-y-rayos\/2013\/03\/29\/el-tiempo-en-semana-santa-prevision-viernes-santo-probabilidad-de-chubascos-esporadicos\/olympus-digital-camera-1236\/\" rel=\"attachment wp-att-5469\"><img loading=\"lazy\" class=\"aligncenter size-full wp-image-5469\" title=\"OLYMPUS DIGITAL CAMERA\" src=\"\/tormentas-y-rayos\/wp-content\/uploads\/sites\/12\/2013\/03\/004_1.jpg\" alt=\"\" width=\"391\" height=\"522\" srcset=\"https:\/\/static-blogs.diariosur.es\/wp-content\/uploads\/sites\/12\/2013\/03\/004_1.jpg 391w, https:\/\/static-blogs.diariosur.es\/wp-content\/uploads\/sites\/12\/2013\/03\/004_1-300x400.jpg 300w\" sizes=\"(max-width: 391px) 100vw, 391px\" \/><\/a><\/p>\n<p>&nbsp;<\/p>\n<p><strong>Fijaros que cielos tan bonitos hemos tenido. Hasta lenticularis.<\/strong><\/p>\n<p><a href=\"https:\/\/blogs.diariosur.es\/tormentas-y-rayos\/2013\/03\/29\/el-tiempo-en-semana-santa-prevision-viernes-santo-probabilidad-de-chubascos-esporadicos\/olympus-digital-camera-1237\/\" rel=\"attachment wp-att-5470\"><img loading=\"lazy\" class=\"aligncenter size-full wp-image-5470\" title=\"OLYMPUS DIGITAL CAMERA\" src=\"\/tormentas-y-rayos\/wp-content\/uploads\/sites\/12\/2013\/03\/033_1.jpg\" alt=\"\" width=\"670\" height=\"503\" srcset=\"https:\/\/static-blogs.diariosur.es\/wp-content\/uploads\/sites\/12\/2013\/03\/033_1.jpg 670w, https:\/\/static-blogs.diariosur.es\/wp-content\/uploads\/sites\/12\/2013\/03\/033_1-533x400.jpg 533w\" sizes=\"(max-width: 670px) 100vw, 670px\" \/><\/a><\/p>\n<p><a href=\"https:\/\/blogs.diariosur.es\/tormentas-y-rayos\/2013\/03\/29\/el-tiempo-en-semana-santa-prevision-viernes-santo-probabilidad-de-chubascos-esporadicos\/olympus-digital-camera-1238\/\" rel=\"attachment wp-att-5471\"><img loading=\"lazy\" class=\"aligncenter size-full wp-image-5471\" title=\"OLYMPUS DIGITAL CAMERA\" src=\"\/tormentas-y-rayos\/wp-content\/uploads\/sites\/12\/2013\/03\/031.jpg\" alt=\"\" width=\"670\" height=\"503\" srcset=\"https:\/\/static-blogs.diariosur.es\/wp-content\/uploads\/sites\/12\/2013\/03\/031.jpg 670w, https:\/\/static-blogs.diariosur.es\/wp-content\/uploads\/sites\/12\/2013\/03\/031-533x400.jpg 533w\" sizes=\"(max-width: 670px) 100vw, 670px\" \/><\/a><\/p>\n<p><a href=\"https:\/\/blogs.diariosur.es\/tormentas-y-rayos\/2013\/03\/29\/el-tiempo-en-semana-santa-prevision-viernes-santo-probabilidad-de-chubascos-esporadicos\/olympus-digital-camera-1239\/\" rel=\"attachment wp-att-5472\"><img loading=\"lazy\" class=\"aligncenter size-full wp-image-5472\" title=\"OLYMPUS DIGITAL CAMERA\" src=\"\/tormentas-y-rayos\/wp-content\/uploads\/sites\/12\/2013\/03\/0291.jpg\" alt=\"\" width=\"670\" height=\"503\" srcset=\"https:\/\/static-blogs.diariosur.es\/wp-content\/uploads\/sites\/12\/2013\/03\/0291.jpg 670w, https:\/\/static-blogs.diariosur.es\/wp-content\/uploads\/sites\/12\/2013\/03\/0291-533x400.jpg 533w\" sizes=\"(max-width: 670px) 100vw, 670px\" \/><\/a><\/p>\n<p><a href=\"https:\/\/blogs.diariosur.es\/tormentas-y-rayos\/2013\/03\/29\/el-tiempo-en-semana-santa-prevision-viernes-santo-probabilidad-de-chubascos-esporadicos\/olympus-digital-camera-1240\/\" rel=\"attachment wp-att-5473\"><img loading=\"lazy\" class=\"aligncenter size-full wp-image-5473\" title=\"OLYMPUS DIGITAL CAMERA\" src=\"\/tormentas-y-rayos\/wp-content\/uploads\/sites\/12\/2013\/03\/0261.jpg\" alt=\"\" width=\"670\" height=\"503\" srcset=\"https:\/\/static-blogs.diariosur.es\/wp-content\/uploads\/sites\/12\/2013\/03\/0261.jpg 670w, https:\/\/static-blogs.diariosur.es\/wp-content\/uploads\/sites\/12\/2013\/03\/0261-533x400.jpg 533w\" sizes=\"(max-width: 670px) 100vw, 670px\" \/><\/a><\/p>\n<p><strong>Hasta ma\u00f1ana que os\u00a0dar\u00e9\u00a0la\u00a0previsi\u00f3n\u00a0del Domingo de\u00a0Resurrecci\u00f3n, que si no cambian los modelos se presenta lluvioso.<\/strong><\/p>\n","protected":false},"excerpt":{"rendered":"<p>ACTUALIZACION ULTIMA HORA &nbsp; Buenos dias amigos de la meteo. Son las seis \u00a0de la ma\u00f1ana, registro 16 grados y caen gotas en mi zona. . Viendo mapas y modelos, el mes de abril comenzara\u00a0tambi\u00e9n\u00a0lluviosos. Seguiremos viendo estos cielos\u00a0como el de esta preciosa foto que me manda desde Mallorca mi amiga Maria Canals Esteva, se [&hellip;]<\/p>\n","protected":false},"author":16,"featured_media":5509,"comment_status":"open","ping_status":"closed","sticky":false,"template":"","format":"standard","meta":[],"categories":[2],"tags":[13,358,410,809,888,890,902,1064],"_links":{"self":[{"href":"https:\/\/blogs.diariosur.es\/tormentas-y-rayos\/wp-json\/wp\/v2\/posts\/5456"}],"collection":[{"href":"https:\/\/blogs.diariosur.es\/tormentas-y-rayos\/wp-json\/wp\/v2\/posts"}],"about":[{"href":"https:\/\/blogs.diariosur.es\/tormentas-y-rayos\/wp-json\/wp\/v2\/types\/post"}],"author":[{"embeddable":true,"href":"https:\/\/blogs.diariosur.es\/tormentas-y-rayos\/wp-json\/wp\/v2\/users\/16"}],"replies":[{"embeddable":true,"href":"https:\/\/blogs.diariosur.es\/tormentas-y-rayos\/wp-json\/wp\/v2\/comments?post=5456"}],"version-history":[{"count":0,"href":"https:\/\/blogs.diariosur.es\/tormentas-y-rayos\/wp-json\/wp\/v2\/posts\/5456\/revisions"}],"wp:featuredmedia":[{"embeddable":true,"href":"https:\/\/blogs.diariosur.es\/tormentas-y-rayos\/wp-json\/wp\/v2\/media\/5509"}],"wp:attachment":[{"href":"https:\/\/blogs.diariosur.es\/tormentas-y-rayos\/wp-json\/wp\/v2\/media?parent=5456"}],"wp:term":[{"taxonomy":"category","embeddable":true,"href":"https:\/\/blogs.diariosur.es\/tormentas-y-rayos\/wp-json\/wp\/v2\/categories?post=5456"},{"taxonomy":"post_tag","embeddable":true,"href":"https:\/\/blogs.diariosur.es\/tormentas-y-rayos\/wp-json\/wp\/v2\/tags?post=5456"}],"curies":[{"name":"wp","href":"https:\/\/api.w.org\/{rel}","templated":true}]}}