{"id":5477,"date":"2013-03-29T17:05:17","date_gmt":"2013-03-29T16:05:17","guid":{"rendered":"http:\/\/blogs.diariosur.es\/tormentas-y-rayos\/?p=5477"},"modified":"2013-03-29T17:05:17","modified_gmt":"2013-03-29T16:05:17","slug":"actualizacion-ultima-hora-viernes-santo-posible-masa-humedad-subtropical-para-esta-madrugada","status":"publish","type":"post","link":"https:\/\/blogs.diariosur.es\/tormentas-y-rayos\/2013\/03\/29\/actualizacion-ultima-hora-viernes-santo-posible-masa-humedad-subtropical-para-esta-madrugada\/","title":{"rendered":"ACTUALIZACI\u00d3N ULTIMA HORA VIERNES SANTO:  POSIBLE MASA HUMEDAD SUBTROPICAL PARA ESTA MADRUGADA. EL TIEMPO EN SEMANA SANTA"},"content":{"rendered":"<p><strong>ACTUALIZACION ULTIMA HORA: VIERNES SANTO<\/strong><\/p>\n<p><strong>Buenas tardes amigos de la meteo. De momento el radar no muestra\u00a0precipitaci\u00f3n\u00a0en la provincia\u00a0malague\u00f1a como\u00a0pod\u00e9is\u00a0ver en esta imagen de las cinco de la tarde.<\/strong><\/p>\n<p>&nbsp;<\/p>\n<p>&nbsp;<\/p>\n<p><a href=\"https:\/\/blogs.diariosur.es\/tormentas-y-rayos\/2013\/03\/29\/el-tiempo-en-semana-santa-prevision-viernes-santo-probabilidad-de-chubascos-esporadicos\/radariltima-hora\/\" rel=\"attachment wp-att-5475\"><img loading=\"lazy\" title=\"radariltima hora\" src=\"\/tormentas-y-rayos\/wp-content\/uploads\/sites\/12\/2013\/03\/radariltima-hora.jpg\" alt=\"\" width=\"528\" height=\"400\" \/><\/a><\/p>\n<p>&nbsp;<\/p>\n<p><strong><span style=\"color: #ff0000;\">Pero hay que estar atentos a lo largo de la noche y sobre todo de \u00a0madrugada a una masa de nubes (<\/span><span style=\"color: #0000ff;\">\u00a0pluma <\/span><span style=\"color: #ff0000;\">) \u00a0que se acerca desde la zona mas occidental del Golfo de Cadiz. \u00a0Que puede afectar a\u00a0Andaluc\u00eda\u00a0y a nuestra provincia dejando algunos chubascos.\u00a0<\/span><\/strong><\/p>\n<p><a href=\"https:\/\/blogs.diariosur.es\/tormentas-y-rayos\/2013\/03\/29\/el-tiempo-en-semana-santa-prevision-viernes-santo-probabilidad-de-chubascos-esporadicos\/pluma\/\" rel=\"attachment wp-att-5476\"><img loading=\"lazy\" title=\"pluma\" src=\"\/tormentas-y-rayos\/wp-content\/uploads\/sites\/12\/2013\/03\/pluma.jpg\" alt=\"\" width=\"571\" height=\"400\" \/><\/a><\/p>\n<p>&nbsp;<\/p>\n<p><strong>Buenos dias amigos de la meteo.<\/strong><\/p>\n<p><strong>Son las seis \u00a0de la ma\u00f1ana, registro 16 grados y caen gotas en mi zona. . Viendo mapas y modelos, el mes de abril comenzara\u00a0tambi\u00e9n\u00a0lluviosos. Seguiremos viendo estos cielos\u00a0como el de esta preciosa foto que me manda desde Mallorca mi amiga Maria Canals Esteva, se distingue al fondo un arcus.\u00a0<\/strong><\/p>\n<p><a href=\"https:\/\/blogs.diariosur.es\/tormentas-y-rayos\/2013\/03\/29\/el-tiempo-en-semana-santa-prevision-viernes-santo-probabilidad-de-chubascos-esporadicos\/maria-canals-esteva\/\" rel=\"attachment wp-att-5457\"><img loading=\"lazy\" title=\"maria Canals esteva\" src=\"\/tormentas-y-rayos\/wp-content\/uploads\/sites\/12\/2013\/03\/maria-Canals-esteva.jpg\" alt=\"\" width=\"500\" height=\"669\" \/><\/a><\/p>\n<p>&nbsp;<\/p>\n<p><strong>Si me permit\u00eds, os hare antes de la previsi\u00f3n \u00a0del Viernes Santo un peque\u00f1o resumen del Jueves Santo, \u00a0de esta manera me da tiempo a ver mapas actualizados para hoy.<\/strong><\/p>\n<p><strong>La m\u00e1xima de ayer fue de 22,4 grados, los cielos estuvieron algo nubosos y el terral de primavera fue el protagonista, d\u00e1ndose rachas de 40 km\/h.<\/strong><\/p>\n<p><strong>\u00a0Mientras media M\u00e1laga ve\u00eda el desembarco de los legionarios, mi cofrad\u00eda hacia el traslado de la Hermandad del Sagrado Descendimiento y M\u00aa Stma. de las Angustias en la Capilla del Hospital Noble. Os invito el a\u00f1o que viene a verla, merece la pena.<\/strong><\/p>\n<p><a href=\"https:\/\/blogs.diariosur.es\/tormentas-y-rayos\/2013\/03\/29\/el-tiempo-en-semana-santa-prevision-viernes-santo-probabilidad-de-chubascos-esporadicos\/olympus-digital-camera-1229\/\" rel=\"attachment wp-att-5458\"><img loading=\"lazy\" title=\"OLYMPUS DIGITAL CAMERA\" src=\"\/tormentas-y-rayos\/wp-content\/uploads\/sites\/12\/2013\/03\/033.jpg\" alt=\"\" width=\"670\" height=\"503\" \/><\/a><\/p>\n<p>&nbsp;<\/p>\n<p><strong>Pero no solo hab\u00eda gente viendo la Semana Santa, muchos decidieron aprovechar el sol \u00a0para pasear y relajarse.<\/strong><\/p>\n<p><a href=\"https:\/\/blogs.diariosur.es\/tormentas-y-rayos\/2013\/03\/29\/el-tiempo-en-semana-santa-prevision-viernes-santo-probabilidad-de-chubascos-esporadicos\/olympus-digital-camera-1230\/\" rel=\"attachment wp-att-5459\"><img loading=\"lazy\" title=\"OLYMPUS DIGITAL CAMERA\" src=\"\/tormentas-y-rayos\/wp-content\/uploads\/sites\/12\/2013\/03\/0391.jpg\" alt=\"\" width=\"670\" height=\"503\" \/><\/a><\/p>\n<p><a href=\"https:\/\/blogs.diariosur.es\/tormentas-y-rayos\/2013\/03\/29\/el-tiempo-en-semana-santa-prevision-viernes-santo-probabilidad-de-chubascos-esporadicos\/olympus-digital-camera-1231\/\" rel=\"attachment wp-att-5460\"><img loading=\"lazy\" title=\"OLYMPUS DIGITAL CAMERA\" src=\"\/tormentas-y-rayos\/wp-content\/uploads\/sites\/12\/2013\/03\/0402.jpg\" alt=\"\" width=\"670\" height=\"503\" \/><\/a><\/p>\n<p><strong>Por la noche el terral de primavera fue aflojando, la temperatura\u00a0segu\u00eda\u00a0muy agradable y las calles de M\u00e1laga estaban a rebozar para ver los tronos.<\/strong><\/p>\n<p><a href=\"https:\/\/blogs.diariosur.es\/tormentas-y-rayos\/2013\/03\/29\/el-tiempo-en-semana-santa-prevision-viernes-santo-probabilidad-de-chubascos-esporadicos\/olympus-digital-camera-1232\/\" rel=\"attachment wp-att-5461\"><img loading=\"lazy\" title=\"OLYMPUS DIGITAL CAMERA\" src=\"\/tormentas-y-rayos\/wp-content\/uploads\/sites\/12\/2013\/03\/055.jpg\" alt=\"\" width=\"670\" height=\"503\" \/><\/a><\/p>\n<p><a href=\"https:\/\/blogs.diariosur.es\/tormentas-y-rayos\/2013\/03\/29\/el-tiempo-en-semana-santa-prevision-viernes-santo-probabilidad-de-chubascos-esporadicos\/olympus-digital-camera-1234\/\" rel=\"attachment wp-att-5463\"><img loading=\"lazy\" title=\"OLYMPUS DIGITAL CAMERA\" src=\"\/tormentas-y-rayos\/wp-content\/uploads\/sites\/12\/2013\/03\/0771.jpg\" alt=\"\" width=\"670\" height=\"503\" \/><\/a><\/p>\n<p><strong>Bueno amigos vamos con la previsi\u00f3n del tiempo para hoy Viernes Santo y luego os pongo varias fotos del amanecer de hoy, que se las dedico a nuestro fiel seguidor del blog Paco.<\/strong><\/p>\n<p><a href=\"https:\/\/blogs.diariosur.es\/tormentas-y-rayos\/2013\/03\/29\/el-tiempo-en-semana-santa-prevision-viernes-santo-probabilidad-de-chubascos-esporadicos\/nazaseriojl-2-8\/\" rel=\"attachment wp-att-5464\"><img loading=\"lazy\" title=\"NazaSerioJL (2)\" src=\"\/tormentas-y-rayos\/wp-content\/uploads\/sites\/12\/2013\/03\/NazaSerioJL-25.jpg\" alt=\"\" width=\"400\" height=\"465\" \/><\/a><\/p>\n<p>&nbsp;<\/p>\n<p><strong>Siento comunicaros que hoy ser\u00e1 otro dia para mirar al cielo y sobre todo al radar de lluvias. Seguimos bajo la influencia de una potente borrasca. Fuenete meteociel gfs.<\/strong><\/p>\n<p><a href=\"https:\/\/blogs.diariosur.es\/tormentas-y-rayos\/2013\/03\/29\/el-tiempo-en-semana-santa-prevision-viernes-santo-probabilidad-de-chubascos-esporadicos\/isobaras-4\/\" rel=\"attachment wp-att-5465\"><img loading=\"lazy\" title=\"isobaras\" src=\"\/tormentas-y-rayos\/wp-content\/uploads\/sites\/12\/2013\/03\/isobaras.jpg\" alt=\"\" width=\"600\" height=\"365\" \/><\/a><\/p>\n<p>&nbsp;<\/p>\n<p><strong>Esta borrasca sigue mandando masas nubosas muy h\u00famedas que desde esta madrugada cruzan la Pen\u00ednsula Ib\u00e9rica. Por este motivo esta ma\u00f1ana ca\u00edan unas leves gotas. Os paso una imagen del satelite eumetsat. Fuente Meteogalicia.<\/strong><\/p>\n<p><a href=\"https:\/\/blogs.diariosur.es\/tormentas-y-rayos\/2013\/03\/29\/el-tiempo-en-semana-santa-prevision-viernes-santo-probabilidad-de-chubascos-esporadicos\/borrasca-31\/\" rel=\"attachment wp-att-5466\"><img loading=\"lazy\" title=\"borrasca\" src=\"\/tormentas-y-rayos\/wp-content\/uploads\/sites\/12\/2013\/03\/borrasca3.jpg\" alt=\"\" width=\"577\" height=\"400\" \/><\/a><\/p>\n<p><strong>En el radar de la Aemet se ve claramente que ya hay chubascos afectando a las provincias mas occidentales Andaluzas ( Huelva, Sevilla y C\u00e1diz) cuando son las ocho y media de la ma\u00f1ana.\u00a0<\/strong><\/p>\n<p><a href=\"https:\/\/blogs.diariosur.es\/tormentas-y-rayos\/2013\/03\/29\/el-tiempo-en-semana-santa-prevision-viernes-santo-probabilidad-de-chubascos-esporadicos\/radar-28\/\" rel=\"attachment wp-att-5467\"><img loading=\"lazy\" title=\"radar\" src=\"\/tormentas-y-rayos\/wp-content\/uploads\/sites\/12\/2013\/03\/radar6.jpg\" alt=\"\" width=\"609\" height=\"586\" \/><\/a><\/p>\n<p><strong>Seg\u00fan los modelos de lluvias, estos chubascos tambi\u00e9n se pueden dar en el interior de\u00a0 la provincia malague\u00f1a. No hay que descartarlos en la Capital, siendo por la noche o de madrugada cuando mas probabilidad hay. Es fundamental mirar el radar a partir de las cuatro de la tarde, que es cuando algunas cofrad\u00edas se preparan para salir.\u00a0<\/strong><\/p>\n<p><strong>De todas formas viendo las\u00a0im\u00e1genes\u00a0de los\u00a0sat\u00e9lites\u00a0las nubes no est\u00e1n muy\u00a0desarrolladas\u00a0y lo mismo caen cuatro gotas en la Capital, pero lo suficiente para pensarse si salir o no. A medida que pasen las horas esta ma\u00f1ana se vera mejor lo que pueda pasar y si esas nubes se\u00a0desarrollan\u00a0mas.<\/strong><\/p>\n<p><strong>Hoy de nuevo he estado fotografiando el\u00a0amanecer, ha estado precioso y mas en\u00a0compa\u00f1\u00eda\u00a0de dos amigos Miguel Angel P\u00e9rez cazador de rayos y nuestro amigo Pedro Toro cazador de los amaneceres malague\u00f1os. Hoy les comentaba a Pedro y a Miguel que habia todo tipo de nubes, impresionante los cielos de hoy.<\/strong><\/p>\n<p><strong>En esta primera foto vemos a Miguel preparando la\u00a0c\u00e1mara.<\/strong><\/p>\n<p><a href=\"https:\/\/blogs.diariosur.es\/tormentas-y-rayos\/2013\/03\/29\/el-tiempo-en-semana-santa-prevision-viernes-santo-probabilidad-de-chubascos-esporadicos\/olympus-digital-camera-1236\/\" rel=\"attachment wp-att-5469\"><img loading=\"lazy\" title=\"OLYMPUS DIGITAL CAMERA\" src=\"\/tormentas-y-rayos\/wp-content\/uploads\/sites\/12\/2013\/03\/004_1.jpg\" alt=\"\" width=\"391\" height=\"522\" \/><\/a><\/p>\n<p>&nbsp;<\/p>\n<p><strong>Fijaros que cielos tan bonitos hemos tenido. Hasta lenticularis.<\/strong><\/p>\n<p><a href=\"https:\/\/blogs.diariosur.es\/tormentas-y-rayos\/2013\/03\/29\/el-tiempo-en-semana-santa-prevision-viernes-santo-probabilidad-de-chubascos-esporadicos\/olympus-digital-camera-1237\/\" rel=\"attachment wp-att-5470\"><img loading=\"lazy\" title=\"OLYMPUS DIGITAL CAMERA\" src=\"\/tormentas-y-rayos\/wp-content\/uploads\/sites\/12\/2013\/03\/033_1.jpg\" alt=\"\" width=\"670\" height=\"503\" \/><\/a><\/p>\n<p><a href=\"https:\/\/blogs.diariosur.es\/tormentas-y-rayos\/2013\/03\/29\/el-tiempo-en-semana-santa-prevision-viernes-santo-probabilidad-de-chubascos-esporadicos\/olympus-digital-camera-1238\/\" rel=\"attachment wp-att-5471\"><img loading=\"lazy\" title=\"OLYMPUS DIGITAL CAMERA\" src=\"\/tormentas-y-rayos\/wp-content\/uploads\/sites\/12\/2013\/03\/031.jpg\" alt=\"\" width=\"670\" height=\"503\" \/><\/a><\/p>\n<p><a href=\"https:\/\/blogs.diariosur.es\/tormentas-y-rayos\/2013\/03\/29\/el-tiempo-en-semana-santa-prevision-viernes-santo-probabilidad-de-chubascos-esporadicos\/olympus-digital-camera-1239\/\" rel=\"attachment wp-att-5472\"><img loading=\"lazy\" title=\"OLYMPUS DIGITAL CAMERA\" src=\"\/tormentas-y-rayos\/wp-content\/uploads\/sites\/12\/2013\/03\/0291.jpg\" alt=\"\" width=\"670\" height=\"503\" \/><\/a><\/p>\n<p><a href=\"https:\/\/blogs.diariosur.es\/tormentas-y-rayos\/2013\/03\/29\/el-tiempo-en-semana-santa-prevision-viernes-santo-probabilidad-de-chubascos-esporadicos\/olympus-digital-camera-1240\/\" rel=\"attachment wp-att-5473\"><img loading=\"lazy\" title=\"OLYMPUS DIGITAL CAMERA\" src=\"\/tormentas-y-rayos\/wp-content\/uploads\/sites\/12\/2013\/03\/0261.jpg\" alt=\"\" width=\"670\" height=\"503\" \/><\/a><\/p>\n<p><strong>Hasta ma\u00f1ana que os\u00a0dar\u00e9\u00a0la\u00a0previsi\u00f3n\u00a0del Domingo de\u00a0Resurrecci\u00f3n, que si no cambian los modelos se presenta lluvioso.<\/strong><\/p>\n","protected":false},"excerpt":{"rendered":"<p>ACTUALIZACION ULTIMA HORA: VIERNES SANTO Buenas tardes amigos de la meteo. De momento el radar no muestra\u00a0precipitaci\u00f3n\u00a0en la provincia\u00a0malague\u00f1a como\u00a0pod\u00e9is\u00a0ver en esta imagen de las cinco de la tarde. &nbsp; &nbsp; &nbsp; Pero hay que estar atentos a lo largo de la noche y sobre todo de \u00a0madrugada a una masa de nubes (\u00a0pluma ) [&hellip;]<\/p>\n","protected":false},"author":16,"featured_media":5478,"comment_status":"open","ping_status":"closed","sticky":false,"template":"","format":"standard","meta":[],"categories":[2],"tags":[13,358,809,888,890,902,1064],"_links":{"self":[{"href":"https:\/\/blogs.diariosur.es\/tormentas-y-rayos\/wp-json\/wp\/v2\/posts\/5477"}],"collection":[{"href":"https:\/\/blogs.diariosur.es\/tormentas-y-rayos\/wp-json\/wp\/v2\/posts"}],"about":[{"href":"https:\/\/blogs.diariosur.es\/tormentas-y-rayos\/wp-json\/wp\/v2\/types\/post"}],"author":[{"embeddable":true,"href":"https:\/\/blogs.diariosur.es\/tormentas-y-rayos\/wp-json\/wp\/v2\/users\/16"}],"replies":[{"embeddable":true,"href":"https:\/\/blogs.diariosur.es\/tormentas-y-rayos\/wp-json\/wp\/v2\/comments?post=5477"}],"version-history":[{"count":0,"href":"https:\/\/blogs.diariosur.es\/tormentas-y-rayos\/wp-json\/wp\/v2\/posts\/5477\/revisions"}],"wp:featuredmedia":[{"embeddable":true,"href":"https:\/\/blogs.diariosur.es\/tormentas-y-rayos\/wp-json\/wp\/v2\/media\/5478"}],"wp:attachment":[{"href":"https:\/\/blogs.diariosur.es\/tormentas-y-rayos\/wp-json\/wp\/v2\/media?parent=5477"}],"wp:term":[{"taxonomy":"category","embeddable":true,"href":"https:\/\/blogs.diariosur.es\/tormentas-y-rayos\/wp-json\/wp\/v2\/categories?post=5477"},{"taxonomy":"post_tag","embeddable":true,"href":"https:\/\/blogs.diariosur.es\/tormentas-y-rayos\/wp-json\/wp\/v2\/tags?post=5477"}],"curies":[{"name":"wp","href":"https:\/\/api.w.org\/{rel}","templated":true}]}}