{"id":5491,"date":"2013-03-31T09:04:59","date_gmt":"2013-03-31T07:04:59","guid":{"rendered":"http:\/\/blogs.diariosur.es\/tormentas-y-rayos\/?p=5491"},"modified":"2013-03-31T09:04:59","modified_gmt":"2013-03-31T07:04:59","slug":"despues-de-un-sabado-santo-soleadohoy-domingo-las-nubes-y-los-posibles-chubascos-lluvias-resucitan","status":"publish","type":"post","link":"https:\/\/blogs.diariosur.es\/tormentas-y-rayos\/2013\/03\/31\/despues-de-un-sabado-santo-soleadohoy-domingo-las-nubes-y-los-posibles-chubascos-lluvias-resucitan\/","title":{"rendered":"Despu\u00e9s de un S\u00e1bado Santo soleado,hoy domingo las nubes y los posibles chubascos resucitan."},"content":{"rendered":"<p><strong>Buenos d\u00edas amigos de la meteo. <\/strong><\/p>\n<p><strong>Son las seis de la ma\u00f1ana, registro unos agradables 17,8 grados y los cielos est\u00e1n nubosos, incluso han ca\u00eddo gotillas sobre las cuatro de la madrugada. <\/strong><\/p>\n<p><strong>Hoy termina la Semana Santa. \u00a0Han sido muchas horas mirando sat\u00e9lites, radares, mapas, actualizando el blog incluso dos veces en un dia y la verdad que estoy un poco cansado. Pero solo con ver vuestros mensajes de apoyo \u00a0que me hab\u00e9is mandado tanto \u00a0en el blog como por el correo,\u00a0 las pilas se me cargaban. He batido un\u00a0r\u00e9cord\u00a0de visitas en un mes, acabo de verlo ahora mismo y marzo he contabilizado<span style=\"color: #ff0000;\"> 111,540<span style=\"color: #0000ff;\">. Muchas gracias amigos de la meto.<\/span><\/span><\/strong><\/p>\n<p><span style=\"color: #ff00ff;\"><strong>Bueno amigos vamos al grano y os doy la previsi\u00f3n para hoy Domingo de Resurrecci\u00f3n.<\/strong><\/span><\/p>\n<p><a href=\"https:\/\/blogs.diariosur.es\/tormentas-y-rayos\/2013\/03\/31\/despues-de-un-sabado-santo-soleadohoy-domingo-las-nubes-y-los-posibles-chubascos-lluvias-resucitan\/nazaseriojl-2-9\/\" rel=\"attachment wp-att-5496\"><img loading=\"lazy\" class=\"aligncenter size-full wp-image-5496\" title=\"NazaSerioJL (2)\" src=\"\/tormentas-y-rayos\/wp-content\/uploads\/sites\/12\/2013\/03\/NazaSerioJL-26.jpg\" alt=\"\" width=\"400\" height=\"465\" srcset=\"https:\/\/static-blogs.diariosur.es\/wp-content\/uploads\/sites\/12\/2013\/03\/NazaSerioJL-26.jpg 400w, https:\/\/static-blogs.diariosur.es\/wp-content\/uploads\/sites\/12\/2013\/03\/NazaSerioJL-26-344x400.jpg 344w\" sizes=\"(max-width: 400px) 100vw, 400px\" \/><\/a><\/p>\n<p><strong>De nuevo las nubes y los posibles chubascos ser\u00e1n los protagonistas hoy. Una potente borrasca situada en el Atl\u00e1ntico sigue mandado masas de aire h\u00famedas de origen subtropical, por este motivo tambi\u00e9n disfrutamos de temperaturas agradables.\u00a0<\/strong><\/p>\n<p><a href=\"https:\/\/blogs.diariosur.es\/tormentas-y-rayos\/2013\/03\/31\/despues-de-un-sabado-santo-soleadohoy-domingo-las-nubes-y-los-posibles-chubascos-lluvias-resucitan\/borrasca-32\/\" rel=\"attachment wp-att-5492\"><img loading=\"lazy\" class=\"aligncenter size-full wp-image-5492\" title=\"borrasca\" src=\"\/tormentas-y-rayos\/wp-content\/uploads\/sites\/12\/2013\/03\/borrasca4.jpg\" alt=\"\" width=\"680\" height=\"493\" srcset=\"https:\/\/static-blogs.diariosur.es\/wp-content\/uploads\/sites\/12\/2013\/03\/borrasca4.jpg 680w, https:\/\/static-blogs.diariosur.es\/wp-content\/uploads\/sites\/12\/2013\/03\/borrasca4-552x400.jpg 552w\" sizes=\"(max-width: 680px) 100vw, 680px\" \/><\/a><\/p>\n<p>&nbsp;<\/p>\n<p><strong>Estas masas de nubes de origen subtropical son\u00a0tambi\u00e9n\u00a0inestables, y\u00a0est\u00e1n\u00a0dejando este mes de Marzo mucha lluvia en muchos puntos del oeste peninsular. Marzo puede pasar como el mas lluvioso del siglo. Os paso una imagen del satelite eumetsat fuente meteogalicia. En esta imagen se ve claramente la cinta\u00a0transportadora\u00a0de humedad\u00a0dirigi\u00e9ndose\u00a0hacia la\u00a0<\/strong><strong>pen\u00ednsula.<\/strong><\/p>\n<p><a href=\"https:\/\/blogs.diariosur.es\/tormentas-y-rayos\/2013\/03\/31\/despues-de-un-sabado-santo-soleadohoy-domingo-las-nubes-y-los-posibles-chubascos-lluvias-resucitan\/captura-136\/\" rel=\"attachment wp-att-5493\"><img loading=\"lazy\" class=\"aligncenter size-medium wp-image-5493\" title=\"Captura\" src=\"\/tormentas-y-rayos\/wp-content\/uploads\/sites\/12\/2013\/03\/Captura4.jpg\" alt=\"\" width=\"600\" height=\"323\" srcset=\"https:\/\/static-blogs.diariosur.es\/wp-content\/uploads\/sites\/12\/2013\/03\/Captura4.jpg 734w, https:\/\/static-blogs.diariosur.es\/wp-content\/uploads\/sites\/12\/2013\/03\/Captura4-640x345.jpg 640w\" sizes=\"(max-width: 600px) 100vw, 600px\" \/><\/a><\/p>\n<p>&nbsp;<\/p>\n<p>&nbsp;<\/p>\n<p><a href=\"https:\/\/blogs.diariosur.es\/tormentas-y-rayos\/2013\/03\/31\/despues-de-un-sabado-santo-soleadohoy-domingo-las-nubes-y-los-posibles-chubascos-lluvias-resucitan\/sate-4\/\" rel=\"attachment wp-att-5494\"><img loading=\"lazy\" class=\"aligncenter size-medium wp-image-5494\" title=\"sate\" src=\"\/tormentas-y-rayos\/wp-content\/uploads\/sites\/12\/2013\/03\/sate.jpg\" alt=\"\" width=\"562\" height=\"400\" srcset=\"https:\/\/static-blogs.diariosur.es\/wp-content\/uploads\/sites\/12\/2013\/03\/sate.jpg 745w, https:\/\/static-blogs.diariosur.es\/wp-content\/uploads\/sites\/12\/2013\/03\/sate-562x400.jpg 562w\" sizes=\"(max-width: 562px) 100vw, 562px\" \/><\/a><\/p>\n<p><strong>Los primeros chubascos ya llegan a las provincias andaluzas mas occidentales, como\u00a0pod\u00e9is\u00a0ver en esta imagen del radar de la aemet.<\/strong><\/p>\n<p><a href=\"https:\/\/blogs.diariosur.es\/tormentas-y-rayos\/2013\/03\/31\/despues-de-un-sabado-santo-soleadohoy-domingo-las-nubes-y-los-posibles-chubascos-lluvias-resucitan\/radarr\/\" rel=\"attachment wp-att-5495\"><img loading=\"lazy\" class=\"aligncenter size-full wp-image-5495\" title=\"radarr\" src=\"\/tormentas-y-rayos\/wp-content\/uploads\/sites\/12\/2013\/03\/radarr.jpg\" alt=\"\" width=\"547\" height=\"585\" srcset=\"https:\/\/static-blogs.diariosur.es\/wp-content\/uploads\/sites\/12\/2013\/03\/radarr.jpg 547w, https:\/\/static-blogs.diariosur.es\/wp-content\/uploads\/sites\/12\/2013\/03\/radarr-374x400.jpg 374w\" sizes=\"(max-width: 547px) 100vw, 547px\" \/><\/a><\/p>\n<p><strong>La hora de llegada de estos chubascos a M\u00e1laga Capital no la tengo muy clara, lo mismo es al\u00a0mediod\u00eda\u00a0o a primeras horas de la tarde. Asi que otro dia para mirar al cielo, espero que al resucitado le de tiempo hacer el recorrido y los chubascos lleguen mas tarde.\u00a0<\/strong><\/p>\n<p><span style=\"color: #0000ff;\"><strong>Hoy he estado fotografiando el amanecer en\u00a0compa\u00f1\u00eda\u00a0de varios amigos. Ha sido precioso os paso algunas fotos.<\/strong><\/span><\/p>\n<p><a href=\"https:\/\/blogs.diariosur.es\/tormentas-y-rayos\/2013\/03\/31\/despues-de-un-sabado-santo-soleadohoy-domingo-las-nubes-y-los-posibles-chubascos-lluvias-resucitan\/olympus-digital-camera-1244\/\" rel=\"attachment wp-att-5497\"><img loading=\"lazy\" class=\"aligncenter size-full wp-image-5497\" title=\"OLYMPUS DIGITAL CAMERA\" src=\"\/tormentas-y-rayos\/wp-content\/uploads\/sites\/12\/2013\/03\/b5.jpg\" alt=\"\" width=\"670\" height=\"503\" srcset=\"https:\/\/static-blogs.diariosur.es\/wp-content\/uploads\/sites\/12\/2013\/03\/b5.jpg 670w, https:\/\/static-blogs.diariosur.es\/wp-content\/uploads\/sites\/12\/2013\/03\/b5-533x400.jpg 533w\" sizes=\"(max-width: 670px) 100vw, 670px\" \/><\/a><\/p>\n<p><a href=\"https:\/\/blogs.diariosur.es\/tormentas-y-rayos\/2013\/03\/31\/despues-de-un-sabado-santo-soleadohoy-domingo-las-nubes-y-los-posibles-chubascos-lluvias-resucitan\/olympus-digital-camera-1245\/\" rel=\"attachment wp-att-5498\"><img loading=\"lazy\" class=\"aligncenter size-full wp-image-5498\" title=\"OLYMPUS DIGITAL CAMERA\" src=\"\/tormentas-y-rayos\/wp-content\/uploads\/sites\/12\/2013\/03\/b12.jpg\" alt=\"\" width=\"670\" height=\"503\" srcset=\"https:\/\/static-blogs.diariosur.es\/wp-content\/uploads\/sites\/12\/2013\/03\/b12.jpg 670w, https:\/\/static-blogs.diariosur.es\/wp-content\/uploads\/sites\/12\/2013\/03\/b12-533x400.jpg 533w\" sizes=\"(max-width: 670px) 100vw, 670px\" \/><\/a><\/p>\n<p>&nbsp;<\/p>\n<p><a href=\"https:\/\/blogs.diariosur.es\/tormentas-y-rayos\/2013\/03\/31\/despues-de-un-sabado-santo-soleadohoy-domingo-las-nubes-y-los-posibles-chubascos-lluvias-resucitan\/olympus-digital-camera-1246\/\" rel=\"attachment wp-att-5499\"><img loading=\"lazy\" class=\"aligncenter size-full wp-image-5499\" title=\"OLYMPUS DIGITAL CAMERA\" src=\"\/tormentas-y-rayos\/wp-content\/uploads\/sites\/12\/2013\/03\/b22.jpg\" alt=\"\" width=\"670\" height=\"503\" srcset=\"https:\/\/static-blogs.diariosur.es\/wp-content\/uploads\/sites\/12\/2013\/03\/b22.jpg 670w, https:\/\/static-blogs.diariosur.es\/wp-content\/uploads\/sites\/12\/2013\/03\/b22-533x400.jpg 533w\" sizes=\"(max-width: 670px) 100vw, 670px\" \/><\/a><\/p>\n","protected":false},"excerpt":{"rendered":"<p>Buenos d\u00edas amigos de la meteo. Son las seis de la ma\u00f1ana, registro unos agradables 17,8 grados y los cielos est\u00e1n nubosos, incluso han ca\u00eddo gotillas sobre las cuatro de la madrugada. Hoy termina la Semana Santa. \u00a0Han sido muchas horas mirando sat\u00e9lites, radares, mapas, actualizando el blog incluso dos veces en un dia y [&hellip;]<\/p>\n","protected":false},"author":16,"featured_media":5500,"comment_status":"open","ping_status":"closed","sticky":false,"template":"","format":"standard","meta":[],"categories":[2],"tags":[343,358,809],"_links":{"self":[{"href":"https:\/\/blogs.diariosur.es\/tormentas-y-rayos\/wp-json\/wp\/v2\/posts\/5491"}],"collection":[{"href":"https:\/\/blogs.diariosur.es\/tormentas-y-rayos\/wp-json\/wp\/v2\/posts"}],"about":[{"href":"https:\/\/blogs.diariosur.es\/tormentas-y-rayos\/wp-json\/wp\/v2\/types\/post"}],"author":[{"embeddable":true,"href":"https:\/\/blogs.diariosur.es\/tormentas-y-rayos\/wp-json\/wp\/v2\/users\/16"}],"replies":[{"embeddable":true,"href":"https:\/\/blogs.diariosur.es\/tormentas-y-rayos\/wp-json\/wp\/v2\/comments?post=5491"}],"version-history":[{"count":0,"href":"https:\/\/blogs.diariosur.es\/tormentas-y-rayos\/wp-json\/wp\/v2\/posts\/5491\/revisions"}],"wp:featuredmedia":[{"embeddable":true,"href":"https:\/\/blogs.diariosur.es\/tormentas-y-rayos\/wp-json\/wp\/v2\/media\/5500"}],"wp:attachment":[{"href":"https:\/\/blogs.diariosur.es\/tormentas-y-rayos\/wp-json\/wp\/v2\/media?parent=5491"}],"wp:term":[{"taxonomy":"category","embeddable":true,"href":"https:\/\/blogs.diariosur.es\/tormentas-y-rayos\/wp-json\/wp\/v2\/categories?post=5491"},{"taxonomy":"post_tag","embeddable":true,"href":"https:\/\/blogs.diariosur.es\/tormentas-y-rayos\/wp-json\/wp\/v2\/tags?post=5491"}],"curies":[{"name":"wp","href":"https:\/\/api.w.org\/{rel}","templated":true}]}}