{"id":5502,"date":"2013-04-01T09:24:53","date_gmt":"2013-04-01T07:24:53","guid":{"rendered":"http:\/\/blogs.diariosur.es\/tormentas-y-rayos\/?p=5502"},"modified":"2013-04-01T09:24:53","modified_gmt":"2013-04-01T07:24:53","slug":"abril-comienza-y-seguira-lluvioso-marzo-pasara-como-el-mas-lluvioso-del-siglo-impresionantes-registros-en-nuestra-provincia","status":"publish","type":"post","link":"https:\/\/blogs.diariosur.es\/tormentas-y-rayos\/2013\/04\/01\/abril-comienza-y-seguira-lluvioso-marzo-pasara-como-el-mas-lluvioso-del-siglo-impresionantes-registros-en-nuestra-provincia\/","title":{"rendered":"Abril comienza y seguir\u00e1 lluvioso. Marzo pasara como el  mes mas lluvioso del siglo, impresionantes registros en nuestra provincia."},"content":{"rendered":"<p><strong>Buenos d\u00edas amigos de la meteo. <\/strong><\/p>\n<p><strong>Registro 15 grados, los cielos est\u00e1n nubosos y durante la madrugada se han registrado chubascos, dejando en mi pluvi\u00f3metro un litro y medio. El viento de terral de primavera ser\u00e1 el protagonista, soplando con rachas de moderadas a fuertes. El paso de este frente deja aire frio en altura, esto har\u00e1 que en algunos puntos de la provincia se desarrollen las nubes y dejen chubascos tanto hoy como ma\u00f1ana martes. Poco mas que contar sobre la previsi\u00f3n de hoy. A continuaci\u00f3n os hago un peque\u00f1o resumen del Domingo de Resurreci\u00f3n.<\/strong><\/p>\n<p><strong>La m\u00e1xima fue de 20,8 grados y la m\u00ednima de 15,8 en mi estaci\u00f3n. Las lluvias previstas en la capital apenas dejaron nada, siendo los chubascos un poco mas moderados por el interior. El efecto foehn se encargo de disolver las nubes que ven\u00edan del noroeste, por este motivo la lluvia se quedo por el interior de Andaluc\u00eda. Durante la pasada madrugada si lograron pasar dejando ese litro y medio que os he comentado antes.<\/strong><\/p>\n<p><strong>Pero lo mas bonito del domingo fue el amanecer, <a href=\"https:\/\/blogs.diariosur.es\/tormentas-y-rayos\/2013\/03\/31\/despues-de-un-sabado-santo-soleadohoy-domingo-las-nubes-y-los-posibles-chubascos-lluvias-resucitan\/\">ayer ya visteis algunas fotos que os puse en el anterior post<\/a>, pero hoy quiero compartir este fot\u00f3n de mi amiga y compa\u00f1era de trabajo Reme Anaya. Reme es una deportista nata, escaladora, alpinista, corredora y una amante de la naturaleza. Reme muchas gracias por compartir tu foto.<\/strong><\/p>\n<p><a href=\"https:\/\/blogs.diariosur.es\/tormentas-y-rayos\/2013\/04\/01\/abril-comienza-y-seguira-lluvioso-marzo-pasara-como-el-mas-lluvioso-del-siglo-impresionantes-registros-en-nuestra-provincia\/287105_1911994041478_2498457_o\/\" rel=\"attachment wp-att-5505\"><img loading=\"lazy\" class=\"aligncenter size-full wp-image-5505\" title=\"287105_1911994041478_2498457_o\" src=\"\/tormentas-y-rayos\/wp-content\/uploads\/sites\/12\/2013\/04\/287105_1911994041478_2498457_o.jpg\" alt=\"\" width=\"670\" height=\"503\" srcset=\"https:\/\/static-blogs.diariosur.es\/wp-content\/uploads\/sites\/12\/2013\/04\/287105_1911994041478_2498457_o.jpg 670w, https:\/\/static-blogs.diariosur.es\/wp-content\/uploads\/sites\/12\/2013\/04\/287105_1911994041478_2498457_o-533x400.jpg 533w\" sizes=\"(max-width: 670px) 100vw, 670px\" \/><\/a><\/p>\n<p><a href=\"https:\/\/blogs.diariosur.es\/tormentas-y-rayos\/2013\/04\/01\/abril-comienza-y-seguira-lluvioso-marzo-pasara-como-el-mas-lluvioso-del-siglo-impresionantes-registros-en-nuestra-provincia\/8204_4531859744340_1719594410_n-2\/\" rel=\"attachment wp-att-5506\"><img loading=\"lazy\" class=\"aligncenter size-full wp-image-5506\" title=\"8204_4531859744340_1719594410_n (2)\" src=\"\/tormentas-y-rayos\/wp-content\/uploads\/sites\/12\/2013\/04\/8204_4531859744340_1719594410_n-2.jpg\" alt=\"\" width=\"670\" height=\"503\" srcset=\"https:\/\/static-blogs.diariosur.es\/wp-content\/uploads\/sites\/12\/2013\/04\/8204_4531859744340_1719594410_n-2.jpg 670w, https:\/\/static-blogs.diariosur.es\/wp-content\/uploads\/sites\/12\/2013\/04\/8204_4531859744340_1719594410_n-2-533x400.jpg 533w\" sizes=\"(max-width: 670px) 100vw, 670px\" \/><\/a><\/p>\n<p>&nbsp;<\/p>\n<p><strong>Otro dato a destacar fueron los cielos que se dieron sobre las once y media de la ma\u00f1ana y la temperatura tan buena que hacia aunque estuviera nublado.\u00a0<\/strong><\/p>\n<p><a href=\"https:\/\/blogs.diariosur.es\/tormentas-y-rayos\/2013\/04\/01\/abril-comienza-y-seguira-lluvioso-marzo-pasara-como-el-mas-lluvioso-del-siglo-impresionantes-registros-en-nuestra-provincia\/olympus-digital-camera-1218\/\" rel=\"attachment wp-att-5507\"><img loading=\"lazy\" class=\"aligncenter size-full wp-image-5507\" title=\"OLYMPUS DIGITAL CAMERA\" src=\"\/tormentas-y-rayos\/wp-content\/uploads\/sites\/12\/2013\/04\/038.jpg\" alt=\"\" width=\"670\" height=\"503\" srcset=\"https:\/\/static-blogs.diariosur.es\/wp-content\/uploads\/sites\/12\/2013\/04\/038.jpg 670w, https:\/\/static-blogs.diariosur.es\/wp-content\/uploads\/sites\/12\/2013\/04\/038-533x400.jpg 533w\" sizes=\"(max-width: 670px) 100vw, 670px\" \/><\/a><\/p>\n<p>&nbsp;<\/p>\n<p><a href=\"https:\/\/blogs.diariosur.es\/tormentas-y-rayos\/2013\/04\/01\/abril-comienza-y-seguira-lluvioso-marzo-pasara-como-el-mas-lluvioso-del-siglo-impresionantes-registros-en-nuestra-provincia\/olympus-digital-camera-1248\/\" rel=\"attachment wp-att-5508\"><img loading=\"lazy\" class=\"aligncenter size-full wp-image-5508\" title=\"OLYMPUS DIGITAL CAMERA\" src=\"\/tormentas-y-rayos\/wp-content\/uploads\/sites\/12\/2013\/04\/041.jpg\" alt=\"\" width=\"670\" height=\"503\" srcset=\"https:\/\/static-blogs.diariosur.es\/wp-content\/uploads\/sites\/12\/2013\/04\/041.jpg 670w, https:\/\/static-blogs.diariosur.es\/wp-content\/uploads\/sites\/12\/2013\/04\/041-533x400.jpg 533w\" sizes=\"(max-width: 670px) 100vw, 670px\" \/><\/a><\/p>\n<p>&nbsp;<\/p>\n<p>&nbsp;<\/p>\n<p><strong>Como os comento en el titulo del post, durante estos primeros d\u00edas de abril seguimos bajo la influencia de borrascas Atl\u00e1nticas, que dejaran lluvias en la mayor parte de Andaluc\u00eda, as\u00ed como tambi\u00e9n en nuestra provincia.<\/strong><\/p>\n<p><a href=\"https:\/\/blogs.diariosur.es\/tormentas-y-rayos\/2013\/04\/01\/abril-comienza-y-seguira-lluvioso-marzo-pasara-como-el-mas-lluvioso-del-siglo-impresionantes-registros-en-nuestra-provincia\/captura-137\/\" rel=\"attachment wp-att-5511\"><img loading=\"lazy\" class=\"aligncenter size-full wp-image-5511\" title=\"Captura\" src=\"\/tormentas-y-rayos\/wp-content\/uploads\/sites\/12\/2013\/04\/Captura.jpg\" alt=\"\" width=\"660\" height=\"347\" srcset=\"https:\/\/static-blogs.diariosur.es\/wp-content\/uploads\/sites\/12\/2013\/04\/Captura.jpg 660w, https:\/\/static-blogs.diariosur.es\/wp-content\/uploads\/sites\/12\/2013\/04\/Captura-640x336.jpg 640w\" sizes=\"(max-width: 660px) 100vw, 660px\" \/><\/a><\/p>\n<p><strong>\u00a0A tener en cuenta la borrasca que se acercara a partir del mi\u00e9rcoles, que puede dejar lluvias durante el partido del M\u00e1laga &#8211; Borussia Dortmund. Pero de esto iremos hablando en el post que abra ma\u00f1ana.<\/strong><\/p>\n<p>&nbsp;<\/p>\n<p><strong><span style=\"color: #ff0000;\">Impresionantes registros de lluvias en el pasado mes de marzo en nuestra provincia. Destaca Majada de las Lomas con casi 500 litros, Pujerra 441 litros, y en la capital malague\u00f1a mas de 100 litros. Seguro que este mes sera el mas lluvioso desde que se tienen registros. os paso unos graficos fuente Hidrosur.<\/span><\/strong><\/p>\n<p><a href=\"https:\/\/blogs.diariosur.es\/tormentas-y-rayos\/2013\/04\/01\/abril-comienza-y-seguira-lluvioso-marzo-pasara-como-el-mas-lluvioso-del-siglo-impresionantes-registros-en-nuestra-provincia\/z-6\/\" rel=\"attachment wp-att-5513\"><img loading=\"lazy\" class=\"aligncenter size-full wp-image-5513\" title=\"z\" src=\"\/tormentas-y-rayos\/wp-content\/uploads\/sites\/12\" alt=\"\" width=\"670\" height=\"286\" \/><\/a><a href=\"https:\/\/blogs.diariosur.es\/tormentas-y-rayos\/2013\/04\/01\/abril-comienza-y-seguira-lluvioso-marzo-pasara-como-el-mas-lluvioso-del-siglo-impresionantes-registros-en-nuestra-provincia\/z1-3\/\" rel=\"attachment wp-att-5514\"><img loading=\"lazy\" class=\"aligncenter size-full wp-image-5514\" title=\"z1\" src=\"\/tormentas-y-rayos\/wp-content\/uploads\/sites\/12\/2013\/04\/z1.jpg\" alt=\"\" width=\"670\" height=\"277\" srcset=\"https:\/\/static-blogs.diariosur.es\/wp-content\/uploads\/sites\/12\/2013\/04\/z1.jpg 670w, https:\/\/static-blogs.diariosur.es\/wp-content\/uploads\/sites\/12\/2013\/04\/z1-640x265.jpg 640w\" sizes=\"(max-width: 670px) 100vw, 670px\" \/><\/a><a href=\"https:\/\/blogs.diariosur.es\/tormentas-y-rayos\/2013\/04\/01\/abril-comienza-y-seguira-lluvioso-marzo-pasara-como-el-mas-lluvioso-del-siglo-impresionantes-registros-en-nuestra-provincia\/z3\/\" rel=\"attachment wp-att-5515\"><img loading=\"lazy\" class=\"aligncenter size-full wp-image-5515\" title=\"z3\" src=\"\/tormentas-y-rayos\/wp-content\/uploads\/sites\/12\/2013\/04\/z3.jpg\" alt=\"\" width=\"670\" height=\"102\" srcset=\"https:\/\/static-blogs.diariosur.es\/wp-content\/uploads\/sites\/12\/2013\/04\/z3.jpg 670w, https:\/\/static-blogs.diariosur.es\/wp-content\/uploads\/sites\/12\/2013\/04\/z3-640x97.jpg 640w\" sizes=\"(max-width: 670px) 100vw, 670px\" \/><\/a><a href=\"https:\/\/blogs.diariosur.es\/tormentas-y-rayos\/2013\/04\/01\/abril-comienza-y-seguira-lluvioso-marzo-pasara-como-el-mas-lluvioso-del-siglo-impresionantes-registros-en-nuestra-provincia\/z5\/\" rel=\"attachment wp-att-5516\"><img loading=\"lazy\" class=\"aligncenter size-full wp-image-5516\" title=\"z5\" src=\"\/tormentas-y-rayos\/wp-content\/uploads\/sites\/12\/2013\/04\/z5.jpg\" alt=\"\" width=\"670\" height=\"160\" srcset=\"https:\/\/static-blogs.diariosur.es\/wp-content\/uploads\/sites\/12\/2013\/04\/z5.jpg 670w, https:\/\/static-blogs.diariosur.es\/wp-content\/uploads\/sites\/12\/2013\/04\/z5-640x153.jpg 640w\" sizes=\"(max-width: 670px) 100vw, 670px\" \/><\/a><\/p>\n<p>&nbsp;<\/p>\n<p><strong>Os dejo con una foto \u00a0del amanecer de hoy 1 de abril, que hemos podido disfrutar mi amigo Joaquin y yo.<\/strong><\/p>\n<p><a href=\"https:\/\/blogs.diariosur.es\/tormentas-y-rayos\/2013\/04\/01\/abril-comienza-y-seguira-lluvioso-marzo-pasara-como-el-mas-lluvioso-del-siglo-impresionantes-registros-en-nuestra-provincia\/olympus-digital-camera-1249\/\" rel=\"attachment wp-att-5512\"><img loading=\"lazy\" class=\"aligncenter size-full wp-image-5512\" title=\"OLYMPUS DIGITAL CAMERA\" src=\"\/tormentas-y-rayos\/wp-content\/uploads\/sites\/12\" alt=\"\" width=\"660\" height=\"495\" \/><\/a><\/p>\n","protected":false},"excerpt":{"rendered":"<p>Buenos d\u00edas amigos de la meteo. Registro 15 grados, los cielos est\u00e1n nubosos y durante la madrugada se han registrado chubascos, dejando en mi pluvi\u00f3metro un litro y medio. El viento de terral de primavera ser\u00e1 el protagonista, soplando con rachas de moderadas a fuertes. El paso de este frente deja aire frio en altura, [&hellip;]<\/p>\n","protected":false},"author":16,"featured_media":5506,"comment_status":"open","ping_status":"closed","sticky":false,"template":"","format":"standard","meta":[],"categories":[2],"tags":[35,569,815],"_links":{"self":[{"href":"https:\/\/blogs.diariosur.es\/tormentas-y-rayos\/wp-json\/wp\/v2\/posts\/5502"}],"collection":[{"href":"https:\/\/blogs.diariosur.es\/tormentas-y-rayos\/wp-json\/wp\/v2\/posts"}],"about":[{"href":"https:\/\/blogs.diariosur.es\/tormentas-y-rayos\/wp-json\/wp\/v2\/types\/post"}],"author":[{"embeddable":true,"href":"https:\/\/blogs.diariosur.es\/tormentas-y-rayos\/wp-json\/wp\/v2\/users\/16"}],"replies":[{"embeddable":true,"href":"https:\/\/blogs.diariosur.es\/tormentas-y-rayos\/wp-json\/wp\/v2\/comments?post=5502"}],"version-history":[{"count":0,"href":"https:\/\/blogs.diariosur.es\/tormentas-y-rayos\/wp-json\/wp\/v2\/posts\/5502\/revisions"}],"wp:featuredmedia":[{"embeddable":true,"href":"https:\/\/blogs.diariosur.es\/tormentas-y-rayos\/wp-json\/wp\/v2\/media\/5506"}],"wp:attachment":[{"href":"https:\/\/blogs.diariosur.es\/tormentas-y-rayos\/wp-json\/wp\/v2\/media?parent=5502"}],"wp:term":[{"taxonomy":"category","embeddable":true,"href":"https:\/\/blogs.diariosur.es\/tormentas-y-rayos\/wp-json\/wp\/v2\/categories?post=5502"},{"taxonomy":"post_tag","embeddable":true,"href":"https:\/\/blogs.diariosur.es\/tormentas-y-rayos\/wp-json\/wp\/v2\/tags?post=5502"}],"curies":[{"name":"wp","href":"https:\/\/api.w.org\/{rel}","templated":true}]}}