{"id":5527,"date":"2013-04-03T10:21:13","date_gmt":"2013-04-03T08:21:13","guid":{"rendered":"http:\/\/blogs.diariosur.es\/tormentas-y-rayos\/?p=5527"},"modified":"2013-04-03T10:21:13","modified_gmt":"2013-04-03T08:21:13","slug":"impresionante-borrasca-las-lluvias-mas-fuertes-se-daran-el-jueves-y-sobre-todo-madrugada-del-viernes","status":"publish","type":"post","link":"https:\/\/blogs.diariosur.es\/tormentas-y-rayos\/2013\/04\/03\/impresionante-borrasca-las-lluvias-mas-fuertes-se-daran-el-jueves-y-sobre-todo-madrugada-del-viernes\/","title":{"rendered":"Impresionante Borrasca. Las lluvias mas fuertes se dar\u00e1n el jueves y sobre todo madrugada del viernes."},"content":{"rendered":"<p>&nbsp;<\/p>\n<p><a href=\"https:\/\/blogs.diariosur.es\/tormentas-y-rayos\/2013\/04\/03\/impresionante-borrasca-las-lluvias-mas-fuertes-se-daran-el-jueves-y-sobre-todo-madrugada-del-viernes\/olympus-digital-camera-1251\/\" rel=\"attachment wp-att-5534\"><img loading=\"lazy\" class=\"aligncenter size-full wp-image-5534\" title=\"OLYMPUS DIGITAL CAMERA\" src=\"\/tormentas-y-rayos\/wp-content\/uploads\/sites\/12\/2013\/04\/b2.jpg\" alt=\"\" width=\"670\" height=\"503\" srcset=\"https:\/\/static-blogs.diariosur.es\/wp-content\/uploads\/sites\/12\/2013\/04\/b2.jpg 670w, https:\/\/static-blogs.diariosur.es\/wp-content\/uploads\/sites\/12\/2013\/04\/b2-533x400.jpg 533w\" sizes=\"(max-width: 670px) 100vw, 670px\" \/><\/a><\/p>\n<p>&nbsp;<\/p>\n<p><strong>As\u00ed amanec\u00eda \u00a0hoy 3 de abril en la Playa de la Misericordia, en compa\u00f1\u00eda de mis amigos Joaqu\u00edn, Pedro y Juan. La temperatura era de 14 grados, soplaba levante y los cielos como pod\u00e9is ver estaban nubosos.<\/strong><\/p>\n<p><strong>Ya tenemos a la borrasca frente a las Costas de Portugal. En esta imagen del\u00a0sat\u00e9lite\u00a0eumetsat se ve estupendamente.<\/strong><\/p>\n<p><strong>\u00a0<\/strong><\/p>\n<p>&nbsp;<\/p>\n<p>&nbsp;<\/p>\n<p>&nbsp;<\/p>\n<p><a href=\"https:\/\/blogs.diariosur.es\/tormentas-y-rayos\/2013\/04\/03\/impresionante-borrasca-las-lluvias-mas-fuertes-se-daran-el-jueves-y-sobre-todo-madrugada-del-viernes\/webexterna_colorir87_06-15\/\" rel=\"attachment wp-att-5528\"><img loading=\"lazy\" class=\"aligncenter size-full wp-image-5528\" title=\"webexterna_ColorIR87_[06-15]\" src=\"\/tormentas-y-rayos\/wp-content\/uploads\/sites\/12\/2013\/04\/webexterna_ColorIR87_06-15.jpg\" alt=\"\" width=\"660\" height=\"456\" srcset=\"https:\/\/static-blogs.diariosur.es\/wp-content\/uploads\/sites\/12\/2013\/04\/webexterna_ColorIR87_06-15.jpg 660w, https:\/\/static-blogs.diariosur.es\/wp-content\/uploads\/sites\/12\/2013\/04\/webexterna_ColorIR87_06-15-579x400.jpg 579w\" sizes=\"(max-width: 660px) 100vw, 660px\" \/><\/a><\/p>\n<p><strong>En este mapa de superficie del hirlam fuente aemet se ve la posici\u00f3n que tiene ahora cuando son las nueve de la ma\u00f1ana. Bestial 983 mb<\/strong><\/p>\n<p><a href=\"https:\/\/blogs.diariosur.es\/tormentas-y-rayos\/2013\/04\/03\/impresionante-borrasca-las-lluvias-mas-fuertes-se-daran-el-jueves-y-sobre-todo-madrugada-del-viernes\/superficie-3\/\" rel=\"attachment wp-att-5529\"><img loading=\"lazy\" class=\"aligncenter size-full wp-image-5529\" title=\"superficie\" src=\"\/tormentas-y-rayos\/wp-content\/uploads\/sites\/12\/2013\/04\/superficie.jpg\" alt=\"\" width=\"665\" height=\"464\" srcset=\"https:\/\/static-blogs.diariosur.es\/wp-content\/uploads\/sites\/12\/2013\/04\/superficie.jpg 665w, https:\/\/static-blogs.diariosur.es\/wp-content\/uploads\/sites\/12\/2013\/04\/superficie-573x400.jpg 573w\" sizes=\"(max-width: 665px) 100vw, 665px\" \/><\/a><\/p>\n<p><strong>Hoy seguro que a mas de uno le ha dolido la cabeza, es que la presi\u00f3n ha bajado\u00a0r\u00e1pidamente\u00a0de ayer a hoy\u00a0mi\u00e9rcoles. Fijaros en el\u00a0gr\u00e1fico\u00a0del Puerto de M\u00e1laga. De 1013 a 1004 hpa<\/strong><\/p>\n<p><a href=\"https:\/\/blogs.diariosur.es\/tormentas-y-rayos\/2013\/04\/03\/impresionante-borrasca-las-lluvias-mas-fuertes-se-daran-el-jueves-y-sobre-todo-madrugada-del-viernes\/baromentro\/\" rel=\"attachment wp-att-5530\"><img loading=\"lazy\" class=\"aligncenter size-medium wp-image-5530\" title=\"baromentro\" src=\"\/tormentas-y-rayos\/wp-content\/uploads\/sites\/12\/2013\/04\/baromentro.jpg\" alt=\"\" width=\"600\" height=\"266\" srcset=\"https:\/\/static-blogs.diariosur.es\/wp-content\/uploads\/sites\/12\/2013\/04\/baromentro.jpg 742w, https:\/\/static-blogs.diariosur.es\/wp-content\/uploads\/sites\/12\/2013\/04\/baromentro-640x285.jpg 640w\" sizes=\"(max-width: 600px) 100vw, 600px\" \/><\/a><\/p>\n<p><strong>El primer frente ya afecta a la zona mas occidental de Huelva, dejando lluvias moderadas, os paso el radar de lluvias, fuente aemet.<\/strong><\/p>\n<p>&nbsp;<\/p>\n<p><a href=\"https:\/\/blogs.diariosur.es\/tormentas-y-rayos\/2013\/04\/03\/impresionante-borrasca-las-lluvias-mas-fuertes-se-daran-el-jueves-y-sobre-todo-madrugada-del-viernes\/primer-frentte-2\/\" rel=\"attachment wp-att-5532\"><img loading=\"lazy\" class=\"aligncenter size-full wp-image-5532\" title=\"primer frentte\" src=\"\/tormentas-y-rayos\/wp-content\/uploads\/sites\/12\/2013\/04\/primer-frentte1.jpg\" alt=\"\" width=\"575\" height=\"576\" srcset=\"https:\/\/static-blogs.diariosur.es\/wp-content\/uploads\/sites\/12\/2013\/04\/primer-frentte1.jpg 575w, https:\/\/static-blogs.diariosur.es\/wp-content\/uploads\/sites\/12\/2013\/04\/primer-frentte1-150x150.jpg 150w, https:\/\/static-blogs.diariosur.es\/wp-content\/uploads\/sites\/12\/2013\/04\/primer-frentte1-399x400.jpg 399w\" sizes=\"(max-width: 575px) 100vw, 575px\" \/><\/a><\/p>\n<p>&nbsp;<\/p>\n<p><span style=\"color: #0000ff;\"><strong>Este primer frente llegara a M\u00e1laga por la tarde, pero yo particularmente no espero mucha lluvia esta tarde noche. \u00a0Lo mismo con un poco de suerte durante el partido solo caer\u00edan algunas gotas. De todas formas llevaros los paraguas por si caen mas de tres gotas y luego os acordeis de mi jejejej.<\/strong><\/span><\/p>\n<p><span style=\"color: #ff0000;\"><strong>Cuando espero mas lluvias es a partir de ma\u00f1ana jueves y viernes. La borrasca se ira acercando al Golfo de C\u00e1diz y cruzara el Estrecho en la madrugada del viernes, en ese momento las lluvias si tendran \u00a0caracter de moderadas a fuertes, incluso pueden ir acompa\u00f1adas de tormentas. Os paso una secuencia.<\/strong><\/span><\/p>\n<p><a href=\"https:\/\/blogs.diariosur.es\/tormentas-y-rayos\/2013\/04\/03\/impresionante-borrasca-las-lluvias-mas-fuertes-se-daran-el-jueves-y-sobre-todo-madrugada-del-viernes\/page-8\/\" rel=\"attachment wp-att-5533\"><img loading=\"lazy\" class=\"aligncenter size-full wp-image-5533\" title=\"page\" src=\"\/tormentas-y-rayos\/wp-content\/uploads\/sites\/12\/2013\/04\/page.jpg\" alt=\"\" width=\"639\" height=\"639\" srcset=\"https:\/\/static-blogs.diariosur.es\/wp-content\/uploads\/sites\/12\/2013\/04\/page.jpg 639w, https:\/\/static-blogs.diariosur.es\/wp-content\/uploads\/sites\/12\/2013\/04\/page-150x150.jpg 150w, https:\/\/static-blogs.diariosur.es\/wp-content\/uploads\/sites\/12\/2013\/04\/page-400x400.jpg 400w\" sizes=\"(max-width: 639px) 100vw, 639px\" \/><\/a><\/p>\n<p>&nbsp;<\/p>\n<p><strong>Ma\u00f1ana\u00a0abrir\u00e9\u00a0un nuevo post para el seguimiento de esta profunda borrasca. Que cuando pase al\u00a0Mediterr\u00e1neo\u00a0nos\u00a0traer\u00e1\u00a0una bajada\u00a0importante\u00a0de temperaturas, pero de esto hablaremos el viernes.<\/strong><\/p>\n<p><strong>Parece que a partir del domingo el anticicl\u00f3n tomara protagonismo,\u00a0isa\u00a0como\u00a0tambi\u00e9n\u00a0la dorsal Africana, que\u00a0traer\u00e1\u00a0una subida de temperaturas la semana que viene a partir del jueves. Lo malo que con lo que ha llovido la\u00a0floraci\u00f3n\u00a0este a\u00f1o sera bestial y la alergia sera la protagonista achisssssssss. Os dejo con esta bonita \u00a0foto que tomo ayer nuestro amigo y seguidor del blog Fernando Berrocal, no quiero pensar como se\u00a0pondr\u00e1n\u00a0los campos dentro de unas semanas achissssss, jejeje. Hasta ma\u00f1ana.<\/strong><\/p>\n<p>&nbsp;<\/p>\n<p><a href=\"https:\/\/blogs.diariosur.es\/tormentas-y-rayos\/2013\/04\/03\/impresionante-borrasca-las-lluvias-mas-fuertes-se-daran-el-jueves-y-sobre-todo-madrugada-del-viernes\/2013-04-02_12-51-36_45\/\" rel=\"attachment wp-att-5535\"><img loading=\"lazy\" class=\"aligncenter size-full wp-image-5535\" title=\"2013-04-02_12-51-36_45\" src=\"\/tormentas-y-rayos\/wp-content\/uploads\/sites\/12\/2013\/04\/2013-04-02_12-51-36_45.jpg\" alt=\"\" width=\"660\" height=\"372\" srcset=\"https:\/\/static-blogs.diariosur.es\/wp-content\/uploads\/sites\/12\/2013\/04\/2013-04-02_12-51-36_45.jpg 660w, https:\/\/static-blogs.diariosur.es\/wp-content\/uploads\/sites\/12\/2013\/04\/2013-04-02_12-51-36_45-640x361.jpg 640w\" sizes=\"(max-width: 660px) 100vw, 660px\" \/><\/a><\/p>\n","protected":false},"excerpt":{"rendered":"<p>&nbsp; &nbsp; As\u00ed amanec\u00eda \u00a0hoy 3 de abril en la Playa de la Misericordia, en compa\u00f1\u00eda de mis amigos Joaqu\u00edn, Pedro y Juan. La temperatura era de 14 grados, soplaba levante y los cielos como pod\u00e9is ver estaban nubosos. Ya tenemos a la borrasca frente a las Costas de Portugal. En esta imagen del\u00a0sat\u00e9lite\u00a0eumetsat se [&hellip;]<\/p>\n","protected":false},"author":16,"featured_media":5529,"comment_status":"open","ping_status":"closed","sticky":false,"template":"","format":"standard","meta":[],"categories":[2],"tags":[63,91,188,569],"_links":{"self":[{"href":"https:\/\/blogs.diariosur.es\/tormentas-y-rayos\/wp-json\/wp\/v2\/posts\/5527"}],"collection":[{"href":"https:\/\/blogs.diariosur.es\/tormentas-y-rayos\/wp-json\/wp\/v2\/posts"}],"about":[{"href":"https:\/\/blogs.diariosur.es\/tormentas-y-rayos\/wp-json\/wp\/v2\/types\/post"}],"author":[{"embeddable":true,"href":"https:\/\/blogs.diariosur.es\/tormentas-y-rayos\/wp-json\/wp\/v2\/users\/16"}],"replies":[{"embeddable":true,"href":"https:\/\/blogs.diariosur.es\/tormentas-y-rayos\/wp-json\/wp\/v2\/comments?post=5527"}],"version-history":[{"count":0,"href":"https:\/\/blogs.diariosur.es\/tormentas-y-rayos\/wp-json\/wp\/v2\/posts\/5527\/revisions"}],"wp:featuredmedia":[{"embeddable":true,"href":"https:\/\/blogs.diariosur.es\/tormentas-y-rayos\/wp-json\/wp\/v2\/media\/5529"}],"wp:attachment":[{"href":"https:\/\/blogs.diariosur.es\/tormentas-y-rayos\/wp-json\/wp\/v2\/media?parent=5527"}],"wp:term":[{"taxonomy":"category","embeddable":true,"href":"https:\/\/blogs.diariosur.es\/tormentas-y-rayos\/wp-json\/wp\/v2\/categories?post=5527"},{"taxonomy":"post_tag","embeddable":true,"href":"https:\/\/blogs.diariosur.es\/tormentas-y-rayos\/wp-json\/wp\/v2\/tags?post=5527"}],"curies":[{"name":"wp","href":"https:\/\/api.w.org\/{rel}","templated":true}]}}