{"id":5547,"date":"2013-04-05T10:17:33","date_gmt":"2013-04-05T08:17:33","guid":{"rendered":"http:\/\/blogs.diariosur.es\/tormentas-y-rayos\/?p=5547"},"modified":"2013-04-05T10:17:33","modified_gmt":"2013-04-05T08:17:33","slug":"prevision-del-tiempo-fin-de-semana-nevadas-en-el-norte-peninsular-y-bajada-de-temperaturas-en-toda-andalucia","status":"publish","type":"post","link":"https:\/\/blogs.diariosur.es\/tormentas-y-rayos\/2013\/04\/05\/prevision-del-tiempo-fin-de-semana-nevadas-en-el-norte-peninsular-y-bajada-de-temperaturas-en-toda-andalucia\/","title":{"rendered":"Previsi\u00f3n del tiempo fin de semana. Nevadas en el norte peninsular y bajada de temperaturas en toda Andaluc\u00eda."},"content":{"rendered":"<p><a href=\"https:\/\/blogs.diariosur.es\/tormentas-y-rayos\/2013\/04\/05\/prevision-del-tiempo-fin-de-semana-nevadas-en-el-norte-peninsular-y-bajada-de-temperaturas-en-toda-andalucia\/olympus-digital-camera-1253\/\" rel=\"attachment wp-att-5550\"><img loading=\"lazy\" class=\"aligncenter size-full wp-image-5550\" title=\"OLYMPUS DIGITAL CAMERA\" src=\"\/tormentas-y-rayos\/wp-content\/uploads\/sites\/12\/2013\/04\/003.jpg\" alt=\"\" width=\"670\" height=\"503\" srcset=\"https:\/\/static-blogs.diariosur.es\/wp-content\/uploads\/sites\/12\/2013\/04\/003.jpg 670w, https:\/\/static-blogs.diariosur.es\/wp-content\/uploads\/sites\/12\/2013\/04\/003-533x400.jpg 533w\" sizes=\"(max-width: 670px) 100vw, 670px\" \/><\/a><\/p>\n<p>&nbsp;<\/p>\n<p><strong>As\u00ed amanec\u00eda hoy viernes 5 de abril a las ocho menos cuarto desde la Playa de la Misericordia. La temperatura era de 13 grados y ca\u00eda una ligera llovizna. Menuda diferencia con el amanecer del\u00a0mi\u00e9rcoles\u00a0verdad?<\/strong><\/p>\n<p><a href=\"https:\/\/blogs.diariosur.es\/tormentas-y-rayos\/2013\/04\/05\/prevision-del-tiempo-fin-de-semana-nevadas-en-el-norte-peninsular-y-bajada-de-temperaturas-en-toda-andalucia\/olympus-digital-camera-1254\/\" rel=\"attachment wp-att-5558\"><img loading=\"lazy\" class=\"aligncenter size-full wp-image-5558\" title=\"OLYMPUS DIGITAL CAMERA\" src=\"\/tormentas-y-rayos\/wp-content\/uploads\/sites\/12\/2013\/04\/bb.jpg\" alt=\"\" width=\"670\" height=\"503\" srcset=\"https:\/\/static-blogs.diariosur.es\/wp-content\/uploads\/sites\/12\/2013\/04\/bb.jpg 670w, https:\/\/static-blogs.diariosur.es\/wp-content\/uploads\/sites\/12\/2013\/04\/bb-533x400.jpg 533w\" sizes=\"(max-width: 670px) 100vw, 670px\" \/><\/a><\/p>\n<p>&nbsp;<\/p>\n<p><strong>Los chubascos \u00a0d\u00e9biles han sido los protagonistas esta pasada madrugada. Como os comentaba ayer, a medida que se acercaba la borrasca al Golfo de C\u00e1diz, se iba rellenando y perdiendo fuerza. Ahora cuando son las nueve de la ma\u00f1ana \u00a0su n\u00facleo esta pasando el Estrecho. Por este motivo el aire esta calmado y las nubes vienen del sur. Pero a medida que pasen las horas y si os\u00a0fij\u00e1is\u00a0en el cielo las\u00a0nubes\u00a0ir\u00e1n\u00a0cambiando de direcci\u00f3n, y sobre el\u00a0mediod\u00eda\u00a0casi<span style=\"color: #ff0000;\">\u00a0vendr\u00e1n\u00a0del norte y los cielos se aclararan<\/span>. En ese momento ira arreciando el viento y soplara terral de primavera.<\/strong><\/p>\n<p><strong>Fuente meteogalicia satelite eumetsat. Aemet hirlam<\/strong><\/p>\n<p><a href=\"https:\/\/blogs.diariosur.es\/tormentas-y-rayos\/2013\/04\/05\/prevision-del-tiempo-fin-de-semana-nevadas-en-el-norte-peninsular-y-bajada-de-temperaturas-en-toda-andalucia\/eumetsat-2\/\" rel=\"attachment wp-att-5551\"><img loading=\"lazy\" class=\"aligncenter size-medium wp-image-5551\" title=\"eumetsat\" src=\"\/tormentas-y-rayos\/wp-content\/uploads\/sites\/12\/2013\/04\/eumetsat.jpg\" alt=\"\" width=\"581\" height=\"400\" srcset=\"https:\/\/static-blogs.diariosur.es\/wp-content\/uploads\/sites\/12\/2013\/04\/eumetsat.jpg 741w, https:\/\/static-blogs.diariosur.es\/wp-content\/uploads\/sites\/12\/2013\/04\/eumetsat-581x400.jpg 581w\" sizes=\"(max-width: 581px) 100vw, 581px\" \/><\/a><\/p>\n<p><a href=\"https:\/\/blogs.diariosur.es\/tormentas-y-rayos\/2013\/04\/05\/prevision-del-tiempo-fin-de-semana-nevadas-en-el-norte-peninsular-y-bajada-de-temperaturas-en-toda-andalucia\/mm-4\/\" rel=\"attachment wp-att-5552\"><img loading=\"lazy\" class=\"aligncenter size-medium wp-image-5552\" title=\"mm\" src=\"\/tormentas-y-rayos\/wp-content\/uploads\/sites\/12\/2013\/04\/mm.jpg\" alt=\"\" width=\"600\" height=\"379\" srcset=\"https:\/\/static-blogs.diariosur.es\/wp-content\/uploads\/sites\/12\/2013\/04\/mm.jpg 668w, https:\/\/static-blogs.diariosur.es\/wp-content\/uploads\/sites\/12\/2013\/04\/mm-632x400.jpg 632w\" sizes=\"(max-width: 600px) 100vw, 600px\" \/><\/a><\/p>\n<p><strong>Los chubascos mas fuertes se est\u00e1n dando en el mar y de refil\u00f3n afectan \u00a0a la costa. Las nubes mas cargadas de agua pasan frente a la Costa Malague\u00f1a. Otro dato a destacar es que la nieve cae a partir de 1600 metros en Sierra Tejeda y Sierra de las Nieves.<\/strong><\/p>\n<p><a href=\"https:\/\/blogs.diariosur.es\/tormentas-y-rayos\/2013\/04\/05\/prevision-del-tiempo-fin-de-semana-nevadas-en-el-norte-peninsular-y-bajada-de-temperaturas-en-toda-andalucia\/chubascos-6\/\" rel=\"attachment wp-att-5553\"><img loading=\"lazy\" class=\"aligncenter size-full wp-image-5553\" title=\"chubascos\" src=\"\/tormentas-y-rayos\/wp-content\/uploads\/sites\/12\/2013\/04\/chubascos1.jpg\" alt=\"\" width=\"527\" height=\"576\" srcset=\"https:\/\/static-blogs.diariosur.es\/wp-content\/uploads\/sites\/12\/2013\/04\/chubascos1.jpg 527w, https:\/\/static-blogs.diariosur.es\/wp-content\/uploads\/sites\/12\/2013\/04\/chubascos1-366x400.jpg 366w\" sizes=\"(max-width: 527px) 100vw, 527px\" \/><\/a><\/p>\n<p>&nbsp;<\/p>\n<p><strong>\u00a0PREVISI\u00d3N FIN DE SEMANA:<\/strong><\/p>\n<p><strong>Lo mas importante tanto hoy viernes como ma\u00f1ana\u00a0s\u00e1bado\u00a0son las nevadas que se dar\u00e1n en el norte peninsular. La cota rondara los 400 metros, que para ser primavera es anecd\u00f3tico. Una bolsa de aire frio es la culpable de esta bajada de temperaturas.<\/strong><\/p>\n<p><a href=\"https:\/\/blogs.diariosur.es\/tormentas-y-rayos\/2013\/04\/05\/prevision-del-tiempo-fin-de-semana-nevadas-en-el-norte-peninsular-y-bajada-de-temperaturas-en-toda-andalucia\/bolsa-de-aire-2\/\" rel=\"attachment wp-att-5554\"><img loading=\"lazy\" class=\"aligncenter size-medium wp-image-5554\" title=\"bolsa de aire\" src=\"\/tormentas-y-rayos\/wp-content\/uploads\/sites\/12\/2013\/04\/bolsa-de-aire.jpg\" alt=\"\" width=\"600\" height=\"383\" srcset=\"https:\/\/static-blogs.diariosur.es\/wp-content\/uploads\/sites\/12\/2013\/04\/bolsa-de-aire.jpg 734w, https:\/\/static-blogs.diariosur.es\/wp-content\/uploads\/sites\/12\/2013\/04\/bolsa-de-aire-626x400.jpg 626w\" sizes=\"(max-width: 600px) 100vw, 600px\" \/><\/a><\/p>\n<p><strong>Ma\u00f1ana\u00a0s\u00e1bado\u00a0no espero lluvias en M\u00e1laga, lo\u00a0\u00fanico\u00a0destacable sera la bajada de temperaturas. Siendo las\u00a0m\u00ednimas\u00a0las que mas notemos. Tambien destacar el terral de primavera, \u00a0que ma\u00f1ana\u00a0s\u00e1bado\u00a0soplara con rachas de moderadas, que\u00a0har\u00e1\u00a0que la sensaci\u00f3n\u00a0t\u00e9rmica\u00a0sea de mas\u00a0fr\u00edo.<\/strong><\/p>\n<p><strong> El domingo un frente\u00a0entrar\u00eda\u00a0por el noroeste peninsular, es este que ya se ve en el\u00a0Atl\u00e1ntico.<\/strong><\/p>\n<p><a href=\"https:\/\/blogs.diariosur.es\/tormentas-y-rayos\/2013\/04\/05\/prevision-del-tiempo-fin-de-semana-nevadas-en-el-norte-peninsular-y-bajada-de-temperaturas-en-toda-andalucia\/webexterna_colorir87_07-30-2\/\" rel=\"attachment wp-att-5555\"><img loading=\"lazy\" class=\"aligncenter size-medium wp-image-5555\" title=\"webexterna_ColorIR87_[07-30]\" src=\"\/tormentas-y-rayos\/wp-content\/uploads\/sites\/12\/2013\/04\/webexterna_ColorIR87_07-30.jpg\" alt=\"\" width=\"579\" height=\"400\" srcset=\"https:\/\/static-blogs.diariosur.es\/wp-content\/uploads\/sites\/12\/2013\/04\/webexterna_ColorIR87_07-30.jpg 750w, https:\/\/static-blogs.diariosur.es\/wp-content\/uploads\/sites\/12\/2013\/04\/webexterna_ColorIR87_07-30-579x400.jpg 579w\" sizes=\"(max-width: 579px) 100vw, 579px\" \/><\/a><\/p>\n<p><strong>No creo que nos afecte, ya que el domingo de madrugada una cu\u00f1a\u00a0anticicl\u00f3nica\u00a0har\u00e1\u00a0que se\u00a0desplace\u00a0hacia el noroeste y solo se\u00a0ver\u00edan\u00a0nubes altas. Fuente mapa superficie metoficce domingo.<\/strong><\/p>\n<p><a href=\"https:\/\/blogs.diariosur.es\/tormentas-y-rayos\/2013\/04\/05\/prevision-del-tiempo-fin-de-semana-nevadas-en-el-norte-peninsular-y-bajada-de-temperaturas-en-toda-andalucia\/vvvv-2\/\" rel=\"attachment wp-att-5556\"><img loading=\"lazy\" class=\"aligncenter size-medium wp-image-5556\" title=\"vvvv\" src=\"\/tormentas-y-rayos\/wp-content\/uploads\/sites\/12\/2013\/04\/vvvv.jpg\" alt=\"\" width=\"468\" height=\"400\" srcset=\"https:\/\/static-blogs.diariosur.es\/wp-content\/uploads\/sites\/12\/2013\/04\/vvvv.jpg 787w, https:\/\/static-blogs.diariosur.es\/wp-content\/uploads\/sites\/12\/2013\/04\/vvvv-468x400.jpg 468w, https:\/\/static-blogs.diariosur.es\/wp-content\/uploads\/sites\/12\/2013\/04\/vvvv-768x656.jpg 768w\" sizes=\"(max-width: 468px) 100vw, 468px\" \/><\/a><\/p>\n<p><strong>Poco mas que contar amigos de la meteo. Como se que muchos el lunes os\u00a0desplazareis\u00a0a Alemania, para ver ganar al mejor equipo del mundo. Os\u00a0dar\u00e9\u00a0una predicci\u00f3n del tiempo en esa zona para el lunes y el martes.<\/strong><\/p>\n<p><span style=\"color: #ff0000;\"><strong>Os dejo con esta preciosa foto. Es un atardecer desde Ibiza, me la ha mandado por wassat mi amigo Fernando Cavo Oliver. Un abrazo<\/strong><\/span><\/p>\n<p><a href=\"https:\/\/blogs.diariosur.es\/tormentas-y-rayos\/2013\/04\/05\/prevision-del-tiempo-fin-de-semana-nevadas-en-el-norte-peninsular-y-bajada-de-temperaturas-en-toda-andalucia\/006-7\/\" rel=\"attachment wp-att-5557\"><img loading=\"lazy\" class=\"aligncenter size-full wp-image-5557\" title=\"006\" src=\"\/tormentas-y-rayos\/wp-content\/uploads\/sites\/12\/2013\/04\/006.jpg\" alt=\"\" width=\"360\" height=\"480\" srcset=\"https:\/\/static-blogs.diariosur.es\/wp-content\/uploads\/sites\/12\/2013\/04\/006.jpg 360w, https:\/\/static-blogs.diariosur.es\/wp-content\/uploads\/sites\/12\/2013\/04\/006-300x400.jpg 300w\" sizes=\"(max-width: 360px) 100vw, 360px\" \/><\/a><\/p>\n","protected":false},"excerpt":{"rendered":"<p>&nbsp; As\u00ed amanec\u00eda hoy viernes 5 de abril a las ocho menos cuarto desde la Playa de la Misericordia. La temperatura era de 13 grados y ca\u00eda una ligera llovizna. Menuda diferencia con el amanecer del\u00a0mi\u00e9rcoles\u00a0verdad? &nbsp; Los chubascos \u00a0d\u00e9biles han sido los protagonistas esta pasada madrugada. Como os comentaba ayer, a medida que se [&hellip;]<\/p>\n","protected":false},"author":16,"featured_media":5554,"comment_status":"open","ping_status":"closed","sticky":false,"template":"","format":"standard","meta":[],"categories":[2],"tags":[],"_links":{"self":[{"href":"https:\/\/blogs.diariosur.es\/tormentas-y-rayos\/wp-json\/wp\/v2\/posts\/5547"}],"collection":[{"href":"https:\/\/blogs.diariosur.es\/tormentas-y-rayos\/wp-json\/wp\/v2\/posts"}],"about":[{"href":"https:\/\/blogs.diariosur.es\/tormentas-y-rayos\/wp-json\/wp\/v2\/types\/post"}],"author":[{"embeddable":true,"href":"https:\/\/blogs.diariosur.es\/tormentas-y-rayos\/wp-json\/wp\/v2\/users\/16"}],"replies":[{"embeddable":true,"href":"https:\/\/blogs.diariosur.es\/tormentas-y-rayos\/wp-json\/wp\/v2\/comments?post=5547"}],"version-history":[{"count":0,"href":"https:\/\/blogs.diariosur.es\/tormentas-y-rayos\/wp-json\/wp\/v2\/posts\/5547\/revisions"}],"wp:featuredmedia":[{"embeddable":true,"href":"https:\/\/blogs.diariosur.es\/tormentas-y-rayos\/wp-json\/wp\/v2\/media\/5554"}],"wp:attachment":[{"href":"https:\/\/blogs.diariosur.es\/tormentas-y-rayos\/wp-json\/wp\/v2\/media?parent=5547"}],"wp:term":[{"taxonomy":"category","embeddable":true,"href":"https:\/\/blogs.diariosur.es\/tormentas-y-rayos\/wp-json\/wp\/v2\/categories?post=5547"},{"taxonomy":"post_tag","embeddable":true,"href":"https:\/\/blogs.diariosur.es\/tormentas-y-rayos\/wp-json\/wp\/v2\/tags?post=5547"}],"curies":[{"name":"wp","href":"https:\/\/api.w.org\/{rel}","templated":true}]}}