{"id":5559,"date":"2013-04-07T09:06:17","date_gmt":"2013-04-07T07:06:17","guid":{"rendered":"http:\/\/blogs.diariosur.es\/tormentas-y-rayos\/?p=5559"},"modified":"2013-04-07T09:06:17","modified_gmt":"2013-04-07T07:06:17","slug":"cuartos-de-final-champions-league-borussia-dortmund-malaga-c-f-prevision-del-tiempo-probabilidad-de-chubascos-a-la-hora-del-partido","status":"publish","type":"post","link":"https:\/\/blogs.diariosur.es\/tormentas-y-rayos\/2013\/04\/07\/cuartos-de-final-champions-league-borussia-dortmund-malaga-c-f-prevision-del-tiempo-probabilidad-de-chubascos-a-la-hora-del-partido\/","title":{"rendered":"Cuartos de final Champions League  Borussia Dortmund &#8211; M\u00e1laga C. F.  Previsi\u00f3n del tiempo. Probabilidad de chubascos a la hora del partido."},"content":{"rendered":"<p><strong>Buenos d\u00edas amigos de la meteo.<\/strong><\/p>\n<p><strong>\u00a0Asi\u00a0amanec\u00eda\u00a0hoy 7 de abril en la Playa de la Misericordia. Registraba una temperatura de 11 grados y el viento de terral de primavera soplaba flojo. Los distintos tipos de cirros y algunos lenticularis eran los protagonistas.<\/strong><\/p>\n<p><a href=\"https:\/\/blogs.diariosur.es\/tormentas-y-rayos\/2013\/04\/07\/cuartos-de-final-champions-league-borussia-dortmund-malaga-c-f-prevision-del-tiempo-probabilidad-de-chubascos-a-la-hora-del-partido\/olympus-digital-camera-1255\/\" rel=\"attachment wp-att-5563\"><img loading=\"lazy\" class=\"aligncenter size-full wp-image-5563\" title=\"OLYMPUS DIGITAL CAMERA\" src=\"\/tormentas-y-rayos\/wp-content\/uploads\/sites\/12\/2013\/04\/blog.jpg\" alt=\"\" width=\"670\" height=\"503\" srcset=\"https:\/\/static-blogs.diariosur.es\/wp-content\/uploads\/sites\/12\/2013\/04\/blog.jpg 670w, https:\/\/static-blogs.diariosur.es\/wp-content\/uploads\/sites\/12\/2013\/04\/blog-533x400.jpg 533w\" sizes=\"(max-width: 670px) 100vw, 670px\" \/><\/a><\/p>\n<p>&nbsp;<\/p>\n<p><strong>\u00a0Desde hace unos d\u00edas recibo correos \u00a0pregunt\u00e1ndome que tiempo har\u00e1 el lunes y sobre todo el martes en <\/strong>\u00a0<strong>Dortmund. Tengo amigos que salen en la madrugada del lunes en autobus o en avi\u00f3n.<\/strong><\/p>\n<p><strong>Para los que salen en autob\u00fas pueden tener nevadas en los Pirineos el lunes de madrugada. Y chubascos\u00a0d\u00e9biles\u00a0cruzando Francia. Un frente asociado a una profunda borrasca sera el causante de esta inestabilidad. \u00a0En esta imagen lo pod\u00e9is ver. Fuente eumetsat meteogalicia.\u00a0<\/strong><\/p>\n<p><a href=\"https:\/\/blogs.diariosur.es\/tormentas-y-rayos\/2013\/04\/07\/cuartos-de-final-champions-league-borussia-dortmund-malaga-c-f-prevision-del-tiempo-probabilidad-de-chubascos-a-la-hora-del-partido\/webexterna_ir87_04-45\/\" rel=\"attachment wp-att-5560\"><img loading=\"lazy\" class=\"aligncenter size-medium wp-image-5560\" title=\"webexterna_IR87_[04-45]\" src=\"\/tormentas-y-rayos\/wp-content\/uploads\/sites\/12\/2013\/04\/webexterna_IR87_04-45.jpg\" alt=\"\" width=\"579\" height=\"400\" srcset=\"https:\/\/static-blogs.diariosur.es\/wp-content\/uploads\/sites\/12\/2013\/04\/webexterna_IR87_04-45.jpg 750w, https:\/\/static-blogs.diariosur.es\/wp-content\/uploads\/sites\/12\/2013\/04\/webexterna_IR87_04-45-579x400.jpg 579w\" sizes=\"(max-width: 579px) 100vw, 579px\" \/><\/a><\/p>\n<p><strong>\u00a0El martes una borrasca centrada en las Islas Brit\u00e1nicas se ira acercando a Holanda y zona oeste de Alemania.\u00a0<\/strong><\/p>\n<p><a href=\"https:\/\/blogs.diariosur.es\/tormentas-y-rayos\/2013\/04\/07\/cuartos-de-final-champions-league-borussia-dortmund-malaga-c-f-prevision-del-tiempo-probabilidad-de-chubascos-a-la-hora-del-partido\/nnn\/\" rel=\"attachment wp-att-5561\"><img loading=\"lazy\" class=\"aligncenter size-medium wp-image-5561\" title=\"nnn\" src=\"\/tormentas-y-rayos\/wp-content\/uploads\/sites\/12\/2013\/04\/nnn.png\" alt=\"\" width=\"600\" height=\"400\" srcset=\"https:\/\/static-blogs.diariosur.es\/wp-content\/uploads\/sites\/12\/2013\/04\/nnn.png 768w, https:\/\/static-blogs.diariosur.es\/wp-content\/uploads\/sites\/12\/2013\/04\/nnn-600x400.png 600w\" sizes=\"(max-width: 600px) 100vw, 600px\" \/><\/a><\/p>\n<p>&nbsp;<\/p>\n<p><strong>Esto traer\u00e1 consigo que durante el martes se den chubascos en Dortmud, incluso lo espero durante la hora del partido. Las temperaturas tambi\u00e9n ser\u00e1n fr\u00edas, maximas de 8 grados y m\u00ednimas de 4. Asi que abrigaros y pasarlo bien y tener mucha precauci\u00f3n los que vay\u00e1is por carretera.<\/strong><\/p>\n<p><span style=\"color: #ff0000;\"><strong>Os dejo con estas dos impresionantes fotos de nuestro amigo Israel Fernadez. El viernes al cruzarnos la famosa borrasca, trajo consigo descargas frias, que originaron preciosos cumulonimbus y yunques en los cielos malague\u00f1os.<\/strong><\/span><\/p>\n<p><a href=\"https:\/\/blogs.diariosur.es\/tormentas-y-rayos\/2013\/04\/07\/cuartos-de-final-champions-league-borussia-dortmund-malaga-c-f-prevision-del-tiempo-probabilidad-de-chubascos-a-la-hora-del-partido\/902164_10200850482533609_1967065007_o_1\/\" rel=\"attachment wp-att-5564\"><img loading=\"lazy\" class=\"aligncenter size-full wp-image-5564\" title=\"902164_10200850482533609_1967065007_o_1\" src=\"\/tormentas-y-rayos\/wp-content\/uploads\/sites\/12\/2013\/04\/902164_10200850482533609_1967065007_o_1.jpg\" alt=\"\" width=\"670\" height=\"447\" srcset=\"https:\/\/static-blogs.diariosur.es\/wp-content\/uploads\/sites\/12\/2013\/04\/902164_10200850482533609_1967065007_o_1.jpg 670w, https:\/\/static-blogs.diariosur.es\/wp-content\/uploads\/sites\/12\/2013\/04\/902164_10200850482533609_1967065007_o_1-600x400.jpg 600w\" sizes=\"(max-width: 670px) 100vw, 670px\" \/><\/a><\/p>\n<p><a href=\"https:\/\/blogs.diariosur.es\/tormentas-y-rayos\/2013\/04\/07\/cuartos-de-final-champions-league-borussia-dortmund-malaga-c-f-prevision-del-tiempo-probabilidad-de-chubascos-a-la-hora-del-partido\/887096_10200850474933419_247198820_o\/\" rel=\"attachment wp-att-5565\"><img loading=\"lazy\" class=\"aligncenter size-full wp-image-5565\" title=\"887096_10200850474933419_247198820_o\" src=\"\/tormentas-y-rayos\/wp-content\/uploads\/sites\/12\/2013\/04\/887096_10200850474933419_247198820_o.jpg\" alt=\"\" width=\"670\" height=\"247\" srcset=\"https:\/\/static-blogs.diariosur.es\/wp-content\/uploads\/sites\/12\/2013\/04\/887096_10200850474933419_247198820_o.jpg 670w, https:\/\/static-blogs.diariosur.es\/wp-content\/uploads\/sites\/12\/2013\/04\/887096_10200850474933419_247198820_o-640x236.jpg 640w\" sizes=\"(max-width: 670px) 100vw, 670px\" \/><\/a><\/p>\n<p>&nbsp;<\/p>\n","protected":false},"excerpt":{"rendered":"<p>Buenos d\u00edas amigos de la meteo. \u00a0Asi\u00a0amanec\u00eda\u00a0hoy 7 de abril en la Playa de la Misericordia. Registraba una temperatura de 11 grados y el viento de terral de primavera soplaba flojo. Los distintos tipos de cirros y algunos lenticularis eran los protagonistas. &nbsp; \u00a0Desde hace unos d\u00edas recibo correos \u00a0pregunt\u00e1ndome que tiempo har\u00e1 el lunes [&hellip;]<\/p>\n","protected":false},"author":16,"featured_media":5562,"comment_status":"open","ping_status":"closed","sticky":false,"template":"","format":"standard","meta":[],"categories":[2],"tags":[189,241,299,348,414,551,809,980],"_links":{"self":[{"href":"https:\/\/blogs.diariosur.es\/tormentas-y-rayos\/wp-json\/wp\/v2\/posts\/5559"}],"collection":[{"href":"https:\/\/blogs.diariosur.es\/tormentas-y-rayos\/wp-json\/wp\/v2\/posts"}],"about":[{"href":"https:\/\/blogs.diariosur.es\/tormentas-y-rayos\/wp-json\/wp\/v2\/types\/post"}],"author":[{"embeddable":true,"href":"https:\/\/blogs.diariosur.es\/tormentas-y-rayos\/wp-json\/wp\/v2\/users\/16"}],"replies":[{"embeddable":true,"href":"https:\/\/blogs.diariosur.es\/tormentas-y-rayos\/wp-json\/wp\/v2\/comments?post=5559"}],"version-history":[{"count":0,"href":"https:\/\/blogs.diariosur.es\/tormentas-y-rayos\/wp-json\/wp\/v2\/posts\/5559\/revisions"}],"wp:featuredmedia":[{"embeddable":true,"href":"https:\/\/blogs.diariosur.es\/tormentas-y-rayos\/wp-json\/wp\/v2\/media\/5562"}],"wp:attachment":[{"href":"https:\/\/blogs.diariosur.es\/tormentas-y-rayos\/wp-json\/wp\/v2\/media?parent=5559"}],"wp:term":[{"taxonomy":"category","embeddable":true,"href":"https:\/\/blogs.diariosur.es\/tormentas-y-rayos\/wp-json\/wp\/v2\/categories?post=5559"},{"taxonomy":"post_tag","embeddable":true,"href":"https:\/\/blogs.diariosur.es\/tormentas-y-rayos\/wp-json\/wp\/v2\/tags?post=5559"}],"curies":[{"name":"wp","href":"https:\/\/api.w.org\/{rel}","templated":true}]}}