{"id":5566,"date":"2013-04-08T07:14:50","date_gmt":"2013-04-08T05:14:50","guid":{"rendered":"http:\/\/blogs.diariosur.es\/tormentas-y-rayos\/?p=5566"},"modified":"2013-04-08T07:14:50","modified_gmt":"2013-04-08T05:14:50","slug":"el-anticiclon-da-un-respiro-al-campo-andaluz-prevision-del-tiempo-borussia-dortmund-malaga-c-f","status":"publish","type":"post","link":"https:\/\/blogs.diariosur.es\/tormentas-y-rayos\/2013\/04\/08\/el-anticiclon-da-un-respiro-al-campo-andaluz-prevision-del-tiempo-borussia-dortmund-malaga-c-f\/","title":{"rendered":"El anticicl\u00f3n da un respiro al campo andaluz. Previsi\u00f3n del tiempo Borussia Dortmund \u2013 M\u00e1laga C. F."},"content":{"rendered":"<p><strong>Amigos de la meteo, solo comentaros que por problemas tecnicos no podre actualizar el blog. Tengo la torre en reparacion, un virus me ha jod&#8230;.. Ojala no pierda las fotos de este a\u00f1o. Os escribo desde el movil es muy dificil. Los cielos estan llenos de lenticularishoy 9 de abril, os dejo.Un abrazo<\/strong><\/p>\n<p><strong><\/strong>\u00a0<\/p>\n<p><strong><\/strong>\u00a0<\/p>\n<p><strong>Buenos d\u00edas amigos de la meteo. Son las seis de la ma\u00f1ana, registro 14 \u00a0grados y los cielos est\u00e1n poco nubosos.\u00a0<\/strong><\/p>\n<p><strong>Antes de daros la predicci\u00f3n para estos primeros d\u00edas de la semana y un peque\u00f1o resumen del domingo, os pas<a href=\"https:\/\/blogs.diariosur.es\/tormentas-y-rayos\/2013\/04\/07\/cuartos-de-final-champions-league-borussia-dortmund-malaga-c-f-prevision-del-tiempo-probabilidad-de-chubascos-a-la-hora-del-partido\/\">o el enlace que abr\u00ed el domingo para dar el pron\u00f3stico del tiempo en el partido del Dortmud y el M\u00e1laga C.F.<\/a><\/strong><\/p>\n<p><strong>Empecemos hoy con las previsiones para estos primeros dias de esta semana.<\/strong><\/p>\n<p><strong>El anticicl\u00f3n de las azores se refuerza en Andaluc\u00eda\u00a0t\u00edmidamente\u00a0 con esto no quiero decir que las borrascas y sus frentes no pasen cerca de la\u00a0pen\u00ednsula,\u00a0 al contrario amigos \u00a0siguen cerca, pero el anticicl\u00f3n se encarga de que apenas afecten a Andaluc\u00eda. De momento no es un anticicl\u00f3n muy potente y tendremos que seguir su evoluci\u00f3n durante esta semana.<\/strong><\/p>\n<p><strong>En esta imagen que guarde ayer del satelite eumetsat \u00a0pod\u00e9is ver las borrascas afectara al noroeste peninsular<span style=\"color: #000000;\">.<\/span><\/strong><\/p>\n<p><a href=\"https:\/\/blogs.diariosur.es\/tormentas-y-rayos\/2013\/04\/08\/el-anticiclon-da-un-respiro-al-campo-andaluz-prevision-del-tiempo-borussia-dortmund-malaga-c-f\/webexterna_colorir87_18-00\/\" rel=\"attachment wp-att-5568\"><img loading=\"lazy\" class=\"aligncenter size-medium wp-image-5568\" title=\"webexterna_ColorIR87_[18-00]\" src=\"\/tormentas-y-rayos\/wp-content\/uploads\/sites\/12\/2013\/04\/webexterna_ColorIR87_18-00.jpg\" alt=\"\" width=\"579\" height=\"400\" srcset=\"https:\/\/static-blogs.diariosur.es\/wp-content\/uploads\/sites\/12\/2013\/04\/webexterna_ColorIR87_18-00.jpg 750w, https:\/\/static-blogs.diariosur.es\/wp-content\/uploads\/sites\/12\/2013\/04\/webexterna_ColorIR87_18-00-579x400.jpg 579w\" sizes=\"(max-width: 579px) 100vw, 579px\" \/><\/a><\/p>\n<p>&nbsp;<\/p>\n<p><strong>Poco mas que contar para estos primeros dias amigos de la meteo, solo comentaros que las temperaturas\u00a0subir\u00e1n\u00a0y que el viento de terral de primavera soplara entre flojo y moderado con el paso de cada frente. \u00a0Estos frentes\u00a0traer\u00e1n\u00a0nubes altas y medias, que\u00a0seg\u00fan\u00a0la hora\u00a0podr\u00edamos\u00a0tener candilazos al amanecer o atardecer.<\/strong><\/p>\n<p><span style=\"color: #0000ff;\"><strong>Vamos con el peque\u00f1o resumen en fotos del domingo amigos.<\/strong><\/span><\/p>\n<p><span><strong><span style=\"color: #ff00ff;\">La m\u00e1xima del domingo fue de 18 y la m\u00ednima de 11. El frente que cruzo la\u00a0pen\u00ednsula\u00a0 llego muy desgastado a nuestra provincia y solo trajo nubes altas a los cielos malague\u00f1os desde la madrugada al atardecer. Y que mejor que poneros estas fotos para explicar sin palabras lo que dio de si el domingo desde el amanecer,\u00a0mediod\u00eda, \u00a0por tarde y \u00a0al anochecer.\u00a0<\/span><\/strong><\/span><\/p>\n<p><span style=\"color: #008000;\"><strong>AMANECER ALTOCUMULUS LENTICULARIS Y CIRROS FLOCCUS<\/strong><\/span><\/p>\n<p>&nbsp;<\/p>\n<p><a href=\"https:\/\/blogs.diariosur.es\/tormentas-y-rayos\/2013\/04\/08\/el-anticiclon-da-un-respiro-al-campo-andaluz-prevision-del-tiempo-borussia-dortmund-malaga-c-f\/olympus-digital-camera-1256\/\" rel=\"attachment wp-att-5569\"><img loading=\"lazy\" class=\"aligncenter size-full wp-image-5569\" title=\"OLYMPUS DIGITAL CAMERA\" src=\"\/tormentas-y-rayos\/wp-content\/uploads\/sites\/12\/2013\/04\/blog1.jpg\" alt=\"\" width=\"670\" height=\"503\" srcset=\"https:\/\/static-blogs.diariosur.es\/wp-content\/uploads\/sites\/12\/2013\/04\/blog1.jpg 670w, https:\/\/static-blogs.diariosur.es\/wp-content\/uploads\/sites\/12\/2013\/04\/blog1-533x400.jpg 533w\" sizes=\"(max-width: 670px) 100vw, 670px\" \/><\/a><\/p>\n<p>&nbsp;<\/p>\n<p><a href=\"https:\/\/blogs.diariosur.es\/tormentas-y-rayos\/2013\/04\/08\/el-anticiclon-da-un-respiro-al-campo-andaluz-prevision-del-tiempo-borussia-dortmund-malaga-c-f\/olympus-digital-camera-1257\/\" rel=\"attachment wp-att-5570\"><img loading=\"lazy\" class=\"aligncenter size-full wp-image-5570\" title=\"OLYMPUS DIGITAL CAMERA\" src=\"\/tormentas-y-rayos\/wp-content\/uploads\/sites\/12\/2013\/04\/b21.jpg\" alt=\"\" width=\"670\" height=\"503\" srcset=\"https:\/\/static-blogs.diariosur.es\/wp-content\/uploads\/sites\/12\/2013\/04\/b21.jpg 670w, https:\/\/static-blogs.diariosur.es\/wp-content\/uploads\/sites\/12\/2013\/04\/b21-533x400.jpg 533w\" sizes=\"(max-width: 670px) 100vw, 670px\" \/><\/a><\/p>\n<p><strong>MEDIODIA ZONA TORRE DE BENAGALB\u00d3N. CIRROS SPISSATUS<\/strong><\/p>\n<p><a href=\"https:\/\/blogs.diariosur.es\/tormentas-y-rayos\/2013\/04\/08\/el-anticiclon-da-un-respiro-al-campo-andaluz-prevision-del-tiempo-borussia-dortmund-malaga-c-f\/olympus-digital-camera-1258\/\" rel=\"attachment wp-att-5571\"><img loading=\"lazy\" class=\"aligncenter size-full wp-image-5571\" title=\"OLYMPUS DIGITAL CAMERA\" src=\"\/tormentas-y-rayos\/wp-content\/uploads\/sites\/12\/2013\/04\/bog1.jpg\" alt=\"\" width=\"670\" height=\"503\" srcset=\"https:\/\/static-blogs.diariosur.es\/wp-content\/uploads\/sites\/12\/2013\/04\/bog1.jpg 670w, https:\/\/static-blogs.diariosur.es\/wp-content\/uploads\/sites\/12\/2013\/04\/bog1-533x400.jpg 533w\" sizes=\"(max-width: 670px) 100vw, 670px\" \/><\/a><\/p>\n<p><strong>\u00a0POR LA TARDE DESDE CASA. ALTOCUMULUS STRATIFORMIS TRASLUCIDOS Y OPACOS<\/strong><\/p>\n<p><a href=\"https:\/\/blogs.diariosur.es\/tormentas-y-rayos\/2013\/04\/08\/el-anticiclon-da-un-respiro-al-campo-andaluz-prevision-del-tiempo-borussia-dortmund-malaga-c-f\/olympus-digital-camera-1260\/\" rel=\"attachment wp-att-5573\"><img loading=\"lazy\" class=\"aligncenter size-full wp-image-5573\" title=\"OLYMPUS DIGITAL CAMERA\" src=\"\/tormentas-y-rayos\/wp-content\/uploads\/sites\/12\/2013\/04\/b12.jpg\" alt=\"\" width=\"670\" height=\"503\" srcset=\"https:\/\/static-blogs.diariosur.es\/wp-content\/uploads\/sites\/12\/2013\/04\/b12.jpg 670w, https:\/\/static-blogs.diariosur.es\/wp-content\/uploads\/sites\/12\/2013\/04\/b12-533x400.jpg 533w\" sizes=\"(max-width: 670px) 100vw, 670px\" \/><\/a><\/p>\n<p>&nbsp;<\/p>\n<p><strong>PUESTA DE SOL CIRROS SPISSATUS<\/strong><\/p>\n<p><a href=\"https:\/\/blogs.diariosur.es\/tormentas-y-rayos\/2013\/04\/08\/el-anticiclon-da-un-respiro-al-campo-andaluz-prevision-del-tiempo-borussia-dortmund-malaga-c-f\/olympus-digital-camera-1261\/\" rel=\"attachment wp-att-5574\"><img loading=\"lazy\" class=\"aligncenter size-full wp-image-5574\" title=\"OLYMPUS DIGITAL CAMERA\" src=\"\/tormentas-y-rayos\/wp-content\/uploads\/sites\/12\/2013\/04\/b4.jpg\" alt=\"\" width=\"670\" height=\"503\" srcset=\"https:\/\/static-blogs.diariosur.es\/wp-content\/uploads\/sites\/12\/2013\/04\/b4.jpg 670w, https:\/\/static-blogs.diariosur.es\/wp-content\/uploads\/sites\/12\/2013\/04\/b4-533x400.jpg 533w\" sizes=\"(max-width: 670px) 100vw, 670px\" \/><\/a><\/p>\n<p><strong>Poco mas que contar del Domingo amigos.\u00a0<\/strong><\/p>\n<p><strong>Ahora que me doy cuenta, no os he dicho nada del\u00a0s\u00e1bado\u00a0jejejej. La verdad que estuve casi todo el dia en el curro y solo pude tomar esta foto antes de entrar a trabajar. La maxima fue de 16,8 grados y la\u00a0m\u00ednima\u00a0de 9. El viento de terral de primavera soplo de moderado a fuerte y esto hizo que la sensaci\u00f3n\u00a0t\u00e9rmica\u00a0fuera de mas fr\u00edo. Os dejo con la foto del amanecer del\u00a0s\u00e1bado.\u00a0<\/strong><\/p>\n<p><a href=\"https:\/\/blogs.diariosur.es\/tormentas-y-rayos\/2013\/04\/08\/el-anticiclon-da-un-respiro-al-campo-andaluz-prevision-del-tiempo-borussia-dortmund-malaga-c-f\/64375_10200173548120376_1017854903_n\/\" rel=\"attachment wp-att-5575\"><img loading=\"lazy\" class=\"aligncenter size-full wp-image-5575\" title=\"64375_10200173548120376_1017854903_n\" src=\"\/tormentas-y-rayos\/wp-content\/uploads\/sites\/12\/2013\/04\/64375_10200173548120376_1017854903_n.jpg\" alt=\"\" width=\"670\" height=\"503\" srcset=\"https:\/\/static-blogs.diariosur.es\/wp-content\/uploads\/sites\/12\/2013\/04\/64375_10200173548120376_1017854903_n.jpg 670w, https:\/\/static-blogs.diariosur.es\/wp-content\/uploads\/sites\/12\/2013\/04\/64375_10200173548120376_1017854903_n-533x400.jpg 533w\" sizes=\"(max-width: 670px) 100vw, 670px\" \/><\/a><\/p>\n<p>&nbsp;<\/p>\n<p>&nbsp;<\/p>\n","protected":false},"excerpt":{"rendered":"<p>Amigos de la meteo, solo comentaros que por problemas tecnicos no podre actualizar el blog. Tengo la torre en reparacion, un virus me ha jod&#8230;.. Ojala no pierda las fotos de este a\u00f1o. Os escribo desde el movil es muy dificil. Los cielos estan llenos de lenticularishoy 9 de abril, os dejo.Un abrazo \u00a0 \u00a0 [&hellip;]<\/p>\n","protected":false},"author":16,"featured_media":5569,"comment_status":"open","ping_status":"closed","sticky":false,"template":"","format":"standard","meta":[],"categories":[2],"tags":[114,190,243,587,809,980],"_links":{"self":[{"href":"https:\/\/blogs.diariosur.es\/tormentas-y-rayos\/wp-json\/wp\/v2\/posts\/5566"}],"collection":[{"href":"https:\/\/blogs.diariosur.es\/tormentas-y-rayos\/wp-json\/wp\/v2\/posts"}],"about":[{"href":"https:\/\/blogs.diariosur.es\/tormentas-y-rayos\/wp-json\/wp\/v2\/types\/post"}],"author":[{"embeddable":true,"href":"https:\/\/blogs.diariosur.es\/tormentas-y-rayos\/wp-json\/wp\/v2\/users\/16"}],"replies":[{"embeddable":true,"href":"https:\/\/blogs.diariosur.es\/tormentas-y-rayos\/wp-json\/wp\/v2\/comments?post=5566"}],"version-history":[{"count":0,"href":"https:\/\/blogs.diariosur.es\/tormentas-y-rayos\/wp-json\/wp\/v2\/posts\/5566\/revisions"}],"wp:featuredmedia":[{"embeddable":true,"href":"https:\/\/blogs.diariosur.es\/tormentas-y-rayos\/wp-json\/wp\/v2\/media\/5569"}],"wp:attachment":[{"href":"https:\/\/blogs.diariosur.es\/tormentas-y-rayos\/wp-json\/wp\/v2\/media?parent=5566"}],"wp:term":[{"taxonomy":"category","embeddable":true,"href":"https:\/\/blogs.diariosur.es\/tormentas-y-rayos\/wp-json\/wp\/v2\/categories?post=5566"},{"taxonomy":"post_tag","embeddable":true,"href":"https:\/\/blogs.diariosur.es\/tormentas-y-rayos\/wp-json\/wp\/v2\/tags?post=5566"}],"curies":[{"name":"wp","href":"https:\/\/api.w.org\/{rel}","templated":true}]}}