{"id":5577,"date":"2013-04-11T07:07:58","date_gmt":"2013-04-11T05:07:58","guid":{"rendered":"http:\/\/blogs.diariosur.es\/tormentas-y-rayos\/?p=5577"},"modified":"2013-04-11T07:07:58","modified_gmt":"2013-04-11T05:07:58","slug":"el-terral-de-primavera-protagonista-ayer-dimos-una-maxima-de-26-grados","status":"publish","type":"post","link":"https:\/\/blogs.diariosur.es\/tormentas-y-rayos\/2013\/04\/11\/el-terral-de-primavera-protagonista-ayer-dimos-una-maxima-de-26-grados\/","title":{"rendered":"El terral de primavera protagonista. Ayer dimos una m\u00e1xima de 26 grados."},"content":{"rendered":"<p><span style=\"color: #ff0000;\"><strong><a href=\"https:\/\/blogs.diariosur.es\/tormentas-y-rayos\/2013\/04\/12\/prevision-del-tiempo-fin-de-semana-el-levante-apaciguara-la-alergia\/\">ACTUALIZACI\u00d3N: PREVISI\u00d3N FIN DE SEMANA<\/a><\/strong><\/span><\/p>\n<p>&nbsp;<\/p>\n<p><strong>Buenos d\u00edas amigos de la meteo. Son las 6 de la ma\u00f1ana, registro 17 grados y los cielos est\u00e1n algo nubosos, el amanecer promete. Os escribo desde el m\u00f3vil y con mucha dificultad. \u00a0Hoy seguir\u00e1 el terral de primavera, que soplar\u00e1 de moderado a fuerte a partir de la pr\u00f3xima madrugada. \u00a0De nuevo la temperatura llegara a los 25 grados o m\u00e1s. Ma\u00f1ana si todo va bien os actualizare el blog desde el ordenador, parece que he salvado las fotos de final del 2012 y lo que va del 2013. \u00a0Poco m\u00e1s que contar amigos , espero que el levant\u00e9 entre a partir del s\u00e1bado y la alergia nos de una tregua, yo lo estoy pasando fatal achissssssssss. Hasta ma\u00f1ana que si todo va bien os pondr\u00e9 unas fotos preciosas de estos d\u00edas .htt<\/strong><\/p>\n","protected":false},"excerpt":{"rendered":"<p>ACTUALIZACI\u00d3N: PREVISI\u00d3N FIN DE SEMANA &nbsp; Buenos d\u00edas amigos de la meteo. Son las 6 de la ma\u00f1ana, registro 17 grados y los cielos est\u00e1n algo nubosos, el amanecer promete. Os escribo desde el m\u00f3vil y con mucha dificultad. \u00a0Hoy seguir\u00e1 el terral de primavera, que soplar\u00e1 de moderado a fuerte a partir de la [&hellip;]<\/p>\n","protected":false},"author":16,"featured_media":5580,"comment_status":"open","ping_status":"closed","sticky":false,"template":"","format":"standard","meta":[],"categories":[2],"tags":[],"_links":{"self":[{"href":"https:\/\/blogs.diariosur.es\/tormentas-y-rayos\/wp-json\/wp\/v2\/posts\/5577"}],"collection":[{"href":"https:\/\/blogs.diariosur.es\/tormentas-y-rayos\/wp-json\/wp\/v2\/posts"}],"about":[{"href":"https:\/\/blogs.diariosur.es\/tormentas-y-rayos\/wp-json\/wp\/v2\/types\/post"}],"author":[{"embeddable":true,"href":"https:\/\/blogs.diariosur.es\/tormentas-y-rayos\/wp-json\/wp\/v2\/users\/16"}],"replies":[{"embeddable":true,"href":"https:\/\/blogs.diariosur.es\/tormentas-y-rayos\/wp-json\/wp\/v2\/comments?post=5577"}],"version-history":[{"count":0,"href":"https:\/\/blogs.diariosur.es\/tormentas-y-rayos\/wp-json\/wp\/v2\/posts\/5577\/revisions"}],"wp:featuredmedia":[{"embeddable":true,"href":"https:\/\/blogs.diariosur.es\/tormentas-y-rayos\/wp-json\/wp\/v2\/media\/5580"}],"wp:attachment":[{"href":"https:\/\/blogs.diariosur.es\/tormentas-y-rayos\/wp-json\/wp\/v2\/media?parent=5577"}],"wp:term":[{"taxonomy":"category","embeddable":true,"href":"https:\/\/blogs.diariosur.es\/tormentas-y-rayos\/wp-json\/wp\/v2\/categories?post=5577"},{"taxonomy":"post_tag","embeddable":true,"href":"https:\/\/blogs.diariosur.es\/tormentas-y-rayos\/wp-json\/wp\/v2\/tags?post=5577"}],"curies":[{"name":"wp","href":"https:\/\/api.w.org\/{rel}","templated":true}]}}