{"id":5594,"date":"2013-04-15T10:34:15","date_gmt":"2013-04-15T08:34:15","guid":{"rendered":"http:\/\/blogs.diariosur.es\/tormentas-y-rayos\/?p=5594"},"modified":"2013-04-15T10:34:15","modified_gmt":"2013-04-15T08:34:15","slug":"uyyyyyyyyyyyyy-que-rojillos-os-veo-el-anticiclon-y-la-dorsal-africana-protagonistas-posibilidad-de-nieblas-o-brumas-costeras","status":"publish","type":"post","link":"https:\/\/blogs.diariosur.es\/tormentas-y-rayos\/2013\/04\/15\/uyyyyyyyyyyyyy-que-rojillos-os-veo-el-anticiclon-y-la-dorsal-africana-protagonistas-posibilidad-de-nieblas-o-brumas-costeras\/","title":{"rendered":"Uyyyyyyyyyyyyy que rojillos os veo. El anticicl\u00f3n y la dorsal Africana protagonistas. Posibilidad de nieblas o brumas costeras."},"content":{"rendered":"<p><strong>Buenos d\u00edas amigos de la meteo. Como hoy no he podido bajar a la playa a cazar el amanecer, mi amigo Francisco Jose \u00a0Mart\u00edn os da los buenos dias con este pedazo de foto, impresionante Paco, un fuerte abrazo.<\/strong><\/p>\n<p><a href=\"https:\/\/blogs.diariosur.es\/tormentas-y-rayos\/2013\/04\/15\/uyyyyyyyyyyyyy-que-rojillos-os-veo-el-anticiclon-y-la-dorsal-africana-protagonistas-posibilidad-de-nieblas-o-brumas-costeras\/894560_134281560090491_1851869259_o_1\/\" rel=\"attachment wp-att-5608\"><img loading=\"lazy\" class=\"aligncenter size-full wp-image-5608\" title=\"894560_134281560090491_1851869259_o_1\" src=\"\/tormentas-y-rayos\/wp-content\/uploads\/sites\/12\/2013\/04\/894560_134281560090491_1851869259_o_1.jpg\" alt=\"\" width=\"660\" height=\"495\" srcset=\"https:\/\/static-blogs.diariosur.es\/wp-content\/uploads\/sites\/12\/2013\/04\/894560_134281560090491_1851869259_o_1.jpg 660w, https:\/\/static-blogs.diariosur.es\/wp-content\/uploads\/sites\/12\/2013\/04\/894560_134281560090491_1851869259_o_1-533x400.jpg 533w\" sizes=\"(max-width: 660px) 100vw, 660px\" \/><\/a><\/p>\n<p><strong>Sera posible que todos los a\u00f1os os pase igual, ya tenemos las primeras quemaduras, acompa\u00f1adas de un color rojillo jejejejeje. Anda que no ten\u00edais ganas de tumbaros en la arena y tomar el sol. Menos mal que mi familia se pusieron una buena protecci\u00f3n. Ayer debido a la brisa de levante en la sombra hacia fresquete y donde mejor se estaba era a pleno sol, pero el sol no entiende de fresquete, \u00a0y se dedico a poner rojillos a muchos en la playa.<\/strong><\/p>\n<p><a href=\"https:\/\/blogs.diariosur.es\/tormentas-y-rayos\/2013\/04\/15\/uyyyyyyyyyyyyy-que-rojillos-os-veo-el-anticiclon-y-la-dorsal-africana-protagonistas-posibilidad-de-nieblas-o-brumas-costeras\/olympus-digital-camera-1266\/\" rel=\"attachment wp-att-5595\"><img loading=\"lazy\" class=\"aligncenter size-full wp-image-5595\" title=\"OLYMPUS DIGITAL CAMERA\" src=\"\/tormentas-y-rayos\/wp-content\/uploads\/sites\/12\/2013\/04\/078.jpg\" alt=\"\" width=\"660\" height=\"495\" srcset=\"https:\/\/static-blogs.diariosur.es\/wp-content\/uploads\/sites\/12\/2013\/04\/078.jpg 660w, https:\/\/static-blogs.diariosur.es\/wp-content\/uploads\/sites\/12\/2013\/04\/078-533x400.jpg 533w\" sizes=\"(max-width: 660px) 100vw, 660px\" \/><\/a><\/p>\n<p><span style=\"color: #ff0000;\"><strong>Como siempre os hago un peque\u00f1o resumen en fotos de este pasado fin de semana. Y al final os doy la previsi\u00f3n del tiempo para estos primeros dias de esta semana.<\/strong><\/span><\/p>\n<p><span style=\"color: #0000ff;\"><strong>El s\u00e1bado el protagonista fue el cielo azul, era dif\u00edcil ver una sola nube en los cielos malague\u00f1os. \u00a0<\/strong><\/span><\/p>\n<p><span style=\"color: #0000ff;\"><a href=\"https:\/\/blogs.diariosur.es\/tormentas-y-rayos\/2013\/04\/15\/uyyyyyyyyyyyyy-que-rojillos-os-veo-el-anticiclon-y-la-dorsal-africana-protagonistas-posibilidad-de-nieblas-o-brumas-costeras\/olympus-digital-camera-1267\/\" rel=\"attachment wp-att-5596\"><span style=\"color: #0000ff;\"><img loading=\"lazy\" class=\"aligncenter size-full wp-image-5596\" title=\"OLYMPUS DIGITAL CAMERA\" src=\"\/tormentas-y-rayos\/wp-content\/uploads\/sites\/12\/2013\/04\/002.jpg\" alt=\"\" width=\"660\" height=\"495\" srcset=\"https:\/\/static-blogs.diariosur.es\/wp-content\/uploads\/sites\/12\/2013\/04\/002.jpg 660w, https:\/\/static-blogs.diariosur.es\/wp-content\/uploads\/sites\/12\/2013\/04\/002-533x400.jpg 533w\" sizes=\"(max-width: 660px) 100vw, 660px\" \/><\/span><\/a><\/span><\/p>\n<p><span style=\"color: #0000ff;\"><strong>La maxima fue de 22 grados y la\u00a0m\u00ednima\u00a0de 14.<\/strong><\/span><\/p>\n<p><span style=\"color: #ff00ff;\"><strong>Del domingo si tengo mas fotos que estoy seguro que os van a gustar.<\/strong><\/span><\/p>\n<p><span style=\"color: #ff00ff;\"><strong>Sobre las siete y cuarto de la ma\u00f1ana me fui para fotografiar el amanecer, en la zona del Mar de Alboran hab\u00eda una ligera inestabilidad, que incluso dejaba chubascos en esa zona. Os paso esta imagen de satelite eumetsat y el radar de lluvias.<\/strong><\/span><\/p>\n<p><span style=\"color: #ff00ff;\"><a href=\"https:\/\/blogs.diariosur.es\/tormentas-y-rayos\/2013\/04\/15\/uyyyyyyyyyyyyy-que-rojillos-os-veo-el-anticiclon-y-la-dorsal-africana-protagonistas-posibilidad-de-nieblas-o-brumas-costeras\/webexterna_ir87_04-30\/\" rel=\"attachment wp-att-5597\"><span style=\"color: #ff00ff;\"><img loading=\"lazy\" class=\"aligncenter size-full wp-image-5597\" title=\"webexterna_IR87_[04-30]\" src=\"\/tormentas-y-rayos\/wp-content\/uploads\/sites\/12\/2013\/04\/webexterna_IR87_04-30.jpg\" alt=\"\" width=\"600\" height=\"414\" srcset=\"https:\/\/static-blogs.diariosur.es\/wp-content\/uploads\/sites\/12\/2013\/04\/webexterna_IR87_04-30.jpg 600w, https:\/\/static-blogs.diariosur.es\/wp-content\/uploads\/sites\/12\/2013\/04\/webexterna_IR87_04-30-580x400.jpg 580w\" sizes=\"(max-width: 600px) 100vw, 600px\" \/><\/span><\/a><a href=\"https:\/\/blogs.diariosur.es\/tormentas-y-rayos\/2013\/04\/15\/uyyyyyyyyyyyyy-que-rojillos-os-veo-el-anticiclon-y-la-dorsal-africana-protagonistas-posibilidad-de-nieblas-o-brumas-costeras\/domngo\/\" rel=\"attachment wp-att-5598\"><span style=\"color: #ff00ff;\"><img loading=\"lazy\" class=\"aligncenter size-full wp-image-5598\" title=\"domngo\" src=\"\/tormentas-y-rayos\/wp-content\/uploads\/sites\/12\/2013\/04\/domngo.gif\" alt=\"\" width=\"450\" height=\"497\" \/><\/span><\/a><\/span><\/p>\n<p><span style=\"color: #ff00ff;\"><strong>Asi\u00a0amanec\u00eda\u00a0el domingo 14 de abril<\/strong><\/span><\/p>\n<p><span style=\"color: #ff00ff;\"><a href=\"https:\/\/blogs.diariosur.es\/tormentas-y-rayos\/2013\/04\/15\/uyyyyyyyyyyyyy-que-rojillos-os-veo-el-anticiclon-y-la-dorsal-africana-protagonistas-posibilidad-de-nieblas-o-brumas-costeras\/olympus-digital-camera-1268\/\" rel=\"attachment wp-att-5599\"><span style=\"color: #ff00ff;\"><img loading=\"lazy\" class=\"aligncenter size-full wp-image-5599\" title=\"OLYMPUS DIGITAL CAMERA\" src=\"\/tormentas-y-rayos\/wp-content\/uploads\/sites\/12\/2013\/04\/z21.jpg\" alt=\"\" width=\"660\" height=\"495\" srcset=\"https:\/\/static-blogs.diariosur.es\/wp-content\/uploads\/sites\/12\/2013\/04\/z21.jpg 660w, https:\/\/static-blogs.diariosur.es\/wp-content\/uploads\/sites\/12\/2013\/04\/z21-533x400.jpg 533w\" sizes=\"(max-width: 660px) 100vw, 660px\" \/><\/span><\/a><\/span><\/p>\n<p>&nbsp;<\/p>\n<p><span style=\"color: #ff00ff;\"><strong>Sobre las once de la ma\u00f1ana llegue a Torre de Benagalb\u00f3n, la temperatura era de 20,8 grados y corr\u00eda una ligera brisa de levante fresquita. Hab\u00eda mar de fondo, que dejaba olas de un metro en la orilla.\u00a0<\/strong><\/span><\/p>\n<p><span style=\"color: #ff00ff;\"><a href=\"https:\/\/blogs.diariosur.es\/tormentas-y-rayos\/2013\/04\/15\/uyyyyyyyyyyyyy-que-rojillos-os-veo-el-anticiclon-y-la-dorsal-africana-protagonistas-posibilidad-de-nieblas-o-brumas-costeras\/olympus-digital-camera-1269\/\" rel=\"attachment wp-att-5600\"><span style=\"color: #ff00ff;\"><img loading=\"lazy\" class=\"aligncenter size-full wp-image-5600\" title=\"OLYMPUS DIGITAL CAMERA\" src=\"\/tormentas-y-rayos\/wp-content\/uploads\/sites\/12\/2013\/04\/063.jpg\" alt=\"\" width=\"660\" height=\"495\" srcset=\"https:\/\/static-blogs.diariosur.es\/wp-content\/uploads\/sites\/12\/2013\/04\/063.jpg 660w, https:\/\/static-blogs.diariosur.es\/wp-content\/uploads\/sites\/12\/2013\/04\/063-533x400.jpg 533w\" sizes=\"(max-width: 660px) 100vw, 660px\" \/><\/span><\/a><\/span><\/p>\n<p><span style=\"color: #ff00ff;\"><strong>No solo en esa zona ten\u00edamos mas de fondo o como tambi\u00e9n se le llama mar tendida, en M\u00e1laga Capital tambi\u00e9n era la protagonista. Nuestra amiga Alicia Ram\u00edrez aficionada a la meteorolog\u00eda y estupenda fot\u00f3grafa quiere compartir esta foto de los Ba\u00f1os del Carmen. Las olas chocaban con las rocas este pasado domingo dejando esta bella imagen. Al final os pondr\u00e9 otra foto de Alicia.<\/strong><\/span><\/p>\n<p><span style=\"color: #ff00ff;\"><a href=\"https:\/\/blogs.diariosur.es\/tormentas-y-rayos\/2013\/04\/15\/uyyyyyyyyyyyyy-que-rojillos-os-veo-el-anticiclon-y-la-dorsal-africana-protagonistas-posibilidad-de-nieblas-o-brumas-costeras\/901756_10151440274028985_626656325_o\/\" rel=\"attachment wp-att-5601\"><span style=\"color: #ff00ff;\"><img loading=\"lazy\" class=\"aligncenter size-full wp-image-5601\" title=\"901756_10151440274028985_626656325_o\" src=\"\/tormentas-y-rayos\/wp-content\/uploads\/sites\/12\/2013\/04\/901756_10151440274028985_626656325_o.jpg\" alt=\"\" width=\"660\" height=\"440\" srcset=\"https:\/\/static-blogs.diariosur.es\/wp-content\/uploads\/sites\/12\/2013\/04\/901756_10151440274028985_626656325_o.jpg 660w, https:\/\/static-blogs.diariosur.es\/wp-content\/uploads\/sites\/12\/2013\/04\/901756_10151440274028985_626656325_o-600x400.jpg 600w\" sizes=\"(max-width: 660px) 100vw, 660px\" \/><\/span><\/a><\/span><\/p>\n<p><span style=\"color: #ff00ff;\"><strong>Como os comentaba al principio del post el campo estaba precioso. La verdad que nunca lo he visto asi, miedo me da cuando cambie el aire y venga de terral, los que tenemos alergia lo pasaremos muy mal este mes y sobre todo mayo. Os pongo varias fotos.<\/strong><\/span><\/p>\n<p><span style=\"color: #ff00ff;\"><a href=\"https:\/\/blogs.diariosur.es\/tormentas-y-rayos\/2013\/04\/15\/uyyyyyyyyyyyyy-que-rojillos-os-veo-el-anticiclon-y-la-dorsal-africana-protagonistas-posibilidad-de-nieblas-o-brumas-costeras\/olympus-digital-camera-1270\/\" rel=\"attachment wp-att-5602\"><span style=\"color: #ff00ff;\"><img loading=\"lazy\" class=\"aligncenter size-full wp-image-5602\" title=\"OLYMPUS DIGITAL CAMERA\" src=\"\/tormentas-y-rayos\/wp-content\/uploads\/sites\/12\/2013\/04\/051.jpg\" alt=\"\" width=\"660\" height=\"495\" srcset=\"https:\/\/static-blogs.diariosur.es\/wp-content\/uploads\/sites\/12\/2013\/04\/051.jpg 660w, https:\/\/static-blogs.diariosur.es\/wp-content\/uploads\/sites\/12\/2013\/04\/051-533x400.jpg 533w\" sizes=\"(max-width: 660px) 100vw, 660px\" \/><\/span><\/a><\/span><\/p>\n<p>&nbsp;<\/p>\n<p><span style=\"color: #ff00ff;\"><a href=\"https:\/\/blogs.diariosur.es\/tormentas-y-rayos\/2013\/04\/15\/uyyyyyyyyyyyyy-que-rojillos-os-veo-el-anticiclon-y-la-dorsal-africana-protagonistas-posibilidad-de-nieblas-o-brumas-costeras\/olympus-digital-camera-1271\/\" rel=\"attachment wp-att-5603\"><span style=\"color: #ff00ff;\"><img loading=\"lazy\" class=\"aligncenter size-full wp-image-5603\" title=\"OLYMPUS DIGITAL CAMERA\" src=\"\/tormentas-y-rayos\/wp-content\/uploads\/sites\/12\/2013\/04\/056.jpg\" alt=\"\" width=\"400\" height=\"533\" srcset=\"https:\/\/static-blogs.diariosur.es\/wp-content\/uploads\/sites\/12\/2013\/04\/056.jpg 400w, https:\/\/static-blogs.diariosur.es\/wp-content\/uploads\/sites\/12\/2013\/04\/056-300x400.jpg 300w\" sizes=\"(max-width: 400px) 100vw, 400px\" \/><\/span><\/a><\/span><\/p>\n<p>&nbsp;<\/p>\n<p><span style=\"color: #ff00ff;\"><a href=\"https:\/\/blogs.diariosur.es\/tormentas-y-rayos\/2013\/04\/15\/uyyyyyyyyyyyyy-que-rojillos-os-veo-el-anticiclon-y-la-dorsal-africana-protagonistas-posibilidad-de-nieblas-o-brumas-costeras\/olympus-digital-camera-1272\/\" rel=\"attachment wp-att-5604\"><span style=\"color: #ff00ff;\"><img loading=\"lazy\" class=\"aligncenter size-full wp-image-5604\" title=\"OLYMPUS DIGITAL CAMERA\" src=\"\/tormentas-y-rayos\/wp-content\/uploads\/sites\/12\/2013\/04\/052.jpg\" alt=\"\" width=\"660\" height=\"495\" srcset=\"https:\/\/static-blogs.diariosur.es\/wp-content\/uploads\/sites\/12\/2013\/04\/052.jpg 660w, https:\/\/static-blogs.diariosur.es\/wp-content\/uploads\/sites\/12\/2013\/04\/052-533x400.jpg 533w\" sizes=\"(max-width: 660px) 100vw, 660px\" \/><\/span><\/a><\/span><\/p>\n<p><span style=\"color: #ff00ff;\"><strong>Poco mas que contar del domingo, por la tarde noche el levante soplo un poco moderado y trajo nubes bajas.<\/strong><\/span><\/p>\n<p><span style=\"color: #0000ff;\"><strong>PREVISION PRIMEROS DIAS DE LA SEMANA:<\/strong><\/span><\/p>\n<p><span style=\"color: #ff0000;\"><strong>Estos primeros dias de la semana seguir\u00e1 el anticicl\u00f3n de protagonista, que vendr\u00e1 acompa\u00f1ado de la dorsal Africana. Para los que no sepan lo de la dorsal Africana os lo explico muy f\u00e1cilmente. Es una advecci\u00f3n de aire c\u00e1lido procedente de \u00c1frica, entre ma\u00f1ana y hasta el jueves se esperan temperaturas a 850 hpa\u00a0 ( 1500 m) cercanas a los 17 grados, esto har\u00e1 que en el interior de Andaluc\u00eda las\u00a0m\u00e1ximas\u00a0sobrepasen los 30 grados. Os paso estos mapas previstos para el martes. Fuente GFS METEOCIEL.<\/strong><\/span><\/p>\n<p><span style=\"color: #ff0000;\"><a href=\"https:\/\/blogs.diariosur.es\/tormentas-y-rayos\/2013\/04\/15\/uyyyyyyyyyyyyy-que-rojillos-os-veo-el-anticiclon-y-la-dorsal-africana-protagonistas-posibilidad-de-nieblas-o-brumas-costeras\/gfs-0-36_ffb3\/\" rel=\"attachment wp-att-5605\"><span style=\"color: #ff0000;\"><img loading=\"lazy\" class=\"aligncenter size-full wp-image-5605\" title=\"gfs-0-36_ffb3\" src=\"\/tormentas-y-rayos\/wp-content\/uploads\/sites\/12\/2013\/04\/gfs-0-36_ffb3.png\" alt=\"\" width=\"600\" height=\"400\" \/><\/span><\/a><a href=\"https:\/\/blogs.diariosur.es\/tormentas-y-rayos\/2013\/04\/15\/uyyyyyyyyyyyyy-que-rojillos-os-veo-el-anticiclon-y-la-dorsal-africana-protagonistas-posibilidad-de-nieblas-o-brumas-costeras\/gfs-1-42_ozm0\/\" rel=\"attachment wp-att-5606\"><span style=\"color: #ff0000;\"><img loading=\"lazy\" class=\"aligncenter size-full wp-image-5606\" title=\"gfs-1-42_ozm0\" src=\"\/tormentas-y-rayos\/wp-content\/uploads\/sites\/12\/2013\/04\/gfs-1-42_ozm0.png\" alt=\"\" width=\"600\" height=\"400\" \/><\/span><\/a><\/span><\/p>\n<p>&nbsp;<\/p>\n<p><span style=\"color: #ff0000;\"><strong>En nuestra provincia seguir\u00e1 soplando brisas de sur sureste, que en algunos momentos pueden traer brumas y nieblas a la Costa Malague\u00f1a. Y poco mas que contar, solo este apunte, para final de mes puede que tengamos un cambio de tiempo, vuelvan algunas lluvias y bajen las temperaturas, pero aun queda un mundo para esto. Mientras nos deleitaremos con este fot\u00f3n de nuestra amiga Alicia Ram\u00edrez. Impresionante cumulonimbus.<\/strong><\/span><\/p>\n<p><span style=\"color: #ff0000;\"><a href=\"https:\/\/blogs.diariosur.es\/tormentas-y-rayos\/2013\/04\/15\/uyyyyyyyyyyyyy-que-rojillos-os-veo-el-anticiclon-y-la-dorsal-africana-protagonistas-posibilidad-de-nieblas-o-brumas-costeras\/466895_10151086621833985_92092198_o_1\/\" rel=\"attachment wp-att-5607\"><span style=\"color: #ff0000;\"><img loading=\"lazy\" class=\"aligncenter size-full wp-image-5607\" title=\"466895_10151086621833985_92092198_o_1\" src=\"\/tormentas-y-rayos\/wp-content\/uploads\/sites\/12\/2013\/04\/466895_10151086621833985_92092198_o_1.jpg\" alt=\"\" width=\"660\" height=\"440\" srcset=\"https:\/\/static-blogs.diariosur.es\/wp-content\/uploads\/sites\/12\/2013\/04\/466895_10151086621833985_92092198_o_1.jpg 660w, https:\/\/static-blogs.diariosur.es\/wp-content\/uploads\/sites\/12\/2013\/04\/466895_10151086621833985_92092198_o_1-600x400.jpg 600w\" sizes=\"(max-width: 660px) 100vw, 660px\" \/><\/span><\/a><\/span><\/p>\n","protected":false},"excerpt":{"rendered":"<p>Buenos d\u00edas amigos de la meteo. Como hoy no he podido bajar a la playa a cazar el amanecer, mi amigo Francisco Jose \u00a0Mart\u00edn os da los buenos dias con este pedazo de foto, impresionante Paco, un fuerte abrazo. Sera posible que todos los a\u00f1os os pase igual, ya tenemos las primeras quemaduras, acompa\u00f1adas de [&hellip;]<\/p>\n","protected":false},"author":16,"featured_media":5608,"comment_status":"open","ping_status":"closed","sticky":false,"template":"","format":"standard","meta":[],"categories":[2],"tags":[49,114,196,346,697,809],"_links":{"self":[{"href":"https:\/\/blogs.diariosur.es\/tormentas-y-rayos\/wp-json\/wp\/v2\/posts\/5594"}],"collection":[{"href":"https:\/\/blogs.diariosur.es\/tormentas-y-rayos\/wp-json\/wp\/v2\/posts"}],"about":[{"href":"https:\/\/blogs.diariosur.es\/tormentas-y-rayos\/wp-json\/wp\/v2\/types\/post"}],"author":[{"embeddable":true,"href":"https:\/\/blogs.diariosur.es\/tormentas-y-rayos\/wp-json\/wp\/v2\/users\/16"}],"replies":[{"embeddable":true,"href":"https:\/\/blogs.diariosur.es\/tormentas-y-rayos\/wp-json\/wp\/v2\/comments?post=5594"}],"version-history":[{"count":0,"href":"https:\/\/blogs.diariosur.es\/tormentas-y-rayos\/wp-json\/wp\/v2\/posts\/5594\/revisions"}],"wp:featuredmedia":[{"embeddable":true,"href":"https:\/\/blogs.diariosur.es\/tormentas-y-rayos\/wp-json\/wp\/v2\/media\/5608"}],"wp:attachment":[{"href":"https:\/\/blogs.diariosur.es\/tormentas-y-rayos\/wp-json\/wp\/v2\/media?parent=5594"}],"wp:term":[{"taxonomy":"category","embeddable":true,"href":"https:\/\/blogs.diariosur.es\/tormentas-y-rayos\/wp-json\/wp\/v2\/categories?post=5594"},{"taxonomy":"post_tag","embeddable":true,"href":"https:\/\/blogs.diariosur.es\/tormentas-y-rayos\/wp-json\/wp\/v2\/tags?post=5594"}],"curies":[{"name":"wp","href":"https:\/\/api.w.org\/{rel}","templated":true}]}}