{"id":5622,"date":"2013-04-19T07:23:31","date_gmt":"2013-04-19T05:23:31","guid":{"rendered":"http:\/\/blogs.diariosur.es\/tormentas-y-rayos\/?p=5622"},"modified":"2013-04-19T07:23:31","modified_gmt":"2013-04-19T05:23:31","slug":"vuelve-el-invierno-al-norte-peninsular-el-verano-se-adelanta-en-las-islas-canarias-aviso-amarillo-por-nevadas-y-naranja-por-altas-temperaturas","status":"publish","type":"post","link":"https:\/\/blogs.diariosur.es\/tormentas-y-rayos\/2013\/04\/19\/vuelve-el-invierno-al-norte-peninsular-el-verano-se-adelanta-en-las-islas-canarias-aviso-amarillo-por-nevadas-y-naranja-por-altas-temperaturas\/","title":{"rendered":"Vuelve el invierno al norte peninsular. El verano se adelanta en las Islas Canarias. Aviso amarillo por nevadas y naranja por altas temperaturas."},"content":{"rendered":"<p>&nbsp;<\/p>\n<p><strong>Buenos d\u00edas amigos de la meteo<\/strong>. <strong>Son las seis de la ma\u00f1ana, registro 15 grados y los cielos est\u00e1n poco nubosos, se distinguen algunas neblinas y brumas en linea de costa.\u00a0<\/strong><\/p>\n<p><span style=\"color: #ff00ff;\"><strong>Perdonar \u00a0por no poder poner los enlaces que tenia en el lateral derecho del blog, \u00a0donde se\u00a0pod\u00eda\u00a0seguir los\u00a0sat\u00e9lites\u00a0y radares de lluvias, espero poder solucionarlo pronto.<\/strong><\/span><\/p>\n<p><strong>Antes de daros la previsi\u00f3n de fin de semana, permitirme un\u00a0peque\u00f1o\u00a0resumen del\u00a0mi\u00e9rcoles\u00a0y el jueves.<\/strong><\/p>\n<p><strong>Poco que comentar sobre el mi\u00e9rcoles y el jueves jijiji, mi risa es porque han sido dos d\u00edas gemelos y es dif\u00edcil que se de esto amigos, pero la meteo es as\u00ed. Os pongo unos datos y unas im\u00e1genes.<\/strong><\/p>\n<p><strong> La m\u00e1xima \u00a0muy parecida sobre los 20 grados y la m\u00ednima igual sobre los 14,5 grados. Pero lo mas curioso ha sido la imagen del visible del mi\u00e9rcoles y el jueves, como dos gotas de agua. Y es que tanto el\u00a0mi\u00e9rcoles\u00a0como el jueves\u00a0amaneci\u00f3\u00a0igual, no os pongo la foto que tome el jueves porque es la misma que la del\u00a0mi\u00e9rcoles.<\/strong><\/p>\n<p><strong>Os\u00a0<\/strong><strong>paso las\u00a0im\u00e1genes.<\/strong><\/p>\n<p><strong> Esta primera que ya os puse el\u00a0mi\u00e9rcoles\u00a0pasado.<\/strong><\/p>\n<p><a href=\"https:\/\/blogs.diariosur.es\/tormentas-y-rayos\/2013\/04\/19\/vuelve-el-invierno-al-norte-peninsular-el-verano-se-adelanta-en-las-islas-canarias-aviso-amarillo-por-nevadas-y-naranja-por-altas-temperaturas\/webexterna_hrv_07-00-3\/\" rel=\"attachment wp-att-5623\"><img loading=\"lazy\" class=\"aligncenter size-full wp-image-5623\" title=\"webexterna_HRV_[07-00]\" src=\"\/tormentas-y-rayos\/wp-content\/uploads\/sites\/12\/2013\/04\/webexterna_HRV_07-002.jpg\" alt=\"\" width=\"660\" height=\"476\" srcset=\"https:\/\/static-blogs.diariosur.es\/wp-content\/uploads\/sites\/12\/2013\/04\/webexterna_HRV_07-002.jpg 660w, https:\/\/static-blogs.diariosur.es\/wp-content\/uploads\/sites\/12\/2013\/04\/webexterna_HRV_07-002-555x400.jpg 555w\" sizes=\"(max-width: 660px) 100vw, 660px\" \/><\/a><\/p>\n<p>&nbsp;<\/p>\n<p><strong>Y fijaros en esta otra a la misma hora el jueves. Una pasada.<\/strong><\/p>\n<p><a href=\"https:\/\/blogs.diariosur.es\/tormentas-y-rayos\/2013\/04\/19\/vuelve-el-invierno-al-norte-peninsular-el-verano-se-adelanta-en-las-islas-canarias-aviso-amarillo-por-nevadas-y-naranja-por-altas-temperaturas\/la-misma-hora\/\" rel=\"attachment wp-att-5625\"><img loading=\"lazy\" class=\"aligncenter size-full wp-image-5625\" title=\"la misma hora\" src=\"\/tormentas-y-rayos\/wp-content\/uploads\/sites\/12\/2013\/04\/la-misma-hora.jpg\" alt=\"\" width=\"660\" height=\"476\" srcset=\"https:\/\/static-blogs.diariosur.es\/wp-content\/uploads\/sites\/12\/2013\/04\/la-misma-hora.jpg 660w, https:\/\/static-blogs.diariosur.es\/wp-content\/uploads\/sites\/12\/2013\/04\/la-misma-hora-555x400.jpg 555w\" sizes=\"(max-width: 660px) 100vw, 660px\" \/><\/a><\/p>\n<p>&nbsp;<\/p>\n<p>&nbsp;<\/p>\n<p><strong>La niebla ha sido la protagonista y no solo en la costa,\u00a0tambi\u00e9n\u00a0en el interior. \u00a0Mi amiga Ana de la Fuente me comentaba que tuvo que parar varias veces el coche para fotografiar la niebla que\u00a0hab\u00eda\u00a0en la zona de Sierra Tejeda y Almijara. Y la verdad que yo hubiera hecho lo mismo viendo este fot\u00f3n.<\/strong><\/p>\n<p><a href=\"https:\/\/blogs.diariosur.es\/tormentas-y-rayos\/2013\/04\/19\/vuelve-el-invierno-al-norte-peninsular-el-verano-se-adelanta-en-las-islas-canarias-aviso-amarillo-por-nevadas-y-naranja-por-altas-temperaturas\/ana-de-la-fuente\/\" rel=\"attachment wp-att-5628\"><img loading=\"lazy\" class=\"aligncenter size-full wp-image-5628\" title=\"ana de la fuente\" src=\"\/tormentas-y-rayos\/wp-content\/uploads\/sites\/12\/2013\/04\/ana-de-la-fuente.jpg\" alt=\"\" width=\"660\" height=\"495\" srcset=\"https:\/\/static-blogs.diariosur.es\/wp-content\/uploads\/sites\/12\/2013\/04\/ana-de-la-fuente.jpg 660w, https:\/\/static-blogs.diariosur.es\/wp-content\/uploads\/sites\/12\/2013\/04\/ana-de-la-fuente-533x400.jpg 533w\" sizes=\"(max-width: 660px) 100vw, 660px\" \/><\/a><\/p>\n<p>&nbsp;<\/p>\n<p><strong>O estos dos fotones que mi amigo Rafi me manda desde \u00a0Casabermeja. Se distingue perfectamente como M\u00e1laga estaba bajo la niebla, estupendas fotos amigo. Dale un abrazo a Desire.<\/strong><\/p>\n<p><a href=\"https:\/\/blogs.diariosur.es\/tormentas-y-rayos\/2013\/04\/19\/vuelve-el-invierno-al-norte-peninsular-el-verano-se-adelanta-en-las-islas-canarias-aviso-amarillo-por-nevadas-y-naranja-por-altas-temperaturas\/164919_10200216806676871_1068663620_n\/\" rel=\"attachment wp-att-5631\"><img loading=\"lazy\" class=\"aligncenter size-full wp-image-5631\" title=\"164919_10200216806676871_1068663620_n\" src=\"\/tormentas-y-rayos\/wp-content\/uploads\/sites\/12\/2013\/04\/164919_10200216806676871_1068663620_n.jpg\" alt=\"\" width=\"660\" height=\"439\" srcset=\"https:\/\/static-blogs.diariosur.es\/wp-content\/uploads\/sites\/12\/2013\/04\/164919_10200216806676871_1068663620_n.jpg 660w, https:\/\/static-blogs.diariosur.es\/wp-content\/uploads\/sites\/12\/2013\/04\/164919_10200216806676871_1068663620_n-601x400.jpg 601w\" sizes=\"(max-width: 660px) 100vw, 660px\" \/><\/a><\/p>\n<p>&nbsp;<\/p>\n<p><a href=\"https:\/\/blogs.diariosur.es\/tormentas-y-rayos\/2013\/04\/19\/vuelve-el-invierno-al-norte-peninsular-el-verano-se-adelanta-en-las-islas-canarias-aviso-amarillo-por-nevadas-y-naranja-por-altas-temperaturas\/rafi\/\" rel=\"attachment wp-att-5632\"><img loading=\"lazy\" class=\"aligncenter size-full wp-image-5632\" title=\"Rafi\" src=\"\/tormentas-y-rayos\/wp-content\/uploads\/sites\/12\/2013\/04\/Rafi.jpg\" alt=\"\" width=\"660\" height=\"439\" srcset=\"https:\/\/static-blogs.diariosur.es\/wp-content\/uploads\/sites\/12\/2013\/04\/Rafi.jpg 660w, https:\/\/static-blogs.diariosur.es\/wp-content\/uploads\/sites\/12\/2013\/04\/Rafi-601x400.jpg 601w\" sizes=\"(max-width: 660px) 100vw, 660px\" \/><\/a><\/p>\n<p><span style=\"color: #ff00ff;\"><strong>PREVISI\u00d3N DEL TIEMPO FIN DE SEMANA:<\/strong><\/span><\/p>\n<p><strong>Bueno amigos vamos con la previsi\u00f3n para este fin de semana, dos cosas importantes. La primera la bajada de temperaturas en el norte peninsular. Y lo segundo el calor acompa\u00f1ado de calima que se dar\u00e1 en las Islas Canarias.\u00a0<\/strong><\/p>\n<p><strong>Una vaguada afectara a partir de hoy al norte peninsular, las isos a 850 hpa en esta zona rondaban los 12 grados hasta el jueves. Pero a partir de hoy las isos ir\u00e1n bajando y durante el dia de hoy y parte del fin de semana estar\u00e1n rondando \u00a0los 0 grados. Un paso un mapa fuente gfs.<\/strong><\/p>\n<p><a href=\"https:\/\/blogs.diariosur.es\/tormentas-y-rayos\/2013\/04\/19\/vuelve-el-invierno-al-norte-peninsular-el-verano-se-adelanta-en-las-islas-canarias-aviso-amarillo-por-nevadas-y-naranja-por-altas-temperaturas\/rtavn182-3\/\" rel=\"attachment wp-att-5626\"><img loading=\"lazy\" class=\"aligncenter size-medium wp-image-5626\" title=\"Rtavn182\" src=\"\/tormentas-y-rayos\/wp-content\/uploads\/sites\/12\/2013\/04\/Rtavn182.png\" alt=\"\" width=\"487\" height=\"400\" srcset=\"https:\/\/static-blogs.diariosur.es\/wp-content\/uploads\/sites\/12\/2013\/04\/Rtavn182.png 790w, https:\/\/static-blogs.diariosur.es\/wp-content\/uploads\/sites\/12\/2013\/04\/Rtavn182-488x400.png 488w, https:\/\/static-blogs.diariosur.es\/wp-content\/uploads\/sites\/12\/2013\/04\/Rtavn182-768x630.png 768w\" sizes=\"(max-width: 487px) 100vw, 487px\" \/><\/a><\/p>\n<p><strong>Esto\u00a0traer\u00e1\u00a0consigo una bajada de temperaturas muy importante \u00a0en toda esta zona, hablamos de estar estos dias pasados a 25 grados, a pasar a\u00a0m\u00e1ximas\u00a0de 10. Incluso la AEMET activa el aviso amarillo por nevadas en la Rioja y Navarra.\u00a0<\/strong><\/p>\n<p>&nbsp;<\/p>\n<p><strong>Os pongo esta imagen de hace una hora. Es la de masas de aire. Fuente Aemet y eumetsat<\/strong><\/p>\n<p><a href=\"https:\/\/blogs.diariosur.es\/tormentas-y-rayos\/2013\/04\/19\/vuelve-el-invierno-al-norte-peninsular-el-verano-se-adelanta-en-las-islas-canarias-aviso-amarillo-por-nevadas-y-naranja-por-altas-temperaturas\/201304190400_s91g\/\" rel=\"attachment wp-att-5630\"><img loading=\"lazy\" class=\"aligncenter size-full wp-image-5630\" title=\"201304190400_s91g\" src=\"\/tormentas-y-rayos\/wp-content\/uploads\/sites\/12\/2013\/04\/201304190400_s91g.jpg\" alt=\"\" width=\"556\" height=\"488\" srcset=\"https:\/\/static-blogs.diariosur.es\/wp-content\/uploads\/sites\/12\/2013\/04\/201304190400_s91g.jpg 556w, https:\/\/static-blogs.diariosur.es\/wp-content\/uploads\/sites\/12\/2013\/04\/201304190400_s91g-456x400.jpg 456w\" sizes=\"(max-width: 556px) 100vw, 556px\" \/><\/a><\/p>\n<p><strong>En el lado contrario las Islas Canarias amigos. Debido a la posici\u00f3n del anticicl\u00f3n, el viento en estas islas pasara a ser del este. Sera un viento procedente del Sahara, muy seco y c\u00e1lido que ira acompa\u00f1ado de polvo en suspensi\u00f3n. Esto har\u00e1 que las\u00a0m\u00e1ximas\u00a0en algunos puntos de las median\u00edas de las Islas sobrepasen ma\u00f1ana s\u00e1bado los 35 grados. Por este motivo la AEMET, activa el aviso \u00a0naranja por altas temperaturas. Procurare guardaros alguna imagen del polvo en suspensi\u00f3n del\u00a0sat\u00e9lite\u00a0terra.\u00a0<\/strong><\/p>\n<p><a href=\"https:\/\/blogs.diariosur.es\/tormentas-y-rayos\/2013\/04\/19\/vuelve-el-invierno-al-norte-peninsular-el-verano-se-adelanta-en-las-islas-canarias-aviso-amarillo-por-nevadas-y-naranja-por-altas-temperaturas\/20130418202000_avi_pmna_ccaa65\/\" rel=\"attachment wp-att-5627\"><img loading=\"lazy\" class=\"aligncenter size-full wp-image-5627\" title=\"20130418202000_avi_pmna_ccaa65\" src=\"\/tormentas-y-rayos\/wp-content\/uploads\/sites\/12\/2013\/04\/20130418202000_avi_pmna_ccaa65.png\" alt=\"\" width=\"500\" height=\"334\" \/><\/a><\/p>\n<p>&nbsp;<\/p>\n<p><strong>En medio nos quedamos nosotros jijiji. Hoy viernes tendremos rebozas de levante y de poniente, en la zona oeste puede subir un poco la temperatura debido al<span style=\"color: #ff00ff;\"> terral de primavera<\/span>. Pero no creo que llegue a la costa.<\/strong><\/p>\n<p><strong>\u00a0A ultima hora de esta noche y \u00a0durante la madrugada del s\u00e1bado<span style=\"color: #ff00ff;\"> el levante tomara protagonismo y soplara moderado<\/span>. Traer\u00e1 nubes bajas, que pueden dejar <span style=\"color: #ff00ff;\">algunas gotas<\/span> en algunos puntos de la Costa\u00a0Mediterr\u00e1nea\u00a0Andaluza. Si se dan estas gotas, sera \u00a0durante la madrugada y \u00a0primera hora de la ma\u00f1ana. El domingo el levante aflojara, pero\u00a0seguir\u00e1n\u00a0las nubes bajas tanto a primera hora como al anochecer.<\/strong><\/p>\n<p><strong><span style=\"color: #0000ff;\">\u00a0Y poco mas que contar amigos. \u00a0Os dejo con este amanecer del \u00a0mes de febrero, cuando aun el sol salia por el mar. Que\u00a0pas\u00e9is\u00a0un buen fin de semana.<\/span><\/strong><\/p>\n<p><a href=\"https:\/\/blogs.diariosur.es\/tormentas-y-rayos\/2013\/04\/19\/vuelve-el-invierno-al-norte-peninsular-el-verano-se-adelanta-en-las-islas-canarias-aviso-amarillo-por-nevadas-y-naranja-por-altas-temperaturas\/8466685159_afe5c50d12_c\/\" rel=\"attachment wp-att-5633\"><img loading=\"lazy\" class=\"aligncenter size-full wp-image-5633\" title=\"8466685159_afe5c50d12_c\" src=\"\/tormentas-y-rayos\/wp-content\/uploads\/sites\/12\/2013\/04\/8466685159_afe5c50d12_c.jpg\" alt=\"\" width=\"670\" height=\"325\" srcset=\"https:\/\/static-blogs.diariosur.es\/wp-content\/uploads\/sites\/12\/2013\/04\/8466685159_afe5c50d12_c.jpg 670w, https:\/\/static-blogs.diariosur.es\/wp-content\/uploads\/sites\/12\/2013\/04\/8466685159_afe5c50d12_c-640x310.jpg 640w\" sizes=\"(max-width: 670px) 100vw, 670px\" \/><\/a><\/p>\n","protected":false},"excerpt":{"rendered":"<p>&nbsp; Buenos d\u00edas amigos de la meteo. Son las seis de la ma\u00f1ana, registro 15 grados y los cielos est\u00e1n poco nubosos, se distinguen algunas neblinas y brumas en linea de costa.\u00a0 Perdonar \u00a0por no poder poner los enlaces que tenia en el lateral derecho del blog, \u00a0donde se\u00a0pod\u00eda\u00a0seguir los\u00a0sat\u00e9lites\u00a0y radares de lluvias, espero poder [&hellip;]<\/p>\n","protected":false},"author":16,"featured_media":5631,"comment_status":"open","ping_status":"closed","sticky":false,"template":"","format":"standard","meta":[],"categories":[2],"tags":[63,81,91,219,517,676,713,770,962,1052],"_links":{"self":[{"href":"https:\/\/blogs.diariosur.es\/tormentas-y-rayos\/wp-json\/wp\/v2\/posts\/5622"}],"collection":[{"href":"https:\/\/blogs.diariosur.es\/tormentas-y-rayos\/wp-json\/wp\/v2\/posts"}],"about":[{"href":"https:\/\/blogs.diariosur.es\/tormentas-y-rayos\/wp-json\/wp\/v2\/types\/post"}],"author":[{"embeddable":true,"href":"https:\/\/blogs.diariosur.es\/tormentas-y-rayos\/wp-json\/wp\/v2\/users\/16"}],"replies":[{"embeddable":true,"href":"https:\/\/blogs.diariosur.es\/tormentas-y-rayos\/wp-json\/wp\/v2\/comments?post=5622"}],"version-history":[{"count":0,"href":"https:\/\/blogs.diariosur.es\/tormentas-y-rayos\/wp-json\/wp\/v2\/posts\/5622\/revisions"}],"wp:featuredmedia":[{"embeddable":true,"href":"https:\/\/blogs.diariosur.es\/tormentas-y-rayos\/wp-json\/wp\/v2\/media\/5631"}],"wp:attachment":[{"href":"https:\/\/blogs.diariosur.es\/tormentas-y-rayos\/wp-json\/wp\/v2\/media?parent=5622"}],"wp:term":[{"taxonomy":"category","embeddable":true,"href":"https:\/\/blogs.diariosur.es\/tormentas-y-rayos\/wp-json\/wp\/v2\/categories?post=5622"},{"taxonomy":"post_tag","embeddable":true,"href":"https:\/\/blogs.diariosur.es\/tormentas-y-rayos\/wp-json\/wp\/v2\/tags?post=5622"}],"curies":[{"name":"wp","href":"https:\/\/api.w.org\/{rel}","templated":true}]}}