{"id":5650,"date":"2013-04-24T07:11:30","date_gmt":"2013-04-24T05:11:30","guid":{"rendered":"http:\/\/blogs.diariosur.es\/tormentas-y-rayos\/?p=5650"},"modified":"2013-04-24T07:11:30","modified_gmt":"2013-04-24T05:11:30","slug":"una-dana-gota-fria-traera-lluvias-en-el-levante-y-vosotros-no-guardeis-las-mantas","status":"publish","type":"post","link":"https:\/\/blogs.diariosur.es\/tormentas-y-rayos\/2013\/04\/24\/una-dana-gota-fria-traera-lluvias-en-el-levante-y-vosotros-no-guardeis-las-mantas\/","title":{"rendered":"Una DANA ( gota fr\u00eda) traer\u00e1 lluvias en el levante. Y vosotros no guard\u00e9is las mantas&#8230;&#8230;&#8230;&#8230;&#8230;&#8230;&#8230;&#8230;."},"content":{"rendered":"<p><strong>Buenos d\u00edas amigos de la meteo. Son las seis de la ma\u00f1ana, registro 15 grados y los cielos est\u00e1n poco nubosos. Atentos a ma\u00f1ana jueves que es el cumplea\u00f1os del blog. <\/strong><\/p>\n<p><strong><a href=\"https:\/\/blogs.diariosur.es\/tormentas-y-rayos\/2013\/04\/23\/impresionantes-olas-de-nubes-aviso-amarillo-por-fenomenos-costeros\/\">Antes de nada os paso el enlace que os\u00a0abr\u00ed\u00a0ayer para que vierais el impresionante\u00a0v\u00eddeo\u00a0de olas en el cielo. Es brutal amigos.<\/a><\/strong><\/p>\n<p><strong>A partir de esta noche y madrugada del jueves, las lluvias ser\u00e1n las protagonistas en el Levante y en las Islas Baleares. Una DANA o la mal llamada gota fria ( depresi\u00f3n aislada en altura) ser\u00e1 la culpable de este empeoramiento en toda la fachada mediterr\u00e1nea.\u00a0<\/strong><\/p>\n<p><strong> Os paso un mapa de previsto a 500 HPA \u00a0para ma\u00f1ana jueves fuente aemet y Hirlam.<\/strong><\/p>\n<p><a href=\"https:\/\/blogs.diariosur.es\/tormentas-y-rayos\/2013\/04\/24\/una-dana-gota-fria-traera-lluvias-en-el-levante-y-vosotros-no-guardeis-las-mantas\/dana-7\/\" rel=\"attachment wp-att-5652\"><img loading=\"lazy\" class=\"aligncenter size-medium wp-image-5652\" title=\"DANA\" src=\"\/tormentas-y-rayos\/wp-content\/uploads\/sites\/12\/2013\/04\/DANA.jpg\" alt=\"\" width=\"600\" height=\"356\" srcset=\"https:\/\/static-blogs.diariosur.es\/wp-content\/uploads\/sites\/12\/2013\/04\/DANA.jpg 732w, https:\/\/static-blogs.diariosur.es\/wp-content\/uploads\/sites\/12\/2013\/04\/DANA-640x380.jpg 640w\" sizes=\"(max-width: 600px) 100vw, 600px\" \/><\/a><\/p>\n<p><strong>En esta imagen \u00a0del satelite Eumetsat de hace unos minutos se ve claramente la nubosidad.\u00a0<\/strong><\/p>\n<p><a href=\"https:\/\/blogs.diariosur.es\/tormentas-y-rayos\/2013\/04\/24\/una-dana-gota-fria-traera-lluvias-en-el-levante-y-vosotros-no-guardeis-las-mantas\/d2u\/\" rel=\"attachment wp-att-5659\"><img loading=\"lazy\" class=\"aligncenter size-full wp-image-5659\" title=\"D2u\" src=\"\/tormentas-y-rayos\/wp-content\/uploads\/sites\/12\/2013\/04\/D2u.jpg\" alt=\"\" width=\"660\" height=\"462\" srcset=\"https:\/\/static-blogs.diariosur.es\/wp-content\/uploads\/sites\/12\/2013\/04\/D2u.jpg 660w, https:\/\/static-blogs.diariosur.es\/wp-content\/uploads\/sites\/12\/2013\/04\/D2u-571x400.jpg 571w\" sizes=\"(max-width: 660px) 100vw, 660px\" \/><\/a><\/p>\n<p>&nbsp;<\/p>\n<p>&nbsp;<\/p>\n<p><strong>Esta situaci\u00f3n traer\u00e1 vientos fuertes y lluvias moderadas \u00a0en la fachada mediterr\u00e1nea. <span style=\"color: #0000ff;\">\u00a0Menos mal que el mediterr\u00e1neo no esta muy caliente, porque si fuera al contrario, hablar\u00edamos de lluvias torrenciales y muy da\u00f1inas. \u00a0<\/span><\/strong><\/p>\n<p><span style=\"color: #ff00ff;\"><strong>Po si jejejej, no guard\u00e9is las mantas, no digo mas amigos. El viernes lo vemos cuando os de la previsi\u00f3n del fin de semana.<\/strong><\/span><\/p>\n<p><strong>Hoy mi\u00e9rcoles el levante seguir\u00e1 de protagonista en M\u00e1laga. Aun estamos en aviso amarillo por fen\u00f3menos costeros ( olas). En la zona mas oriental de nuestra provincia, pueden registrarse algunos chubascos, siendo mas probables en los sistemas monta\u00f1osos.<\/strong><\/p>\n<p><strong>Ayer mi\u00e9rcoles tire para la playa con traje y corbata jijiji, que si, que \u00a0si, \u00a0que es verdad. All\u00ed me encontr\u00e9 con Pedro Toro y Paqui Carnero. Y fui cazado jejeje. \u00a0Foto Paqui Carnero.<\/strong><\/p>\n<p><a href=\"https:\/\/blogs.diariosur.es\/tormentas-y-rayos\/2013\/04\/24\/una-dana-gota-fria-traera-lluvias-en-el-levante-y-vosotros-no-guardeis-las-mantas\/923230_4641886536116_1621830493_n\/\" rel=\"attachment wp-att-5653\"><img loading=\"lazy\" class=\"aligncenter size-full wp-image-5653\" title=\"923230_4641886536116_1621830493_n\" src=\"\/tormentas-y-rayos\/wp-content\/uploads\/sites\/12\/2013\/04\/923230_4641886536116_1621830493_n.jpg\" alt=\"\" width=\"660\" height=\"495\" srcset=\"https:\/\/static-blogs.diariosur.es\/wp-content\/uploads\/sites\/12\/2013\/04\/923230_4641886536116_1621830493_n.jpg 660w, https:\/\/static-blogs.diariosur.es\/wp-content\/uploads\/sites\/12\/2013\/04\/923230_4641886536116_1621830493_n-533x400.jpg 533w\" sizes=\"(max-width: 660px) 100vw, 660px\" \/><\/a><\/p>\n<p>&nbsp;<\/p>\n<p>&nbsp;<\/p>\n<p><strong>El amanecer estaba precioso, y la mar de fondo era la protagonista, os pongo este fot\u00f3n de Paqui Carnero.<\/strong><\/p>\n<p><a href=\"https:\/\/blogs.diariosur.es\/tormentas-y-rayos\/2013\/04\/24\/una-dana-gota-fria-traera-lluvias-en-el-levante-y-vosotros-no-guardeis-las-mantas\/922776_4641881575992_1274274875_n\/\" rel=\"attachment wp-att-5654\"><img loading=\"lazy\" class=\"aligncenter size-full wp-image-5654\" title=\"922776_4641881575992_1274274875_n\" src=\"\/tormentas-y-rayos\/wp-content\/uploads\/sites\/12\/2013\/04\/922776_4641881575992_1274274875_n.jpg\" alt=\"\" width=\"660\" height=\"494\" srcset=\"https:\/\/static-blogs.diariosur.es\/wp-content\/uploads\/sites\/12\/2013\/04\/922776_4641881575992_1274274875_n.jpg 660w, https:\/\/static-blogs.diariosur.es\/wp-content\/uploads\/sites\/12\/2013\/04\/922776_4641881575992_1274274875_n-534x400.jpg 534w\" sizes=\"(max-width: 660px) 100vw, 660px\" \/><\/a><\/p>\n<p>&nbsp;<\/p>\n<p><strong>Yo estuve muy poquito tiempo, pero me dio tiempo para fotografiar los cielos tan bonitos que\u00a0ten\u00edamos.<\/strong><\/p>\n<p><a href=\"https:\/\/blogs.diariosur.es\/tormentas-y-rayos\/2013\/04\/24\/una-dana-gota-fria-traera-lluvias-en-el-levante-y-vosotros-no-guardeis-las-mantas\/olympus-digital-camera-1288\/\" rel=\"attachment wp-att-5655\"><img loading=\"lazy\" class=\"aligncenter size-full wp-image-5655\" title=\"OLYMPUS DIGITAL CAMERA\" src=\"\/tormentas-y-rayos\/wp-content\/uploads\/sites\/12\/2013\/04\/030.jpg\" alt=\"\" width=\"660\" height=\"495\" srcset=\"https:\/\/static-blogs.diariosur.es\/wp-content\/uploads\/sites\/12\/2013\/04\/030.jpg 660w, https:\/\/static-blogs.diariosur.es\/wp-content\/uploads\/sites\/12\/2013\/04\/030-533x400.jpg 533w\" sizes=\"(max-width: 660px) 100vw, 660px\" \/><\/a><\/p>\n<p>&nbsp;<\/p>\n<p><a href=\"https:\/\/blogs.diariosur.es\/tormentas-y-rayos\/2013\/04\/24\/una-dana-gota-fria-traera-lluvias-en-el-levante-y-vosotros-no-guardeis-las-mantas\/olympus-digital-camera-1289\/\" rel=\"attachment wp-att-5656\"><img loading=\"lazy\" class=\"aligncenter size-full wp-image-5656\" title=\"OLYMPUS DIGITAL CAMERA\" src=\"\/tormentas-y-rayos\/wp-content\/uploads\/sites\/12\/2013\/04\/022.jpg\" alt=\"\" width=\"660\" height=\"495\" srcset=\"https:\/\/static-blogs.diariosur.es\/wp-content\/uploads\/sites\/12\/2013\/04\/022.jpg 660w, https:\/\/static-blogs.diariosur.es\/wp-content\/uploads\/sites\/12\/2013\/04\/022-533x400.jpg 533w\" sizes=\"(max-width: 660px) 100vw, 660px\" \/><\/a><\/p>\n<p><strong>Poco mas que contar amigos. Ma\u00f1ana hace 5 a\u00f1os que empece con el blog y os\u00a0abrir\u00e9\u00a0un nuevo post.<\/strong><\/p>\n<p><strong> Os dejo con esta preciosa foto de nuestro amigo Fernando Berrocal. No es \u00a0el norte de la\u00a0pen\u00ednsula, si no Montejaque. Impresionante la foto.<\/strong><\/p>\n<p><a href=\"https:\/\/blogs.diariosur.es\/tormentas-y-rayos\/2013\/04\/24\/una-dana-gota-fria-traera-lluvias-en-el-levante-y-vosotros-no-guardeis-las-mantas\/2013-04-22_15-21-58_139\/\" rel=\"attachment wp-att-5657\"><img loading=\"lazy\" class=\"aligncenter size-full wp-image-5657\" title=\"2013-04-22_15-21-58_139\" src=\"\/tormentas-y-rayos\/wp-content\/uploads\/sites\/12\/2013\/04\/2013-04-22_15-21-58_139.jpg\" alt=\"\" width=\"660\" height=\"372\" srcset=\"https:\/\/static-blogs.diariosur.es\/wp-content\/uploads\/sites\/12\/2013\/04\/2013-04-22_15-21-58_139.jpg 660w, https:\/\/static-blogs.diariosur.es\/wp-content\/uploads\/sites\/12\/2013\/04\/2013-04-22_15-21-58_139-640x361.jpg 640w\" sizes=\"(max-width: 660px) 100vw, 660px\" \/><\/a><\/p>\n<p><a href=\"https:\/\/blogs.diariosur.es\/tormentas-y-rayos\/2013\/04\/24\/una-dana-gota-fria-traera-lluvias-en-el-levante-y-vosotros-no-guardeis-las-mantas\/img-20130422-wa0024\/\" rel=\"attachment wp-att-5658\"><img loading=\"lazy\" class=\"aligncenter size-full wp-image-5658\" title=\"IMG-20130422-WA0024\" src=\"\/tormentas-y-rayos\/wp-content\/uploads\/sites\/12\/2013\/04\/IMG-20130422-WA0024.jpg\" alt=\"\" width=\"660\" height=\"495\" srcset=\"https:\/\/static-blogs.diariosur.es\/wp-content\/uploads\/sites\/12\/2013\/04\/IMG-20130422-WA0024.jpg 660w, https:\/\/static-blogs.diariosur.es\/wp-content\/uploads\/sites\/12\/2013\/04\/IMG-20130422-WA0024-533x400.jpg 533w\" sizes=\"(max-width: 660px) 100vw, 660px\" \/><\/a><\/p>\n","protected":false},"excerpt":{"rendered":"<p>Buenos d\u00edas amigos de la meteo. Son las seis de la ma\u00f1ana, registro 15 grados y los cielos est\u00e1n poco nubosos. Atentos a ma\u00f1ana jueves que es el cumplea\u00f1os del blog. Antes de nada os paso el enlace que os\u00a0abr\u00ed\u00a0ayer para que vierais el impresionante\u00a0v\u00eddeo\u00a0de olas en el cielo. Es brutal amigos. A partir de [&hellip;]<\/p>\n","protected":false},"author":16,"featured_media":5652,"comment_status":"open","ping_status":"closed","sticky":false,"template":"","format":"standard","meta":[],"categories":[2],"tags":[307,431,459,569,633],"_links":{"self":[{"href":"https:\/\/blogs.diariosur.es\/tormentas-y-rayos\/wp-json\/wp\/v2\/posts\/5650"}],"collection":[{"href":"https:\/\/blogs.diariosur.es\/tormentas-y-rayos\/wp-json\/wp\/v2\/posts"}],"about":[{"href":"https:\/\/blogs.diariosur.es\/tormentas-y-rayos\/wp-json\/wp\/v2\/types\/post"}],"author":[{"embeddable":true,"href":"https:\/\/blogs.diariosur.es\/tormentas-y-rayos\/wp-json\/wp\/v2\/users\/16"}],"replies":[{"embeddable":true,"href":"https:\/\/blogs.diariosur.es\/tormentas-y-rayos\/wp-json\/wp\/v2\/comments?post=5650"}],"version-history":[{"count":0,"href":"https:\/\/blogs.diariosur.es\/tormentas-y-rayos\/wp-json\/wp\/v2\/posts\/5650\/revisions"}],"wp:featuredmedia":[{"embeddable":true,"href":"https:\/\/blogs.diariosur.es\/tormentas-y-rayos\/wp-json\/wp\/v2\/media\/5652"}],"wp:attachment":[{"href":"https:\/\/blogs.diariosur.es\/tormentas-y-rayos\/wp-json\/wp\/v2\/media?parent=5650"}],"wp:term":[{"taxonomy":"category","embeddable":true,"href":"https:\/\/blogs.diariosur.es\/tormentas-y-rayos\/wp-json\/wp\/v2\/categories?post=5650"},{"taxonomy":"post_tag","embeddable":true,"href":"https:\/\/blogs.diariosur.es\/tormentas-y-rayos\/wp-json\/wp\/v2\/tags?post=5650"}],"curies":[{"name":"wp","href":"https:\/\/api.w.org\/{rel}","templated":true}]}}