{"id":5680,"date":"2013-04-26T07:04:20","date_gmt":"2013-04-26T05:04:20","guid":{"rendered":"http:\/\/blogs.diariosur.es\/tormentas-y-rayos\/?p=5680"},"modified":"2013-04-26T07:04:20","modified_gmt":"2013-04-26T05:04:20","slug":"prevision-del-tiempo-fin-de-semana-masa-de-aire-frio-polar-afectara-a-toda-la-peninsula-vuelve-el-invierno","status":"publish","type":"post","link":"https:\/\/blogs.diariosur.es\/tormentas-y-rayos\/2013\/04\/26\/prevision-del-tiempo-fin-de-semana-masa-de-aire-frio-polar-afectara-a-toda-la-peninsula-vuelve-el-invierno\/","title":{"rendered":"Previsi\u00f3n del tiempo fin de semana. Masa de aire fr\u00edo polar afectara a toda la pen\u00ednsula. Vuelve el invierno."},"content":{"rendered":"<p><strong>Buenos dias amigos de la meteo. Son las seis de la ma\u00f1ana, registro 17 grados y los cielos est\u00e1n nubosos. Sobre las dos de la madrugada entro el levante.<\/strong><\/p>\n<p><strong>Antes de hablaros de la vuelta del invierno, os quiero dar las gracias por todas las felicitaciones que he recibido<a href=\"https:\/\/blogs.diariosur.es\/tormentas-y-rayos\/2013\/04\/25\/hoy-tormenta-y-rayos-cumple-5-anos-felicidades-y-muchas-gracias-al-millon-de-visitas-de-sus-seguidores\/\"> por los cinco a\u00f1os del blog.<\/a> Sois estupendos.<\/strong><\/p>\n<p><strong><span style=\"color: #ff0000;\">Bueno amigos, as\u00ed es, vuelve el invierno a la\u00a0pen\u00ednsula. Como siempre os explicare de forma sencilla porque se dar\u00e1 esta situaci\u00f3n tan extraordinaria.<\/span><\/strong><\/p>\n<p><span style=\"color: #ff0000;\"><strong>En estos momentos en latitudes cercanas al polo aun hay mucho\u00a0fr\u00edo\u00a0acumulado. Fuente ecmwf meteociel<\/strong><\/span><\/p>\n<p><a href=\"https:\/\/blogs.diariosur.es\/tormentas-y-rayos\/2013\/04\/26\/prevision-del-tiempo-fin-de-semana-masa-de-aire-frio-polar-afectara-a-toda-la-peninsula-vuelve-el-invierno\/captura-141\/\" rel=\"attachment wp-att-5683\"><img loading=\"lazy\" class=\"aligncenter size-full wp-image-5683\" title=\"Captura\" src=\"\/tormentas-y-rayos\/wp-content\/uploads\/sites\/12\/2013\/04\/Captura4.jpg\" alt=\"\" width=\"634\" height=\"608\" srcset=\"https:\/\/static-blogs.diariosur.es\/wp-content\/uploads\/sites\/12\/2013\/04\/Captura4.jpg 634w, https:\/\/static-blogs.diariosur.es\/wp-content\/uploads\/sites\/12\/2013\/04\/Captura4-417x400.jpg 417w\" sizes=\"(max-width: 634px) 100vw, 634px\" \/><\/a><\/p>\n<p><span style=\"color: #ff0000;\"><strong> Que pasara para que esa masa de aire\u00a0fr\u00edo\u00a0llegue a la\u00a0pen\u00ednsula\u00a0. Muy f\u00e1cil amigos, en estos momentos hay un potente anticicl\u00f3n al norte del atl\u00e1ntico, en esta estaci\u00f3n primaveral no es normal verlo en esa posici\u00f3n, asi como unas bajas presiones cercanas a las Islas Azores. A esto hay que unirle tambi\u00e9n \u00a0bajas presiones que ocupan gran parte de Europa Occidental. En este mapa de superficie lo\u00a0pod\u00e9is\u00a0ver estupendamente. Fuente aemet, hirlam<\/strong><\/span><\/p>\n<p><a href=\"https:\/\/blogs.diariosur.es\/tormentas-y-rayos\/2013\/04\/26\/prevision-del-tiempo-fin-de-semana-masa-de-aire-frio-polar-afectara-a-toda-la-peninsula-vuelve-el-invierno\/anticiclon-3\/\" rel=\"attachment wp-att-5681\"><img loading=\"lazy\" class=\"aligncenter size-medium wp-image-5681\" title=\"anticicl\u00f3n\" src=\"\/tormentas-y-rayos\/wp-content\/uploads\/sites\/12\/2013\/04\/anticicl\u00f3n.gif\" alt=\"\" width=\"600\" height=\"352\" \/><\/a><\/p>\n<p>&nbsp;<\/p>\n<p><span style=\"color: #ff0000;\"><strong>Esto har\u00e1 que se cree un pasillo y baje esa masa de aire frio polar inestable hacia la\u00a0pen\u00ednsula. fuente meteociel gfs<\/strong><\/span><\/p>\n<p><a href=\"https:\/\/blogs.diariosur.es\/tormentas-y-rayos\/2013\/04\/26\/prevision-del-tiempo-fin-de-semana-masa-de-aire-frio-polar-afectara-a-toda-la-peninsula-vuelve-el-invierno\/gfs-0-36_edf0\/\" rel=\"attachment wp-att-5682\"><img loading=\"lazy\" class=\"aligncenter size-medium wp-image-5682\" title=\"gfs-0-36_edf0\" src=\"\/tormentas-y-rayos\/wp-content\/uploads\/sites\/12\/2013\/04\/gfs-0-36_edf0.png\" alt=\"\" width=\"600\" height=\"400\" srcset=\"https:\/\/static-blogs.diariosur.es\/wp-content\/uploads\/sites\/12\/2013\/04\/gfs-0-36_edf0.png 768w, https:\/\/static-blogs.diariosur.es\/wp-content\/uploads\/sites\/12\/2013\/04\/gfs-0-36_edf0-600x400.png 600w\" sizes=\"(max-width: 600px) 100vw, 600px\" \/><\/a><\/p>\n<p>&nbsp;<\/p>\n<p><span style=\"color: #ff00ff;\"><strong>Esta masa de aire polar formara un embolsamiento de aire\u00a0fr\u00edo\u00a0en altura sobre la\u00a0pen\u00ednsula.\u00a0 Es decir para que me entend\u00e1is, \u00a0a 500 hpa (5500 metros) se formara una depresi\u00f3n en altura. Aun no esta muy claro donde se pondr\u00e1 y como afectara a Andaluc\u00eda y a nuestra provincia en cuanto a lluvias. Os paso una secuencia del modelo hirlam de este embolsamiento de aire fr\u00edo.\u00a0<\/strong><\/span><\/p>\n<p><a href=\"https:\/\/blogs.diariosur.es\/tormentas-y-rayos\/2013\/04\/26\/prevision-del-tiempo-fin-de-semana-masa-de-aire-frio-polar-afectara-a-toda-la-peninsula-vuelve-el-invierno\/1-vert-3\/\" rel=\"attachment wp-att-5684\"><img loading=\"lazy\" class=\"aligncenter size-full wp-image-5684\" title=\"1-vert\" src=\"\/tormentas-y-rayos\/wp-content\/uploads\/sites\/12\/2013\/04\/1-vert.jpg\" alt=\"\" width=\"469\" height=\"825\" srcset=\"https:\/\/static-blogs.diariosur.es\/wp-content\/uploads\/sites\/12\/2013\/04\/1-vert.jpg 469w, https:\/\/static-blogs.diariosur.es\/wp-content\/uploads\/sites\/12\/2013\/04\/1-vert-227x400.jpg 227w\" sizes=\"(max-width: 469px) 100vw, 469px\" \/><\/a><\/p>\n<p>&nbsp;<\/p>\n<p>&nbsp;<\/p>\n<p>&nbsp;<\/p>\n<p><span style=\"color: #ff0000;\"><strong><span style=\"color: #ff0000;\">El fr\u00edo llegara a M\u00e1laga sobre todo el domingo al\u00a0mediod\u00eda, ma\u00f1ana\u00a0s\u00e1bado\u00a0las temperaturas\u00a0m\u00e1ximas\u00a0aun\u00a0estar\u00e1n\u00a0altas, ya que las isos a 850 hpa\u00a0seguir\u00e1n\u00a0cercanas a los 12 grados.\u00a0<\/span><\/strong><\/span><\/p>\n<p>&nbsp;<\/p>\n<p><span style=\"color: #ff00ff;\">\u00a0<\/span><strong><span style=\"color: #0000ff;\">Hoy viernes, los\u00a0\u00faltimos\u00a0coletazos de la dana que ha afectado a la fachada\u00a0mediterr\u00e1nea\u00a0puede traer\u00a0alg\u00fan\u00a0chubasco a la zona oriental de\u00a0Andaluc\u00eda\u00a0 El viento ira cambiando de direcci\u00f3n, en estos momentos cuando son las siete de la ma\u00f1ana sigue de levante. Pero en el trascurso de las horas \u00a0el terral de primavera tomara protagonismo, llegando a\u00a0m\u00e1ximas\u00a0de 25 grados hoy viernes y ma\u00f1ana\u00a0s\u00e1bado. Y como os comento un poco mas arriba, el fr\u00edo llegara el domingo.\u00a0\u00a0 \u00a0<\/span><\/strong><\/p>\n<p><strong><span style=\"color: #0000ff;\"> Esta dana menos mal que no se ha dado con el mar mas caliente, es decir\u00a0despu\u00e9s\u00a0del verano. De todas formas en algunos puntos \u00a0de la fachada\u00a0mediterr\u00e1nea\u00a0se han llegado a los 200 litros, acompa\u00f1ados de vientos fuertes y olas de 4 metros. Gracias a esta dana, hemos podido\u00a0disfrutar\u00a0el jueves pasado de un bello amanecer.<\/span><\/strong><\/p>\n<p>&nbsp;<\/p>\n<p><a href=\"https:\/\/blogs.diariosur.es\/tormentas-y-rayos\/2013\/04\/26\/prevision-del-tiempo-fin-de-semana-masa-de-aire-frio-polar-afectara-a-toda-la-peninsula-vuelve-el-invierno\/olympus-digital-camera-1292\/\" rel=\"attachment wp-att-5687\"><img loading=\"lazy\" class=\"aligncenter size-full wp-image-5687\" title=\"OLYMPUS DIGITAL CAMERA\" src=\"\/tormentas-y-rayos\/wp-content\/uploads\/sites\/12\/2013\/04\/021.jpg\" alt=\"\" width=\"660\" height=\"495\" srcset=\"https:\/\/static-blogs.diariosur.es\/wp-content\/uploads\/sites\/12\/2013\/04\/021.jpg 660w, https:\/\/static-blogs.diariosur.es\/wp-content\/uploads\/sites\/12\/2013\/04\/021-533x400.jpg 533w\" sizes=\"(max-width: 660px) 100vw, 660px\" \/><\/a><\/p>\n<p><span><strong><span style=\"color: #0000ff;\">Ma\u00f1ana\u00a0s\u00e1bado\u00a0por la tarde intentare actualizar el blog, para comentaros la ultima hora de esta\u00a0situaci\u00f3n\u00a0tan especial. Y sobre todo si\u00a0llover\u00e1\u00a0el domingo.<\/span><\/strong><\/span><\/p>\n<p><strong>Os dejo con estas dos fotones de mi amiga Mari Trini Ruiz Vertedor.\u00a0Est\u00e1n\u00a0tomadas desde el Mirador de los Tres Embalses. Impresionantesssssssss.\u00a0<\/strong><\/p>\n<p><a href=\"https:\/\/blogs.diariosur.es\/tormentas-y-rayos\/2013\/04\/26\/prevision-del-tiempo-fin-de-semana-masa-de-aire-frio-polar-afectara-a-toda-la-peninsula-vuelve-el-invierno\/mari-trini-ruiz-vertedor\/\" rel=\"attachment wp-att-5685\"><img loading=\"lazy\" class=\"aligncenter size-full wp-image-5685\" title=\"mari trini ruiz vertedor\" src=\"\/tormentas-y-rayos\/wp-content\/uploads\/sites\/12\/2013\/04\/mari-trini-ruiz-vertedor.jpg\" alt=\"\" width=\"660\" height=\"145\" srcset=\"https:\/\/static-blogs.diariosur.es\/wp-content\/uploads\/sites\/12\/2013\/04\/mari-trini-ruiz-vertedor.jpg 660w, https:\/\/static-blogs.diariosur.es\/wp-content\/uploads\/sites\/12\/2013\/04\/mari-trini-ruiz-vertedor-640x141.jpg 640w\" sizes=\"(max-width: 660px) 100vw, 660px\" \/><\/a><a href=\"https:\/\/blogs.diariosur.es\/tormentas-y-rayos\/2013\/04\/26\/prevision-del-tiempo-fin-de-semana-masa-de-aire-frio-polar-afectara-a-toda-la-peninsula-vuelve-el-invierno\/mari-trni\/\" rel=\"attachment wp-att-5686\"><img loading=\"lazy\" class=\"aligncenter size-full wp-image-5686\" title=\"mari trni\" src=\"\/tormentas-y-rayos\/wp-content\/uploads\/sites\/12\/2013\/04\/mari-trni.jpg\" alt=\"\" width=\"660\" height=\"145\" srcset=\"https:\/\/static-blogs.diariosur.es\/wp-content\/uploads\/sites\/12\/2013\/04\/mari-trni.jpg 660w, https:\/\/static-blogs.diariosur.es\/wp-content\/uploads\/sites\/12\/2013\/04\/mari-trni-640x141.jpg 640w\" sizes=\"(max-width: 660px) 100vw, 660px\" \/><\/a><\/p>\n<p><strong>Hasta ma\u00f1ana, os quiero un mont\u00f3n. Gracias cu\u00f1ado por la tarta tormenta jejejejejej<\/strong><\/p>\n<p>&nbsp;<\/p>\n<p><a href=\"https:\/\/blogs.diariosur.es\/tormentas-y-rayos\/2013\/04\/26\/prevision-del-tiempo-fin-de-semana-masa-de-aire-frio-polar-afectara-a-toda-la-peninsula-vuelve-el-invierno\/cumpletr\/\" rel=\"attachment wp-att-5689\"><img loading=\"lazy\" class=\"aligncenter size-full wp-image-5689\" title=\"CumpleT&#038;R\" src=\"\/tormentas-y-rayos\/wp-content\/uploads\/sites\/12\/2013\/04\/CumpleTR.jpg\" alt=\"\" width=\"454\" height=\"340\" \/><\/a><\/p>\n","protected":false},"excerpt":{"rendered":"<p>Buenos dias amigos de la meteo. Son las seis de la ma\u00f1ana, registro 17 grados y los cielos est\u00e1n nubosos. Sobre las dos de la madrugada entro el levante. Antes de hablaros de la vuelta del invierno, os quiero dar las gracias por todas las felicitaciones que he recibido por los cinco a\u00f1os del blog. [&hellip;]<\/p>\n","protected":false},"author":16,"featured_media":5681,"comment_status":"open","ping_status":"closed","sticky":false,"template":"","format":"standard","meta":[],"categories":[2],"tags":[54,432,616,690,787,809,980],"_links":{"self":[{"href":"https:\/\/blogs.diariosur.es\/tormentas-y-rayos\/wp-json\/wp\/v2\/posts\/5680"}],"collection":[{"href":"https:\/\/blogs.diariosur.es\/tormentas-y-rayos\/wp-json\/wp\/v2\/posts"}],"about":[{"href":"https:\/\/blogs.diariosur.es\/tormentas-y-rayos\/wp-json\/wp\/v2\/types\/post"}],"author":[{"embeddable":true,"href":"https:\/\/blogs.diariosur.es\/tormentas-y-rayos\/wp-json\/wp\/v2\/users\/16"}],"replies":[{"embeddable":true,"href":"https:\/\/blogs.diariosur.es\/tormentas-y-rayos\/wp-json\/wp\/v2\/comments?post=5680"}],"version-history":[{"count":0,"href":"https:\/\/blogs.diariosur.es\/tormentas-y-rayos\/wp-json\/wp\/v2\/posts\/5680\/revisions"}],"wp:featuredmedia":[{"embeddable":true,"href":"https:\/\/blogs.diariosur.es\/tormentas-y-rayos\/wp-json\/wp\/v2\/media\/5681"}],"wp:attachment":[{"href":"https:\/\/blogs.diariosur.es\/tormentas-y-rayos\/wp-json\/wp\/v2\/media?parent=5680"}],"wp:term":[{"taxonomy":"category","embeddable":true,"href":"https:\/\/blogs.diariosur.es\/tormentas-y-rayos\/wp-json\/wp\/v2\/categories?post=5680"},{"taxonomy":"post_tag","embeddable":true,"href":"https:\/\/blogs.diariosur.es\/tormentas-y-rayos\/wp-json\/wp\/v2\/tags?post=5680"}],"curies":[{"name":"wp","href":"https:\/\/api.w.org\/{rel}","templated":true}]}}