{"id":5692,"date":"2013-04-27T07:29:15","date_gmt":"2013-04-27T05:29:15","guid":{"rendered":"http:\/\/blogs.diariosur.es\/tormentas-y-rayos\/?p=5692"},"modified":"2013-04-27T07:29:15","modified_gmt":"2013-04-27T05:29:15","slug":"ultima-hora-aviso-amarillo-por-nevadas-en-andalucia-oriental-se-confirma-la-dana-depresion-aislada-en-altura","status":"publish","type":"post","link":"https:\/\/blogs.diariosur.es\/tormentas-y-rayos\/2013\/04\/27\/ultima-hora-aviso-amarillo-por-nevadas-en-andalucia-oriental-se-confirma-la-dana-depresion-aislada-en-altura\/","title":{"rendered":"Ultima hora! Aviso amarillo por nevadas en Andaluc\u00eda Oriental. Se confirma la DANA ( DEPRESI\u00d3N AISLADA EN ALTURA)"},"content":{"rendered":"<p><strong>Buenos dias amigos de la meteo. Son las seis de la ma\u00f1ana, registro unos agradables 17 grados y los cielos est\u00e1n \u00a0poco nubosos. Ya sab\u00e9is que hoy trabajo casi todo el dia y prefiero actualizar el blog ahora. <\/strong><\/p>\n<p><strong>Primero comentaros que la AEMET activa el aviso amarillo por nevadas en Granada y Ja\u00e9n de momento. Lo mas seguro es que hoy al mediod\u00eda tambi\u00e9n se activen los avisos por vientos y lluvias en Andaluc\u00eda Oriental.<\/strong><\/p>\n<p><a href=\"https:\/\/blogs.diariosur.es\/tormentas-y-rayos\/2013\/04\/27\/ultima-hora-aviso-amarillo-por-nevadas-en-andalucia-oriental-se-confirma-la-dana-depresion-aislada-en-altura\/nevadas-2\/\" rel=\"attachment wp-att-5693\"><img loading=\"lazy\" class=\"aligncenter size-full wp-image-5693\" title=\"nevadas\" src=\"\/tormentas-y-rayos\/wp-content\/uploads\/sites\/12\/2013\/04\/nevadas.jpg\" alt=\"\" width=\"520\" height=\"358\" \/><\/a><\/p>\n<p><strong>En el post que os abr\u00ed el viernes, os explicaba sencillamente porque se daba esta situaci\u00f3n <a href=\"https:\/\/blogs.diariosur.es\/tormentas-y-rayos\/2013\/04\/26\/prevision-del-tiempo-fin-de-semana-masa-de-aire-frio-polar-afectara-a-toda-la-peninsula-vuelve-el-invierno\/\">TAN INUSUAL EN UN MES DE ABRIL. PINCHAR EN EL ENLACE<\/a><\/strong><\/p>\n<p><strong>Aun no estaba muy claro \u00a0POR donde se pasear\u00eda el embolsamiento de aire frio en altura. Viendo los mapas ya podemos hablar de DANA ( depresi\u00f3n aislada en altura). Esta Dana llegara casi al Estrecho y tomara camino hacia el Mar de Alboran. Os paso unos mapas a 500 hpa ( 5500 metros) fuente Aemet.<\/strong><\/p>\n<p><a href=\"https:\/\/blogs.diariosur.es\/tormentas-y-rayos\/2013\/04\/27\/ultima-hora-aviso-amarillo-por-nevadas-en-andalucia-oriental-se-confirma-la-dana-depresion-aislada-en-altura\/1-20\/\" rel=\"attachment wp-att-5694\"><img loading=\"lazy\" class=\"aligncenter size-full wp-image-5694\" title=\"1\" src=\"\/tormentas-y-rayos\/wp-content\/uploads\/sites\/12\" alt=\"\" width=\"658\" height=\"461\" \/><\/a><a href=\"https:\/\/blogs.diariosur.es\/tormentas-y-rayos\/2013\/04\/27\/ultima-hora-aviso-amarillo-por-nevadas-en-andalucia-oriental-se-confirma-la-dana-depresion-aislada-en-altura\/2-19\/\" rel=\"attachment wp-att-5696\"><img loading=\"lazy\" class=\"aligncenter size-medium wp-image-5696\" title=\"2\" src=\"\/tormentas-y-rayos\/wp-content\/uploads\/sites\/12\/2013\/04\/21.jpg\" alt=\"\" width=\"600\" height=\"393\" srcset=\"https:\/\/static-blogs.diariosur.es\/wp-content\/uploads\/sites\/12\/2013\/04\/21.jpg 710w, https:\/\/static-blogs.diariosur.es\/wp-content\/uploads\/sites\/12\/2013\/04\/21-609x400.jpg 609w\" sizes=\"(max-width: 600px) 100vw, 600px\" \/><\/a><a href=\"https:\/\/blogs.diariosur.es\/tormentas-y-rayos\/2013\/04\/27\/ultima-hora-aviso-amarillo-por-nevadas-en-andalucia-oriental-se-confirma-la-dana-depresion-aislada-en-altura\/3-20\/\" rel=\"attachment wp-att-5697\"><img loading=\"lazy\" class=\"aligncenter size-medium wp-image-5697\" title=\"3\" src=\"\/tormentas-y-rayos\/wp-content\/uploads\/sites\/12\/2013\/04\/3.jpg\" alt=\"\" width=\"518\" height=\"400\" srcset=\"https:\/\/static-blogs.diariosur.es\/wp-content\/uploads\/sites\/12\/2013\/04\/3.jpg 654w, https:\/\/static-blogs.diariosur.es\/wp-content\/uploads\/sites\/12\/2013\/04\/3-518x400.jpg 518w\" sizes=\"(max-width: 518px) 100vw, 518px\" \/><\/a><\/p>\n<p>&nbsp;<\/p>\n<p><strong>Aunque hoy lleguemos a mas de 22 grados, el domingo las\u00a0m\u00e1ximas\u00a0bajaran considerablemente. El viento de terral de primavera soplara moderado, esto har\u00e1 que la sensaci\u00f3n t\u00e9rmica sea de mas frio. Se producir\u00e1n chubascos en cualquier punto de nuestra provincia, siendo mas probables en el interior y zona oriental.\u00a0Tambi\u00e9n\u00a0en la capital los chubascos pueden aparecer en alg\u00fan momento del dia. En las Sierras Malague\u00f1as de mas altura la precipitaci\u00f3n ser\u00e1n de nieve sobre los 1300 metros, que para estar a finales de abril no esta nada mal. En algunos momentos los granizos pueden ser los protagonistas, algo parecido a lo que\u00a0ocurri\u00f3\u00a0en la madrugada del 28 de febrero. Pero en esa ocasi\u00f3n la dana recorrio otro camino al empezar a bajar desde el norte de la\u00a0pen\u00ednsula.<\/strong><\/p>\n<p><strong>Poco mas que contar amigos, en estas\u00a0situaciones\u00a0como ya\u00a0sab\u00e9is\u00a0,\u00a0la posici\u00f3n que tenga al final esta dana \u00a0hara que ma\u00f1ana llueva mas o menos en nuestra provincia.<\/strong><\/p>\n<p><strong>Os dejo con la foto del amanecer del viernes.<\/strong><\/p>\n<p><a href=\"https:\/\/blogs.diariosur.es\/tormentas-y-rayos\/2013\/04\/27\/ultima-hora-aviso-amarillo-por-nevadas-en-andalucia-oriental-se-confirma-la-dana-depresion-aislada-en-altura\/olympus-digital-camera-1293\/\" rel=\"attachment wp-att-5698\"><img loading=\"lazy\" class=\"aligncenter size-full wp-image-5698\" title=\"OLYMPUS DIGITAL CAMERA\" src=\"\/tormentas-y-rayos\/wp-content\/uploads\/sites\/12\/2013\/04\/AMANECER-26-DE-ABRIL-2013-5.jpg\" alt=\"\" width=\"660\" height=\"495\" srcset=\"https:\/\/static-blogs.diariosur.es\/wp-content\/uploads\/sites\/12\/2013\/04\/AMANECER-26-DE-ABRIL-2013-5.jpg 660w, https:\/\/static-blogs.diariosur.es\/wp-content\/uploads\/sites\/12\/2013\/04\/AMANECER-26-DE-ABRIL-2013-5-533x400.jpg 533w\" sizes=\"(max-width: 660px) 100vw, 660px\" \/><\/a><\/p>\n<p>&nbsp;<\/p>\n<p><a href=\"https:\/\/blogs.diariosur.es\/tormentas-y-rayos\/2013\/04\/27\/ultima-hora-aviso-amarillo-por-nevadas-en-andalucia-oriental-se-confirma-la-dana-depresion-aislada-en-altura\/m-4\/\" rel=\"attachment wp-att-5699\"><img loading=\"lazy\" class=\"aligncenter size-full wp-image-5699\" title=\"m\" src=\"\/tormentas-y-rayos\/wp-content\/uploads\/sites\/12\/2013\/04\/m1.jpg\" alt=\"\" width=\"488\" height=\"315\" \/><\/a><\/p>\n<p>&nbsp;<\/p>\n","protected":false},"excerpt":{"rendered":"<p>Buenos dias amigos de la meteo. Son las seis de la ma\u00f1ana, registro unos agradables 17 grados y los cielos est\u00e1n \u00a0poco nubosos. Ya sab\u00e9is que hoy trabajo casi todo el dia y prefiero actualizar el blog ahora. Primero comentaros que la AEMET activa el aviso amarillo por nevadas en Granada y Ja\u00e9n de momento. [&hellip;]<\/p>\n","protected":false},"author":16,"featured_media":5693,"comment_status":"open","ping_status":"closed","sticky":false,"template":"","format":"standard","meta":[],"categories":[2],"tags":[94,100,151,307,485,690,1028],"_links":{"self":[{"href":"https:\/\/blogs.diariosur.es\/tormentas-y-rayos\/wp-json\/wp\/v2\/posts\/5692"}],"collection":[{"href":"https:\/\/blogs.diariosur.es\/tormentas-y-rayos\/wp-json\/wp\/v2\/posts"}],"about":[{"href":"https:\/\/blogs.diariosur.es\/tormentas-y-rayos\/wp-json\/wp\/v2\/types\/post"}],"author":[{"embeddable":true,"href":"https:\/\/blogs.diariosur.es\/tormentas-y-rayos\/wp-json\/wp\/v2\/users\/16"}],"replies":[{"embeddable":true,"href":"https:\/\/blogs.diariosur.es\/tormentas-y-rayos\/wp-json\/wp\/v2\/comments?post=5692"}],"version-history":[{"count":0,"href":"https:\/\/blogs.diariosur.es\/tormentas-y-rayos\/wp-json\/wp\/v2\/posts\/5692\/revisions"}],"wp:featuredmedia":[{"embeddable":true,"href":"https:\/\/blogs.diariosur.es\/tormentas-y-rayos\/wp-json\/wp\/v2\/media\/5693"}],"wp:attachment":[{"href":"https:\/\/blogs.diariosur.es\/tormentas-y-rayos\/wp-json\/wp\/v2\/media?parent=5692"}],"wp:term":[{"taxonomy":"category","embeddable":true,"href":"https:\/\/blogs.diariosur.es\/tormentas-y-rayos\/wp-json\/wp\/v2\/categories?post=5692"},{"taxonomy":"post_tag","embeddable":true,"href":"https:\/\/blogs.diariosur.es\/tormentas-y-rayos\/wp-json\/wp\/v2\/tags?post=5692"}],"curies":[{"name":"wp","href":"https:\/\/api.w.org\/{rel}","templated":true}]}}