{"id":5700,"date":"2013-04-29T09:10:56","date_gmt":"2013-04-29T07:10:56","guid":{"rendered":"http:\/\/blogs.diariosur.es\/tormentas-y-rayos\/?p=5700"},"modified":"2013-04-29T09:10:56","modified_gmt":"2013-04-29T07:10:56","slug":"el-frio-la-nieve-y-los-chubascos-seguiran-de-protagonistas-en-andalucia-el-domingo-nevo-en-ronda-y-cuevas-del-becerro","status":"publish","type":"post","link":"https:\/\/blogs.diariosur.es\/tormentas-y-rayos\/2013\/04\/29\/el-frio-la-nieve-y-los-chubascos-seguiran-de-protagonistas-en-andalucia-el-domingo-nevo-en-ronda-y-cuevas-del-becerro\/","title":{"rendered":"El fr\u00edo, la nieve y los chubascos seguir\u00e1n de protagonistas en Andaluc\u00eda. El domingo nev\u00f3 en Ronda y Cuevas del Becerro."},"content":{"rendered":"<p><strong>Buenos d\u00edas amigos de la meteo. La\u00a0m\u00ednima\u00a0de hoy ha sido de 9,5 grados, ha amanecido con bastantes nubes y la Sierra de la Nieves esta vestida de blanco. Os paso unas fotos de esta ma\u00f1ana cuando\u00a0amanec\u00eda.<\/strong><\/p>\n<p><a href=\"https:\/\/blogs.diariosur.es\/tormentas-y-rayos\/2013\/04\/29\/el-frio-la-nieve-y-los-chubascos-seguiran-de-protagonistas-en-andalucia-el-domingo-nevo-en-ronda-y-cuevas-del-becerro\/olympus-digital-camera-1294\/\" rel=\"attachment wp-att-5707\"><img loading=\"lazy\" class=\"aligncenter size-full wp-image-5707\" title=\"OLYMPUS DIGITAL CAMERA\" src=\"\/tormentas-y-rayos\/wp-content\/uploads\/sites\/12\/2013\/04\/0221.jpg\" alt=\"\" width=\"660\" height=\"495\" srcset=\"https:\/\/static-blogs.diariosur.es\/wp-content\/uploads\/sites\/12\/2013\/04\/0221.jpg 660w, https:\/\/static-blogs.diariosur.es\/wp-content\/uploads\/sites\/12\/2013\/04\/0221-533x400.jpg 533w\" sizes=\"(max-width: 660px) 100vw, 660px\" \/><\/a><\/p>\n<p>&nbsp;<\/p>\n<p><strong>Se cumplieron los pron\u00f3sticos y con alguna sorpresa, como luego veremos en el resumen del fin de semana. Pero antes veremos que pasara hoy lunes y ma\u00f1ana martes meteorol\u00f3gicamente hablando.<\/strong><\/p>\n<p><strong>La dana ( depresi\u00f3n aislada en altura) se ha \u00a0traslado durante la tarde del domingo y esta pasada madrugada \u00a0hacia la zona mas oriental de Andaluc\u00eda. Pero hoy al mediod\u00eda \u00a0retr\u00f3gradamente volver\u00e1 a situarse casi en la misma posici\u00f3n de ayer, incluso se espera que se situ\u00e9 cerca del Golfo de Cadiz en la madrugada del martes. Os paso una secuencia de mapas previstos a 500 hpa (5500 metros).<\/strong><\/p>\n<p><a href=\"https:\/\/blogs.diariosur.es\/tormentas-y-rayos\/2013\/04\/29\/el-frio-la-nieve-y-los-chubascos-seguiran-de-protagonistas-en-andalucia-el-domingo-nevo-en-ronda-y-cuevas-del-becerro\/1-22\/\" rel=\"attachment wp-att-5701\"><img loading=\"lazy\" class=\"aligncenter size-full wp-image-5701\" title=\"1\" src=\"\/tormentas-y-rayos\/wp-content\/uploads\/sites\/12\/2013\/04\/11.jpg\" alt=\"\" width=\"647\" height=\"465\" srcset=\"https:\/\/static-blogs.diariosur.es\/wp-content\/uploads\/sites\/12\/2013\/04\/11.jpg 647w, https:\/\/static-blogs.diariosur.es\/wp-content\/uploads\/sites\/12\/2013\/04\/11-557x400.jpg 557w\" sizes=\"(max-width: 647px) 100vw, 647px\" \/><\/a><a href=\"https:\/\/blogs.diariosur.es\/tormentas-y-rayos\/2013\/04\/29\/el-frio-la-nieve-y-los-chubascos-seguiran-de-protagonistas-en-andalucia-el-domingo-nevo-en-ronda-y-cuevas-del-becerro\/2-20\/\" rel=\"attachment wp-att-5702\"><img loading=\"lazy\" class=\"aligncenter size-full wp-image-5702\" title=\"2\" src=\"\/tormentas-y-rayos\/wp-content\/uploads\/sites\/12\/2013\/04\/22.jpg\" alt=\"\" width=\"654\" height=\"460\" srcset=\"https:\/\/static-blogs.diariosur.es\/wp-content\/uploads\/sites\/12\/2013\/04\/22.jpg 654w, https:\/\/static-blogs.diariosur.es\/wp-content\/uploads\/sites\/12\/2013\/04\/22-569x400.jpg 569w\" sizes=\"(max-width: 654px) 100vw, 654px\" \/><\/a><a href=\"https:\/\/blogs.diariosur.es\/tormentas-y-rayos\/2013\/04\/29\/el-frio-la-nieve-y-los-chubascos-seguiran-de-protagonistas-en-andalucia-el-domingo-nevo-en-ronda-y-cuevas-del-becerro\/3-21\/\" rel=\"attachment wp-att-5703\"><img loading=\"lazy\" class=\"aligncenter size-full wp-image-5703\" title=\"3\" src=\"\/tormentas-y-rayos\/wp-content\/uploads\/sites\/12\/2013\/04\/31.jpg\" alt=\"\" width=\"649\" height=\"457\" srcset=\"https:\/\/static-blogs.diariosur.es\/wp-content\/uploads\/sites\/12\/2013\/04\/31.jpg 649w, https:\/\/static-blogs.diariosur.es\/wp-content\/uploads\/sites\/12\/2013\/04\/31-568x400.jpg 568w\" sizes=\"(max-width: 649px) 100vw, 649px\" \/><\/a><a href=\"https:\/\/blogs.diariosur.es\/tormentas-y-rayos\/2013\/04\/29\/el-frio-la-nieve-y-los-chubascos-seguiran-de-protagonistas-en-andalucia-el-domingo-nevo-en-ronda-y-cuevas-del-becerro\/4-8\/\" rel=\"attachment wp-att-5704\"><img loading=\"lazy\" class=\"aligncenter size-full wp-image-5704\" title=\"4\" src=\"\/tormentas-y-rayos\/wp-content\/uploads\/sites\/12\" alt=\"\" width=\"653\" height=\"463\" \/><\/a><\/p>\n<p>&nbsp;<\/p>\n<p><strong>Esto traer\u00e1 consigo chubascos en la mayor parte de Andaluc\u00eda, que ser\u00e1n de nieve a partir de <span style=\"color: #ff0000;\">900 a 1100 metros.<\/span> Incluso en algunos puntos el granizo sera el protagonista. En esta imagen reciente del satelite eumetsat se ve claramente la nubosidad que durante el dia de hoy nos afectara.<\/strong><\/p>\n<p><a href=\"https:\/\/blogs.diariosur.es\/tormentas-y-rayos\/2013\/04\/29\/el-frio-la-nieve-y-los-chubascos-seguiran-de-protagonistas-en-andalucia-el-domingo-nevo-en-ronda-y-cuevas-del-becerro\/webexterna_ir87_05-45-2\/\" rel=\"attachment wp-att-5706\"><img loading=\"lazy\" class=\"aligncenter size-medium wp-image-5706\" title=\"webexterna_IR87_[05-45]\" src=\"\/tormentas-y-rayos\/wp-content\/uploads\/sites\/12\/2013\/04\/webexterna_IR87_05-45.jpg\" alt=\"\" width=\"579\" height=\"400\" srcset=\"https:\/\/static-blogs.diariosur.es\/wp-content\/uploads\/sites\/12\/2013\/04\/webexterna_IR87_05-45.jpg 750w, https:\/\/static-blogs.diariosur.es\/wp-content\/uploads\/sites\/12\/2013\/04\/webexterna_IR87_05-45-579x400.jpg 579w\" sizes=\"(max-width: 579px) 100vw, 579px\" \/><\/a><\/p>\n<p>&nbsp;<\/p>\n<p><strong>Los chubascos en nuestra provincia se\u00a0dar\u00e1n\u00a0por la tarde , pueden ir acompa\u00f1ados de\u00a0fen\u00f3menos\u00a0tormentosos que incluso pueden dejar granizos en algunos puntos. \u00a0Ma\u00f1ana martes seguir\u00e1\u00a0la misma\u00a0t\u00f3nica, nevara en cotas mas altas y los chubascos\u00a0seguir\u00e1n\u00a0siendo los protagonistas. Parece que para el dia festivo la dana se ira rellenando y\u00a0subir\u00e1n\u00a0las temperaturas.\u00a0<\/strong><\/p>\n<p>&nbsp;<\/p>\n<p><strong>Pues si amigos se cumplieron los pron\u00f3sticos y con sorpresas. La sorpresa ya la sab\u00e9is la gran\u00a0mayor\u00eda\u00a0 fue que \u00a0nev\u00f3 en Ronda y Cuevas del Becerro. Sobre las dos de la tarde una tormenta originada por la el embolsamiento de aire frio, hizo que en esa zona hubiera desplomes de temperaturas. Algo parecido a lo que paso el la madrugada del 28 F. Tambien debido a los desplomes el granizo tambien fue el protagonista en otros puntos. Os paso un\u00a0trafico\u00a0de temperatura de Ronda, se ve claramente ese desplome debido a las corrientes de aire ascendentes y descendentes. La\u00a0m\u00ednima\u00a0se dio a las tres de la tarde con 1,8 grados bestial.Fuente AEMET.<\/strong><\/p>\n<p><a href=\"https:\/\/blogs.diariosur.es\/tormentas-y-rayos\/2013\/04\/29\/el-frio-la-nieve-y-los-chubascos-seguiran-de-protagonistas-en-andalucia-el-domingo-nevo-en-ronda-y-cuevas-del-becerro\/desplome-ronda\/\" rel=\"attachment wp-att-5708\"><img loading=\"lazy\" class=\"aligncenter size-medium wp-image-5708\" title=\"desplome ronda\" src=\"\/tormentas-y-rayos\/wp-content\/uploads\/sites\/12\/2013\/04\/desplome-ronda.jpg\" alt=\"\" width=\"600\" height=\"273\" srcset=\"https:\/\/static-blogs.diariosur.es\/wp-content\/uploads\/sites\/12\/2013\/04\/desplome-ronda.jpg 718w, https:\/\/static-blogs.diariosur.es\/wp-content\/uploads\/sites\/12\/2013\/04\/desplome-ronda-640x291.jpg 640w\" sizes=\"(max-width: 600px) 100vw, 600px\" \/><\/a><\/p>\n<p><strong>En M\u00e1laga Capital la maxima fue de 17 grados a los doce del mediodia, pero a partir de esa hora bajo\u00a0considerablemente,\u00a0lleg\u00e1ndose\u00a0a las cinco de la tarde a 11 grados. El sabado tuvimos una maxima de 25,6 grados a esa misma hora. El sabado el protagonista fue el viento de terral de primavera.<\/strong><\/p>\n<p><a href=\"https:\/\/blogs.diariosur.es\/tormentas-y-rayos\/2013\/04\/29\/el-frio-la-nieve-y-los-chubascos-seguiran-de-protagonistas-en-andalucia-el-domingo-nevo-en-ronda-y-cuevas-del-becerro\/malaga-temperatura\/\" rel=\"attachment wp-att-5709\"><img loading=\"lazy\" class=\"aligncenter size-medium wp-image-5709\" title=\"malaga temperatura\" src=\"\/tormentas-y-rayos\/wp-content\/uploads\/sites\/12\/2013\/04\/malaga-temperatura.jpg\" alt=\"\" width=\"600\" height=\"255\" srcset=\"https:\/\/static-blogs.diariosur.es\/wp-content\/uploads\/sites\/12\/2013\/04\/malaga-temperatura.jpg 726w, https:\/\/static-blogs.diariosur.es\/wp-content\/uploads\/sites\/12\/2013\/04\/malaga-temperatura-640x272.jpg 640w\" sizes=\"(max-width: 600px) 100vw, 600px\" \/><\/a><\/p>\n<p>&nbsp;<\/p>\n<p><strong>FOTO VANESSA MELGAR<\/strong><\/p>\n<p>&nbsp;<\/p>\n<p><a href=\"https:\/\/blogs.diariosur.es\/tormentas-y-rayos\/2013\/04\/29\/el-frio-la-nieve-y-los-chubascos-seguiran-de-protagonistas-en-andalucia-el-domingo-nevo-en-ronda-y-cuevas-del-becerro\/a3-2\/\" rel=\"attachment wp-att-5717\"><img loading=\"lazy\" class=\"aligncenter size-full wp-image-5717\" title=\"a3\" src=\"\/tormentas-y-rayos\/wp-content\/uploads\/sites\/12\/2013\/04\/a3.jpg\" alt=\"\" width=\"660\" height=\"439\" srcset=\"https:\/\/static-blogs.diariosur.es\/wp-content\/uploads\/sites\/12\/2013\/04\/a3.jpg 660w, https:\/\/static-blogs.diariosur.es\/wp-content\/uploads\/sites\/12\/2013\/04\/a3-601x400.jpg 601w\" sizes=\"(max-width: 660px) 100vw, 660px\" \/><\/a><\/p>\n<p>&nbsp;<\/p>\n<p><a href=\"https:\/\/blogs.diariosur.es\/tormentas-y-rayos\/2013\/04\/29\/el-frio-la-nieve-y-los-chubascos-seguiran-de-protagonistas-en-andalucia-el-domingo-nevo-en-ronda-y-cuevas-del-becerro\/resizer-2\/\" rel=\"attachment wp-att-5718\"><img loading=\"lazy\" class=\"aligncenter size-medium wp-image-5718\" title=\"resizer\" src=\"\/tormentas-y-rayos\/wp-content\/uploads\/sites\/12\/2013\/04\/resizer.jpg\" alt=\"\" width=\"600\" height=\"400\" srcset=\"https:\/\/static-blogs.diariosur.es\/wp-content\/uploads\/sites\/12\/2013\/04\/resizer.jpg 856w, https:\/\/static-blogs.diariosur.es\/wp-content\/uploads\/sites\/12\/2013\/04\/resizer-601x400.jpg 601w, https:\/\/static-blogs.diariosur.es\/wp-content\/uploads\/sites\/12\/2013\/04\/resizer-768x511.jpg 768w\" sizes=\"(max-width: 600px) 100vw, 600px\" \/><\/a><\/p>\n<p>&nbsp;<\/p>\n<p><strong>Aunque se registraron algunos chubascos en la capital y en la costa de Torre de Benagalb\u00f3n, los protagonistas fueron los cielos adornados de bellas \u00a0nubes tipo cumulonimbus. Ya en el amanecer dio muestras de esta belleza.<\/strong><\/p>\n<p><a href=\"https:\/\/blogs.diariosur.es\/tormentas-y-rayos\/2013\/04\/29\/el-frio-la-nieve-y-los-chubascos-seguiran-de-protagonistas-en-andalucia-el-domingo-nevo-en-ronda-y-cuevas-del-becerro\/olympus-digital-camera-1295\/\" rel=\"attachment wp-att-5710\"><img loading=\"lazy\" class=\"aligncenter size-full wp-image-5710\" title=\"OLYMPUS DIGITAL CAMERA\" src=\"\/tormentas-y-rayos\/wp-content\/uploads\/sites\/12\" alt=\"\" width=\"660\" height=\"495\" \/><\/a><\/p>\n<p><strong>A partir del\u00a0mediod\u00eda\u00a0ya fue impresionante ver los cielos malague\u00f1os, os paso unas fotos desde Torre de Benagalb\u00f3n.<\/strong><\/p>\n<p><a href=\"https:\/\/blogs.diariosur.es\/tormentas-y-rayos\/2013\/04\/29\/el-frio-la-nieve-y-los-chubascos-seguiran-de-protagonistas-en-andalucia-el-domingo-nevo-en-ronda-y-cuevas-del-becerro\/olympus-digital-camera-1298\/\" rel=\"attachment wp-att-5713\"><img loading=\"lazy\" class=\"aligncenter size-full wp-image-5713\" title=\"OLYMPUS DIGITAL CAMERA\" src=\"\/tormentas-y-rayos\/wp-content\/uploads\/sites\/12\/2013\/04\/a11.jpg\" alt=\"\" width=\"660\" height=\"495\" srcset=\"https:\/\/static-blogs.diariosur.es\/wp-content\/uploads\/sites\/12\/2013\/04\/a11.jpg 660w, https:\/\/static-blogs.diariosur.es\/wp-content\/uploads\/sites\/12\/2013\/04\/a11-533x400.jpg 533w\" sizes=\"(max-width: 660px) 100vw, 660px\" \/><\/a><\/p>\n<p>&nbsp;<\/p>\n<p>&nbsp;<\/p>\n<p><a href=\"https:\/\/blogs.diariosur.es\/tormentas-y-rayos\/2013\/04\/29\/el-frio-la-nieve-y-los-chubascos-seguiran-de-protagonistas-en-andalucia-el-domingo-nevo-en-ronda-y-cuevas-del-becerro\/olympus-digital-camera-1296\/\" rel=\"attachment wp-att-5711\"><br \/>\n<\/a><a href=\"https:\/\/blogs.diariosur.es\/tormentas-y-rayos\/2013\/04\/29\/el-frio-la-nieve-y-los-chubascos-seguiran-de-protagonistas-en-andalucia-el-domingo-nevo-en-ronda-y-cuevas-del-becerro\/olympus-digital-camera-1297\/\" rel=\"attachment wp-att-5712\"><img loading=\"lazy\" class=\"aligncenter size-full wp-image-5712\" title=\"OLYMPUS DIGITAL CAMERA\" src=\"\/tormentas-y-rayos\/wp-content\/uploads\/sites\/12\/2013\/04\/a2.jpg\" alt=\"\" width=\"660\" height=\"495\" srcset=\"https:\/\/static-blogs.diariosur.es\/wp-content\/uploads\/sites\/12\/2013\/04\/a2.jpg 660w, https:\/\/static-blogs.diariosur.es\/wp-content\/uploads\/sites\/12\/2013\/04\/a2-533x400.jpg 533w\" sizes=\"(max-width: 660px) 100vw, 660px\" \/><\/a><\/p>\n<p>&nbsp;<\/p>\n<p>&nbsp;<\/p>\n<p><a href=\"https:\/\/blogs.diariosur.es\/tormentas-y-rayos\/2013\/04\/29\/el-frio-la-nieve-y-los-chubascos-seguiran-de-protagonistas-en-andalucia-el-domingo-nevo-en-ronda-y-cuevas-del-becerro\/olympus-digital-camera-1299\/\" rel=\"attachment wp-att-5714\"><img loading=\"lazy\" class=\"aligncenter size-full wp-image-5714\" title=\"OLYMPUS DIGITAL CAMERA\" src=\"\/tormentas-y-rayos\/wp-content\/uploads\/sites\/12\/2013\/04\/DEPRESION-AISLADA-EN-ALTURA.-28-4-13-1.jpg\" alt=\"\" width=\"660\" height=\"495\" srcset=\"https:\/\/static-blogs.diariosur.es\/wp-content\/uploads\/sites\/12\/2013\/04\/DEPRESION-AISLADA-EN-ALTURA.-28-4-13-1.jpg 660w, https:\/\/static-blogs.diariosur.es\/wp-content\/uploads\/sites\/12\/2013\/04\/DEPRESION-AISLADA-EN-ALTURA.-28-4-13-1-533x400.jpg 533w\" sizes=\"(max-width: 660px) 100vw, 660px\" \/><\/a><\/p>\n<p>&nbsp;<\/p>\n<p><strong>Incluso a ultima hora de la tarde un precioso arcoiris fue el protagonista. Nuestro amigo Fernando Berrocal quiere compartir esta preciosa foto.<\/strong><\/p>\n<p><a href=\"https:\/\/blogs.diariosur.es\/tormentas-y-rayos\/2013\/04\/29\/el-frio-la-nieve-y-los-chubascos-seguiran-de-protagonistas-en-andalucia-el-domingo-nevo-en-ronda-y-cuevas-del-becerro\/2013-04-28_20-14-02_470\/\" rel=\"attachment wp-att-5715\"><img loading=\"lazy\" class=\"aligncenter size-full wp-image-5715\" title=\"2013-04-28_20-14-02_470\" src=\"\/tormentas-y-rayos\/wp-content\/uploads\/sites\/12\/2013\/04\/2013-04-28_20-14-02_470.jpg\" alt=\"\" width=\"660\" height=\"372\" srcset=\"https:\/\/static-blogs.diariosur.es\/wp-content\/uploads\/sites\/12\/2013\/04\/2013-04-28_20-14-02_470.jpg 660w, https:\/\/static-blogs.diariosur.es\/wp-content\/uploads\/sites\/12\/2013\/04\/2013-04-28_20-14-02_470-640x361.jpg 640w\" sizes=\"(max-width: 660px) 100vw, 660px\" \/><\/a><\/p>\n<p><strong>Poco mas que contar amigos de la meteo. A los que estais preguntando que tiempo hara el miercoles que hay comuniones y el proximo fin de semana os ire diciendo poco a poco lo que pueda pasar. Esta la cosa complicada.<\/strong><\/p>\n<p><strong>Os dejo con este impresionante foton de mi amigo Miguel Angel Perez, es el amanecer del viernes pasado desde Fuengirola.<\/strong><\/p>\n<p><a href=\"https:\/\/blogs.diariosur.es\/tormentas-y-rayos\/2013\/04\/29\/el-frio-la-nieve-y-los-chubascos-seguiran-de-protagonistas-en-andalucia-el-domingo-nevo-en-ronda-y-cuevas-del-becerro\/miguel-angel-perez\/\" rel=\"attachment wp-att-5716\"><img loading=\"lazy\" class=\"aligncenter size-full wp-image-5716\" title=\"miguel Angel Perez\" src=\"\/tormentas-y-rayos\/wp-content\/uploads\/sites\/12\/2013\/04\/miguel-Angel-Perez.jpg\" alt=\"\" width=\"660\" height=\"440\" srcset=\"https:\/\/static-blogs.diariosur.es\/wp-content\/uploads\/sites\/12\/2013\/04\/miguel-Angel-Perez.jpg 660w, https:\/\/static-blogs.diariosur.es\/wp-content\/uploads\/sites\/12\/2013\/04\/miguel-Angel-Perez-600x400.jpg 600w\" sizes=\"(max-width: 660px) 100vw, 660px\" \/><\/a><\/p>\n","protected":false},"excerpt":{"rendered":"<p>Buenos d\u00edas amigos de la meteo. La\u00a0m\u00ednima\u00a0de hoy ha sido de 9,5 grados, ha amanecido con bastantes nubes y la Sierra de la Nieves esta vestida de blanco. Os paso unas fotos de esta ma\u00f1ana cuando\u00a0amanec\u00eda. &nbsp; Se cumplieron los pron\u00f3sticos y con alguna sorpresa, como luego veremos en el resumen del fin de semana. [&hellip;]<\/p>\n","protected":false},"author":16,"featured_media":5707,"comment_status":"open","ping_status":"closed","sticky":false,"template":"","format":"standard","meta":[],"categories":[2],"tags":[63,91,100,307,432,690,874],"_links":{"self":[{"href":"https:\/\/blogs.diariosur.es\/tormentas-y-rayos\/wp-json\/wp\/v2\/posts\/5700"}],"collection":[{"href":"https:\/\/blogs.diariosur.es\/tormentas-y-rayos\/wp-json\/wp\/v2\/posts"}],"about":[{"href":"https:\/\/blogs.diariosur.es\/tormentas-y-rayos\/wp-json\/wp\/v2\/types\/post"}],"author":[{"embeddable":true,"href":"https:\/\/blogs.diariosur.es\/tormentas-y-rayos\/wp-json\/wp\/v2\/users\/16"}],"replies":[{"embeddable":true,"href":"https:\/\/blogs.diariosur.es\/tormentas-y-rayos\/wp-json\/wp\/v2\/comments?post=5700"}],"version-history":[{"count":0,"href":"https:\/\/blogs.diariosur.es\/tormentas-y-rayos\/wp-json\/wp\/v2\/posts\/5700\/revisions"}],"wp:featuredmedia":[{"embeddable":true,"href":"https:\/\/blogs.diariosur.es\/tormentas-y-rayos\/wp-json\/wp\/v2\/media\/5707"}],"wp:attachment":[{"href":"https:\/\/blogs.diariosur.es\/tormentas-y-rayos\/wp-json\/wp\/v2\/media?parent=5700"}],"wp:term":[{"taxonomy":"category","embeddable":true,"href":"https:\/\/blogs.diariosur.es\/tormentas-y-rayos\/wp-json\/wp\/v2\/categories?post=5700"},{"taxonomy":"post_tag","embeddable":true,"href":"https:\/\/blogs.diariosur.es\/tormentas-y-rayos\/wp-json\/wp\/v2\/tags?post=5700"}],"curies":[{"name":"wp","href":"https:\/\/api.w.org\/{rel}","templated":true}]}}