{"id":5746,"date":"2013-05-03T09:32:44","date_gmt":"2013-05-03T07:32:44","guid":{"rendered":"http:\/\/blogs.diariosur.es\/tormentas-y-rayos\/?p=5746"},"modified":"2013-05-03T09:32:44","modified_gmt":"2013-05-03T07:32:44","slug":"prevision-del-tiempo-fin-de-semana-embolsamiento-de-aire-frio-en-altura-tormentas-en-los-sistemas-montanosos-del-interior","status":"publish","type":"post","link":"https:\/\/blogs.diariosur.es\/tormentas-y-rayos\/2013\/05\/03\/prevision-del-tiempo-fin-de-semana-embolsamiento-de-aire-frio-en-altura-tormentas-en-los-sistemas-montanosos-del-interior\/","title":{"rendered":"Previsi\u00f3n del tiempo fin de semana. Embolsamiento de aire fr\u00edo en altura, tormentas en los sistemas monta\u00f1osos del interior."},"content":{"rendered":"<p><strong>Buenos d\u00edas amigos de la meteo. Son las ocho y media de la ma\u00f1ana, registro 15 grados y los cielos est\u00e1n nubosos. Hace un ratillo que acabo de llegar de la playa, el amanecer ha estado soso, pero siempre ayuda a cargar las pilas. Lo mas destacado de esta madrugada y en estos momentos son los chubascos que tenemos frente a la Costa Malague\u00f1a. <a href=\"https:\/\/blogs.diariosur.es\/tormentas-y-rayos\/2013\/05\/02\/un-1-de-mayo-para-todos-los-gustos-seguiran-subiendo-las-temperaturas\/\">En el post de ayer os comentaba que hoy viernes tendr\u00edamos un embolsamiento de aire fr\u00edo en altura<\/a>. Pues ya ayer se adelanto como pudisteis comprobar por los cielos que ten\u00edamos.<\/strong><\/p>\n<p><strong>Esta madrugada se ha formado una tormenta chiquita cerca de la Costa Malague\u00f1a. Que ha dejado y deja chubascos en el mar y en estos momentos tambi\u00e9n entre Marbella y Estepona.<\/strong><\/p>\n<p>&nbsp;<\/p>\n<p>&nbsp;<\/p>\n<p><a href=\"https:\/\/blogs.diariosur.es\/tormentas-y-rayos\/2013\/05\/03\/prevision-del-tiempo-fin-de-semana-embolsamiento-de-aire-frio-en-altura-tormentas-en-los-sistemas-montanosos-del-interior\/7-vert\/\" rel=\"attachment wp-att-5749\"><img loading=\"lazy\" class=\"aligncenter size-full wp-image-5749\" title=\"7-vert\" src=\"\/tormentas-y-rayos\/wp-content\/uploads\/sites\/12\/2013\/05\/7-vert.jpg\" alt=\"\" width=\"307\" height=\"985\" srcset=\"https:\/\/static-blogs.diariosur.es\/wp-content\/uploads\/sites\/12\/2013\/05\/7-vert.jpg 307w, https:\/\/static-blogs.diariosur.es\/wp-content\/uploads\/sites\/12\/2013\/05\/7-vert-125x400.jpg 125w\" sizes=\"(max-width: 307px) 100vw, 307px\" \/><\/a><\/p>\n<p>&nbsp;<\/p>\n<p><strong>Estos chubascos los ve\u00eda desde la Playa de la Misericordia esta ma\u00f1ana cuando eran las siete y cuarto de la ma\u00f1ana.<\/strong><\/p>\n<p><a href=\"https:\/\/blogs.diariosur.es\/tormentas-y-rayos\/2013\/05\/03\/prevision-del-tiempo-fin-de-semana-embolsamiento-de-aire-frio-en-altura-tormentas-en-los-sistemas-montanosos-del-interior\/olympus-digital-camera-1313\/\" rel=\"attachment wp-att-5750\"><img loading=\"lazy\" class=\"aligncenter size-full wp-image-5750\" title=\"OLYMPUS DIGITAL CAMERA\" src=\"\/tormentas-y-rayos\/wp-content\/uploads\/sites\/12\/2013\/05\/007.jpg\" alt=\"\" width=\"660\" height=\"495\" srcset=\"https:\/\/static-blogs.diariosur.es\/wp-content\/uploads\/sites\/12\/2013\/05\/007.jpg 660w, https:\/\/static-blogs.diariosur.es\/wp-content\/uploads\/sites\/12\/2013\/05\/007-533x400.jpg 533w\" sizes=\"(max-width: 660px) 100vw, 660px\" \/><\/a><\/p>\n<p>&nbsp;<\/p>\n<p><a href=\"https:\/\/blogs.diariosur.es\/tormentas-y-rayos\/2013\/05\/03\/prevision-del-tiempo-fin-de-semana-embolsamiento-de-aire-frio-en-altura-tormentas-en-los-sistemas-montanosos-del-interior\/olympus-digital-camera-1314\/\" rel=\"attachment wp-att-5751\"><img loading=\"lazy\" class=\"aligncenter size-full wp-image-5751\" title=\"OLYMPUS DIGITAL CAMERA\" src=\"\/tormentas-y-rayos\/wp-content\/uploads\/sites\/12\/2013\/05\/019.jpg\" alt=\"\" width=\"660\" height=\"495\" srcset=\"https:\/\/static-blogs.diariosur.es\/wp-content\/uploads\/sites\/12\/2013\/05\/019.jpg 660w, https:\/\/static-blogs.diariosur.es\/wp-content\/uploads\/sites\/12\/2013\/05\/019-533x400.jpg 533w\" sizes=\"(max-width: 660px) 100vw, 660px\" \/><\/a><\/p>\n<p>&nbsp;<\/p>\n<p><strong>Incluso hubo un momento que me han ca\u00eddo goterones, pero enseguida se quitaron. Como os comentaba al principio el amanecer ha estado soso, os paso una foto.<\/strong><\/p>\n<p><a href=\"https:\/\/blogs.diariosur.es\/tormentas-y-rayos\/2013\/05\/03\/prevision-del-tiempo-fin-de-semana-embolsamiento-de-aire-frio-en-altura-tormentas-en-los-sistemas-montanosos-del-interior\/olympus-digital-camera-1315\/\" rel=\"attachment wp-att-5752\"><img loading=\"lazy\" class=\"aligncenter size-full wp-image-5752\" title=\"OLYMPUS DIGITAL CAMERA\" src=\"\/tormentas-y-rayos\/wp-content\/uploads\/sites\/12\/2013\/05\/020.jpg\" alt=\"\" width=\"660\" height=\"495\" srcset=\"https:\/\/static-blogs.diariosur.es\/wp-content\/uploads\/sites\/12\/2013\/05\/020.jpg 660w, https:\/\/static-blogs.diariosur.es\/wp-content\/uploads\/sites\/12\/2013\/05\/020-533x400.jpg 533w\" sizes=\"(max-width: 660px) 100vw, 660px\" \/><\/a><\/p>\n<p><strong>El jueves se adelanto el aire fr\u00edo en altura, que trajo bonitos cielos. Los altoc\u00famulos stratiformis opacus se daban a primera horas de la ma\u00f1ana.<\/strong><\/p>\n<p><a href=\"https:\/\/blogs.diariosur.es\/tormentas-y-rayos\/2013\/05\/03\/prevision-del-tiempo-fin-de-semana-embolsamiento-de-aire-frio-en-altura-tormentas-en-los-sistemas-montanosos-del-interior\/olympus-digital-camera-1316\/\" rel=\"attachment wp-att-5753\"><img loading=\"lazy\" class=\"aligncenter size-full wp-image-5753\" title=\"OLYMPUS DIGITAL CAMERA\" src=\"\/tormentas-y-rayos\/wp-content\/uploads\/sites\/12\/2013\/05\/006.jpg\" alt=\"\" width=\"660\" height=\"495\" srcset=\"https:\/\/static-blogs.diariosur.es\/wp-content\/uploads\/sites\/12\/2013\/05\/006.jpg 660w, https:\/\/static-blogs.diariosur.es\/wp-content\/uploads\/sites\/12\/2013\/05\/006-533x400.jpg 533w\" sizes=\"(max-width: 660px) 100vw, 660px\" \/><\/a><\/p>\n<p><strong>Casi en el mismo lugar de esta foto un poco mas al interior tambien\u00a0ten\u00edamos\u00a0estos mismos pero traslucidus.<\/strong><\/p>\n<p><a href=\"https:\/\/blogs.diariosur.es\/tormentas-y-rayos\/2013\/05\/03\/prevision-del-tiempo-fin-de-semana-embolsamiento-de-aire-frio-en-altura-tormentas-en-los-sistemas-montanosos-del-interior\/olympus-digital-camera-1317\/\" rel=\"attachment wp-att-5754\"><img loading=\"lazy\" class=\"aligncenter size-full wp-image-5754\" title=\"OLYMPUS DIGITAL CAMERA\" src=\"\/tormentas-y-rayos\/wp-content\/uploads\/sites\/12\/2013\/05\/015.jpg\" alt=\"\" width=\"400\" height=\"533\" srcset=\"https:\/\/static-blogs.diariosur.es\/wp-content\/uploads\/sites\/12\/2013\/05\/015.jpg 400w, https:\/\/static-blogs.diariosur.es\/wp-content\/uploads\/sites\/12\/2013\/05\/015-300x400.jpg 300w\" sizes=\"(max-width: 400px) 100vw, 400px\" \/><\/a><\/p>\n<p><strong>Sobre el\u00a0mediod\u00eda\u00a0los cumulus congestus adornaban los Montes de M\u00e1laga.<\/strong><\/p>\n<p><a href=\"https:\/\/blogs.diariosur.es\/tormentas-y-rayos\/2013\/05\/03\/prevision-del-tiempo-fin-de-semana-embolsamiento-de-aire-frio-en-altura-tormentas-en-los-sistemas-montanosos-del-interior\/olympus-digital-camera-1318\/\" rel=\"attachment wp-att-5755\"><img loading=\"lazy\" class=\"aligncenter size-full wp-image-5755\" title=\"OLYMPUS DIGITAL CAMERA\" src=\"\/tormentas-y-rayos\/wp-content\/uploads\/sites\/12\/2013\/05\/001.jpg\" alt=\"\" width=\"660\" height=\"495\" srcset=\"https:\/\/static-blogs.diariosur.es\/wp-content\/uploads\/sites\/12\/2013\/05\/001.jpg 660w, https:\/\/static-blogs.diariosur.es\/wp-content\/uploads\/sites\/12\/2013\/05\/001-533x400.jpg 533w\" sizes=\"(max-width: 660px) 100vw, 660px\" \/><\/a><\/p>\n<p>&nbsp;<\/p>\n<p><strong>A ultima hora de la tarde una banda de altocumulus traslucidus perlucidus adornaban los cielos malague\u00f1os.<\/strong><\/p>\n<p><a href=\"https:\/\/blogs.diariosur.es\/tormentas-y-rayos\/2013\/05\/03\/prevision-del-tiempo-fin-de-semana-embolsamiento-de-aire-frio-en-altura-tormentas-en-los-sistemas-montanosos-del-interior\/attachment\/034\/\" rel=\"attachment wp-att-5756\"><img loading=\"lazy\" class=\"aligncenter size-full wp-image-5756\" title=\"034\" src=\"\/tormentas-y-rayos\/wp-content\/uploads\/sites\/12\/2013\/05\/034.jpg\" alt=\"\" width=\"660\" height=\"440\" srcset=\"https:\/\/static-blogs.diariosur.es\/wp-content\/uploads\/sites\/12\/2013\/05\/034.jpg 660w, https:\/\/static-blogs.diariosur.es\/wp-content\/uploads\/sites\/12\/2013\/05\/034-600x400.jpg 600w\" sizes=\"(max-width: 660px) 100vw, 660px\" \/><\/a><\/p>\n<p><a href=\"https:\/\/blogs.diariosur.es\/tormentas-y-rayos\/2013\/05\/03\/prevision-del-tiempo-fin-de-semana-embolsamiento-de-aire-frio-en-altura-tormentas-en-los-sistemas-montanosos-del-interior\/035-2\/\" rel=\"attachment wp-att-5757\"><img loading=\"lazy\" class=\"aligncenter size-full wp-image-5757\" title=\"035\" src=\"\/tormentas-y-rayos\/wp-content\/uploads\/sites\/12\/2013\/05\/035.jpg\" alt=\"\" width=\"660\" height=\"440\" srcset=\"https:\/\/static-blogs.diariosur.es\/wp-content\/uploads\/sites\/12\/2013\/05\/035.jpg 660w, https:\/\/static-blogs.diariosur.es\/wp-content\/uploads\/sites\/12\/2013\/05\/035-600x400.jpg 600w\" sizes=\"(max-width: 660px) 100vw, 660px\" \/><\/a><\/p>\n<p>&nbsp;<\/p>\n<p><span style=\"color: #ff0000;\"><strong>PREVISI\u00d3N FIN DE SEMANA<\/strong><\/span><\/p>\n<p><span style=\"color: #0000ff;\"><strong>Hoy viernes hay posibilidad de que se escapen algunos chubascos en la capital, ya sab\u00e9is que tenemos un \u00a0embolsamiento de aire\u00a0fr\u00edo\u00a0en altura. <\/strong><\/span><\/p>\n<p>&nbsp;<\/p>\n<p><a href=\"https:\/\/blogs.diariosur.es\/tormentas-y-rayos\/2013\/05\/03\/prevision-del-tiempo-fin-de-semana-embolsamiento-de-aire-frio-en-altura-tormentas-en-los-sistemas-montanosos-del-interior\/embolsa\/\" rel=\"attachment wp-att-5762\"><img loading=\"lazy\" class=\"aligncenter size-full wp-image-5762\" title=\"embolsa\" src=\"\/tormentas-y-rayos\/wp-content\/uploads\/sites\/12\/2013\/05\/embolsa.jpg\" alt=\"\" width=\"661\" height=\"460\" srcset=\"https:\/\/static-blogs.diariosur.es\/wp-content\/uploads\/sites\/12\/2013\/05\/embolsa.jpg 661w, https:\/\/static-blogs.diariosur.es\/wp-content\/uploads\/sites\/12\/2013\/05\/embolsa-575x400.jpg 575w\" sizes=\"(max-width: 661px) 100vw, 661px\" \/><\/a><\/p>\n<p><span style=\"color: #0000ff;\"><strong>\u00a0Ser\u00e1n mas probables y acompa\u00f1ados de tormentas por el interior y sistemas monta\u00f1osos. Estas tormentas pueden ser fuertes y acompa\u00f1adas de granizo en la Sierra de Ronda.<\/strong><\/span><\/p>\n<p><span style=\"color: #0000ff;\"><a href=\"https:\/\/blogs.diariosur.es\/tormentas-y-rayos\/2013\/05\/03\/prevision-del-tiempo-fin-de-semana-embolsamiento-de-aire-frio-en-altura-tormentas-en-los-sistemas-montanosos-del-interior\/captura-143\/\" rel=\"attachment wp-att-5760\"><span style=\"color: #0000ff;\"><img loading=\"lazy\" class=\"aligncenter size-medium wp-image-5760\" title=\"Captura\" src=\"\/tormentas-y-rayos\/wp-content\/uploads\/sites\/12\/2013\/05\/Captura.jpg\" alt=\"\" width=\"563\" height=\"400\" srcset=\"https:\/\/static-blogs.diariosur.es\/wp-content\/uploads\/sites\/12\/2013\/05\/Captura.jpg 775w, https:\/\/static-blogs.diariosur.es\/wp-content\/uploads\/sites\/12\/2013\/05\/Captura-564x400.jpg 564w, https:\/\/static-blogs.diariosur.es\/wp-content\/uploads\/sites\/12\/2013\/05\/Captura-768x545.jpg 768w\" sizes=\"(max-width: 563px) 100vw, 563px\" \/><\/span><\/a><\/span><\/p>\n<p><span style=\"color: #0000ff;\"><strong>El s\u00e1bado el embolsamiento de aire fr\u00edo seguir\u00eda con nosotros. Los chubascos mas probables se dar\u00edan por la tarde y con mas probabilidad en los sistemas monta\u00f1osos, no creo que en la capital los tengamos. El domingo ser\u00e1 el dia mejor, ya que el embolsamiento de aire fr\u00edo se ira diluyendo.<\/strong><\/span><\/p>\n<p><strong>Os dejo con estos dos fotones de mi amigo Fernando Berrocal, una pasada ver el Pantano del Guadalhorce asi de bonito.<\/strong><\/p>\n<p><a href=\"https:\/\/blogs.diariosur.es\/tormentas-y-rayos\/2013\/05\/03\/prevision-del-tiempo-fin-de-semana-embolsamiento-de-aire-frio-en-altura-tormentas-en-los-sistemas-montanosos-del-interior\/2013-04-30_12-03-50_375\/\" rel=\"attachment wp-att-5763\"><img loading=\"lazy\" class=\"aligncenter size-full wp-image-5763\" title=\"2013-04-30_12-03-50_375\" src=\"\/tormentas-y-rayos\/wp-content\/uploads\/sites\/12\/2013\/05\/2013-04-30_12-03-50_375.jpg\" alt=\"\" width=\"660\" height=\"372\" srcset=\"https:\/\/static-blogs.diariosur.es\/wp-content\/uploads\/sites\/12\/2013\/05\/2013-04-30_12-03-50_375.jpg 660w, https:\/\/static-blogs.diariosur.es\/wp-content\/uploads\/sites\/12\/2013\/05\/2013-04-30_12-03-50_375-640x361.jpg 640w\" sizes=\"(max-width: 660px) 100vw, 660px\" \/><\/a><\/p>\n<p>&nbsp;<\/p>\n<p><a href=\"https:\/\/blogs.diariosur.es\/tormentas-y-rayos\/2013\/05\/03\/prevision-del-tiempo-fin-de-semana-embolsamiento-de-aire-frio-en-altura-tormentas-en-los-sistemas-montanosos-del-interior\/2013-04-30_11-36-41_819\/\" rel=\"attachment wp-att-5764\"><img loading=\"lazy\" class=\"aligncenter size-full wp-image-5764\" title=\"2013-04-30_11-36-41_819\" src=\"\/tormentas-y-rayos\/wp-content\/uploads\/sites\/12\/2013\/05\/2013-04-30_11-36-41_819.jpg\" alt=\"\" width=\"660\" height=\"372\" srcset=\"https:\/\/static-blogs.diariosur.es\/wp-content\/uploads\/sites\/12\/2013\/05\/2013-04-30_11-36-41_819.jpg 660w, https:\/\/static-blogs.diariosur.es\/wp-content\/uploads\/sites\/12\/2013\/05\/2013-04-30_11-36-41_819-640x361.jpg 640w\" sizes=\"(max-width: 660px) 100vw, 660px\" \/><\/a><\/p>\n<p>&nbsp;<\/p>\n","protected":false},"excerpt":{"rendered":"<p>Buenos d\u00edas amigos de la meteo. Son las ocho y media de la ma\u00f1ana, registro 15 grados y los cielos est\u00e1n nubosos. Hace un ratillo que acabo de llegar de la playa, el amanecer ha estado soso, pero siempre ayuda a cargar las pilas. Lo mas destacado de esta madrugada y en estos momentos son [&hellip;]<\/p>\n","protected":false},"author":16,"featured_media":5766,"comment_status":"open","ping_status":"open","sticky":false,"template":"","format":"standard","meta":[],"categories":[2],"tags":[54,85,361,412,432,809,980,996],"_links":{"self":[{"href":"https:\/\/blogs.diariosur.es\/tormentas-y-rayos\/wp-json\/wp\/v2\/posts\/5746"}],"collection":[{"href":"https:\/\/blogs.diariosur.es\/tormentas-y-rayos\/wp-json\/wp\/v2\/posts"}],"about":[{"href":"https:\/\/blogs.diariosur.es\/tormentas-y-rayos\/wp-json\/wp\/v2\/types\/post"}],"author":[{"embeddable":true,"href":"https:\/\/blogs.diariosur.es\/tormentas-y-rayos\/wp-json\/wp\/v2\/users\/16"}],"replies":[{"embeddable":true,"href":"https:\/\/blogs.diariosur.es\/tormentas-y-rayos\/wp-json\/wp\/v2\/comments?post=5746"}],"version-history":[{"count":0,"href":"https:\/\/blogs.diariosur.es\/tormentas-y-rayos\/wp-json\/wp\/v2\/posts\/5746\/revisions"}],"wp:featuredmedia":[{"embeddable":true,"href":"https:\/\/blogs.diariosur.es\/tormentas-y-rayos\/wp-json\/wp\/v2\/media\/5766"}],"wp:attachment":[{"href":"https:\/\/blogs.diariosur.es\/tormentas-y-rayos\/wp-json\/wp\/v2\/media?parent=5746"}],"wp:term":[{"taxonomy":"category","embeddable":true,"href":"https:\/\/blogs.diariosur.es\/tormentas-y-rayos\/wp-json\/wp\/v2\/categories?post=5746"},{"taxonomy":"post_tag","embeddable":true,"href":"https:\/\/blogs.diariosur.es\/tormentas-y-rayos\/wp-json\/wp\/v2\/tags?post=5746"}],"curies":[{"name":"wp","href":"https:\/\/api.w.org\/{rel}","templated":true}]}}