{"id":5767,"date":"2013-05-06T07:33:12","date_gmt":"2013-05-06T05:33:12","guid":{"rendered":"http:\/\/blogs.diariosur.es\/tormentas-y-rayos\/?p=5767"},"modified":"2013-05-06T07:33:12","modified_gmt":"2013-05-06T05:33:12","slug":"estabilidad-y-subidas-de-temperaturas-en-andalucia-la-lluvia-sera-protagonista-en-galicia","status":"publish","type":"post","link":"https:\/\/blogs.diariosur.es\/tormentas-y-rayos\/2013\/05\/06\/estabilidad-y-subidas-de-temperaturas-en-andalucia-la-lluvia-sera-protagonista-en-galicia\/","title":{"rendered":"Estabilidad y subidas de temperaturas en Andaluc\u00eda. La lluvia ser\u00e1 protagonista en Galicia."},"content":{"rendered":"<p><strong>Buenos d\u00edas amigos de la meteo. Son las seis de la ma\u00f1ana, registro 16,8 grados y los cielos est\u00e1n poco nubosos. SOLO DISTINGO Y GRACIAS A LA LUNA UNOS CIRROS QUE PUEDEN DEJAR UN CANDILAZO. <\/strong><\/p>\n<p><strong>Un beso muy grande a mis\u00a0princesas.<\/strong><\/p>\n<p><span style=\"color: #ff0000;\"><strong> Antes de nada comentaros que no puedo arreglar el lateral derecho del blog donde tenia todos los enlaces a\u00a0sat\u00e9lites\u00a0y radares, espero solucionarlo pronto, para la\u00a0inform\u00e1tica\u00a0soy un nefasto.<\/strong><\/span><\/p>\n<p><strong>La estabilidad y la subida de temperaturas ser\u00e1n las protagonista estos primeros d\u00edas de la semana y casi seguro que asi estaremos hasta el pr\u00f3ximo finde. Sera la zona oeste de Galicia la que durante hoy y sobre todo ma\u00f1ana registren lluvias continuadas y copiosas. Una borrasca ser\u00e1 la que traiga esas inestabilidad en esa zona, mientras en casi toda la\u00a0pen\u00ednsula\u00a0reinara el anticicl\u00f3n. Este anticicl\u00f3n\u00a0har\u00e1 de muro para\u00a0desplazar\u00a0a esta borrasca y su frente hacia el noroeste.\u00a0<\/strong><\/p>\n<p><a href=\"https:\/\/blogs.diariosur.es\/tormentas-y-rayos\/2013\/05\/06\/estabilidad-y-subidas-de-temperaturas-en-andalucia-la-lluvia-sera-protagonista-en-galicia\/brack1\/\" rel=\"attachment wp-att-5768\"><img loading=\"lazy\" class=\"aligncenter size-full wp-image-5768\" title=\"brack1\" src=\"\/tormentas-y-rayos\/wp-content\/uploads\/sites\/12\/2013\/05\/brack1.gif\" alt=\"\" width=\"660\" height=\"531\" \/><\/a><\/p>\n<p><a href=\"https:\/\/blogs.diariosur.es\/tormentas-y-rayos\/2013\/05\/06\/estabilidad-y-subidas-de-temperaturas-en-andalucia-la-lluvia-sera-protagonista-en-galicia\/webexterna_ir87_04-15-2\/\" rel=\"attachment wp-att-5769\"><img loading=\"lazy\" class=\"aligncenter size-medium wp-image-5769\" title=\"webexterna_IR87_[04-15]\" src=\"\/tormentas-y-rayos\/wp-content\/uploads\/sites\/12\/2013\/05\/webexterna_IR87_04-15.jpg\" alt=\"\" width=\"579\" height=\"400\" srcset=\"https:\/\/static-blogs.diariosur.es\/wp-content\/uploads\/sites\/12\/2013\/05\/webexterna_IR87_04-15.jpg 750w, https:\/\/static-blogs.diariosur.es\/wp-content\/uploads\/sites\/12\/2013\/05\/webexterna_IR87_04-15-579x400.jpg 579w\" sizes=\"(max-width: 579px) 100vw, 579px\" \/><\/a><\/p>\n<p>&nbsp;<\/p>\n<p><strong>A la provincia malague\u00f1a y\u00a0 a nuestra regi\u00f3n andaluza lo mas que llegara ser\u00e1n nubes altas, tipo cirros. Estas nubes dejaran un amanecer y atardecer con candilazo. Como el que se esta dando ahora mismo\u00a0cuando\u00a0son las siete de la ma\u00f1ana. Foto tomada desde mi terraza.<\/strong><\/p>\n<p>&nbsp;<\/p>\n<p><a href=\"https:\/\/blogs.diariosur.es\/tormentas-y-rayos\/2013\/05\/06\/estabilidad-y-subidas-de-temperaturas-en-andalucia-la-lluvia-sera-protagonista-en-galicia\/olympus-digital-camera-1321\/\" rel=\"attachment wp-att-5774\"><img loading=\"lazy\" class=\"aligncenter size-full wp-image-5774\" title=\"OLYMPUS DIGITAL CAMERA\" src=\"\/tormentas-y-rayos\/wp-content\/uploads\/sites\/12\/2013\/05\/002_1.jpg\" alt=\"\" width=\"660\" height=\"495\" srcset=\"https:\/\/static-blogs.diariosur.es\/wp-content\/uploads\/sites\/12\/2013\/05\/002_1.jpg 660w, https:\/\/static-blogs.diariosur.es\/wp-content\/uploads\/sites\/12\/2013\/05\/002_1-533x400.jpg 533w\" sizes=\"(max-width: 660px) 100vw, 660px\" \/><\/a><\/p>\n<p><strong>El viento soplara en r\u00e9gimen de brisas, \u00a0esto har\u00e1 que tengamos rebozas de levante y terral. Seguro que entre la zona de Teatinos y la costa habr\u00e1 diferencia de grados en las\u00a0m\u00e1ximas\u00a0 Y poco mas que contar amigos. Os hago un peque\u00f1o resumen de este pasado fin de semana.<\/strong><\/p>\n<p><strong>\u00a0<\/strong><\/p>\n<p><strong>Se confirmaron los pron\u00f3sticos y las tormentas fueron las protagonistas tanto el s\u00e1bado como sobre todo el viernes.<\/strong><\/p>\n<p><a href=\"https:\/\/blogs.diariosur.es\/tormentas-y-rayos\/2013\/05\/06\/estabilidad-y-subidas-de-temperaturas-en-andalucia-la-lluvia-sera-protagonista-en-galicia\/viernes-14\/\" rel=\"attachment wp-att-5770\"><img loading=\"lazy\" class=\"aligncenter size-full wp-image-5770\" title=\"viernes\" src=\"\/tormentas-y-rayos\/wp-content\/uploads\/sites\/12\/2013\/05\/viernes.jpg\" alt=\"\" width=\"599\" height=\"548\" srcset=\"https:\/\/static-blogs.diariosur.es\/wp-content\/uploads\/sites\/12\/2013\/05\/viernes.jpg 599w, https:\/\/static-blogs.diariosur.es\/wp-content\/uploads\/sites\/12\/2013\/05\/viernes-437x400.jpg 437w\" sizes=\"(max-width: 599px) 100vw, 599px\" \/><\/a><\/p>\n<p>&nbsp;<\/p>\n<p>&nbsp;<\/p>\n<p><strong>Ya sab\u00e9is que esto se debi\u00f3 a un peque\u00f1o embolsamiento de aire frio en altura. Tanto el viernes como el s\u00e1bado lo que sol\u00e9is mirar al cielo visteis preciosos cumulonimbos, como es el caso de Fernando Berrocal que cazo este impresionante capillatus en los Montes de M\u00e1laga.<\/strong><\/p>\n<p><a href=\"https:\/\/blogs.diariosur.es\/tormentas-y-rayos\/2013\/05\/06\/estabilidad-y-subidas-de-temperaturas-en-andalucia-la-lluvia-sera-protagonista-en-galicia\/2013-05-04_15-24-34_777\/\" rel=\"attachment wp-att-5771\"><img loading=\"lazy\" class=\"aligncenter size-full wp-image-5771\" title=\"2013-05-04_15-24-34_777\" src=\"\/tormentas-y-rayos\/wp-content\/uploads\/sites\/12\/2013\/05\/2013-05-04_15-24-34_777.jpg\" alt=\"\" width=\"660\" height=\"372\" srcset=\"https:\/\/static-blogs.diariosur.es\/wp-content\/uploads\/sites\/12\/2013\/05\/2013-05-04_15-24-34_777.jpg 660w, https:\/\/static-blogs.diariosur.es\/wp-content\/uploads\/sites\/12\/2013\/05\/2013-05-04_15-24-34_777-640x361.jpg 640w\" sizes=\"(max-width: 660px) 100vw, 660px\" \/><\/a><\/p>\n<p><strong>Yo me los\u00a0perd\u00ed\u00a0fotografiarlos\u00a0y solo los\u00a0pod\u00eda\u00a0ver desde la ventana del trabajo. Mi mujer Geno cazo en fase \u00a0de disipaci\u00f3n este desde la terraza. Es el mismo de Nandi pero\u00a0disip\u00e1ndose.<\/strong><\/p>\n<p><a href=\"https:\/\/blogs.diariosur.es\/tormentas-y-rayos\/2013\/05\/06\/estabilidad-y-subidas-de-temperaturas-en-andalucia-la-lluvia-sera-protagonista-en-galicia\/olympus-digital-camera-1319\/\" rel=\"attachment wp-att-5772\"><img loading=\"lazy\" class=\"aligncenter size-full wp-image-5772\" title=\"OLYMPUS DIGITAL CAMERA\" src=\"\/tormentas-y-rayos\/wp-content\/uploads\/sites\/12\/2013\/05\/004.jpg\" alt=\"\" width=\"660\" height=\"495\" srcset=\"https:\/\/static-blogs.diariosur.es\/wp-content\/uploads\/sites\/12\/2013\/05\/004.jpg 660w, https:\/\/static-blogs.diariosur.es\/wp-content\/uploads\/sites\/12\/2013\/05\/004-533x400.jpg 533w\" sizes=\"(max-width: 660px) 100vw, 660px\" \/><\/a><\/p>\n<p><strong>El domingo la bolsa de aire fr\u00edo se diluyo y el cielo azul fue el protagonista desde primera hora de la ma\u00f1ana.<\/strong><\/p>\n<p><a href=\"https:\/\/blogs.diariosur.es\/tormentas-y-rayos\/2013\/05\/06\/estabilidad-y-subidas-de-temperaturas-en-andalucia-la-lluvia-sera-protagonista-en-galicia\/olympus-digital-camera-1320\/\" rel=\"attachment wp-att-5773\"><img loading=\"lazy\" class=\"aligncenter size-full wp-image-5773\" title=\"OLYMPUS DIGITAL CAMERA\" src=\"\/tormentas-y-rayos\/wp-content\/uploads\/sites\/12\/2013\/05\/008-2.jpg\" alt=\"\" width=\"660\" height=\"495\" srcset=\"https:\/\/static-blogs.diariosur.es\/wp-content\/uploads\/sites\/12\/2013\/05\/008-2.jpg 660w, https:\/\/static-blogs.diariosur.es\/wp-content\/uploads\/sites\/12\/2013\/05\/008-2-533x400.jpg 533w\" sizes=\"(max-width: 660px) 100vw, 660px\" \/><\/a><\/p>\n<p><strong>\u00a0A mi ver el cielo azul y sin ninguna nube aunque sea un misero cumulohumilis o mediocris \u00a0ME ABURRE jijiji<\/strong>.<\/p>\n<p><strong>Mi amigo Manuel \u00a0Bueno Verdugo quiere compartir esta foto para que yo no me aburra, ademas acompa\u00f1ada de unas bonitas palabras.<\/strong><\/p>\n<div id=\"fbPhotoPageAuthorName\"><strong><a href=\"https:\/\/www.facebook.com\/manuel.buenoverdugo\" data-hovercard=\"\/ajax\/hovercard\/user.php?id=100001098602221\" rel=\"external nofollow\">Manuel Bueno Verdugo<\/a><\/strong><\/div>\n<p><strong><span style=\"color: #0000ff;\">Levantarse temprano para ir a dar un paseo por el monte tiene estas recompensas, vivir in situ im\u00e1genes que otros muchos solo pueden deleitarse a trav\u00e9s de las\u00a0fotograf\u00edas\u00a0 Pero sentir el aire fresco en la cara, todo en silencio y t\u00fa estando delante de este paisaje, eso solo lo vive el q est\u00e1 alli. Vista desde Sierra Arcas hacia el lado de la Estaci\u00f3n de Archidona. \u00a1\u00a1que la disfrut\u00e9is!!<\/span><\/strong><\/p>\n<p>&nbsp;<\/p>\n<p><a href=\"https:\/\/blogs.diariosur.es\/tormentas-y-rayos\/2013\/05\/06\/estabilidad-y-subidas-de-temperaturas-en-andalucia-la-lluvia-sera-protagonista-en-galicia\/942661_530909710288978_926371866_n\/\" rel=\"attachment wp-att-5779\"><img loading=\"lazy\" class=\"aligncenter size-full wp-image-5779\" title=\"942661_530909710288978_926371866_n\" src=\"\/tormentas-y-rayos\/wp-content\/uploads\/sites\/12\/2013\/05\/942661_530909710288978_926371866_n.jpg\" alt=\"\" width=\"660\" height=\"371\" srcset=\"https:\/\/static-blogs.diariosur.es\/wp-content\/uploads\/sites\/12\/2013\/05\/942661_530909710288978_926371866_n.jpg 660w, https:\/\/static-blogs.diariosur.es\/wp-content\/uploads\/sites\/12\/2013\/05\/942661_530909710288978_926371866_n-640x360.jpg 640w\" sizes=\"(max-width: 660px) 100vw, 660px\" \/><\/a><\/p>\n<p><strong>Quiero dar \u00a0dar un abrazo a mi amiga Carmen que por fin la he conocido. <\/strong><\/p>\n<p><strong>\u00a0Amigo Jose Manuel tranquilo que de momento no se esperan lluvias para el fin de semana. <\/strong><\/p>\n<p><strong>Os dejo con estos fotones del maestro de la fotografia Paco Ruiz Montes. Est\u00e1n tomadas en el Pantano del Guadalhorce, muchas gracias amigo por compartirlas.<\/strong><\/p>\n<p><a href=\"https:\/\/blogs.diariosur.es\/tormentas-y-rayos\/2013\/05\/06\/estabilidad-y-subidas-de-temperaturas-en-andalucia-la-lluvia-sera-protagonista-en-galicia\/911826_10200206402140147_1909486669_n\/\" rel=\"attachment wp-att-5775\"><img loading=\"lazy\" class=\"aligncenter size-full wp-image-5775\" title=\"911826_10200206402140147_1909486669_n\" src=\"\/tormentas-y-rayos\/wp-content\/uploads\/sites\/12\/2013\/05\/911826_10200206402140147_1909486669_n.jpg\" alt=\"\" width=\"660\" height=\"464\" srcset=\"https:\/\/static-blogs.diariosur.es\/wp-content\/uploads\/sites\/12\/2013\/05\/911826_10200206402140147_1909486669_n.jpg 660w, https:\/\/static-blogs.diariosur.es\/wp-content\/uploads\/sites\/12\/2013\/05\/911826_10200206402140147_1909486669_n-569x400.jpg 569w\" sizes=\"(max-width: 660px) 100vw, 660px\" \/><\/a><\/p>\n<p><a href=\"https:\/\/blogs.diariosur.es\/tormentas-y-rayos\/2013\/05\/06\/estabilidad-y-subidas-de-temperaturas-en-andalucia-la-lluvia-sera-protagonista-en-galicia\/911829_10200206402060145_1458643127_n\/\" rel=\"attachment wp-att-5776\"><img loading=\"lazy\" class=\"aligncenter size-full wp-image-5776\" title=\"911829_10200206402060145_1458643127_n\" src=\"\/tormentas-y-rayos\/wp-content\/uploads\/sites\/12\/2013\/05\/911829_10200206402060145_1458643127_n.jpg\" alt=\"\" width=\"500\" height=\"711\" srcset=\"https:\/\/static-blogs.diariosur.es\/wp-content\/uploads\/sites\/12\/2013\/05\/911829_10200206402060145_1458643127_n.jpg 500w, https:\/\/static-blogs.diariosur.es\/wp-content\/uploads\/sites\/12\/2013\/05\/911829_10200206402060145_1458643127_n-281x400.jpg 281w\" sizes=\"(max-width: 500px) 100vw, 500px\" \/><\/a><\/p>\n<p><a href=\"https:\/\/blogs.diariosur.es\/tormentas-y-rayos\/2013\/05\/06\/estabilidad-y-subidas-de-temperaturas-en-andalucia-la-lluvia-sera-protagonista-en-galicia\/911989_10200206402100146_892058230_n\/\" rel=\"attachment wp-att-5777\"><img loading=\"lazy\" class=\"aligncenter size-full wp-image-5777\" title=\"911989_10200206402100146_892058230_n\" src=\"\/tormentas-y-rayos\/wp-content\/uploads\/sites\/12\/2013\/05\/911989_10200206402100146_892058230_n.jpg\" alt=\"\" width=\"660\" height=\"464\" srcset=\"https:\/\/static-blogs.diariosur.es\/wp-content\/uploads\/sites\/12\/2013\/05\/911989_10200206402100146_892058230_n.jpg 660w, https:\/\/static-blogs.diariosur.es\/wp-content\/uploads\/sites\/12\/2013\/05\/911989_10200206402100146_892058230_n-569x400.jpg 569w\" sizes=\"(max-width: 660px) 100vw, 660px\" \/><\/a><\/p>\n","protected":false},"excerpt":{"rendered":"<p>Buenos d\u00edas amigos de la meteo. Son las seis de la ma\u00f1ana, registro 16,8 grados y los cielos est\u00e1n poco nubosos. SOLO DISTINGO Y GRACIAS A LA LUNA UNOS CIRROS QUE PUEDEN DEJAR UN CANDILAZO. Un beso muy grande a mis\u00a0princesas. Antes de nada comentaros que no puedo arreglar el lateral derecho del blog donde [&hellip;]<\/p>\n","protected":false},"author":16,"featured_media":5778,"comment_status":"open","ping_status":"open","sticky":false,"template":"","format":"standard","meta":[],"categories":[2],"tags":[114,442,569,934,962],"_links":{"self":[{"href":"https:\/\/blogs.diariosur.es\/tormentas-y-rayos\/wp-json\/wp\/v2\/posts\/5767"}],"collection":[{"href":"https:\/\/blogs.diariosur.es\/tormentas-y-rayos\/wp-json\/wp\/v2\/posts"}],"about":[{"href":"https:\/\/blogs.diariosur.es\/tormentas-y-rayos\/wp-json\/wp\/v2\/types\/post"}],"author":[{"embeddable":true,"href":"https:\/\/blogs.diariosur.es\/tormentas-y-rayos\/wp-json\/wp\/v2\/users\/16"}],"replies":[{"embeddable":true,"href":"https:\/\/blogs.diariosur.es\/tormentas-y-rayos\/wp-json\/wp\/v2\/comments?post=5767"}],"version-history":[{"count":0,"href":"https:\/\/blogs.diariosur.es\/tormentas-y-rayos\/wp-json\/wp\/v2\/posts\/5767\/revisions"}],"wp:featuredmedia":[{"embeddable":true,"href":"https:\/\/blogs.diariosur.es\/tormentas-y-rayos\/wp-json\/wp\/v2\/media\/5778"}],"wp:attachment":[{"href":"https:\/\/blogs.diariosur.es\/tormentas-y-rayos\/wp-json\/wp\/v2\/media?parent=5767"}],"wp:term":[{"taxonomy":"category","embeddable":true,"href":"https:\/\/blogs.diariosur.es\/tormentas-y-rayos\/wp-json\/wp\/v2\/categories?post=5767"},{"taxonomy":"post_tag","embeddable":true,"href":"https:\/\/blogs.diariosur.es\/tormentas-y-rayos\/wp-json\/wp\/v2\/tags?post=5767"}],"curies":[{"name":"wp","href":"https:\/\/api.w.org\/{rel}","templated":true}]}}