{"id":5781,"date":"2013-05-08T06:37:03","date_gmt":"2013-05-08T04:37:03","guid":{"rendered":"http:\/\/blogs.diariosur.es\/tormentas-y-rayos\/?p=5781"},"modified":"2013-05-08T06:37:03","modified_gmt":"2013-05-08T04:37:03","slug":"sin-novedad-en-el-frente-andaluz-mi-capitan-el-general-borrasca-sigue-de-vacaciones","status":"publish","type":"post","link":"https:\/\/blogs.diariosur.es\/tormentas-y-rayos\/2013\/05\/08\/sin-novedad-en-el-frente-andaluz-mi-capitan-el-general-borrasca-sigue-de-vacaciones\/","title":{"rendered":"Sin novedad en el frente Andaluz, mi Capit\u00e1n. El General borrasca sigue de vacaciones."},"content":{"rendered":"<p><span style=\"color: #ff0000;\"><strong>&#8220;<em>se\u00f1or<\/em>, <em>s\u00ed se\u00f1or<\/em>!!&#8221;<\/strong><\/span><\/p>\n<p><strong>Buenos d\u00edas amigos de la meteo. Jjijiji, son las seis de la ma\u00f1ana, registro 17 grados y los cielos est\u00e1n algo nubosos. Asi que espero que me de tiempo y bajare a la playa para fotografiar el amanecer.<\/strong><\/p>\n<p><strong>Seguimos con la misma t\u00f3nica hoy y ma\u00f1ana jueves en Andaluc\u00eda. Nubes altas y temperaturas agradables ser\u00e1n las protagonistas.\u00a0<strong>El anticicl\u00f3n y una peque\u00f1a dorsal Africana mantendr\u00e1 la estabilidad.<\/strong><\/strong><\/p>\n<p><a href=\"https:\/\/blogs.diariosur.es\/tormentas-y-rayos\/2013\/05\/08\/sin-novedad-en-el-frente-andaluz-mi-capitan-el-general-borrasca-sigue-de-vacaciones\/dorsal-africana\/\" rel=\"attachment wp-att-5782\"><img loading=\"lazy\" class=\"aligncenter size-medium wp-image-5782\" title=\"dorsal africana\" src=\"\/tormentas-y-rayos\/wp-content\/uploads\/sites\/12\/2013\/05\/dorsal-africana.png\" alt=\"\" width=\"600\" height=\"400\" srcset=\"https:\/\/static-blogs.diariosur.es\/wp-content\/uploads\/sites\/12\/2013\/05\/dorsal-africana.png 768w, https:\/\/static-blogs.diariosur.es\/wp-content\/uploads\/sites\/12\/2013\/05\/dorsal-africana-600x400.png 600w\" sizes=\"(max-width: 600px) 100vw, 600px\" \/><\/a><\/p>\n<p><strong> Mientras, en el noroeste peninsular se prodigaran los chubascos.\u00a0<\/strong><\/p>\n<p>&nbsp;<\/p>\n<p>&nbsp;<\/p>\n<p>&nbsp;<\/p>\n<p><strong>En M\u00e1laga Capital seguiremos con rebozas de levante y de terral, que haran que en la zona de Teatinos registre en algunos momentos de 3 a 6 grados mas. En los momentos que sople sur sureste pueden aparecer neblinas en la Costa Malague\u00f1a. Ma\u00f1ana jueves el terral de primavera puede ser el protagonista y se podria llegar a los 30 grados.<\/strong><\/p>\n<p><strong>Menos mal que esta situaci\u00f3n esta dejando bonitos cielos, porque si no ya hubiera emigrado. Os paso una serie de fotos del lunes y martes, que por cierto una de ellas me la saco el lunes el tiempo de la primera. Concretamente esta foto.<\/strong><\/p>\n<p>&nbsp;<\/p>\n<p><a href=\"https:\/\/blogs.diariosur.es\/tormentas-y-rayos\/2013\/05\/08\/sin-novedad-en-el-frente-andaluz-mi-capitan-el-general-borrasca-sigue-de-vacaciones\/olympus-digital-camera-1323\/\" rel=\"attachment wp-att-5783\"><img loading=\"lazy\" class=\"aligncenter size-full wp-image-5783\" title=\"OLYMPUS DIGITAL CAMERA\" src=\"\/tormentas-y-rayos\/wp-content\/uploads\/sites\/12\/2013\/05\/BLOG.jpg\" alt=\"\" width=\"660\" height=\"495\" srcset=\"https:\/\/static-blogs.diariosur.es\/wp-content\/uploads\/sites\/12\/2013\/05\/BLOG.jpg 660w, https:\/\/static-blogs.diariosur.es\/wp-content\/uploads\/sites\/12\/2013\/05\/BLOG-533x400.jpg 533w\" sizes=\"(max-width: 660px) 100vw, 660px\" \/><\/a><\/p>\n<p>&nbsp;<\/p>\n<p><strong>Aterdecer del lunes<\/strong><\/p>\n<p><a href=\"https:\/\/blogs.diariosur.es\/tormentas-y-rayos\/2013\/05\/08\/sin-novedad-en-el-frente-andaluz-mi-capitan-el-general-borrasca-sigue-de-vacaciones\/olympus-digital-camera-1324\/\" rel=\"attachment wp-att-5784\"><img loading=\"lazy\" class=\"aligncenter size-full wp-image-5784\" title=\"OLYMPUS DIGITAL CAMERA\" src=\"\/tormentas-y-rayos\/wp-content\/uploads\/sites\/12\/2013\/05\/BBB.jpg\" alt=\"\" width=\"660\" height=\"495\" srcset=\"https:\/\/static-blogs.diariosur.es\/wp-content\/uploads\/sites\/12\/2013\/05\/BBB.jpg 660w, https:\/\/static-blogs.diariosur.es\/wp-content\/uploads\/sites\/12\/2013\/05\/BBB-533x400.jpg 533w\" sizes=\"(max-width: 660px) 100vw, 660px\" \/><\/a><\/p>\n<p><strong>Amanecer del martes.<\/strong><\/p>\n<p><a href=\"https:\/\/blogs.diariosur.es\/tormentas-y-rayos\/2013\/05\/08\/sin-novedad-en-el-frente-andaluz-mi-capitan-el-general-borrasca-sigue-de-vacaciones\/olympus-digital-camera-1325\/\" rel=\"attachment wp-att-5785\"><img loading=\"lazy\" class=\"aligncenter size-full wp-image-5785\" title=\"OLYMPUS DIGITAL CAMERA\" src=\"\/tormentas-y-rayos\/wp-content\/uploads\/sites\/12\" alt=\"\" width=\"660\" height=\"495\" \/><\/a><\/p>\n<p><strong>Tarde del martes<\/strong><\/p>\n<p><a href=\"https:\/\/blogs.diariosur.es\/tormentas-y-rayos\/2013\/05\/08\/sin-novedad-en-el-frente-andaluz-mi-capitan-el-general-borrasca-sigue-de-vacaciones\/olympus-digital-camera-1326\/\" rel=\"attachment wp-att-5786\"><img loading=\"lazy\" class=\"aligncenter size-full wp-image-5786\" title=\"OLYMPUS DIGITAL CAMERA\" src=\"\/tormentas-y-rayos\/wp-content\/uploads\/sites\/12\/2013\/05\/BB.jpg\" alt=\"\" width=\"665\" height=\"495\" srcset=\"https:\/\/static-blogs.diariosur.es\/wp-content\/uploads\/sites\/12\/2013\/05\/BB.jpg 665w, https:\/\/static-blogs.diariosur.es\/wp-content\/uploads\/sites\/12\/2013\/05\/BB-537x400.jpg 537w\" sizes=\"(max-width: 665px) 100vw, 665px\" \/><\/a><\/p>\n<p>&nbsp;<\/p>\n<p><strong>Os dejo amigos, que tiro para la playa. Un abrazo a todos.<\/strong><\/p>\n","protected":false},"excerpt":{"rendered":"<p>&#8220;se\u00f1or, s\u00ed se\u00f1or!!&#8221; Buenos d\u00edas amigos de la meteo. Jjijiji, son las seis de la ma\u00f1ana, registro 17 grados y los cielos est\u00e1n algo nubosos. Asi que espero que me de tiempo y bajare a la playa para fotografiar el amanecer. Seguimos con la misma t\u00f3nica hoy y ma\u00f1ana jueves en Andaluc\u00eda. Nubes altas y [&hellip;]<\/p>\n","protected":false},"author":16,"featured_media":5788,"comment_status":"open","ping_status":"open","sticky":false,"template":"","format":"standard","meta":[],"categories":[2],"tags":[102,188,426,717,920,1038],"_links":{"self":[{"href":"https:\/\/blogs.diariosur.es\/tormentas-y-rayos\/wp-json\/wp\/v2\/posts\/5781"}],"collection":[{"href":"https:\/\/blogs.diariosur.es\/tormentas-y-rayos\/wp-json\/wp\/v2\/posts"}],"about":[{"href":"https:\/\/blogs.diariosur.es\/tormentas-y-rayos\/wp-json\/wp\/v2\/types\/post"}],"author":[{"embeddable":true,"href":"https:\/\/blogs.diariosur.es\/tormentas-y-rayos\/wp-json\/wp\/v2\/users\/16"}],"replies":[{"embeddable":true,"href":"https:\/\/blogs.diariosur.es\/tormentas-y-rayos\/wp-json\/wp\/v2\/comments?post=5781"}],"version-history":[{"count":0,"href":"https:\/\/blogs.diariosur.es\/tormentas-y-rayos\/wp-json\/wp\/v2\/posts\/5781\/revisions"}],"wp:featuredmedia":[{"embeddable":true,"href":"https:\/\/blogs.diariosur.es\/tormentas-y-rayos\/wp-json\/wp\/v2\/media\/5788"}],"wp:attachment":[{"href":"https:\/\/blogs.diariosur.es\/tormentas-y-rayos\/wp-json\/wp\/v2\/media?parent=5781"}],"wp:term":[{"taxonomy":"category","embeddable":true,"href":"https:\/\/blogs.diariosur.es\/tormentas-y-rayos\/wp-json\/wp\/v2\/categories?post=5781"},{"taxonomy":"post_tag","embeddable":true,"href":"https:\/\/blogs.diariosur.es\/tormentas-y-rayos\/wp-json\/wp\/v2\/tags?post=5781"}],"curies":[{"name":"wp","href":"https:\/\/api.w.org\/{rel}","templated":true}]}}