{"id":5799,"date":"2013-05-10T07:28:05","date_gmt":"2013-05-10T05:28:05","guid":{"rendered":"http:\/\/blogs.diariosur.es\/tormentas-y-rayos\/?p=5799"},"modified":"2013-05-10T07:28:05","modified_gmt":"2013-05-10T05:28:05","slug":"prevision-del-tiempo-fin-de-semana-el-terralazo-cedera-su-lugar-al-levante","status":"publish","type":"post","link":"https:\/\/blogs.diariosur.es\/tormentas-y-rayos\/2013\/05\/10\/prevision-del-tiempo-fin-de-semana-el-terralazo-cedera-su-lugar-al-levante\/","title":{"rendered":"Previsi\u00f3n del tiempo fin de semana. El terralazo ceder\u00e1 su lugar al levante."},"content":{"rendered":"<p><strong>Buenos dias amigos de la meteo.<\/strong><\/p>\n<p><strong>\u00a0Son las seis de la ma\u00f1ana, registro 24 grados y los cielos est\u00e1n algo nubosos, con nubes tipo cirros y altocumulos.<span style=\"color: #0000ff;\"> Seguro que tenemos candilazo.<\/span><\/strong><\/p>\n<p><strong> El terral sigue \u00a0de protagonista y la alergia lo acompa\u00f1a tambien.<\/strong><\/p>\n<p><strong>Menudo terralazo de primavera tuvimos el jueves, esta era la frase protagonista durante todo el dia: \u00a0<span style=\"color: #ff0000;\">qu\u00e9\u00a0 cal\u00f3, qu\u00e9 cal\u00f3, hace dios m\u00edo,<\/span> jejejej. Pues si amigos, la m\u00e1xima en la zona de teatinos se dio a las cinco y veinte de la tarde con 33,9 grados. Donde mejor se estaba era en la playa, la m\u00e1xima curiosamente se dio a las una menos \u00a0veinte con 31,5 grados en la zona de huelin, a partir de ese momento hubo una lucha entre el terral y el levante como pod\u00e9is ver en este\u00a0gr\u00e1fico\u00a0del Puerto. Fuente Aemet.<\/strong><\/p>\n<p><a href=\"https:\/\/blogs.diariosur.es\/tormentas-y-rayos\/2013\/05\/10\/prevision-del-tiempo-fin-de-semana-el-terralazo-cedera-su-lugar-al-levante\/puerto-7\/\" rel=\"attachment wp-att-5800\"><img loading=\"lazy\" class=\"aligncenter size-medium wp-image-5800\" title=\"puerto\" src=\"\/tormentas-y-rayos\/wp-content\/uploads\/sites\/12\/2013\/05\/puerto.jpg\" alt=\"\" width=\"600\" height=\"250\" srcset=\"https:\/\/static-blogs.diariosur.es\/wp-content\/uploads\/sites\/12\/2013\/05\/puerto.jpg 721w, https:\/\/static-blogs.diariosur.es\/wp-content\/uploads\/sites\/12\/2013\/05\/puerto-640x267.jpg 640w\" sizes=\"(max-width: 600px) 100vw, 600px\" \/><\/a><a href=\"https:\/\/blogs.diariosur.es\/tormentas-y-rayos\/2013\/05\/10\/prevision-del-tiempo-fin-de-semana-el-terralazo-cedera-su-lugar-al-levante\/viento-18\/\" rel=\"attachment wp-att-5801\"><img loading=\"lazy\" class=\"aligncenter size-medium wp-image-5801\" title=\"viento\" src=\"\/tormentas-y-rayos\/wp-content\/uploads\/sites\/12\/2013\/05\/viento.jpg\" alt=\"\" width=\"600\" height=\"252\" srcset=\"https:\/\/static-blogs.diariosur.es\/wp-content\/uploads\/sites\/12\/2013\/05\/viento.jpg 736w, https:\/\/static-blogs.diariosur.es\/wp-content\/uploads\/sites\/12\/2013\/05\/viento-640x270.jpg 640w\" sizes=\"(max-width: 600px) 100vw, 600px\" \/><\/a><\/p>\n<p><strong>Asi que muchos malague\u00f1os se fueron a la playa, \u00a0como pod\u00e9is ver en este fot\u00f3n de mi amigo Fernando Gonz\u00e1lez, que \u00faltimamente se esta aficionando a la meteo.\u00a0\u00a0<\/strong><\/p>\n<p><a href=\"https:\/\/blogs.diariosur.es\/tormentas-y-rayos\/2013\/05\/10\/prevision-del-tiempo-fin-de-semana-el-terralazo-cedera-su-lugar-al-levante\/playa-647x231\/\" rel=\"attachment wp-att-5802\"><img loading=\"lazy\" class=\"aligncenter size-full wp-image-5802\" title=\"playa--647x231\" src=\"\/tormentas-y-rayos\/wp-content\/uploads\/sites\/12\/2013\/05\/playa.jpg\" alt=\"\" width=\"660\" height=\"236\" \/><\/a><\/p>\n<p>&nbsp;<\/p>\n<p><strong>\u00a0<\/strong><\/p>\n<p><strong>No solo el terral fue el protagonista, tambi\u00e9n tuvimos un halo solar en los cielos malague\u00f1os. Que magistralmente fotografiaron Alicia Ram\u00edrez y Fernando Berrocal. Impresionantes las dos fotos, una pasada.<\/strong><\/p>\n<p><a href=\"https:\/\/blogs.diariosur.es\/tormentas-y-rayos\/2013\/05\/10\/prevision-del-tiempo-fin-de-semana-el-terralazo-cedera-su-lugar-al-levante\/alicia-ramirez\/\" rel=\"attachment wp-att-5803\"><img loading=\"lazy\" class=\"aligncenter size-full wp-image-5803\" title=\"alicia ramirez\" src=\"\/tormentas-y-rayos\/wp-content\/uploads\/sites\/12\/2013\/05\/alicia-ramirez.jpg\" alt=\"\" width=\"660\" height=\"414\" srcset=\"https:\/\/static-blogs.diariosur.es\/wp-content\/uploads\/sites\/12\/2013\/05\/alicia-ramirez.jpg 660w, https:\/\/static-blogs.diariosur.es\/wp-content\/uploads\/sites\/12\/2013\/05\/alicia-ramirez-638x400.jpg 638w\" sizes=\"(max-width: 660px) 100vw, 660px\" \/><\/a><\/p>\n<p>&nbsp;<\/p>\n<p><a href=\"https:\/\/blogs.diariosur.es\/tormentas-y-rayos\/2013\/05\/10\/prevision-del-tiempo-fin-de-semana-el-terralazo-cedera-su-lugar-al-levante\/fernando-berrocal-4\/\" rel=\"attachment wp-att-5804\"><img loading=\"lazy\" class=\"aligncenter size-full wp-image-5804\" title=\"fernando berrocal\" src=\"\/tormentas-y-rayos\/wp-content\/uploads\/sites\/12\/2013\/05\/fernando-berrocal.jpg\" alt=\"\" width=\"660\" height=\"372\" srcset=\"https:\/\/static-blogs.diariosur.es\/wp-content\/uploads\/sites\/12\/2013\/05\/fernando-berrocal.jpg 660w, https:\/\/static-blogs.diariosur.es\/wp-content\/uploads\/sites\/12\/2013\/05\/fernando-berrocal-640x361.jpg 640w\" sizes=\"(max-width: 660px) 100vw, 660px\" \/><\/a><\/p>\n<p>&nbsp;<\/p>\n<p><strong>El amanecer tambi\u00e9n fue protagonista, mi amigo Manuel Bueno Verdugo cazaba este impresionante amanecer desde Villanueva de Algadia.\u00a0<\/strong><\/p>\n<p><a href=\"https:\/\/blogs.diariosur.es\/tormentas-y-rayos\/2013\/05\/10\/prevision-del-tiempo-fin-de-semana-el-terralazo-cedera-su-lugar-al-levante\/manuel-bueno-verdugo\/\" rel=\"attachment wp-att-5805\"><img loading=\"lazy\" class=\"aligncenter size-full wp-image-5805\" title=\"manuel bueno verdugo\" src=\"\/tormentas-y-rayos\/wp-content\/uploads\/sites\/12\/2013\/05\/manuel-bueno-verdugo.jpg\" alt=\"\" width=\"660\" height=\"440\" srcset=\"https:\/\/static-blogs.diariosur.es\/wp-content\/uploads\/sites\/12\/2013\/05\/manuel-bueno-verdugo.jpg 660w, https:\/\/static-blogs.diariosur.es\/wp-content\/uploads\/sites\/12\/2013\/05\/manuel-bueno-verdugo-600x400.jpg 600w\" sizes=\"(max-width: 660px) 100vw, 660px\" \/><\/a><\/p>\n<p>&nbsp;<\/p>\n<p><strong>Yo cazaba estos altocumulus un poco mas tarde. Sabe alguno que es esa linea mas oscura de la derecha?<\/strong><\/p>\n<p><a href=\"https:\/\/blogs.diariosur.es\/tormentas-y-rayos\/2013\/05\/10\/prevision-del-tiempo-fin-de-semana-el-terralazo-cedera-su-lugar-al-levante\/020_1\/\" rel=\"attachment wp-att-5808\"><img loading=\"lazy\" class=\"aligncenter size-full wp-image-5808\" title=\"020_1\" src=\"\/tormentas-y-rayos\/wp-content\/uploads\/sites\/12\/2013\/05\/020_1.jpg\" alt=\"\" width=\"660\" height=\"440\" srcset=\"https:\/\/static-blogs.diariosur.es\/wp-content\/uploads\/sites\/12\/2013\/05\/020_1.jpg 660w, https:\/\/static-blogs.diariosur.es\/wp-content\/uploads\/sites\/12\/2013\/05\/020_1-600x400.jpg 600w\" sizes=\"(max-width: 660px) 100vw, 660px\" \/><\/a><\/p>\n<p>&nbsp;<\/p>\n<p><strong>La verdad es que llevamos varios dia con cielos impresionantes. No solo se han dado estos cielos en Andaluc\u00eda, tambi\u00e9n en Portugal y concretamente en el Cabo de San Vicente. Mi amigo Paco Fernandez quiere compartir estos dos fotones que me mando ayer jueves. Que sitio mas bonito Paco, ya me contaras cuando vuelvas de vacaciones.\u00a0<\/strong><\/p>\n<p><a href=\"https:\/\/blogs.diariosur.es\/tormentas-y-rayos\/2013\/05\/10\/prevision-del-tiempo-fin-de-semana-el-terralazo-cedera-su-lugar-al-levante\/023-3\/\" rel=\"attachment wp-att-5806\"><img loading=\"lazy\" class=\"aligncenter size-full wp-image-5806\" title=\"023\" src=\"\/tormentas-y-rayos\/wp-content\/uploads\/sites\/12\/2013\/05\/023.jpg\" alt=\"\" width=\"450\" height=\"603\" srcset=\"https:\/\/static-blogs.diariosur.es\/wp-content\/uploads\/sites\/12\/2013\/05\/023.jpg 450w, https:\/\/static-blogs.diariosur.es\/wp-content\/uploads\/sites\/12\/2013\/05\/023-299x400.jpg 299w\" sizes=\"(max-width: 450px) 100vw, 450px\" \/><\/a><\/p>\n<p>&nbsp;<\/p>\n<p><a href=\"https:\/\/blogs.diariosur.es\/tormentas-y-rayos\/2013\/05\/10\/prevision-del-tiempo-fin-de-semana-el-terralazo-cedera-su-lugar-al-levante\/025_1\/\" rel=\"attachment wp-att-5807\"><img loading=\"lazy\" class=\"aligncenter size-full wp-image-5807\" title=\"025_1\" src=\"\/tormentas-y-rayos\/wp-content\/uploads\/sites\/12\/2013\/05\/025_1.jpg\" alt=\"\" width=\"660\" height=\"493\" srcset=\"https:\/\/static-blogs.diariosur.es\/wp-content\/uploads\/sites\/12\/2013\/05\/025_1.jpg 660w, https:\/\/static-blogs.diariosur.es\/wp-content\/uploads\/sites\/12\/2013\/05\/025_1-535x400.jpg 535w\" sizes=\"(max-width: 660px) 100vw, 660px\" \/><\/a><\/p>\n<p>&nbsp;<\/p>\n<p><strong>Y para poner la guinda final, os paso la foto del atardecer del jueves, esta tomada desde la terraza.\u00a0<\/strong><\/p>\n<p><a href=\"https:\/\/blogs.diariosur.es\/tormentas-y-rayos\/2013\/05\/10\/prevision-del-tiempo-fin-de-semana-el-terralazo-cedera-su-lugar-al-levante\/olympus-digital-camera-1329\/\" rel=\"attachment wp-att-5809\"><img loading=\"lazy\" class=\"aligncenter size-full wp-image-5809\" title=\"OLYMPUS DIGITAL CAMERA\" src=\"\/tormentas-y-rayos\/wp-content\/uploads\/sites\/12\/2013\/05\/039.jpg\" alt=\"\" width=\"660\" height=\"495\" srcset=\"https:\/\/static-blogs.diariosur.es\/wp-content\/uploads\/sites\/12\/2013\/05\/039.jpg 660w, https:\/\/static-blogs.diariosur.es\/wp-content\/uploads\/sites\/12\/2013\/05\/039-533x400.jpg 533w\" sizes=\"(max-width: 660px) 100vw, 660px\" \/><\/a><\/p>\n<p>&nbsp;<\/p>\n<p><span style=\"color: #ff00ff;\"><strong>En estos momentos \u00a0cuando son las siete de la ma\u00f1ana tenemos un impresionante amanecer, espero que algunos de los cazadores que vamos a la playa le haga alguna foto. Yo con vuestro permiso lo cazo desde la terraza. Si me dais unos minutos os pongo un par de fotos ok?<\/strong><\/span><\/p>\n<p><a href=\"https:\/\/blogs.diariosur.es\/tormentas-y-rayos\/2013\/05\/10\/prevision-del-tiempo-fin-de-semana-el-terralazo-cedera-su-lugar-al-levante\/olympus-digital-camera-1330\/\" rel=\"attachment wp-att-5810\"><img loading=\"lazy\" class=\"aligncenter size-full wp-image-5810\" title=\"OLYMPUS DIGITAL CAMERA\" src=\"\/tormentas-y-rayos\/wp-content\/uploads\/sites\/12\/2013\/05\/002.jpg\" alt=\"\" width=\"660\" height=\"495\" srcset=\"https:\/\/static-blogs.diariosur.es\/wp-content\/uploads\/sites\/12\/2013\/05\/002.jpg 660w, https:\/\/static-blogs.diariosur.es\/wp-content\/uploads\/sites\/12\/2013\/05\/002-533x400.jpg 533w\" sizes=\"(max-width: 660px) 100vw, 660px\" \/><\/a><\/p>\n<p>&nbsp;<\/p>\n<p><a href=\"https:\/\/blogs.diariosur.es\/tormentas-y-rayos\/2013\/05\/10\/prevision-del-tiempo-fin-de-semana-el-terralazo-cedera-su-lugar-al-levante\/olympus-digital-camera-1331\/\" rel=\"attachment wp-att-5811\"><img loading=\"lazy\" class=\"aligncenter size-full wp-image-5811\" title=\"OLYMPUS DIGITAL CAMERA\" src=\"\/tormentas-y-rayos\/wp-content\/uploads\/sites\/12\/2013\/05\/003.jpg\" alt=\"\" width=\"660\" height=\"495\" srcset=\"https:\/\/static-blogs.diariosur.es\/wp-content\/uploads\/sites\/12\/2013\/05\/003.jpg 660w, https:\/\/static-blogs.diariosur.es\/wp-content\/uploads\/sites\/12\/2013\/05\/003-533x400.jpg 533w\" sizes=\"(max-width: 660px) 100vw, 660px\" \/><\/a><\/p>\n<p>&nbsp;<\/p>\n<p><span style=\"color: #ff00ff;\"><strong>A que ha sido impresionante ?, pues en la playa cuando se ti\u00f1e el mar de rojo es una pasada.<\/strong><\/span><\/p>\n<p>&nbsp;<\/p>\n<p><span style=\"color: #ff0000;\"><strong>PREVISI\u00d3N DEL TIEMPO FIN DE SEMANA<\/strong><\/span><\/p>\n<p><strong><span style=\"color: #0000ff;\">Hoy viernes el terral seguir\u00e1 siendo el protagonista, pero pienso que a partir del mediod\u00eda, o primeras horas de la tarde dar\u00e1 paso al levante o brisas de sur sureste. La maxima rondara los 32 grados sobre el\u00a0mediod\u00eda\u00a0y bajara\u00a0r\u00e1pidamente\u00a0por la tarde.<\/span><\/strong><\/p>\n<p><span style=\"color: #0000ff;\"><strong> En las sierras habr\u00e1 nubes de evoluci\u00f3n.<\/strong><\/span><\/p>\n<p><span><strong><span style=\"color: #0000ff;\">El s\u00e1bado seguiremos con la misma t\u00f3nica parecida al viernes, solo que el levante soplara moderado en el Estrecho y traer\u00e1\u00a0nubes bajas. Incluso neblinas.<\/span><\/strong><\/span><\/p>\n<p><span><strong><span><span style=\"color: #0000ff;\">El domingo habr\u00e1 un poco de aire frio en altura, esto puede traer consigo que se formen nubes de evoluci\u00f3n en las sierras y dejen escapar\u00a0alg\u00fan\u00a0chubasco, siendo mas probables en la zona oriental de las \u00a0sierras del nordeste, pero sin descartarlos en algunos puntos de la costa. El levante soplara de moderado a fuerte en el Estrecho \u00a0y Mar de Albor\u00e1n que\u00a0traer\u00e1\u00a0nubes bajas a la costa.<\/span><\/span><\/strong><\/span><\/p>\n<p><strong>Poco mas que contar amigos. La\u00a0pr\u00f3xima\u00a0semana se presenta interesante. De todas formas los iremos viendo poco a poco. Que\u00a0pas\u00e9is\u00a0un buen fin de semana.<\/strong><\/p>\n<p>&nbsp;<\/p>\n","protected":false},"excerpt":{"rendered":"<p>Buenos dias amigos de la meteo. \u00a0Son las seis de la ma\u00f1ana, registro 24 grados y los cielos est\u00e1n algo nubosos, con nubes tipo cirros y altocumulos. Seguro que tenemos candilazo. El terral sigue \u00a0de protagonista y la alergia lo acompa\u00f1a tambien. Menudo terralazo de primavera tuvimos el jueves, esta era la frase protagonista durante [&hellip;]<\/p>\n","protected":false},"author":16,"featured_media":5802,"comment_status":"open","ping_status":"open","sticky":false,"template":"","format":"standard","meta":[],"categories":[2],"tags":[412,553,809,962,975,980],"_links":{"self":[{"href":"https:\/\/blogs.diariosur.es\/tormentas-y-rayos\/wp-json\/wp\/v2\/posts\/5799"}],"collection":[{"href":"https:\/\/blogs.diariosur.es\/tormentas-y-rayos\/wp-json\/wp\/v2\/posts"}],"about":[{"href":"https:\/\/blogs.diariosur.es\/tormentas-y-rayos\/wp-json\/wp\/v2\/types\/post"}],"author":[{"embeddable":true,"href":"https:\/\/blogs.diariosur.es\/tormentas-y-rayos\/wp-json\/wp\/v2\/users\/16"}],"replies":[{"embeddable":true,"href":"https:\/\/blogs.diariosur.es\/tormentas-y-rayos\/wp-json\/wp\/v2\/comments?post=5799"}],"version-history":[{"count":0,"href":"https:\/\/blogs.diariosur.es\/tormentas-y-rayos\/wp-json\/wp\/v2\/posts\/5799\/revisions"}],"wp:featuredmedia":[{"embeddable":true,"href":"https:\/\/blogs.diariosur.es\/tormentas-y-rayos\/wp-json\/wp\/v2\/media\/5802"}],"wp:attachment":[{"href":"https:\/\/blogs.diariosur.es\/tormentas-y-rayos\/wp-json\/wp\/v2\/media?parent=5799"}],"wp:term":[{"taxonomy":"category","embeddable":true,"href":"https:\/\/blogs.diariosur.es\/tormentas-y-rayos\/wp-json\/wp\/v2\/categories?post=5799"},{"taxonomy":"post_tag","embeddable":true,"href":"https:\/\/blogs.diariosur.es\/tormentas-y-rayos\/wp-json\/wp\/v2\/tags?post=5799"}],"curies":[{"name":"wp","href":"https:\/\/api.w.org\/{rel}","templated":true}]}}