{"id":5813,"date":"2013-05-13T09:25:39","date_gmt":"2013-05-13T07:25:39","guid":{"rendered":"http:\/\/blogs.diariosur.es\/tormentas-y-rayos\/?p=5813"},"modified":"2013-05-13T09:25:39","modified_gmt":"2013-05-13T07:25:39","slug":"una-vaguada-y-una-masa-de-aire-frio-polar-inestable-traera-de-nuevo-el-invierno-a-la-peninsula-explicacion","status":"publish","type":"post","link":"https:\/\/blogs.diariosur.es\/tormentas-y-rayos\/2013\/05\/13\/una-vaguada-y-una-masa-de-aire-frio-polar-inestable-traera-de-nuevo-el-invierno-a-la-peninsula-explicacion\/","title":{"rendered":"Una vaguada y una masa de aire fr\u00edo polar inestable, traer\u00e1 de nuevo el invierno a la peninsula. !EXPLICACI\u00d3N! Aviso amarillo por tormentas en Andaluc\u00eda."},"content":{"rendered":"<p><strong>Buenos dias amigos de la meteo. Son las ocho de la ma\u00f1ana, registro 20 grados y los cielos est\u00e1n nubosos debido al viento de levante. Como la noticia lo merece, hoy os explicare de forma sencilla porque vuelve el invierno y al final del post os hare un resumen del fin de semana. <\/strong><\/p>\n<p><strong>Hace unas semanas y concretamente los \u00faltimos d\u00edas de abril, el invierno nos volvi\u00f3 a visitar, nev\u00f3 hasta en Ronda<a href=\"https:\/\/blogs.diariosur.es\/tormentas-y-rayos\/2013\/04\/29\/el-frio-la-nieve-y-los-chubascos-seguiran-de-protagonistas-en-andalucia-el-domingo-nevo-en-ronda-y-cuevas-del-becerro\/\">. \u00bf OS\u00a0<\/a><\/strong><strong><a href=\"https:\/\/blogs.diariosur.es\/tormentas-y-rayos\/2013\/04\/29\/el-frio-la-nieve-y-los-chubascos-seguiran-de-protagonistas-en-andalucia-el-domingo-nevo-en-ronda-y-cuevas-del-becerro\/\">ACORD\u00c1IS\u00a0?<\/a><\/strong><\/p>\n<p><strong>La situaci\u00f3n es algo parecida pero con matices amigos. En esta ocasi\u00f3n tendremos dos episodios que os intentare explicar.<\/strong><\/p>\n<p><strong> El anticicl\u00f3n de las Azores esta mas al norte de su posici\u00f3n habitual en estas fechas, como pod\u00e9is ver en este mapa del hirlam.<\/strong><\/p>\n<p><a href=\"https:\/\/blogs.diariosur.es\/tormentas-y-rayos\/2013\/05\/13\/una-vaguada-y-una-masa-de-aire-frio-polar-inestable-traera-de-nuevo-el-invierno-a-la-peninsula-explicacion\/nivel-superficie\/\" rel=\"attachment wp-att-5815\"><img loading=\"lazy\" class=\"aligncenter size-full wp-image-5815\" title=\"nivel superficie\" src=\"\/tormentas-y-rayos\/wp-content\/uploads\/sites\/12\/2013\/05\/nivel-superficie.jpg\" alt=\"\" width=\"699\" height=\"482\" srcset=\"https:\/\/static-blogs.diariosur.es\/wp-content\/uploads\/sites\/12\/2013\/05\/nivel-superficie.jpg 699w, https:\/\/static-blogs.diariosur.es\/wp-content\/uploads\/sites\/12\/2013\/05\/nivel-superficie-580x400.jpg 580w\" sizes=\"(max-width: 699px) 100vw, 699px\" \/><\/a><\/p>\n<p><strong>Debido a esto por su flanco sur hay bajas presiones relativas, que est\u00e1n acompa\u00f1adas por aire frio en altura, os paso este otro mapa fuente met oficce.<\/strong><\/p>\n<p><a href=\"https:\/\/blogs.diariosur.es\/tormentas-y-rayos\/2013\/05\/13\/una-vaguada-y-una-masa-de-aire-frio-polar-inestable-traera-de-nuevo-el-invierno-a-la-peninsula-explicacion\/brack0\/\" rel=\"attachment wp-att-5816\"><img loading=\"lazy\" class=\"aligncenter size-medium wp-image-5816\" title=\"brack0\" src=\"\/tormentas-y-rayos\/wp-content\/uploads\/sites\/12\/2013\/05\/brack0.gif\" alt=\"\" width=\"497\" height=\"400\" \/><\/a><\/p>\n<p><strong>Este aire frio en altura ira entrando a partir de esta tarde noche hacia el centro peninsular. Debido al calor acumulado de estos d\u00edas las tormentas tendr\u00e1n gran desarrollo y en algunos puntos ser\u00e1n fuertes \u00a0y acompa\u00f1adas de granizo. Por este motivo la aemet activa la alerta amarilla por \u00a0tormentas el martes en las comunidades de Valencia, Castell\u00f3n, Navarra, Arag\u00f3n, Catalu\u00f1a, Castilla La Mancha y la Rioja.<\/strong><\/p>\n<p><a href=\"https:\/\/blogs.diariosur.es\/tormentas-y-rayos\/2013\/05\/13\/una-vaguada-y-una-masa-de-aire-frio-polar-inestable-traera-de-nuevo-el-invierno-a-la-peninsula-explicacion\/20130513055000_avi_mna\/\" rel=\"attachment wp-att-5817\"><img loading=\"lazy\" class=\"aligncenter size-full wp-image-5817\" title=\"20130513055000_avi_mna\" src=\"\/tormentas-y-rayos\/wp-content\/uploads\/sites\/12\/2013\/05\/20130513055000_avi_mna.png\" alt=\"\" width=\"500\" height=\"334\" \/><\/a><\/p>\n<p><span style=\"color: #ff00ff;\"><strong>\u00a0ULTIMA HORA: LA AEMET ACTIVA PARA EL MARTES EL AVISO AMARILLO POR TORMENTAS A LAS PROVINCIAS OCCIDENTALES ANDALUZAS.<\/strong><\/span><\/p>\n<p><span style=\"color: #ff00ff;\"><strong> Probabilidad de que se registren precipitaciones en la provincia malague\u00f1a en la proxima madrugada del martes.<\/strong><\/span><\/p>\n<p><a href=\"https:\/\/blogs.diariosur.es\/tormentas-y-rayos\/2013\/05\/13\/una-vaguada-y-una-masa-de-aire-frio-polar-inestable-traera-de-nuevo-el-invierno-a-la-peninsula-explicacion\/20130513120000_avi_mna_ccaa61\/\" rel=\"attachment wp-att-5829\"><img loading=\"lazy\" class=\"aligncenter size-full wp-image-5829\" title=\"20130513120000_avi_mna_ccaa61\" src=\"\/tormentas-y-rayos\/wp-content\/uploads\/sites\/12\/2013\/05\/20130513120000_avi_mna_ccaa61.png\" alt=\"\" width=\"500\" height=\"334\" \/><\/a><\/p>\n<p><strong>\u00a0<\/strong><\/p>\n<p><strong>Si os hab\u00e9is fijaos en el mapa de oficce que os he puesto arriba, ver\u00e9is una profunda borrasca que esta en estos momentos entre Groenlandia e Islandia. Pues esta borrasca se ira acercando a la\u00a0pen\u00ednsula,\u00a0 lo primero que traer\u00e1 es un frente frio el mi\u00e9rcoles, os paso el mapa previsto para el mi\u00e9rcoles.<\/strong><\/p>\n<p><a href=\"https:\/\/blogs.diariosur.es\/tormentas-y-rayos\/2013\/05\/13\/una-vaguada-y-una-masa-de-aire-frio-polar-inestable-traera-de-nuevo-el-invierno-a-la-peninsula-explicacion\/frente-frio\/\" rel=\"attachment wp-att-5818\"><img loading=\"lazy\" class=\"aligncenter size-medium wp-image-5818\" title=\"frente frio\" src=\"\/tormentas-y-rayos\/wp-content\/uploads\/sites\/12\/2013\/05\/frente-frio.gif\" alt=\"\" width=\"497\" height=\"400\" \/><\/a><\/p>\n<p>&nbsp;<\/p>\n<p><strong>Este frente cruzara la\u00a0pen\u00ednsula\u00a0de norte a sur y traer\u00e1 consigo una bajada de temperaturas. Detr\u00e1s de este frente viene una masa de aire frio inestable que se quedara en la peninsula hasta el domingo. Os paso una secuencia de mapas de temperaturas a 850 hpa desde hoy hasta el jueves.<\/strong><\/p>\n<p><a href=\"https:\/\/blogs.diariosur.es\/tormentas-y-rayos\/2013\/05\/13\/una-vaguada-y-una-masa-de-aire-frio-polar-inestable-traera-de-nuevo-el-invierno-a-la-peninsula-explicacion\/martes-vert\/\" rel=\"attachment wp-att-5819\"><img loading=\"lazy\" class=\"aligncenter size-full wp-image-5819\" title=\"martes-vert\" src=\"\/tormentas-y-rayos\/wp-content\/uploads\/sites\/12\/2013\/05\/martes-vert.jpg\" alt=\"\" width=\"319\" height=\"834\" srcset=\"https:\/\/static-blogs.diariosur.es\/wp-content\/uploads\/sites\/12\/2013\/05\/martes-vert.jpg 319w, https:\/\/static-blogs.diariosur.es\/wp-content\/uploads\/sites\/12\/2013\/05\/martes-vert-153x400.jpg 153w\" sizes=\"(max-width: 319px) 100vw, 319px\" \/><\/a><\/p>\n<p>&nbsp;<\/p>\n<p>&nbsp;<\/p>\n<p><strong>Muchos me preguntareis como afectara esta situaci\u00f3n a M\u00e1laga y su provincia.<\/strong><\/p>\n<p><strong>Hoy lunes seguir\u00e1 el viento de levante, que en la zona de Alboran y Estrecho soplara fuerte. Las nubes bajas seguir\u00e1n de protagonistas, maximas de 24 y m\u00ednima de 18.<\/strong><\/p>\n<p><strong>El martes el levante ira amainando y a \u00faltima hora de la noche ira cambiando a terral de primavera. Las nubes de evoluci\u00f3n pueden traer fen\u00f3menos tormentosos, en algunos puntos de \u00a0las Sierras del Norte de Andaluc\u00eda.<\/strong><\/p>\n<p><strong>\u00a0Sera en la madrugada del mi\u00e9rcoles cuando nuestro amigo el terral tome protagonismo, soplando con rachas fuertes.<span style=\"color: #ff0000;\"> Lo curioso es que el mi\u00e9rcoles y como aun en altura las isos a 850 estar\u00e1n un poco altas, pienso que \u00a0las temperatura m\u00e1xima no bajara en M\u00e1laga Capital, incluso podemos sobrepasar los 25 grados.<\/span> Este dia ser\u00e1 cuando nos cruce el frente que puede traer alg\u00fan chubasco a la provincia y sin descartarlos en la Capital Malague\u00f1a. <\/strong><\/p>\n<p><strong>En \u00a0M\u00e1laga Capital notar\u00edamos la bajada de temperaturas a partir del jueves por la tarde y sobre todo el viernes y el s\u00e1bado. Esta\u00a0situaci\u00f3n\u00a0que se nos presenta la iremos viendo poco a poco, ya que puede cambiar en el trascurso de los dias.\u00a0<\/strong><\/p>\n<p><span style=\"color: #0000ff;\"><strong>NOTA\u00a0INFORMATIVA DE LA AEMET\u00a0<\/strong><\/span><\/p>\n<p><a href=\"https:\/\/blogs.diariosur.es\/tormentas-y-rayos\/2013\/05\/13\/una-vaguada-y-una-masa-de-aire-frio-polar-inestable-traera-de-nuevo-el-invierno-a-la-peninsula-explicacion\/captura-144\/\" rel=\"attachment wp-att-5827\"><img loading=\"lazy\" class=\"aligncenter size-medium wp-image-5827\" title=\"Captura\" src=\"\/tormentas-y-rayos\/wp-content\/uploads\/sites\/12\/2013\/05\/Captura1.jpg\" alt=\"\" width=\"496\" height=\"400\" srcset=\"https:\/\/static-blogs.diariosur.es\/wp-content\/uploads\/sites\/12\/2013\/05\/Captura1.jpg 725w, https:\/\/static-blogs.diariosur.es\/wp-content\/uploads\/sites\/12\/2013\/05\/Captura1-497x400.jpg 497w\" sizes=\"(max-width: 496px) 100vw, 496px\" \/><\/a><\/p>\n<p>&nbsp;<\/p>\n<p>&nbsp;<\/p>\n<p><span style=\"color: #ff0000;\"><strong>RESUMEN FIN DE SEMANA<\/strong><\/span><\/p>\n<p><strong>Os hago a continuaci\u00f3n un peque\u00f1o resumen del fin de semana, hoy corto porque de tiempo ando fatal. <\/strong><\/p>\n<p><strong>Se cumplieron los pron\u00f3sticos y el viernes el terral se quito sobre la una de la tarde, la temperatura se desplomo casi 7 grados en poco tiempo. Os paso unas graficas de temperatura y direcci\u00f3n del viento.<\/strong><\/p>\n<p><a href=\"https:\/\/blogs.diariosur.es\/tormentas-y-rayos\/2013\/05\/13\/una-vaguada-y-una-masa-de-aire-frio-polar-inestable-traera-de-nuevo-el-invierno-a-la-peninsula-explicacion\/ggg-2\/\" rel=\"attachment wp-att-5820\"><img loading=\"lazy\" class=\"aligncenter size-medium wp-image-5820\" title=\"ggg\" src=\"\/tormentas-y-rayos\/wp-content\/uploads\/sites\/12\/2013\/05\/ggg.jpg\" alt=\"\" width=\"600\" height=\"255\" srcset=\"https:\/\/static-blogs.diariosur.es\/wp-content\/uploads\/sites\/12\/2013\/05\/ggg.jpg 709w, https:\/\/static-blogs.diariosur.es\/wp-content\/uploads\/sites\/12\/2013\/05\/ggg-640x273.jpg 640w\" sizes=\"(max-width: 600px) 100vw, 600px\" \/><\/a><\/p>\n<p><a href=\"https:\/\/blogs.diariosur.es\/tormentas-y-rayos\/2013\/05\/13\/una-vaguada-y-una-masa-de-aire-frio-polar-inestable-traera-de-nuevo-el-invierno-a-la-peninsula-explicacion\/viento-19\/\" rel=\"attachment wp-att-5821\"><img loading=\"lazy\" class=\"aligncenter size-medium wp-image-5821\" title=\"VIENTO\" src=\"\/tormentas-y-rayos\/wp-content\/uploads\/sites\/12\/2013\/05\/VIENTO.jpg\" alt=\"\" width=\"600\" height=\"256\" srcset=\"https:\/\/static-blogs.diariosur.es\/wp-content\/uploads\/sites\/12\/2013\/05\/VIENTO.jpg 717w, https:\/\/static-blogs.diariosur.es\/wp-content\/uploads\/sites\/12\/2013\/05\/VIENTO-640x273.jpg 640w\" sizes=\"(max-width: 600px) 100vw, 600px\" \/><\/a><\/p>\n<p><strong>El atardecer fue impresionante, esta gaviota la tomo conmigo , vamos que fui atacado jijijiji.<\/strong><\/p>\n<p><a href=\"https:\/\/blogs.diariosur.es\/tormentas-y-rayos\/2013\/05\/13\/una-vaguada-y-una-masa-de-aire-frio-polar-inestable-traera-de-nuevo-el-invierno-a-la-peninsula-explicacion\/olympus-digital-camera-1332\/\" rel=\"attachment wp-att-5822\"><img loading=\"lazy\" class=\"aligncenter size-full wp-image-5822\" title=\"OLYMPUS DIGITAL CAMERA\" src=\"\/tormentas-y-rayos\/wp-content\/uploads\/sites\/12\/2013\/05\/028.jpg\" alt=\"\" width=\"660\" height=\"495\" srcset=\"https:\/\/static-blogs.diariosur.es\/wp-content\/uploads\/sites\/12\/2013\/05\/028.jpg 660w, https:\/\/static-blogs.diariosur.es\/wp-content\/uploads\/sites\/12\/2013\/05\/028-533x400.jpg 533w\" sizes=\"(max-width: 660px) 100vw, 660px\" \/><\/a><\/p>\n<p>&nbsp;<\/p>\n<p><strong>\u00a0<\/strong><\/p>\n<p><strong>\u00a0El\u00a0s\u00e1bado\u00a0las nubes bajas y el levante fueron los protagonistas, maxima de 24 y\u00a0m\u00ednima\u00a0de 18. En esta preciosa imagen del\u00a0sat\u00e9lite\u00a0terra se perfectamente.<\/strong><\/p>\n<p><a href=\"https:\/\/blogs.diariosur.es\/tormentas-y-rayos\/2013\/05\/13\/una-vaguada-y-una-masa-de-aire-frio-polar-inestable-traera-de-nuevo-el-invierno-a-la-peninsula-explicacion\/europe_3_01_2013131_terra_2km\/\" rel=\"attachment wp-att-5826\"><img loading=\"lazy\" class=\"aligncenter size-full wp-image-5826\" title=\"Europe_3_01_2013131_terra_2km\" src=\"\/tormentas-y-rayos\/wp-content\/uploads\/sites\/12\/2013\/05\/Europe_3_01_2013131_terra_2km.jpg\" alt=\"\" width=\"575\" height=\"650\" srcset=\"https:\/\/static-blogs.diariosur.es\/wp-content\/uploads\/sites\/12\/2013\/05\/Europe_3_01_2013131_terra_2km.jpg 575w, https:\/\/static-blogs.diariosur.es\/wp-content\/uploads\/sites\/12\/2013\/05\/Europe_3_01_2013131_terra_2km-354x400.jpg 354w\" sizes=\"(max-width: 575px) 100vw, 575px\" \/><\/a><\/p>\n<p><strong>El domingo las nubes tomaron mas protagonismo, en el post del dia pasado os comentaba que\u00a0hab\u00eda\u00a0aire frio en altura y que se\u00a0podr\u00edan\u00a0incluso\u00a0registrar algunos goteos. Lo que no tenia previsto es que el nublado durase todo el domingo y no saliera el sol. Os paso un par de fotos del domingo y os dejo hasta ma\u00f1ana o el\u00a0mi\u00e9rcoles. Un abrazo.<\/strong><\/p>\n<p><a href=\"https:\/\/blogs.diariosur.es\/tormentas-y-rayos\/2013\/05\/13\/una-vaguada-y-una-masa-de-aire-frio-polar-inestable-traera-de-nuevo-el-invierno-a-la-peninsula-explicacion\/olympus-digital-camera-1333\/\" rel=\"attachment wp-att-5823\"><img loading=\"lazy\" class=\"aligncenter size-full wp-image-5823\" title=\"OLYMPUS DIGITAL CAMERA\" src=\"\/tormentas-y-rayos\/wp-content\/uploads\/sites\/12\/2013\/05\/0011.jpg\" alt=\"\" width=\"660\" height=\"495\" srcset=\"https:\/\/static-blogs.diariosur.es\/wp-content\/uploads\/sites\/12\/2013\/05\/0011.jpg 660w, https:\/\/static-blogs.diariosur.es\/wp-content\/uploads\/sites\/12\/2013\/05\/0011-533x400.jpg 533w\" sizes=\"(max-width: 660px) 100vw, 660px\" \/><\/a><\/p>\n<p>&nbsp;<\/p>\n<p><a href=\"https:\/\/blogs.diariosur.es\/tormentas-y-rayos\/2013\/05\/13\/una-vaguada-y-una-masa-de-aire-frio-polar-inestable-traera-de-nuevo-el-invierno-a-la-peninsula-explicacion\/olympus-digital-camera-1334\/\" rel=\"attachment wp-att-5824\"><img loading=\"lazy\" class=\"aligncenter size-full wp-image-5824\" title=\"OLYMPUS DIGITAL CAMERA\" src=\"\/tormentas-y-rayos\/wp-content\/uploads\/sites\/12\/2013\/05\/0031.jpg\" alt=\"\" width=\"660\" height=\"495\" srcset=\"https:\/\/static-blogs.diariosur.es\/wp-content\/uploads\/sites\/12\/2013\/05\/0031.jpg 660w, https:\/\/static-blogs.diariosur.es\/wp-content\/uploads\/sites\/12\/2013\/05\/0031-533x400.jpg 533w\" sizes=\"(max-width: 660px) 100vw, 660px\" \/><\/a><\/p>\n<p>&nbsp;<\/p>\n","protected":false},"excerpt":{"rendered":"<p>Buenos dias amigos de la meteo. Son las ocho de la ma\u00f1ana, registro 20 grados y los cielos est\u00e1n nubosos debido al viento de levante. Como la noticia lo merece, hoy os explicare de forma sencilla porque vuelve el invierno y al final del post os hare un resumen del fin de semana. Hace unas [&hellip;]<\/p>\n","protected":false},"author":16,"featured_media":5825,"comment_status":"open","ping_status":"open","sticky":false,"template":"","format":"standard","meta":[],"categories":[2],"tags":[54,63,91,161,432,616,628,769,996,1039],"_links":{"self":[{"href":"https:\/\/blogs.diariosur.es\/tormentas-y-rayos\/wp-json\/wp\/v2\/posts\/5813"}],"collection":[{"href":"https:\/\/blogs.diariosur.es\/tormentas-y-rayos\/wp-json\/wp\/v2\/posts"}],"about":[{"href":"https:\/\/blogs.diariosur.es\/tormentas-y-rayos\/wp-json\/wp\/v2\/types\/post"}],"author":[{"embeddable":true,"href":"https:\/\/blogs.diariosur.es\/tormentas-y-rayos\/wp-json\/wp\/v2\/users\/16"}],"replies":[{"embeddable":true,"href":"https:\/\/blogs.diariosur.es\/tormentas-y-rayos\/wp-json\/wp\/v2\/comments?post=5813"}],"version-history":[{"count":0,"href":"https:\/\/blogs.diariosur.es\/tormentas-y-rayos\/wp-json\/wp\/v2\/posts\/5813\/revisions"}],"wp:featuredmedia":[{"embeddable":true,"href":"https:\/\/blogs.diariosur.es\/tormentas-y-rayos\/wp-json\/wp\/v2\/media\/5825"}],"wp:attachment":[{"href":"https:\/\/blogs.diariosur.es\/tormentas-y-rayos\/wp-json\/wp\/v2\/media?parent=5813"}],"wp:term":[{"taxonomy":"category","embeddable":true,"href":"https:\/\/blogs.diariosur.es\/tormentas-y-rayos\/wp-json\/wp\/v2\/categories?post=5813"},{"taxonomy":"post_tag","embeddable":true,"href":"https:\/\/blogs.diariosur.es\/tormentas-y-rayos\/wp-json\/wp\/v2\/tags?post=5813"}],"curies":[{"name":"wp","href":"https:\/\/api.w.org\/{rel}","templated":true}]}}