{"id":5832,"date":"2013-05-15T09:34:16","date_gmt":"2013-05-15T07:34:16","guid":{"rendered":"http:\/\/blogs.diariosur.es\/tormentas-y-rayos\/?p=5832"},"modified":"2013-05-15T09:34:16","modified_gmt":"2013-05-15T07:34:16","slug":"hasta-el-cuarenta-de-mayo-frente-frio-y-masa-polar-fria-inestable-el-fresquete-se-notara-en-malaga-capital-el-viernes-y-el-sabado","status":"publish","type":"post","link":"https:\/\/blogs.diariosur.es\/tormentas-y-rayos\/2013\/05\/15\/hasta-el-cuarenta-de-mayo-frente-frio-y-masa-polar-fria-inestable-el-fresquete-se-notara-en-malaga-capital-el-viernes-y-el-sabado\/","title":{"rendered":"Hasta el Cuarenta de Mayo&#8230;&#8230; Frente fr\u00edo y masa polar fr\u00eda inestable. El fresquete se notara en M\u00e1laga Capital el viernes y el s\u00e1bado."},"content":{"rendered":"<p><strong>Buenos dias amigos de la meteo. Son las ocho de la ma\u00f1ana, registro 16,3 grados y los cielos de momento est\u00e1n despejados. A partir de las doce llegaran las primeras nubes de la avanzadilla del frente<\/strong><\/p>\n<p><strong>Antes de nada os paso el enlace al post del dia pasado, donde explicaba: \u00a0 ( obligatoria lectura jejeje)\u00a0<span style=\"color: #ff0000;\"><a href=\"https:\/\/blogs.diariosur.es\/tormentas-y-rayos\/2013\/05\/13\/una-vaguada-y-una-masa-de-aire-frio-polar-inestable-traera-de-nuevo-el-invierno-a-la-peninsula-explicacion\/\"><span style=\"color: #ff0000;\"> PORQUE VUELVE EL INVIERNO A LA MAYOR PARTE DE LA\u00a0<\/span><\/a><\/span><\/strong><span style=\"color: #0000ee;\"><strong><span style=\"text-decoration: underline;\">PEN\u00cdNSULA<\/span><\/strong><\/span><\/p>\n<p><strong>La vaguada que tantas tormentas trajo el martes abandona la pen\u00ednsula.\u00a0<\/strong><strong>Hoy mi\u00e9rcoles el protagonista ser\u00e1 \u00a0un frente fr\u00edo, que \u00a0cruzara durante el dia de hoy la\u00a0pen\u00ednsula\u00a0de norte a sur. Sera el primer frente creado por la potente borrasca que esta en la Islas\u00a0Brit\u00e1nicas\u00a0y que poco a poco se aproximara al norte pen\u00ednsular.<\/strong><\/p>\n<p><strong>\u00a0En esta imagen del eumetsat se ve perfectamente el frente fr\u00edo.<\/strong><\/p>\n<p><a href=\"https:\/\/blogs.diariosur.es\/tormentas-y-rayos\/2013\/05\/15\/hasta-el-cuarenta-de-mayo-frente-frio-y-masa-polar-fria-inestable-el-fresquete-se-notara-en-malaga-capital-el-viernes-y-el-sabado\/webexterna_colorir87_07-00-2\/\" rel=\"attachment wp-att-5846\"><img loading=\"lazy\" class=\"aligncenter size-medium wp-image-5846\" title=\"webexterna_ColorIR87_[07-00]\" src=\"\/tormentas-y-rayos\/wp-content\/uploads\/sites\/12\/2013\/05\/webexterna_ColorIR87_07-00.jpg\" alt=\"\" width=\"579\" height=\"400\" srcset=\"https:\/\/static-blogs.diariosur.es\/wp-content\/uploads\/sites\/12\/2013\/05\/webexterna_ColorIR87_07-00.jpg 750w, https:\/\/static-blogs.diariosur.es\/wp-content\/uploads\/sites\/12\/2013\/05\/webexterna_ColorIR87_07-00-579x400.jpg 579w\" sizes=\"(max-width: 579px) 100vw, 579px\" \/><\/a><\/p>\n<p>&nbsp;<\/p>\n<p><strong>El frente ya deja algunos chubascos al norte de la provincia de\u00a0Huelva, poco a poco ira\u00a0atravesando\u00a0Andaluc\u00eda y las primeras nubes llegaran a nuestra provincia malague\u00f1a a partir del\u00a0mediod\u00eda.\u00a0Dejara alg\u00fan chubascos\u00a0\u00a0por el interior, que pueden ser de origen tormentoso, sin descartar\u00a0alg\u00fan\u00a0goteo en M\u00e1laga Capital. \u00a0Por la tarde noche el terral de primavera tomara protagonismo y soplara de moderado a fuerte. \u00a0Os paso una imagen del radar de lluvias fuente aemet.<\/strong><\/p>\n<p><a href=\"https:\/\/blogs.diariosur.es\/tormentas-y-rayos\/2013\/05\/15\/hasta-el-cuarenta-de-mayo-frente-frio-y-masa-polar-fria-inestable-el-fresquete-se-notara-en-malaga-capital-el-viernes-y-el-sabado\/miercoles-seis-de-la\/\" rel=\"attachment wp-att-5843\"><img loading=\"lazy\" class=\"aligncenter size-full wp-image-5843\" title=\"miercoles seis de la\" src=\"\/tormentas-y-rayos\/wp-content\/uploads\/sites\/12\/2013\/05\/miercoles-seis-de-la.gif\" alt=\"\" width=\"480\" height=\"530\" \/><\/a><\/p>\n<p>&nbsp;<\/p>\n<p><strong><span style=\"color: #ff0000;\">Un dato a destacar y que ya comente el dia pasado, es que de momento hoy y ma\u00f1ana jueves, aun no notaremos mucho la bajada de la \u00a0temperatura\u00a0m\u00e1xima en M\u00e1laga Capital. \u00a0Esto se deber\u00e1 a que el terral de primavera tomara protagonismo y como las temperaturas en la vertical de M\u00e1laga a 850 hpa (1500 m ) aun est\u00e1n altas, podr\u00edamos \u00a0rondar los 25 grados o mas. En cambio por el interior de la provincia desde hoy mismo si notaran la bajada de temperaturas.\u00a0<\/span><\/strong><\/p>\n<p><strong>Os paso unos mapas a 850 hpa ( 1500 m ) y as\u00ed lo entend\u00e9is mejor. Fuente Gfs meteociel.\u00a0<\/strong><\/p>\n<p><strong>En este \u00a0primer mapa que \u00a0es de hoy la temperatura esta a 13 grados<\/strong><\/p>\n<p><a href=\"https:\/\/blogs.diariosur.es\/tormentas-y-rayos\/2013\/05\/15\/hasta-el-cuarenta-de-mayo-frente-frio-y-masa-polar-fria-inestable-el-fresquete-se-notara-en-malaga-capital-el-viernes-y-el-sabado\/iso-850-miercoles\/\" rel=\"attachment wp-att-5833\"><img loading=\"lazy\" class=\"aligncenter size-medium wp-image-5833\" title=\"iso 850 miercoles\" src=\"\/tormentas-y-rayos\/wp-content\/uploads\/sites\/12\/2013\/05\/iso-850-miercoles.png\" alt=\"\" width=\"600\" height=\"400\" srcset=\"https:\/\/static-blogs.diariosur.es\/wp-content\/uploads\/sites\/12\/2013\/05\/iso-850-miercoles.png 768w, https:\/\/static-blogs.diariosur.es\/wp-content\/uploads\/sites\/12\/2013\/05\/iso-850-miercoles-600x400.png 600w\" sizes=\"(max-width: 600px) 100vw, 600px\" \/><\/a><\/p>\n<p><strong>En el previsto para ma\u00f1ana\u00a0bajar\u00eda\u00a0un poco y\u00a0estar\u00eda\u00a0rondando los 9 y 11 grados a 1500 metros .<\/strong><\/p>\n<p><a href=\"https:\/\/blogs.diariosur.es\/tormentas-y-rayos\/2013\/05\/15\/hasta-el-cuarenta-de-mayo-frente-frio-y-masa-polar-fria-inestable-el-fresquete-se-notara-en-malaga-capital-el-viernes-y-el-sabado\/iso-jueves\/\" rel=\"attachment wp-att-5834\"><img loading=\"lazy\" class=\"aligncenter size-medium wp-image-5834\" title=\"iso jueves\" src=\"\/tormentas-y-rayos\/wp-content\/uploads\/sites\/12\/2013\/05\/iso-jueves.png\" alt=\"\" width=\"600\" height=\"400\" srcset=\"https:\/\/static-blogs.diariosur.es\/wp-content\/uploads\/sites\/12\/2013\/05\/iso-jueves.png 768w, https:\/\/static-blogs.diariosur.es\/wp-content\/uploads\/sites\/12\/2013\/05\/iso-jueves-600x400.png 600w\" sizes=\"(max-width: 600px) 100vw, 600px\" \/><\/a><\/p>\n<p><strong>Seria a partir del viernes y sobre todo el\u00a0s\u00e1bado\u00a0cuando la temperatura a 850 hpa ( 1500 m ) seria mas baja,\u00a0hablar\u00edamos\u00a0de entre 4 y 6 grados.<\/strong><\/p>\n<p><a href=\"https:\/\/blogs.diariosur.es\/tormentas-y-rayos\/2013\/05\/15\/hasta-el-cuarenta-de-mayo-frente-frio-y-masa-polar-fria-inestable-el-fresquete-se-notara-en-malaga-capital-el-viernes-y-el-sabado\/iso-viernes\/\" rel=\"attachment wp-att-5835\"><img loading=\"lazy\" class=\"aligncenter size-medium wp-image-5835\" title=\"iso viernes\" src=\"\/tormentas-y-rayos\/wp-content\/uploads\/sites\/12\/2013\/05\/iso-viernes.png\" alt=\"\" width=\"600\" height=\"400\" srcset=\"https:\/\/static-blogs.diariosur.es\/wp-content\/uploads\/sites\/12\/2013\/05\/iso-viernes.png 768w, https:\/\/static-blogs.diariosur.es\/wp-content\/uploads\/sites\/12\/2013\/05\/iso-viernes-600x400.png 600w\" sizes=\"(max-width: 600px) 100vw, 600px\" \/><\/a><\/p>\n<p>&nbsp;<\/p>\n<p><a href=\"https:\/\/blogs.diariosur.es\/tormentas-y-rayos\/2013\/05\/15\/hasta-el-cuarenta-de-mayo-frente-frio-y-masa-polar-fria-inestable-el-fresquete-se-notara-en-malaga-capital-el-viernes-y-el-sabado\/iso-sabado\/\" rel=\"attachment wp-att-5836\"><img loading=\"lazy\" class=\"aligncenter size-medium wp-image-5836\" title=\"iso sabado\" src=\"\/tormentas-y-rayos\/wp-content\/uploads\/sites\/12\/2013\/05\/iso-sabado.png\" alt=\"\" width=\"600\" height=\"400\" srcset=\"https:\/\/static-blogs.diariosur.es\/wp-content\/uploads\/sites\/12\/2013\/05\/iso-sabado.png 768w, https:\/\/static-blogs.diariosur.es\/wp-content\/uploads\/sites\/12\/2013\/05\/iso-sabado-600x400.png 600w\" sizes=\"(max-width: 600px) 100vw, 600px\" \/><\/a><\/p>\n<p><strong>La madrugada del\u00a0s\u00e1bado\u00a0seria la mas fresquita, y la\u00a0m\u00ednima\u00a0puede rondar los 10 grados. Las\u00a0m\u00e1ximas\u00a0del viernes y el\u00a0s\u00e1bado\u00a0no creo que sobrepasen los 19 grados. Si os\u00a0acord\u00e1is\u00a0el jueves y el viernes pasado llegamos a mas de 30 grados. Las\u00a0m\u00ednimas\u00a0si bajaran en M\u00e1laga Capital y en la provincia desde hoy \u00a0hasta el domingo.<\/strong><\/p>\n<p><strong>El viernes nos llegara otro frente que puede ser un poco mas activo, y que puede dejar nevadas por el norte a partir de 1000 metros y por el sur sobre los 1800. Pero de esto hablaremos el viernes con la previsi\u00f3n del fin de semana.<\/strong><\/p>\n<p><span style=\"color: #ff00ff;\"><strong>Hablemos un poco del martes tormentoso amigos.<\/strong><\/span><\/p>\n<p><strong>El martes se cumplieron los\u00a0pron\u00f3sticos\u00a0y las tormentas fueron las protagonistas en muchos puntos de la\u00a0Pen\u00ednsula, asi como tambien en Andaluc\u00eda. Incluso en el interior de la provincia malague\u00f1a se\u00a0registraron\u00a0chubascos. Destaca la Laguna de Fuente Piedra con 4,5 litros. \u00a0Este a\u00f1o los flamencos si que bailan de alegria jijij, os paso una foto de mi amigo Nandi Berrocal que tomo el dia pasado en Campillos.<\/strong><\/p>\n<p><a href=\"https:\/\/blogs.diariosur.es\/tormentas-y-rayos\/2013\/05\/15\/hasta-el-cuarenta-de-mayo-frente-frio-y-masa-polar-fria-inestable-el-fresquete-se-notara-en-malaga-capital-el-viernes-y-el-sabado\/2013-05-13_08-44-30_705\/\" rel=\"attachment wp-att-5837\"><img loading=\"lazy\" class=\"aligncenter size-full wp-image-5837\" title=\"2013-05-13_08-44-30_705\" src=\"\/tormentas-y-rayos\/wp-content\/uploads\/sites\/12\/2013\/05\/2013-05-13_08-44-30_705.jpg\" alt=\"\" width=\"660\" height=\"372\" srcset=\"https:\/\/static-blogs.diariosur.es\/wp-content\/uploads\/sites\/12\/2013\/05\/2013-05-13_08-44-30_705.jpg 660w, https:\/\/static-blogs.diariosur.es\/wp-content\/uploads\/sites\/12\/2013\/05\/2013-05-13_08-44-30_705-640x361.jpg 640w\" sizes=\"(max-width: 660px) 100vw, 660px\" \/><\/a><\/p>\n<p>&nbsp;<\/p>\n<p><strong>Muchos me preguntareis tantas tormentas se dieron el martes?<\/strong>\u00a0<strong>po si amigos muchas y algunas fueron fuertes y acompa\u00f1adas de granizo. He guardado una imagen del radar de rayos de la aemet que es impresionante y otra imagen del satelite Eumetsat, donde se aprecia las nubes tormentosas creadas por la vaguada y la llegada del frente fr\u00edo( del que hoy hablamos) al norte peninsular<\/strong><\/p>\n<p><a href=\"https:\/\/blogs.diariosur.es\/tormentas-y-rayos\/2013\/05\/15\/hasta-el-cuarenta-de-mayo-frente-frio-y-masa-polar-fria-inestable-el-fresquete-se-notara-en-malaga-capital-el-viernes-y-el-sabado\/rayosssssssssss\/\" rel=\"attachment wp-att-5838\"><img loading=\"lazy\" class=\"aligncenter size-full wp-image-5838\" title=\"rayosssssssssss\" src=\"\/tormentas-y-rayos\/wp-content\/uploads\/sites\/12\/2013\/05\/rayosssssssssss.gif\" alt=\"\" width=\"500\" height=\"500\" \/><\/a><\/p>\n<p>&nbsp;<\/p>\n<p><a href=\"https:\/\/blogs.diariosur.es\/tormentas-y-rayos\/2013\/05\/15\/hasta-el-cuarenta-de-mayo-frente-frio-y-masa-polar-fria-inestable-el-fresquete-se-notara-en-malaga-capital-el-viernes-y-el-sabado\/vaguada-y-frente\/\" rel=\"attachment wp-att-5839\"><img loading=\"lazy\" class=\"aligncenter size-medium wp-image-5839\" title=\"vaguada y frente\" src=\"\/tormentas-y-rayos\/wp-content\/uploads\/sites\/12\/2013\/05\/vaguada-y-frente.jpg\" alt=\"\" width=\"579\" height=\"400\" srcset=\"https:\/\/static-blogs.diariosur.es\/wp-content\/uploads\/sites\/12\/2013\/05\/vaguada-y-frente.jpg 750w, https:\/\/static-blogs.diariosur.es\/wp-content\/uploads\/sites\/12\/2013\/05\/vaguada-y-frente-579x400.jpg 579w\" sizes=\"(max-width: 579px) 100vw, 579px\" \/><\/a><\/p>\n<p>&nbsp;<\/p>\n<p><span style=\"color: #0000ff;\"><strong>Mi amigo Jose Antonio Quirantes ( meteorologo de la aemet) salio de\u00a0cacer\u00eda\u00a0hacia la zona de la provincia de Ciudad Real y nos trae estos fotones de las tormentas. Como todos\u00a0sab\u00e9is por el blog,\u00a0Jose Antonio Quirantes y Jose A. Gallego sacaron un impresionante Atlas de Nubes y Meteoros el a\u00f1o pasado. <a href=\"http:\/\/www.tiempo.com\/ram\/23559\/entrevista-del-mes-jose-antonio-quirantes-y-jose-antonio-gallego\/\" rel=\"external nofollow\"><span style=\"color: #0000ff;\">Os lo recomiendo<\/span><\/a><\/strong><\/span><\/p>\n<p><a href=\"https:\/\/blogs.diariosur.es\/tormentas-y-rayos\/2013\/05\/15\/hasta-el-cuarenta-de-mayo-frente-frio-y-masa-polar-fria-inestable-el-fresquete-se-notara-en-malaga-capital-el-viernes-y-el-sabado\/jose-antonio-quirantes-calvo\/\" rel=\"attachment wp-att-5844\"><img loading=\"lazy\" class=\"aligncenter size-full wp-image-5844\" title=\"jose antonio quirantes calvo\" src=\"\/tormentas-y-rayos\/wp-content\/uploads\/sites\/12\/2013\/05\/jose-antonio-quirantes-calvo.jpg\" alt=\"\" width=\"660\" height=\"427\" srcset=\"https:\/\/static-blogs.diariosur.es\/wp-content\/uploads\/sites\/12\/2013\/05\/jose-antonio-quirantes-calvo.jpg 660w, https:\/\/static-blogs.diariosur.es\/wp-content\/uploads\/sites\/12\/2013\/05\/jose-antonio-quirantes-calvo-618x400.jpg 618w\" sizes=\"(max-width: 660px) 100vw, 660px\" \/><\/a><\/p>\n<p>&nbsp;<\/p>\n<p><a href=\"https:\/\/blogs.diariosur.es\/tormentas-y-rayos\/2013\/05\/15\/hasta-el-cuarenta-de-mayo-frente-frio-y-masa-polar-fria-inestable-el-fresquete-se-notara-en-malaga-capital-el-viernes-y-el-sabado\/jose\/\" rel=\"attachment wp-att-5845\"><img loading=\"lazy\" class=\"aligncenter size-full wp-image-5845\" title=\"jose\" src=\"\/tormentas-y-rayos\/wp-content\/uploads\/sites\/12\/2013\/05\/jose.jpg\" alt=\"\" width=\"660\" height=\"440\" srcset=\"https:\/\/static-blogs.diariosur.es\/wp-content\/uploads\/sites\/12\/2013\/05\/jose.jpg 660w, https:\/\/static-blogs.diariosur.es\/wp-content\/uploads\/sites\/12\/2013\/05\/jose-600x400.jpg 600w\" sizes=\"(max-width: 660px) 100vw, 660px\" \/><\/a><\/p>\n<p><strong>Si os\u00a0fij\u00e1is\u00a0en el mapa de rayos de arriba, se distingue una cruz roja al norte de la provincia malague\u00f1a. Esa tormentilla paso por la provincia y es la que dejo ese chubasco por la zona de la Laguna de Fuente Piedra. Desde mi casa se\u00a0distingu\u00eda\u00a0perfectamente la base de esos cumulonimbus, os paso una foto que tome sobre las nueve de la noche.<\/strong><\/p>\n<p><a href=\"https:\/\/blogs.diariosur.es\/tormentas-y-rayos\/2013\/05\/15\/hasta-el-cuarenta-de-mayo-frente-frio-y-masa-polar-fria-inestable-el-fresquete-se-notara-en-malaga-capital-el-viernes-y-el-sabado\/olympus-digital-camera-1335\/\" rel=\"attachment wp-att-5840\"><img loading=\"lazy\" class=\"aligncenter size-full wp-image-5840\" title=\"OLYMPUS DIGITAL CAMERA\" src=\"\/tormentas-y-rayos\/wp-content\/uploads\/sites\/12\/2013\/05\/081.jpg\" alt=\"\" width=\"660\" height=\"495\" srcset=\"https:\/\/static-blogs.diariosur.es\/wp-content\/uploads\/sites\/12\/2013\/05\/081.jpg 660w, https:\/\/static-blogs.diariosur.es\/wp-content\/uploads\/sites\/12\/2013\/05\/081-533x400.jpg 533w\" sizes=\"(max-width: 660px) 100vw, 660px\" \/><\/a><\/p>\n<p><strong>Por fin tambien pudimos disfrutar de un bonito amanecer, que dejaba unos cielos preciosos .<\/strong><\/p>\n<p><a href=\"https:\/\/blogs.diariosur.es\/tormentas-y-rayos\/2013\/05\/15\/hasta-el-cuarenta-de-mayo-frente-frio-y-masa-polar-fria-inestable-el-fresquete-se-notara-en-malaga-capital-el-viernes-y-el-sabado\/olympus-digital-camera-1336\/\" rel=\"attachment wp-att-5841\"><img loading=\"lazy\" class=\"aligncenter size-full wp-image-5841\" title=\"OLYMPUS DIGITAL CAMERA\" src=\"\/tormentas-y-rayos\/wp-content\/uploads\/sites\/12\/2013\/05\/aaaaaaaa.jpg\" alt=\"\" width=\"660\" height=\"495\" srcset=\"https:\/\/static-blogs.diariosur.es\/wp-content\/uploads\/sites\/12\/2013\/05\/aaaaaaaa.jpg 660w, https:\/\/static-blogs.diariosur.es\/wp-content\/uploads\/sites\/12\/2013\/05\/aaaaaaaa-533x400.jpg 533w\" sizes=\"(max-width: 660px) 100vw, 660px\" \/><\/a><\/p>\n<p><span style=\"color: #0000ff;\"><strong>Pero no solo los amaneceres son bonitos, tambien los atardeceres son una pasada en M\u00e1laga y si no que se lo digan a mi amiga Yolanda Paneque. Que pedazo de foto mas bonita amiga, la verdad que desde el palmeral se\u00a0contemplan\u00a0bonitas puesta de sol, que tu has captado tan\u00a0magistralmente.<\/strong><\/span><\/p>\n<p><a href=\"https:\/\/blogs.diariosur.es\/tormentas-y-rayos\/2013\/05\/15\/hasta-el-cuarenta-de-mayo-frente-frio-y-masa-polar-fria-inestable-el-fresquete-se-notara-en-malaga-capital-el-viernes-y-el-sabado\/485449_585855728100069_977412051_n_1\/\" rel=\"attachment wp-att-5842\"><img loading=\"lazy\" class=\"aligncenter size-full wp-image-5842\" title=\"485449_585855728100069_977412051_n_1\" src=\"\/tormentas-y-rayos\/wp-content\/uploads\/sites\/12\/2013\/05\/485449_585855728100069_977412051_n_1.jpg\" alt=\"\" width=\"660\" height=\"495\" srcset=\"https:\/\/static-blogs.diariosur.es\/wp-content\/uploads\/sites\/12\/2013\/05\/485449_585855728100069_977412051_n_1.jpg 660w, https:\/\/static-blogs.diariosur.es\/wp-content\/uploads\/sites\/12\/2013\/05\/485449_585855728100069_977412051_n_1-533x400.jpg 533w\" sizes=\"(max-width: 660px) 100vw, 660px\" \/><\/a><\/p>\n<p>&nbsp;<\/p>\n<p><strong>Bueno amigos os dejo hasta el viernes que os dare la previsi\u00f3n del fin de semana. Espero que no llueva y que mi amigo\u00a0Salvador\u00a0Salas y su familia disfrute de la comuni\u00f3n.<\/strong><\/p>\n<p>&nbsp;<\/p>\n","protected":false},"excerpt":{"rendered":"<p>Buenos dias amigos de la meteo. Son las ocho de la ma\u00f1ana, registro 16,3 grados y los cielos de momento est\u00e1n despejados. A partir de las doce llegaran las primeras nubes de la avanzadilla del frente Antes de nada os paso el enlace al post del dia pasado, donde explicaba: \u00a0 ( obligatoria lectura jejeje)\u00a0 [&hellip;]<\/p>\n","protected":false},"author":16,"featured_media":5844,"comment_status":"open","ping_status":"open","sticky":false,"template":"","format":"standard","meta":[],"categories":[2],"tags":[63,160,426,432,616,787,962,996,1059],"_links":{"self":[{"href":"https:\/\/blogs.diariosur.es\/tormentas-y-rayos\/wp-json\/wp\/v2\/posts\/5832"}],"collection":[{"href":"https:\/\/blogs.diariosur.es\/tormentas-y-rayos\/wp-json\/wp\/v2\/posts"}],"about":[{"href":"https:\/\/blogs.diariosur.es\/tormentas-y-rayos\/wp-json\/wp\/v2\/types\/post"}],"author":[{"embeddable":true,"href":"https:\/\/blogs.diariosur.es\/tormentas-y-rayos\/wp-json\/wp\/v2\/users\/16"}],"replies":[{"embeddable":true,"href":"https:\/\/blogs.diariosur.es\/tormentas-y-rayos\/wp-json\/wp\/v2\/comments?post=5832"}],"version-history":[{"count":0,"href":"https:\/\/blogs.diariosur.es\/tormentas-y-rayos\/wp-json\/wp\/v2\/posts\/5832\/revisions"}],"wp:featuredmedia":[{"embeddable":true,"href":"https:\/\/blogs.diariosur.es\/tormentas-y-rayos\/wp-json\/wp\/v2\/media\/5844"}],"wp:attachment":[{"href":"https:\/\/blogs.diariosur.es\/tormentas-y-rayos\/wp-json\/wp\/v2\/media?parent=5832"}],"wp:term":[{"taxonomy":"category","embeddable":true,"href":"https:\/\/blogs.diariosur.es\/tormentas-y-rayos\/wp-json\/wp\/v2\/categories?post=5832"},{"taxonomy":"post_tag","embeddable":true,"href":"https:\/\/blogs.diariosur.es\/tormentas-y-rayos\/wp-json\/wp\/v2\/tags?post=5832"}],"curies":[{"name":"wp","href":"https:\/\/api.w.org\/{rel}","templated":true}]}}