{"id":5851,"date":"2013-05-16T07:45:30","date_gmt":"2013-05-16T05:45:30","guid":{"rendered":"http:\/\/blogs.diariosur.es\/tormentas-y-rayos\/?p=5851"},"modified":"2013-05-16T07:45:30","modified_gmt":"2013-05-16T05:45:30","slug":"el-frio-la-lluvia-y-el-viento-protagonistas-el-viernes-aviso-amarillo-por-viento-y-fenomenos-costeros-en-malaga","status":"publish","type":"post","link":"https:\/\/blogs.diariosur.es\/tormentas-y-rayos\/2013\/05\/16\/el-frio-la-lluvia-y-el-viento-protagonistas-el-viernes-aviso-amarillo-por-viento-y-fenomenos-costeros-en-malaga\/","title":{"rendered":"Aviso amarillo por viento y  fen\u00f3menos costeros en M\u00e1laga."},"content":{"rendered":"<p><span style=\"color: #ff0000;\"><strong>ACTUALIZACI\u00d3N VIERNES 17-5-2013<\/strong><\/span><\/p>\n<p><span style=\"color: #0000ff;\"><strong>Buenos dias amigos de la meteo. Antes de nada os paso el\u00a0enlace\u00a0a la pagina principal del blog, para que los que\u00a0entr\u00e1is\u00a0por primera vez\u00a0sep\u00e1is\u00a0porque se da esta situaci\u00f3n.\u00a0<\/strong><\/span><\/p>\n<p><span style=\"color: #0000ff;\"><a href=\"https:\/\/blogs.diariosur.es\/tormentas-y-rayos\/\"><span style=\"color: #0000ff;\"><strong>BLOG PAGINA PRINCIPAL<\/strong>\u00a0PINCHAR EN EL POST DEL DIA 13<\/span><\/a><\/span><\/p>\n<p><span style=\"color: #0000ff;\"><strong>Son las seis de la ma\u00f1ana, registro 14,7 grados y los cielos est\u00e1n muy nubosos. La bolsa de aire frio con reflejo en altura (dana) ya la tenemos encima de la\u00a0pen\u00ednsula.\u00a0 Ayer jueves a ultima hora de la noche y durante esta madrugada se han registrado chubascos en toda la provincia malague\u00f1a. De momento en la capital no se ha contabilizado ni una\u00a0d\u00e9cima\u00a0de litro. Pero viendo el radar ahora mismo se\u00a0dar\u00e1n\u00a0dentro de un rato. Tendremos ratos de sol y ratos de chubascos, son chubascos posfronales originados por el embolsamiento de aire frio.<\/strong><\/span><\/p>\n<p><span style=\"color: #0000ff;\"><strong>El que si sera protagonista es el viento \u00a0en M\u00e1laga Capital, Guadalhorce y Axarquia. Las rachas\u00a0estar\u00e1n\u00a0cercanas a los 75 km\/h. Por este motivo la Aemet activa el aviso amarillo por viento y\u00a0fen\u00f3menos\u00a0costeros.<\/strong><\/span><\/p>\n<p><span style=\"color: #0000ff;\"><a href=\"https:\/\/blogs.diariosur.es\/tormentas-y-rayos\/2013\/05\/16\/el-frio-la-lluvia-y-el-viento-protagonistas-el-viernes-aviso-amarillo-por-viento-y-fenomenos-costeros-en-malaga\/alertassssssssss\/\" rel=\"attachment wp-att-5859\"><span style=\"color: #0000ff;\"><img loading=\"lazy\" class=\"aligncenter size-full wp-image-5859\" title=\"alertassssssssss\" src=\"\/tormentas-y-rayos\/wp-content\/uploads\/sites\/12\/2013\/05\/alertassssssssss.jpg\" alt=\"\" width=\"659\" height=\"331\" srcset=\"https:\/\/static-blogs.diariosur.es\/wp-content\/uploads\/sites\/12\/2013\/05\/alertassssssssss.jpg 659w, https:\/\/static-blogs.diariosur.es\/wp-content\/uploads\/sites\/12\/2013\/05\/alertassssssssss-640x321.jpg 640w\" sizes=\"(max-width: 659px) 100vw, 659px\" \/><\/span><\/a><\/span><\/p>\n<p>&nbsp;<\/p>\n<p><span style=\"color: #0000ff;\"><strong>La fuerza del viento\u00a0har\u00e1\u00a0que la<span style=\"color: #ff00ff;\"> sensaci\u00f3n\u00a0t\u00e9rmica\u00a0sea de mas fr\u00edo<\/span>. La maxima de hoy rondara los 17 grados o 18 grados, la\u00a0m\u00ednima\u00a0que espero para la\u00a0pr\u00f3xima\u00a0madrugada\u00a0estar\u00e1\u00a0sobre los 11 o 12.<\/strong><\/span><\/p>\n<p><span style=\"color: #ff0000;\"><strong>Ma\u00f1ana\u00a0s\u00e1bado a primera horas de la ma\u00f1ana no espero lluvias. Luego mas tarde\u00a0aparecer\u00e1n\u00a0nubes\u00a0\u00a0que puede dejar\u00a0alg\u00fan\u00a0chubasco\u00a0espor\u00e1dico\u00a0por el interior de la provincia. Esto se\u00a0deber\u00e1\u00a0a que aun\u00a0estar\u00edamos\u00a0bajo la influencia del embolsamiento de aire fr\u00edo en altura. Algo parecido a lo que se dio ayer,\u00a0amaneci\u00f3\u00a0despejado \u00a0y a medida que se acercaba la tarde\u00a0aparec\u00edan\u00a0nubes amenazantes y \u00a0muy negras pero que no dejaron chubascos. En este tipo de situaciones \u00a0los chubascos se dan mas por el interior. Aunque hay ocasiones que los chubascos logran pasar las monta\u00f1as que rodean a M\u00e1laga y debido al aire frio en altura se reactivan y dejan\u00a0alg\u00fan\u00a0que otro chubasco. Algo parecido a lo que\u00a0ocurrido\u00a0el Domingo de Ramos, con esto no quiero decir que vuelva a pasar, si no que como la meteo es asi de caprichosa hay una probabilidad aunque sea muy baja de que caigan algunas gotas.\u00a0<\/strong><strong>La meteorolog\u00eda es asi de caprichosa.<\/strong><\/span><\/p>\n<p><span style=\"color: #ff0000;\"><strong>Bueno amigos hoy el protagonista sera el viento y la alergia, ayer fue un dia muy malo para los que padecemos esto. Espero que con los chubascos que caigan por el interior\u00a0apacig\u00fce un poco los picores, estornudos achisssssss y lagrimeos. Hasta luego.\u00a0<\/strong><\/span><\/p>\n<p>&nbsp;<\/p>\n<p>&nbsp;<\/p>\n<p>&nbsp;<\/p>\n<p>&nbsp;<\/p>\n<p><strong>JUEVES 16-5-2013<\/strong><\/p>\n<p><strong>Buenos d\u00edas amigos de la meteo. Son las seis de la ma\u00f1ana, registro 14,9 grados y los cielos est\u00e1n despejados.\u00a0<\/strong><\/p>\n<p><strong>El viernes ser\u00e1 el dia mas inestable en toda Andaluc\u00eda, la bajada de temperaturas y los chubascos de origen tormentoso ser\u00e1n los protagonistas.<\/strong><\/p>\n<p><strong><a href=\"https:\/\/blogs.diariosur.es\/tormentas-y-rayos\/\">Os dejo el enlace a la pagina principal del blog donde explico porque se da esta situaci\u00f3n en el post que\u00a0abr\u00ed\u00a0el lunes.<\/a><\/strong><\/p>\n<p><strong>La masa de aire frio polar inestable ya empieza a afectar al norte peninsular. A esto hay que unirle una dana ( depresi\u00f3n aislada en altura) que ser\u00e1 la protagonista hasta el domingo.<\/strong><\/p>\n<p><strong> Si\u00a0hab\u00e9is\u00a0le\u00eddo\u00a0el post del lunes, lo primero que nos afecto fue una vaguada, luego el frente fr\u00edo de ayer y a partir de ma\u00f1ana la masa de aire fr\u00edo polar inestable que va unida a la depresi\u00f3n aislada en altura.<\/strong><\/p>\n<p><strong>Os paso un mapa \u00a0de temperatura a 500 hpa (5500 m) \u00a0previsto para el viernes, \u00a0donde se ve claramente esta borrasca aislada en altura.<\/strong><\/p>\n<p>&nbsp;<\/p>\n<p><a href=\"https:\/\/blogs.diariosur.es\/tormentas-y-rayos\/2013\/05\/16\/el-frio-la-lluvia-y-el-viento-protagonistas-el-viernes-aviso-amarillo-por-viento-y-fenomenos-costeros-en-malaga\/captura-145\/\" rel=\"attachment wp-att-5853\"><img loading=\"lazy\" class=\"aligncenter size-medium wp-image-5853\" title=\"Captura\" src=\"\/tormentas-y-rayos\/wp-content\/uploads\/sites\/12\/2013\/05\/Captura2.jpg\" alt=\"\" width=\"600\" height=\"389\" srcset=\"https:\/\/static-blogs.diariosur.es\/wp-content\/uploads\/sites\/12\/2013\/05\/Captura2.jpg 729w, https:\/\/static-blogs.diariosur.es\/wp-content\/uploads\/sites\/12\/2013\/05\/Captura2-616x400.jpg 616w\" sizes=\"(max-width: 600px) 100vw, 600px\" \/><\/a><\/p>\n<p><strong>Esta dana se encargara de que los chubascos se den en la mayor parte de la\u00a0pen\u00ednsula, muchos\u00a0ser\u00e1n\u00a0de origen tormentoso y acompa\u00f1ados de granizo. El viento tambien soplara fuerte, por este motivo la Aemet activa el aviso amarillo por\u00a0fen\u00f3menos\u00a0costeros y viento en la Costa Oriental Andaluza.\u00a0<\/strong><\/p>\n<p><strong>Estos chubascos llegaran tambien a\u00a0Andaluc\u00eda\u00a0y a nuestra Provincia Malague\u00f1a, incluso pueden venir acompa\u00f1ados de\u00a0fen\u00f3menos\u00a0tormentosos en algunos puntos. Las rachas de viento seran tambien las protagonistas en casi toda la provincia.<\/strong><\/p>\n<p><a href=\"https:\/\/blogs.diariosur.es\/tormentas-y-rayos\/2013\/05\/16\/el-frio-la-lluvia-y-el-viento-protagonistas-el-viernes-aviso-amarillo-por-viento-y-fenomenos-costeros-en-malaga\/viento-20\/\" rel=\"attachment wp-att-5857\"><img loading=\"lazy\" class=\"aligncenter size-full wp-image-5857\" title=\"viento\" src=\"\/tormentas-y-rayos\/wp-content\/uploads\/sites\/12\/2013\/05\/viento1.jpg\" alt=\"\" width=\"551\" height=\"424\" srcset=\"https:\/\/static-blogs.diariosur.es\/wp-content\/uploads\/sites\/12\/2013\/05\/viento1.jpg 551w, https:\/\/static-blogs.diariosur.es\/wp-content\/uploads\/sites\/12\/2013\/05\/viento1-520x400.jpg 520w\" sizes=\"(max-width: 551px) 100vw, 551px\" \/><\/a><\/p>\n<p><strong> \u00a0<span style=\"color: #ff0000;\">La nieve en los sistemas monta\u00f1osos Andaluces har\u00e1\u00a0acto de presencia a partir de 1500 o 1700 metros, podemos ver los picos de Sierra Tejeda y Sierra de las Nieves blancos durante un par de dias.<\/span><\/strong><\/p>\n<p><strong>Poco mas que contar, ma\u00f1ana por la tarde os\u00a0dar\u00e9\u00a0la previsi\u00f3n del fin de semana. Os dejo con una bonita foto de mi amigo \u00a0David Ratias. Esta tomada en la Cala del Moral cuando\u00a0empez\u00f3\u00a0el temporal de poniente ayer por la tarde.<\/strong><\/p>\n<p><a href=\"https:\/\/blogs.diariosur.es\/tormentas-y-rayos\/2013\/05\/16\/el-frio-la-lluvia-y-el-viento-protagonistas-el-viernes-aviso-amarillo-por-viento-y-fenomenos-costeros-en-malaga\/487624_495832920471240_397821235_n_1\/\" rel=\"attachment wp-att-5854\"><img loading=\"lazy\" class=\"aligncenter size-full wp-image-5854\" title=\"487624_495832920471240_397821235_n_1\" src=\"\/tormentas-y-rayos\/wp-content\/uploads\/sites\/12\/2013\/05\/487624_495832920471240_397821235_n_1.jpg\" alt=\"\" width=\"660\" height=\"495\" srcset=\"https:\/\/static-blogs.diariosur.es\/wp-content\/uploads\/sites\/12\/2013\/05\/487624_495832920471240_397821235_n_1.jpg 660w, https:\/\/static-blogs.diariosur.es\/wp-content\/uploads\/sites\/12\/2013\/05\/487624_495832920471240_397821235_n_1-533x400.jpg 533w\" sizes=\"(max-width: 660px) 100vw, 660px\" \/><\/a><\/p>\n<p>&nbsp;<\/p>\n<p><a href=\"https:\/\/blogs.diariosur.es\/tormentas-y-rayos\/2013\/05\/16\/el-frio-la-lluvia-y-el-viento-protagonistas-el-viernes-aviso-amarillo-por-viento-y-fenomenos-costeros-en-malaga\/captura-146\/\" rel=\"attachment wp-att-5855\"><img loading=\"lazy\" class=\"aligncenter size-full wp-image-5855\" title=\"Captura\" src=\"\/tormentas-y-rayos\/wp-content\/uploads\/sites\/12\/2013\/05\/Captura3.jpg\" alt=\"\" width=\"490\" height=\"286\" \/><\/a><\/p>\n<p>&nbsp;<\/p>\n<p>&nbsp;<\/p>\n<p>&nbsp;<\/p>\n","protected":false},"excerpt":{"rendered":"<p>ACTUALIZACI\u00d3N VIERNES 17-5-2013 Buenos dias amigos de la meteo. Antes de nada os paso el\u00a0enlace\u00a0a la pagina principal del blog, para que los que\u00a0entr\u00e1is\u00a0por primera vez\u00a0sep\u00e1is\u00a0porque se da esta situaci\u00f3n.\u00a0 BLOG PAGINA PRINCIPAL\u00a0PINCHAR EN EL POST DEL DIA 13 Son las seis de la ma\u00f1ana, registro 14,7 grados y los cielos est\u00e1n muy nubosos. La [&hellip;]<\/p>\n","protected":false},"author":16,"featured_media":5857,"comment_status":"open","ping_status":"open","sticky":false,"template":"","format":"standard","meta":[],"categories":[2],"tags":[63,91,151,307,432,468,517,568],"_links":{"self":[{"href":"https:\/\/blogs.diariosur.es\/tormentas-y-rayos\/wp-json\/wp\/v2\/posts\/5851"}],"collection":[{"href":"https:\/\/blogs.diariosur.es\/tormentas-y-rayos\/wp-json\/wp\/v2\/posts"}],"about":[{"href":"https:\/\/blogs.diariosur.es\/tormentas-y-rayos\/wp-json\/wp\/v2\/types\/post"}],"author":[{"embeddable":true,"href":"https:\/\/blogs.diariosur.es\/tormentas-y-rayos\/wp-json\/wp\/v2\/users\/16"}],"replies":[{"embeddable":true,"href":"https:\/\/blogs.diariosur.es\/tormentas-y-rayos\/wp-json\/wp\/v2\/comments?post=5851"}],"version-history":[{"count":0,"href":"https:\/\/blogs.diariosur.es\/tormentas-y-rayos\/wp-json\/wp\/v2\/posts\/5851\/revisions"}],"wp:featuredmedia":[{"embeddable":true,"href":"https:\/\/blogs.diariosur.es\/tormentas-y-rayos\/wp-json\/wp\/v2\/media\/5857"}],"wp:attachment":[{"href":"https:\/\/blogs.diariosur.es\/tormentas-y-rayos\/wp-json\/wp\/v2\/media?parent=5851"}],"wp:term":[{"taxonomy":"category","embeddable":true,"href":"https:\/\/blogs.diariosur.es\/tormentas-y-rayos\/wp-json\/wp\/v2\/categories?post=5851"},{"taxonomy":"post_tag","embeddable":true,"href":"https:\/\/blogs.diariosur.es\/tormentas-y-rayos\/wp-json\/wp\/v2\/tags?post=5851"}],"curies":[{"name":"wp","href":"https:\/\/api.w.org\/{rel}","templated":true}]}}