{"id":5861,"date":"2013-05-18T07:37:50","date_gmt":"2013-05-18T05:37:50","guid":{"rendered":"http:\/\/blogs.diariosur.es\/tormentas-y-rayos\/?p=5861"},"modified":"2013-05-18T07:37:50","modified_gmt":"2013-05-18T05:37:50","slug":"prevision-del-tiempo-la-peninsula-sigue-bajo-la-influencia-de-la-bolsa-de-aire-frio","status":"publish","type":"post","link":"https:\/\/blogs.diariosur.es\/tormentas-y-rayos\/2013\/05\/18\/prevision-del-tiempo-la-peninsula-sigue-bajo-la-influencia-de-la-bolsa-de-aire-frio\/","title":{"rendered":"Previsi\u00f3n del tiempo. La pen\u00ednsula sigue bajo la influencia de la bolsa de aire fr\u00edo."},"content":{"rendered":"<p><strong>Buenos dias amigos de la meteo.<\/strong><\/p>\n<p><strong>Son las seis de la ma\u00f1ana, registro 12,4 grados y los cielos est\u00e1n poco nubosos. El viento \u00a0sopla de terral de primavera, esto hace que la sensaci\u00f3n\u00a0t\u00e9rmica\u00a0ahora mismo sea de 9 grados.<\/strong><\/p>\n<p><span style=\"color: #ff0000;\"><strong>Andaluc\u00eda se levanta con\u00a0m\u00ednimas\u00a0fresquitas, destaca Ronda en nuestra provincia con 5,7 grados<\/strong><\/span><\/p>\n<p><a href=\"https:\/\/blogs.diariosur.es\/tormentas-y-rayos\/2013\/05\/18\/prevision-del-tiempo-la-peninsula-sigue-bajo-la-influencia-de-la-bolsa-de-aire-frio\/captura-147\/\" rel=\"attachment wp-att-5867\"><img loading=\"lazy\" class=\"aligncenter size-full wp-image-5867\" title=\"Captura\" src=\"\/tormentas-y-rayos\/wp-content\/uploads\/sites\/12\/2013\/05\/Captura4.jpg\" alt=\"\" width=\"688\" height=\"433\" srcset=\"https:\/\/static-blogs.diariosur.es\/wp-content\/uploads\/sites\/12\/2013\/05\/Captura4.jpg 688w, https:\/\/static-blogs.diariosur.es\/wp-content\/uploads\/sites\/12\/2013\/05\/Captura4-636x400.jpg 636w\" sizes=\"(max-width: 688px) 100vw, 688px\" \/><\/a><\/p>\n<p><strong>Hoy con retraso os doy la previsi\u00f3n del fin de semana, ando muy liado y adem\u00e1s hoy con turno doble tengo poco tiempo.<\/strong><\/p>\n<p><strong>Antes de nada, os doy un peque\u00f1o resumen de lo que paso el viernes 17. Lo mas destacado fue el fuerte viento, que soplo con fuerza sobre todo a partir de las cuatro de la tarde. Las rachas de viento llegaron a los 50 km\/h.<\/strong><\/p>\n<p><a href=\"https:\/\/blogs.diariosur.es\/tormentas-y-rayos\/2013\/05\/18\/prevision-del-tiempo-la-peninsula-sigue-bajo-la-influencia-de-la-bolsa-de-aire-frio\/viento-21\/\" rel=\"attachment wp-att-5862\"><img loading=\"lazy\" class=\"aligncenter size-medium wp-image-5862\" title=\"viento\" src=\"\/tormentas-y-rayos\/wp-content\/uploads\/sites\/12\/2013\/05\/viento2.jpg\" alt=\"\" width=\"600\" height=\"261\" srcset=\"https:\/\/static-blogs.diariosur.es\/wp-content\/uploads\/sites\/12\/2013\/05\/viento2.jpg 706w, https:\/\/static-blogs.diariosur.es\/wp-content\/uploads\/sites\/12\/2013\/05\/viento2-640x279.jpg 640w\" sizes=\"(max-width: 600px) 100vw, 600px\" \/><\/a><\/p>\n<p><strong>Otro dato a destacar fue un fuerte chaparr\u00f3n que ca\u00eda \u00a0sobre las dos de la tarde. En un par de minutos mi pluvi\u00f3metro contabilizo 2,5 litros. Esa misma nube dejo en el Torcal mas de 14.<\/strong><\/p>\n<p><strong>Y poco mas que contar, solo comentaros que los que tenemos alergia lo estamos pasando muy mal, por lo menos con los chubascos de ayer se apaciguo un poco. Pero hoy\u00a0volver\u00e1.<\/strong><\/p>\n<p><span style=\"color: #ff0000;\"><strong>PREVISI\u00d3N DEL TIEMPO FIN DE SEMANA<\/strong><\/span><\/p>\n<p><strong>Seguimos bajo la influencia de la bolsa de aire frio, pero muchos menos que ayer, ya que tiende a retirarse hacia el sur de Francia.<\/strong><\/p>\n<p><strong>Seguimos bajo la influencia de la bolsa de aire frio, pero muchos menos que ayer, ya que tiende a retirarse hacia el sur de Francia. Sera el noroeste y noreste peninsular las zonas mas afectadas tanto hoy como ma\u00f1ana.<\/strong><\/p>\n<p>&nbsp;<\/p>\n<p><a href=\"https:\/\/blogs.diariosur.es\/tormentas-y-rayos\/2013\/05\/18\/prevision-del-tiempo-la-peninsula-sigue-bajo-la-influencia-de-la-bolsa-de-aire-frio\/201305180400_s91g\/\" rel=\"attachment wp-att-5863\"><img loading=\"lazy\" class=\"aligncenter size-full wp-image-5863\" title=\"201305180400_s91g\" src=\"\/tormentas-y-rayos\/wp-content\/uploads\/sites\/12\/2013\/05\/201305180400_s91g.jpg\" alt=\"\" width=\"550\" height=\"488\" srcset=\"https:\/\/static-blogs.diariosur.es\/wp-content\/uploads\/sites\/12\/2013\/05\/201305180400_s91g.jpg 550w, https:\/\/static-blogs.diariosur.es\/wp-content\/uploads\/sites\/12\/2013\/05\/201305180400_s91g-451x400.jpg 451w\" sizes=\"(max-width: 550px) 100vw, 550px\" \/><\/a><\/p>\n<p><strong>En este mapa de superficie del hirlam se ve la posici\u00f3n que tiene hoy al mediodia y la que tendra ma\u00f1ana. Fuente aemet.<\/strong><\/p>\n<p><a href=\"https:\/\/blogs.diariosur.es\/tormentas-y-rayos\/2013\/05\/18\/prevision-del-tiempo-la-peninsula-sigue-bajo-la-influencia-de-la-bolsa-de-aire-frio\/sabado-9\/\" rel=\"attachment wp-att-5865\"><img loading=\"lazy\" class=\"aligncenter size-medium wp-image-5865\" title=\"sabado\" src=\"\/tormentas-y-rayos\/wp-content\/uploads\/sites\/12\/2013\/05\/sabado.jpg\" alt=\"\" width=\"600\" height=\"396\" srcset=\"https:\/\/static-blogs.diariosur.es\/wp-content\/uploads\/sites\/12\/2013\/05\/sabado.jpg 697w, https:\/\/static-blogs.diariosur.es\/wp-content\/uploads\/sites\/12\/2013\/05\/sabado-605x400.jpg 605w\" sizes=\"(max-width: 600px) 100vw, 600px\" \/><\/a><\/p>\n<p>&nbsp;<\/p>\n<p><a href=\"https:\/\/blogs.diariosur.es\/tormentas-y-rayos\/2013\/05\/18\/prevision-del-tiempo-la-peninsula-sigue-bajo-la-influencia-de-la-bolsa-de-aire-frio\/domingo-11\/\" rel=\"attachment wp-att-5866\"><img loading=\"lazy\" class=\"aligncenter size-medium wp-image-5866\" title=\"domingo\" src=\"\/tormentas-y-rayos\/wp-content\/uploads\/sites\/12\/2013\/05\/domingo.jpg\" alt=\"\" width=\"600\" height=\"398\" srcset=\"https:\/\/static-blogs.diariosur.es\/wp-content\/uploads\/sites\/12\/2013\/05\/domingo.jpg 697w, https:\/\/static-blogs.diariosur.es\/wp-content\/uploads\/sites\/12\/2013\/05\/domingo-602x400.jpg 602w\" sizes=\"(max-width: 600px) 100vw, 600px\" \/><\/a><\/p>\n<p>&nbsp;<\/p>\n<p><strong>Aunque los cielos\u00a0est\u00e1n\u00a0poco nubosos hoy s\u00e1bado, sobre el mediod\u00eda y primeras horas de la tarde llegaran nubes de evoluci\u00f3n. Ya que aun seguimos un poco bajo la influencia de la bolsa de aire fr\u00edo. Hay posibilidad que en el interior de nuestra provincia se den chubascos espor\u00e1dicos, siendo menos probables en la Costa. Pero como os comentaba ayer en el post, sin descartar\u00a0alg\u00fan\u00a0goteo \u00a0en\u00a0alg\u00fan\u00a0punto de la Costa Malague\u00f1a. El viento\u00a0seguir\u00e1\u00a0soplando de terral de primavera.<\/strong><\/p>\n<p><strong>Ma\u00f1ana domingo tendremos menos nubes, las\u00a0m\u00e1ximas\u00a0subir\u00e1n\u00a0un poco, pero el viento de terral de primavera\u00a0seguir\u00e1\u00a0soplando en algunos momentos del dia.<\/strong><\/p>\n<p><strong><span style=\"color: #ff00ff;\">Pero no\u00a0guard\u00e9is<\/span><span style=\"color: #ff00ff;\">\u00a0los paraguas, porque todo parece indicar que otra \u00a0bolsa de aire fr\u00edo nos\u00a0visitar\u00eda\u00a0de nuevo,\u00a0situ\u00e1ndose\u00a0cerca del Golfo de C\u00e1diz entre el martes y el\u00a0mi\u00e9rcoles. Pero esto lo veremos poco a poco, lo mismo ma\u00f1ana abro un post comentando esta situaci\u00f3n.<\/span><\/strong><\/p>\n<p><strong>Os dejo con este amanecer del 28 de abril.<\/strong><\/p>\n<p><a href=\"https:\/\/blogs.diariosur.es\/tormentas-y-rayos\/2013\/05\/18\/prevision-del-tiempo-la-peninsula-sigue-bajo-la-influencia-de-la-bolsa-de-aire-frio\/olympus-digital-camera-1337\/\" rel=\"attachment wp-att-5868\"><img loading=\"lazy\" class=\"aligncenter size-full wp-image-5868\" title=\"OLYMPUS DIGITAL CAMERA\" src=\"\/tormentas-y-rayos\/wp-content\/uploads\/sites\/12\/2013\/05\/AMANECER-28-DE-ABRIL-2.jpg\" alt=\"\" width=\"660\" height=\"414\" srcset=\"https:\/\/static-blogs.diariosur.es\/wp-content\/uploads\/sites\/12\/2013\/05\/AMANECER-28-DE-ABRIL-2.jpg 660w, https:\/\/static-blogs.diariosur.es\/wp-content\/uploads\/sites\/12\/2013\/05\/AMANECER-28-DE-ABRIL-2-638x400.jpg 638w\" sizes=\"(max-width: 660px) 100vw, 660px\" \/><\/a><\/p>\n<p>&nbsp;<\/p>\n","protected":false},"excerpt":{"rendered":"<p>Buenos dias amigos de la meteo. Son las seis de la ma\u00f1ana, registro 12,4 grados y los cielos est\u00e1n poco nubosos. El viento \u00a0sopla de terral de primavera, esto hace que la sensaci\u00f3n\u00a0t\u00e9rmica\u00a0ahora mismo sea de 9 grados. Andaluc\u00eda se levanta con\u00a0m\u00ednimas\u00a0fresquitas, destaca Ronda en nuestra provincia con 5,7 grados Hoy con retraso os doy [&hellip;]<\/p>\n","protected":false},"author":16,"featured_media":5863,"comment_status":"open","ping_status":"open","sticky":false,"template":"","format":"standard","meta":[],"categories":[2],"tags":[54,185,432,468,569,701,809,980],"_links":{"self":[{"href":"https:\/\/blogs.diariosur.es\/tormentas-y-rayos\/wp-json\/wp\/v2\/posts\/5861"}],"collection":[{"href":"https:\/\/blogs.diariosur.es\/tormentas-y-rayos\/wp-json\/wp\/v2\/posts"}],"about":[{"href":"https:\/\/blogs.diariosur.es\/tormentas-y-rayos\/wp-json\/wp\/v2\/types\/post"}],"author":[{"embeddable":true,"href":"https:\/\/blogs.diariosur.es\/tormentas-y-rayos\/wp-json\/wp\/v2\/users\/16"}],"replies":[{"embeddable":true,"href":"https:\/\/blogs.diariosur.es\/tormentas-y-rayos\/wp-json\/wp\/v2\/comments?post=5861"}],"version-history":[{"count":0,"href":"https:\/\/blogs.diariosur.es\/tormentas-y-rayos\/wp-json\/wp\/v2\/posts\/5861\/revisions"}],"wp:featuredmedia":[{"embeddable":true,"href":"https:\/\/blogs.diariosur.es\/tormentas-y-rayos\/wp-json\/wp\/v2\/media\/5863"}],"wp:attachment":[{"href":"https:\/\/blogs.diariosur.es\/tormentas-y-rayos\/wp-json\/wp\/v2\/media?parent=5861"}],"wp:term":[{"taxonomy":"category","embeddable":true,"href":"https:\/\/blogs.diariosur.es\/tormentas-y-rayos\/wp-json\/wp\/v2\/categories?post=5861"},{"taxonomy":"post_tag","embeddable":true,"href":"https:\/\/blogs.diariosur.es\/tormentas-y-rayos\/wp-json\/wp\/v2\/tags?post=5861"}],"curies":[{"name":"wp","href":"https:\/\/api.w.org\/{rel}","templated":true}]}}