{"id":5871,"date":"2013-05-20T07:32:15","date_gmt":"2013-05-20T05:32:15","guid":{"rendered":"http:\/\/blogs.diariosur.es\/tormentas-y-rayos\/?p=5871"},"modified":"2013-05-20T07:32:15","modified_gmt":"2013-05-20T05:32:15","slug":"no-guardeis-los-paraguas-un-embolsamiento-de-aire-frio-se-paseara-por-el-golfo-de-cadiz-y-el-estrecho","status":"publish","type":"post","link":"https:\/\/blogs.diariosur.es\/tormentas-y-rayos\/2013\/05\/20\/no-guardeis-los-paraguas-un-embolsamiento-de-aire-frio-se-paseara-por-el-golfo-de-cadiz-y-el-estrecho\/","title":{"rendered":"No guard\u00e9is los paraguas.  Un embolsamiento de aire fr\u00edo se paseara por el Golfo de C\u00e1diz y el Estrecho."},"content":{"rendered":"<p><strong>Muy buenos d\u00edas amigos de la meteo. Son las seis de la ma\u00f1ana, registro 14 grados y los cielos\u00a0est\u00e1n\u00a0nubosos, con nubes tipo alcumulus lenticularis y cirros. Foto de las siete de la ma\u00f1ana.<\/strong><\/p>\n<p>&nbsp;<\/p>\n<p><a href=\"https:\/\/blogs.diariosur.es\/tormentas-y-rayos\/2013\/05\/20\/no-guardeis-los-paraguas-un-embolsamiento-de-aire-frio-se-paseara-por-el-golfo-de-cadiz-y-el-estrecho\/olympus-digital-camera-1341\/\" rel=\"attachment wp-att-5882\"><img loading=\"lazy\" class=\"aligncenter size-full wp-image-5882\" title=\"OLYMPUS DIGITAL CAMERA\" src=\"\/tormentas-y-rayos\/wp-content\/uploads\/sites\/12\/2013\/05\/0012.jpg\" alt=\"\" width=\"660\" height=\"495\" srcset=\"https:\/\/static-blogs.diariosur.es\/wp-content\/uploads\/sites\/12\/2013\/05\/0012.jpg 660w, https:\/\/static-blogs.diariosur.es\/wp-content\/uploads\/sites\/12\/2013\/05\/0012-533x400.jpg 533w\" sizes=\"(max-width: 660px) 100vw, 660px\" \/><\/a><\/p>\n<p><span style=\"color: #ff0000;\"><strong>Antes de daros el resumen de la semana os comento lo del embolsamiento de aire fr\u00edo en altura, \u00a0que se espera a partir de hoy y hasta el mi\u00e9rcoles.<\/strong><\/span><\/p>\n<p><strong><span style=\"color: #0000ff;\">Aunque no estoy muy seguro, creo este embolsamiento de aire fr\u00edo en altura es el mismo que ha estado afectando durante varios dias a la\u00a0pen\u00ednsula, aunque en esta ocasi\u00f3n no tiene reflejo en altura.\u00a0\u00a0 De forma retr\u00f3grada toma camino hacia el oeste de Portugal, para luego pasar por el Golfo de C\u00e1diz y el Estrecho. Os paso unos mapas previstos a 500 hpa ( 5500 m) del Hirlam. Fuente AEMET.<\/span><\/strong><\/p>\n<p><span style=\"color: #0000ff;\"><a href=\"https:\/\/blogs.diariosur.es\/tormentas-y-rayos\/2013\/05\/20\/no-guardeis-los-paraguas-un-embolsamiento-de-aire-frio-se-paseara-por-el-golfo-de-cadiz-y-el-estrecho\/1-vert-4\/\" rel=\"attachment wp-att-5872\"><span style=\"color: #0000ff;\"><img loading=\"lazy\" class=\"aligncenter size-full wp-image-5872\" title=\"1-vert\" src=\"\/tormentas-y-rayos\/wp-content\/uploads\/sites\/12\/2013\/05\/1-vert.jpg\" alt=\"\" width=\"531\" height=\"1543\" srcset=\"https:\/\/static-blogs.diariosur.es\/wp-content\/uploads\/sites\/12\/2013\/05\/1-vert.jpg 531w, https:\/\/static-blogs.diariosur.es\/wp-content\/uploads\/sites\/12\/2013\/05\/1-vert-138x400.jpg 138w\" sizes=\"(max-width: 531px) 100vw, 531px\" \/><\/span><\/a><\/span><\/p>\n<p>&nbsp;<\/p>\n<p><span style=\"color: #0000ff;\"><strong>En esta imagen del\u00a0sat\u00e9lite\u00a0eumetsat se ve claramente. En esa zona los cielos est\u00e1n cubiertos.<\/strong><\/span><\/p>\n<p><a href=\"https:\/\/blogs.diariosur.es\/tormentas-y-rayos\/2013\/05\/20\/no-guardeis-los-paraguas-un-embolsamiento-de-aire-frio-se-paseara-por-el-golfo-de-cadiz-y-el-estrecho\/webexterna_ir87_04-45-2\/\" rel=\"attachment wp-att-5883\"><img loading=\"lazy\" class=\"aligncenter size-full wp-image-5883\" title=\"webexterna_IR87_[04-45]\" src=\"\/tormentas-y-rayos\/wp-content\/uploads\/sites\/12\/2013\/05\/webexterna_IR87_04-45.jpg\" alt=\"\" width=\"600\" height=\"414\" srcset=\"https:\/\/static-blogs.diariosur.es\/wp-content\/uploads\/sites\/12\/2013\/05\/webexterna_IR87_04-45.jpg 600w, https:\/\/static-blogs.diariosur.es\/wp-content\/uploads\/sites\/12\/2013\/05\/webexterna_IR87_04-45-580x400.jpg 580w\" sizes=\"(max-width: 600px) 100vw, 600px\" \/><\/a><\/p>\n<p><strong><span style=\"color: #0000ff;\">Este embolsamiento de aire fr\u00edo no tiene reflejo en altura <span style=\"color: #ff0000;\">\u00a0( no se convierte en depresi\u00f3n aisalada dana)<\/span>, por este motivo \u00a0afectara en mayor o menor medida a nuestra regi\u00f3n andaluza, asi como tambien a la provincia de M\u00e1laga. Para que se produzcan tormentas fuertes y organizadas tendr\u00edamos que tener mas calor en superficie, esta energ\u00eda ha venido a menos con la masa de aire\u00a0fr\u00edo\u00a0que nos ha afectado estos dias pasados. Como tambien vientos\u00a0h\u00famedos\u00a0de levante que parece que no se\u00a0dar\u00e1n.\u00a0<\/span><\/strong><\/p>\n<p><strong><span style=\"color: #0000ff;\">Los chubascos empezaran hoy al\u00a0mediod\u00eda\u00a0por el oeste de la comunidad andaluza, siendo mas probables en la Provincia de Huelva y Cadiz. Estos chubascos de origen tormentoso se trasladaran durante la tarde \u00a0a la Provincia Malague\u00f1a, para mas tarde afectar a la Costa Granadina y Almeriense, siendo esta ultima donde las tormentas pueden ser mas moderadas.<\/span><\/strong><\/p>\n<p><strong><span style=\"color: #0000ff;\"> Resumiendo amigos, hoy lunes los chubascos empezaran por el oeste de la comunidad. A la provincia malague\u00f1a llegaran por la tarde, siendo la comarca ronde\u00f1a la primera en recibirlos. Por la tarde noche y de madrugada se\u00a0dar\u00e1n\u00a0tambien en la capital.<\/span><\/strong><\/p>\n<p><span style=\"color: #ff0000;\"><strong>Vamos con el resumen de este fin de semana, donde el principal protagonista ha sido el viento. Os paso dos\u00a0v\u00eddeos, el ultimo es de ayer domingo desde Torre de Benagalb\u00f3n.<\/strong><\/span><\/p>\n<p>&nbsp;<\/p>\n<p>&nbsp;<\/p>\n<p><strong>\u00a0<\/strong><\/p>\n<p><iframe loading=\"lazy\" src=\"\/\/www.youtube.com\/embed\/16sACRY0x2g\" frameborder=\"0\" width=\"640\" height=\"360\"><\/iframe><\/p>\n<p><iframe loading=\"lazy\" src=\"\/\/www.youtube.com\/embed\/iuneg8C7Vv4\" frameborder=\"0\" width=\"640\" height=\"360\"><\/iframe><\/p>\n<p><strong>Las temperaturas\u00a0m\u00e1ximas\u00a0y m\u00ednimas tambi\u00e9n han bajado desde el jueves pasado como pod\u00e9is ver en este\u00a0gr\u00e1fico\u00a0de la aemet que tiene en Teatinos.<\/strong><\/p>\n<p><a href=\"https:\/\/blogs.diariosur.es\/tormentas-y-rayos\/2013\/05\/20\/no-guardeis-los-paraguas-un-embolsamiento-de-aire-frio-se-paseara-por-el-golfo-de-cadiz-y-el-estrecho\/teatinos-4\/\" rel=\"attachment wp-att-5873\"><img loading=\"lazy\" class=\"aligncenter size-medium wp-image-5873\" title=\"teatinos\" src=\"\/tormentas-y-rayos\/wp-content\/uploads\/sites\/12\/2013\/05\/teatinos.jpg\" alt=\"\" width=\"600\" height=\"258\" srcset=\"https:\/\/static-blogs.diariosur.es\/wp-content\/uploads\/sites\/12\/2013\/05\/teatinos.jpg 719w, https:\/\/static-blogs.diariosur.es\/wp-content\/uploads\/sites\/12\/2013\/05\/teatinos-640x276.jpg 640w\" sizes=\"(max-width: 600px) 100vw, 600px\" \/><\/a><\/p>\n<p><strong>\u00a0<\/strong><\/p>\n<p><strong>La lluvia \u00a0ha sido protagonista desde el viernes, aunque ha sido por el interior de la provincia donde se han registrado mas chubascos, os paso los litros contabilizados\u00a0seg\u00fan\u00a0hidrosur desde el viernes pasado hasta ayer domingo.Destaca Ca\u00f1ete la Real y Ronda con 22 litros acumulados.<\/strong><\/p>\n<p><a href=\"https:\/\/blogs.diariosur.es\/tormentas-y-rayos\/2013\/05\/20\/no-guardeis-los-paraguas-un-embolsamiento-de-aire-frio-se-paseara-por-el-golfo-de-cadiz-y-el-estrecho\/a-22\/\" rel=\"attachment wp-att-5874\"><img loading=\"lazy\" class=\"aligncenter size-medium wp-image-5874\" title=\"a\" src=\"\/tormentas-y-rayos\/wp-content\/uploads\/sites\/12\/2013\/05\/a5.jpg\" alt=\"\" width=\"600\" height=\"282\" srcset=\"https:\/\/static-blogs.diariosur.es\/wp-content\/uploads\/sites\/12\/2013\/05\/a5.jpg 953w, https:\/\/static-blogs.diariosur.es\/wp-content\/uploads\/sites\/12\/2013\/05\/a5-640x302.jpg 640w, https:\/\/static-blogs.diariosur.es\/wp-content\/uploads\/sites\/12\/2013\/05\/a5-768x362.jpg 768w\" sizes=\"(max-width: 600px) 100vw, 600px\" \/><\/a><a href=\"https:\/\/blogs.diariosur.es\/tormentas-y-rayos\/2013\/05\/20\/no-guardeis-los-paraguas-un-embolsamiento-de-aire-frio-se-paseara-por-el-golfo-de-cadiz-y-el-estrecho\/b-18\/\" rel=\"attachment wp-att-5875\"><img loading=\"lazy\" class=\"aligncenter size-medium wp-image-5875\" title=\"b\" src=\"\/tormentas-y-rayos\/wp-content\/uploads\/sites\/12\/2013\/05\/b.jpg\" alt=\"\" width=\"600\" height=\"298\" srcset=\"https:\/\/static-blogs.diariosur.es\/wp-content\/uploads\/sites\/12\/2013\/05\/b.jpg 956w, https:\/\/static-blogs.diariosur.es\/wp-content\/uploads\/sites\/12\/2013\/05\/b-640x318.jpg 640w, https:\/\/static-blogs.diariosur.es\/wp-content\/uploads\/sites\/12\/2013\/05\/b-768x382.jpg 768w\" sizes=\"(max-width: 600px) 100vw, 600px\" \/><\/a><a href=\"https:\/\/blogs.diariosur.es\/tormentas-y-rayos\/2013\/05\/20\/no-guardeis-los-paraguas-un-embolsamiento-de-aire-frio-se-paseara-por-el-golfo-de-cadiz-y-el-estrecho\/c-6\/\" rel=\"attachment wp-att-5876\"><img loading=\"lazy\" class=\"aligncenter size-medium wp-image-5876\" title=\"c\" src=\"\/tormentas-y-rayos\/wp-content\/uploads\/sites\/12\/2013\/05\/c.jpg\" alt=\"\" width=\"600\" height=\"153\" srcset=\"https:\/\/static-blogs.diariosur.es\/wp-content\/uploads\/sites\/12\/2013\/05\/c.jpg 946w, https:\/\/static-blogs.diariosur.es\/wp-content\/uploads\/sites\/12\/2013\/05\/c-640x164.jpg 640w, https:\/\/static-blogs.diariosur.es\/wp-content\/uploads\/sites\/12\/2013\/05\/c-768x196.jpg 768w\" sizes=\"(max-width: 600px) 100vw, 600px\" \/><\/a><\/p>\n<p><strong>Este fot\u00f3n es de mi amigo Carlos Castro. Se aprecia perfectamente una cortina de agua. La foto esta tomada en el interior de la provincia. Gracias Carlos.<\/strong><\/p>\n<p><a href=\"https:\/\/blogs.diariosur.es\/tormentas-y-rayos\/2013\/05\/20\/no-guardeis-los-paraguas-un-embolsamiento-de-aire-frio-se-paseara-por-el-golfo-de-cadiz-y-el-estrecho\/977133_416562478442632_190845887_o\/\" rel=\"attachment wp-att-5881\"><img loading=\"lazy\" class=\"aligncenter size-full wp-image-5881\" title=\"977133_416562478442632_190845887_o\" src=\"\/tormentas-y-rayos\/wp-content\/uploads\/sites\/12\/2013\/05\/977133_416562478442632_190845887_o.jpg\" alt=\"\" width=\"660\" height=\"452\" srcset=\"https:\/\/static-blogs.diariosur.es\/wp-content\/uploads\/sites\/12\/2013\/05\/977133_416562478442632_190845887_o.jpg 660w, https:\/\/static-blogs.diariosur.es\/wp-content\/uploads\/sites\/12\/2013\/05\/977133_416562478442632_190845887_o-584x400.jpg 584w\" sizes=\"(max-width: 660px) 100vw, 660px\" \/><\/a><\/p>\n<p>&nbsp;<\/p>\n<p><strong>Poco mas que contar amigos, os paso estas tres fotos de la Playa de Torre de Benagalb\u00f3n.<\/strong><\/p>\n<p><a href=\"https:\/\/blogs.diariosur.es\/tormentas-y-rayos\/2013\/05\/20\/no-guardeis-los-paraguas-un-embolsamiento-de-aire-frio-se-paseara-por-el-golfo-de-cadiz-y-el-estrecho\/olympus-digital-camera-1338\/\" rel=\"attachment wp-att-5877\"><img loading=\"lazy\" class=\"aligncenter size-full wp-image-5877\" title=\"OLYMPUS DIGITAL CAMERA\" src=\"\/tormentas-y-rayos\/wp-content\/uploads\/sites\/12\/2013\/05\/0151.jpg\" alt=\"\" width=\"660\" height=\"495\" srcset=\"https:\/\/static-blogs.diariosur.es\/wp-content\/uploads\/sites\/12\/2013\/05\/0151.jpg 660w, https:\/\/static-blogs.diariosur.es\/wp-content\/uploads\/sites\/12\/2013\/05\/0151-533x400.jpg 533w\" sizes=\"(max-width: 660px) 100vw, 660px\" \/><\/a><\/p>\n<p>&nbsp;<\/p>\n<p><a href=\"https:\/\/blogs.diariosur.es\/tormentas-y-rayos\/2013\/05\/20\/no-guardeis-los-paraguas-un-embolsamiento-de-aire-frio-se-paseara-por-el-golfo-de-cadiz-y-el-estrecho\/olympus-digital-camera-1339\/\" rel=\"attachment wp-att-5878\"><img loading=\"lazy\" class=\"aligncenter size-full wp-image-5878\" title=\"OLYMPUS DIGITAL CAMERA\" src=\"\/tormentas-y-rayos\/wp-content\/uploads\/sites\/12\/2013\/05\/017.jpg\" alt=\"\" width=\"660\" height=\"495\" srcset=\"https:\/\/static-blogs.diariosur.es\/wp-content\/uploads\/sites\/12\/2013\/05\/017.jpg 660w, https:\/\/static-blogs.diariosur.es\/wp-content\/uploads\/sites\/12\/2013\/05\/017-533x400.jpg 533w\" sizes=\"(max-width: 660px) 100vw, 660px\" \/><\/a><\/p>\n<p>&nbsp;<\/p>\n<p><a href=\"https:\/\/blogs.diariosur.es\/tormentas-y-rayos\/2013\/05\/20\/no-guardeis-los-paraguas-un-embolsamiento-de-aire-frio-se-paseara-por-el-golfo-de-cadiz-y-el-estrecho\/olympus-digital-camera-1340\/\" rel=\"attachment wp-att-5879\"><img loading=\"lazy\" class=\"aligncenter size-full wp-image-5879\" title=\"OLYMPUS DIGITAL CAMERA\" src=\"\/tormentas-y-rayos\/wp-content\/uploads\/sites\/12\/2013\/05\/021.jpg\" alt=\"\" width=\"660\" height=\"495\" srcset=\"https:\/\/static-blogs.diariosur.es\/wp-content\/uploads\/sites\/12\/2013\/05\/021.jpg 660w, https:\/\/static-blogs.diariosur.es\/wp-content\/uploads\/sites\/12\/2013\/05\/021-533x400.jpg 533w\" sizes=\"(max-width: 660px) 100vw, 660px\" \/><\/a><\/p>\n","protected":false},"excerpt":{"rendered":"<p>Muy buenos d\u00edas amigos de la meteo. Son las seis de la ma\u00f1ana, registro 14 grados y los cielos\u00a0est\u00e1n\u00a0nubosos, con nubes tipo alcumulus lenticularis y cirros. Foto de las siete de la ma\u00f1ana. &nbsp; Antes de daros el resumen de la semana os comento lo del embolsamiento de aire fr\u00edo en altura, \u00a0que se espera [&hellip;]<\/p>\n","protected":false},"author":16,"featured_media":5881,"comment_status":"open","ping_status":"open","sticky":false,"template":"","format":"standard","meta":[],"categories":[2],"tags":[307,467,569],"_links":{"self":[{"href":"https:\/\/blogs.diariosur.es\/tormentas-y-rayos\/wp-json\/wp\/v2\/posts\/5871"}],"collection":[{"href":"https:\/\/blogs.diariosur.es\/tormentas-y-rayos\/wp-json\/wp\/v2\/posts"}],"about":[{"href":"https:\/\/blogs.diariosur.es\/tormentas-y-rayos\/wp-json\/wp\/v2\/types\/post"}],"author":[{"embeddable":true,"href":"https:\/\/blogs.diariosur.es\/tormentas-y-rayos\/wp-json\/wp\/v2\/users\/16"}],"replies":[{"embeddable":true,"href":"https:\/\/blogs.diariosur.es\/tormentas-y-rayos\/wp-json\/wp\/v2\/comments?post=5871"}],"version-history":[{"count":0,"href":"https:\/\/blogs.diariosur.es\/tormentas-y-rayos\/wp-json\/wp\/v2\/posts\/5871\/revisions"}],"wp:featuredmedia":[{"embeddable":true,"href":"https:\/\/blogs.diariosur.es\/tormentas-y-rayos\/wp-json\/wp\/v2\/media\/5881"}],"wp:attachment":[{"href":"https:\/\/blogs.diariosur.es\/tormentas-y-rayos\/wp-json\/wp\/v2\/media?parent=5871"}],"wp:term":[{"taxonomy":"category","embeddable":true,"href":"https:\/\/blogs.diariosur.es\/tormentas-y-rayos\/wp-json\/wp\/v2\/categories?post=5871"},{"taxonomy":"post_tag","embeddable":true,"href":"https:\/\/blogs.diariosur.es\/tormentas-y-rayos\/wp-json\/wp\/v2\/tags?post=5871"}],"curies":[{"name":"wp","href":"https:\/\/api.w.org\/{rel}","templated":true}]}}