{"id":5886,"date":"2013-05-21T07:27:10","date_gmt":"2013-05-21T05:27:10","guid":{"rendered":"http:\/\/blogs.diariosur.es\/tormentas-y-rayos\/?p=5886"},"modified":"2013-05-21T07:27:10","modified_gmt":"2013-05-21T05:27:10","slug":"aviso-amarillo-por-lluvias-en-malaga-granada-almeria-y-jaen-embolsamiento-de-aire-frio-en-altura","status":"publish","type":"post","link":"https:\/\/blogs.diariosur.es\/tormentas-y-rayos\/2013\/05\/21\/aviso-amarillo-por-lluvias-en-malaga-granada-almeria-y-jaen-embolsamiento-de-aire-frio-en-altura\/","title":{"rendered":"Aviso amarillo por lluvias en M\u00e1laga, Granada, Almer\u00eda y Ja\u00e9n. Embolsamiento de aire fr\u00edo en altura."},"content":{"rendered":"<p><strong>Buenos d\u00edas amigos de la meteo. Son las seis de la ma\u00f1ana, registro 14,5 grados y los cielos est\u00e1n bastante nubosos.<\/strong><\/p>\n<p><strong>FOTO TOMADA A LAS SIETE DE LA MA\u00d1ANA 21-5-13<\/strong><\/p>\n<p><a href=\"https:\/\/blogs.diariosur.es\/tormentas-y-rayos\/2013\/05\/21\/aviso-amarillo-por-lluvias-en-malaga-granada-almeria-y-jaen-embolsamiento-de-aire-frio-en-altura\/olympus-digital-camera-1342\/\" rel=\"attachment wp-att-5893\"><img loading=\"lazy\" class=\"aligncenter size-full wp-image-5893\" title=\"OLYMPUS DIGITAL CAMERA\" src=\"\/tormentas-y-rayos\/wp-content\/uploads\/sites\/12\/2013\/05\/002_11.jpg\" alt=\"\" width=\"660\" height=\"495\" srcset=\"https:\/\/static-blogs.diariosur.es\/wp-content\/uploads\/sites\/12\/2013\/05\/002_11.jpg 660w, https:\/\/static-blogs.diariosur.es\/wp-content\/uploads\/sites\/12\/2013\/05\/002_11-533x400.jpg 533w\" sizes=\"(max-width: 660px) 100vw, 660px\" \/><\/a><\/p>\n<p>&nbsp;<\/p>\n<p><strong>La aemet activa la alerta amarilla por lluvias en\u00a0 toda la Provincia Malague\u00f1a, Granada, Almer\u00eda y Jaen. Este aviso ha entrado en vigor a las seis de la ma\u00f1ana y seguir\u00e1 hasta seis de la tarde.\u00a0<\/strong><\/p>\n<p><a href=\"https:\/\/blogs.diariosur.es\/tormentas-y-rayos\/2013\/05\/21\/aviso-amarillo-por-lluvias-en-malaga-granada-almeria-y-jaen-embolsamiento-de-aire-frio-en-altura\/aviso-amarillo\/\" rel=\"attachment wp-att-5887\"><img loading=\"lazy\" class=\"aligncenter size-full wp-image-5887\" title=\"aviso amarillo\" src=\"\/tormentas-y-rayos\/wp-content\/uploads\/sites\/12\/2013\/05\/aviso-amarillo.jpg\" alt=\"\" width=\"520\" height=\"379\" \/><\/a><a href=\"https:\/\/blogs.diariosur.es\/tormentas-y-rayos\/2013\/05\/21\/aviso-amarillo-por-lluvias-en-malaga-granada-almeria-y-jaen-embolsamiento-de-aire-frio-en-altura\/avi\/\" rel=\"attachment wp-att-5888\"><img loading=\"lazy\" class=\"aligncenter size-full wp-image-5888\" title=\"avi\" src=\"\/tormentas-y-rayos\/wp-content\/uploads\/sites\/12\/2013\/05\/avi.jpg\" alt=\"\" width=\"568\" height=\"139\" \/><\/a><\/p>\n<p><strong>\u00a0En estos momentos se registran precipitaciones en el interior de \u00a0la provincia de M\u00e1laga, aunque son chubascos entre leves y moderados. Los mas fuertes como paso ayer lunes se est\u00e1n dando en el mar.<\/strong><\/p>\n<p><a href=\"https:\/\/blogs.diariosur.es\/tormentas-y-rayos\/2013\/05\/21\/aviso-amarillo-por-lluvias-en-malaga-granada-almeria-y-jaen-embolsamiento-de-aire-frio-en-altura\/201305210430_r8ml\/\" rel=\"attachment wp-att-5889\"><img loading=\"lazy\" class=\"aligncenter size-full wp-image-5889\" title=\"201305210430_r8ml\" src=\"\/tormentas-y-rayos\/wp-content\/uploads\/sites\/12\/2013\/05\/201305210430_r8ml.gif\" alt=\"\" width=\"480\" height=\"530\" \/><\/a><\/p>\n<p><strong>El embolsamiento de aire fr\u00edo lo tenemos ahora mismo cruzando el Estrecho, os paso un mapa a 500 hpa ( 5500 m ) fuente aemet, hirlam.\u00a0<\/strong><\/p>\n<p><a href=\"https:\/\/blogs.diariosur.es\/tormentas-y-rayos\/2013\/05\/21\/aviso-amarillo-por-lluvias-en-malaga-granada-almeria-y-jaen-embolsamiento-de-aire-frio-en-altura\/captura-148\/\" rel=\"attachment wp-att-5890\"><img loading=\"lazy\" class=\"aligncenter size-full wp-image-5890\" title=\"Captura\" src=\"\/tormentas-y-rayos\/wp-content\/uploads\/sites\/12\/2013\/05\/Captura5.jpg\" alt=\"\" width=\"653\" height=\"476\" srcset=\"https:\/\/static-blogs.diariosur.es\/wp-content\/uploads\/sites\/12\/2013\/05\/Captura5.jpg 653w, https:\/\/static-blogs.diariosur.es\/wp-content\/uploads\/sites\/12\/2013\/05\/Captura5-549x400.jpg 549w\" sizes=\"(max-width: 653px) 100vw, 653px\" \/><\/a><\/p>\n<p><strong>Y esta preciosa imagen del satelite eumetsat de hace poco minutos , impresionante<\/strong>.<\/p>\n<p><a href=\"https:\/\/blogs.diariosur.es\/tormentas-y-rayos\/2013\/05\/21\/aviso-amarillo-por-lluvias-en-malaga-granada-almeria-y-jaen-embolsamiento-de-aire-frio-en-altura\/webexterna_ir87_04-30-3\/\" rel=\"attachment wp-att-5891\"><img loading=\"lazy\" class=\"aligncenter size-medium wp-image-5891\" title=\"webexterna_IR87_[04-30]\" src=\"\/tormentas-y-rayos\/wp-content\/uploads\/sites\/12\/2013\/05\/webexterna_IR87_04-30.jpg\" alt=\"\" width=\"579\" height=\"400\" srcset=\"https:\/\/static-blogs.diariosur.es\/wp-content\/uploads\/sites\/12\/2013\/05\/webexterna_IR87_04-30.jpg 750w, https:\/\/static-blogs.diariosur.es\/wp-content\/uploads\/sites\/12\/2013\/05\/webexterna_IR87_04-30-579x400.jpg 579w\" sizes=\"(max-width: 579px) 100vw, 579px\" \/><\/a><\/p>\n<p>&nbsp;<\/p>\n<p>&nbsp;<\/p>\n<p><strong><span style=\"color: #ff0000;\">Os pego lo que os comentaba ayer en el nuevo post que\u00a0abr\u00ed\u00a0sobre este embolsamiento de aire fr\u00edo. Os paso tambien el enlace por si\u00a0quer\u00e9is\u00a0ver los\u00a0v\u00eddeos\u00a0del viento en la playa.<\/span><\/strong><\/p>\n<p><strong><a href=\"https:\/\/blogs.diariosur.es\/tormentas-y-rayos\/wp-admin\/post.php?post=5871&#038;action=edit\">NO\u00a0GUARD\u00c9IS\u00a0LOS PARAGUAS&#8230;&#8230;<\/a>\u00a0<\/strong><\/p>\n<p>&nbsp;<\/p>\n<p><span style=\"color: #0000ff;\"><em><strong>Aunque no estoy muy seguro, creo este embolsamiento de aire fr\u00edo en altura es el mismo que ha estado afectando durante varios dias a la\u00a0pen\u00ednsula, aunque en esta ocasi\u00f3n no tiene reflejo en altura.\u00a0\u00a0 De forma retr\u00f3grada toma camino hacia el oeste de Portugal, para luego pasar por el Golfo de C\u00e1diz y el Estrecho. Os paso unos mapas previstos a 500 hpa ( 5500 m) del Hirlam. Fuente AEMET.<\/strong><\/em><\/span><\/p>\n<p><span style=\"color: #0000ff;\"><em><a href=\"https:\/\/blogs.diariosur.es\/tormentas-y-rayos\/2013\/05\/20\/no-guardeis-los-paraguas-un-embolsamiento-de-aire-frio-se-paseara-por-el-golfo-de-cadiz-y-el-estrecho\/1-vert-4\/\" rel=\"attachment wp-att-5872\"><span style=\"color: #0000ff;\"><img loading=\"lazy\" title=\"1-vert\" src=\"\/tormentas-y-rayos\/wp-content\/uploads\/sites\/12\/2013\/05\/1-vert.jpg\" alt=\"\" width=\"531\" height=\"1543\" \/><\/span><\/a><\/em><\/span><\/p>\n<p>&nbsp;<\/p>\n<p><span style=\"color: #0000ff;\"><em><strong>En esta imagen del\u00a0sat\u00e9lite\u00a0eumetsat se ve claramente. En esa zona los cielos est\u00e1n cubiertos.<\/strong><\/em><\/span><\/p>\n<p><span style=\"color: #0000ff;\"><em><a href=\"https:\/\/blogs.diariosur.es\/tormentas-y-rayos\/2013\/05\/20\/no-guardeis-los-paraguas-un-embolsamiento-de-aire-frio-se-paseara-por-el-golfo-de-cadiz-y-el-estrecho\/webexterna_ir87_04-45-2\/\" rel=\"attachment wp-att-5883\"><span style=\"color: #0000ff;\"><img loading=\"lazy\" title=\"webexterna_IR87_[04-45]\" src=\"\/tormentas-y-rayos\/wp-content\/uploads\/sites\/12\/2013\/05\/webexterna_IR87_04-45.jpg\" alt=\"\" width=\"600\" height=\"414\" \/><\/span><\/a><\/em><\/span><\/p>\n<p><span style=\"color: #0000ff;\"><em><strong>Este embolsamiento de aire fr\u00edo no tiene reflejo en altura\u00a0\u00a0( no se convierte en depresi\u00f3n aisalada dana), por este motivo \u00a0afectara en mayor o menor medida a nuestra regi\u00f3n andaluza, asi como tambien a la provincia de M\u00e1laga. Para que se produzcan tormentas fuertes y organizadas tendr\u00edamos que tener mas calor en superficie, esta energ\u00eda ha venido a menos con la masa de aire\u00a0fr\u00edo\u00a0que nos ha afectado estos dias pasados. Como tambien vientos\u00a0h\u00famedos\u00a0de levante que parece que no se\u00a0dar\u00e1n.\u00a0<\/strong><\/em><\/span><\/p>\n<p><strong>A PARTIR DEL\u00a0MI\u00c9RCOLES\u00a0EL ANTICICL\u00d3N POCO A POCO IRA GANANDO TERRENO. PERO ESTO LO VEREMOS MA\u00d1ANA.<\/strong><\/p>\n<p><strong>Un abrazo a todos. Os dejo con estas dos impresionantes fotos. La primera de nuestro amigo Antonio Portillo. Son altocumulus ondulatus que se dieron ayer lunes en los cielos malague\u00f1os. Anuncian inestabilidad.<\/strong><\/p>\n<p><a href=\"https:\/\/blogs.diariosur.es\/tormentas-y-rayos\/2013\/05\/21\/aviso-amarillo-por-lluvias-en-malaga-granada-almeria-y-jaen-embolsamiento-de-aire-frio-en-altura\/966602_4301469994187_1481756939_o\/\" rel=\"attachment wp-att-5892\"><img loading=\"lazy\" class=\"aligncenter size-full wp-image-5892\" title=\"966602_4301469994187_1481756939_o\" src=\"\/tormentas-y-rayos\/wp-content\/uploads\/sites\/12\/2013\/05\/966602_4301469994187_1481756939_o.jpg\" alt=\"\" width=\"660\" height=\"440\" srcset=\"https:\/\/static-blogs.diariosur.es\/wp-content\/uploads\/sites\/12\/2013\/05\/966602_4301469994187_1481756939_o.jpg 660w, https:\/\/static-blogs.diariosur.es\/wp-content\/uploads\/sites\/12\/2013\/05\/966602_4301469994187_1481756939_o-600x400.jpg 600w\" sizes=\"(max-width: 660px) 100vw, 660px\" \/><\/a><\/p>\n<p><strong>Y esta otra de mi amiga Mariana Lorca Hernandez, esta tomada en Andorra la Vieja. Impresionantes esas cortinas de lluvias.<\/strong><\/p>\n<p><a href=\"https:\/\/blogs.diariosur.es\/tormentas-y-rayos\/2013\/05\/21\/aviso-amarillo-por-lluvias-en-malaga-granada-almeria-y-jaen-embolsamiento-de-aire-frio-en-altura\/964613_10151606215644594_1939839861_o\/\" rel=\"attachment wp-att-5894\"><img loading=\"lazy\" class=\"aligncenter size-full wp-image-5894\" title=\"964613_10151606215644594_1939839861_o\" src=\"\/tormentas-y-rayos\/wp-content\/uploads\/sites\/12\/2013\/05\/964613_10151606215644594_1939839861_o.jpg\" alt=\"\" width=\"660\" height=\"443\" srcset=\"https:\/\/static-blogs.diariosur.es\/wp-content\/uploads\/sites\/12\/2013\/05\/964613_10151606215644594_1939839861_o.jpg 660w, https:\/\/static-blogs.diariosur.es\/wp-content\/uploads\/sites\/12\/2013\/05\/964613_10151606215644594_1939839861_o-596x400.jpg 596w\" sizes=\"(max-width: 660px) 100vw, 660px\" \/><\/a><\/p>\n","protected":false},"excerpt":{"rendered":"<p>Buenos d\u00edas amigos de la meteo. Son las seis de la ma\u00f1ana, registro 14,5 grados y los cielos est\u00e1n bastante nubosos. FOTO TOMADA A LAS SIETE DE LA MA\u00d1ANA 21-5-13 &nbsp; La aemet activa la alerta amarilla por lluvias en\u00a0 toda la Provincia Malague\u00f1a, Granada, Almer\u00eda y Jaen. Este aviso ha entrado en vigor a [&hellip;]<\/p>\n","protected":false},"author":16,"featured_media":5887,"comment_status":"open","ping_status":"open","sticky":false,"template":"","format":"standard","meta":[],"categories":[2],"tags":[63,76,91,151,464,527,569,587],"_links":{"self":[{"href":"https:\/\/blogs.diariosur.es\/tormentas-y-rayos\/wp-json\/wp\/v2\/posts\/5886"}],"collection":[{"href":"https:\/\/blogs.diariosur.es\/tormentas-y-rayos\/wp-json\/wp\/v2\/posts"}],"about":[{"href":"https:\/\/blogs.diariosur.es\/tormentas-y-rayos\/wp-json\/wp\/v2\/types\/post"}],"author":[{"embeddable":true,"href":"https:\/\/blogs.diariosur.es\/tormentas-y-rayos\/wp-json\/wp\/v2\/users\/16"}],"replies":[{"embeddable":true,"href":"https:\/\/blogs.diariosur.es\/tormentas-y-rayos\/wp-json\/wp\/v2\/comments?post=5886"}],"version-history":[{"count":0,"href":"https:\/\/blogs.diariosur.es\/tormentas-y-rayos\/wp-json\/wp\/v2\/posts\/5886\/revisions"}],"wp:featuredmedia":[{"embeddable":true,"href":"https:\/\/blogs.diariosur.es\/tormentas-y-rayos\/wp-json\/wp\/v2\/media\/5887"}],"wp:attachment":[{"href":"https:\/\/blogs.diariosur.es\/tormentas-y-rayos\/wp-json\/wp\/v2\/media?parent=5886"}],"wp:term":[{"taxonomy":"category","embeddable":true,"href":"https:\/\/blogs.diariosur.es\/tormentas-y-rayos\/wp-json\/wp\/v2\/categories?post=5886"},{"taxonomy":"post_tag","embeddable":true,"href":"https:\/\/blogs.diariosur.es\/tormentas-y-rayos\/wp-json\/wp\/v2\/tags?post=5886"}],"curies":[{"name":"wp","href":"https:\/\/api.w.org\/{rel}","templated":true}]}}