{"id":5918,"date":"2013-05-24T07:23:13","date_gmt":"2013-05-24T05:23:13","guid":{"rendered":"http:\/\/blogs.diariosur.es\/tormentas-y-rayos\/?p=5918"},"modified":"2013-05-24T07:23:13","modified_gmt":"2013-05-24T05:23:13","slug":"prevision-del-tiempo-vi-maraton-de-fotografia-objetivo-malaga-fin-de-semana","status":"publish","type":"post","link":"https:\/\/blogs.diariosur.es\/tormentas-y-rayos\/2013\/05\/24\/prevision-del-tiempo-vi-maraton-de-fotografia-objetivo-malaga-fin-de-semana\/","title":{"rendered":"Previsi\u00f3n del tiempo VI Marat\u00f3n de fotograf\u00eda Objetivo M\u00e1laga, fin de semana."},"content":{"rendered":"<p><strong>Buenos dias amigos de la meteo. Son las seis de la ma\u00f1ana, registro 22,3 grados y los cielos est\u00e1n despejados.<\/strong><\/p>\n<p><strong>Antes de nada quiero dar las gracias a mi amigo Lui Garc\u00eda Mar\u00edn \u00a0por por ponerme el blog tan bonito y os invito a que entr\u00e9is en su pedazo de blog <a href=\"http:\/\/blogs.diariosur.es\/diariodeuncamaleon\/\">Diario de un Camale\u00f3n.<\/a><\/strong><\/p>\n<p><strong>El jueves se cumplieron los pron\u00f3sticos y el terral de primavera fue el protagonista. La m\u00e1xima \u00a0en el puerto fue de \u00a029,9 grados. Por la zona del Aeropuerto se llegaron casi a los 32.<\/strong><\/p>\n<p>&nbsp;<\/p>\n<p><a href=\"https:\/\/blogs.diariosur.es\/tormentas-y-rayos\/2013\/05\/24\/prevision-del-tiempo-vi-maraton-de-fotografia-objetivo-malaga-fin-de-semana\/viernes-15\/\" rel=\"attachment wp-att-5920\"><img loading=\"lazy\" class=\"aligncenter size-medium wp-image-5920\" title=\"viernes\" src=\"\/tormentas-y-rayos\/wp-content\/uploads\/sites\/12\/2013\/05\/viernes1.jpg\" alt=\"\" width=\"600\" height=\"254\" srcset=\"https:\/\/static-blogs.diariosur.es\/wp-content\/uploads\/sites\/12\/2013\/05\/viernes1.jpg 721w, https:\/\/static-blogs.diariosur.es\/wp-content\/uploads\/sites\/12\/2013\/05\/viernes1-640x272.jpg 640w\" sizes=\"(max-width: 600px) 100vw, 600px\" \/><\/a><\/p>\n<p><strong>Las nubes de evoluci\u00f3n aparecieron sobre el mediod\u00eda, pero la verdad es yo pensaba que se dar\u00edan mas desarrollos y no unos simple c\u00famulos humilis y mediocris. En esta foto lo pod\u00e9is ver.<\/strong><\/p>\n<p><a href=\"https:\/\/blogs.diariosur.es\/tormentas-y-rayos\/2013\/05\/24\/prevision-del-tiempo-vi-maraton-de-fotografia-objetivo-malaga-fin-de-semana\/002_1-2\/\" rel=\"attachment wp-att-5922\"><img loading=\"lazy\" class=\"aligncenter size-full wp-image-5922\" title=\"002_1\" src=\"\/tormentas-y-rayos\/wp-content\/uploads\/sites\/12\/2013\/05\/002_13.jpg\" alt=\"\" width=\"660\" height=\"440\" srcset=\"https:\/\/static-blogs.diariosur.es\/wp-content\/uploads\/sites\/12\/2013\/05\/002_13.jpg 660w, https:\/\/static-blogs.diariosur.es\/wp-content\/uploads\/sites\/12\/2013\/05\/002_13-600x400.jpg 600w\" sizes=\"(max-width: 660px) 100vw, 660px\" \/><\/a><\/p>\n<p>&nbsp;<\/p>\n<p><strong>Estas mismas nubes desde el\u00a0sat\u00e9lite\u00a0terra.<\/strong><\/p>\n<p><a href=\"https:\/\/blogs.diariosur.es\/tormentas-y-rayos\/2013\/05\/24\/prevision-del-tiempo-vi-maraton-de-fotografia-objetivo-malaga-fin-de-semana\/europe_3_01_2013143_aqua_2km\/\" rel=\"attachment wp-att-5923\"><img loading=\"lazy\" class=\"aligncenter size-full wp-image-5923\" title=\"Europe_3_01_2013143_aqua_2km\" src=\"\/tormentas-y-rayos\/wp-content\/uploads\/sites\/12\/2013\/05\/Europe_3_01_2013143_aqua_2km.jpg\" alt=\"\" width=\"560\" height=\"633\" srcset=\"https:\/\/static-blogs.diariosur.es\/wp-content\/uploads\/sites\/12\/2013\/05\/Europe_3_01_2013143_aqua_2km.jpg 560w, https:\/\/static-blogs.diariosur.es\/wp-content\/uploads\/sites\/12\/2013\/05\/Europe_3_01_2013143_aqua_2km-354x400.jpg 354w\" sizes=\"(max-width: 560px) 100vw, 560px\" \/><\/a><\/p>\n<p>&nbsp;<\/p>\n<p>&nbsp;<\/p>\n<p><span style=\"color: #ff0000;\"><strong>Bueno amigos vamos con la previsi\u00f3n del fin de semana.<\/strong><\/span><\/p>\n<p><span style=\"color: #0000ff;\"><strong>Hoy<\/strong><strong> viernes<\/strong><\/span><strong><\/strong><strong><span style=\"color: #0000ff;\"> seguir\u00e1 soplando terral de primavera, pero por la tarde cambiara un poco la direcci\u00f3n del viento, entrando rebozas de levante que har\u00e1n que las\u00a0m\u00e1ximas\u00a0no lleguen a ser tan altas, sobre todo en el puerto. Seguro que entre la zona del Puerto y Teatinos habr\u00e1 una diferencia de 5 grados o mas. Se pueden dar nubes de evoluci\u00f3n en las sierras.<\/span><\/strong><\/p>\n<p><span style=\"color: #0000ff;\"><strong><span style=\"color: #ff00ff;\">El s\u00e1bado dia del marat\u00f3n<\/span> espero un dia estupendo.\u00a0<strong>Soplaran brisas de sur sureste, que pueden traer neblinas a la costa \u00a0e incluso nieblas en el mar.\u00a0<\/strong><\/strong><\/span><\/p>\n<p><span style=\"color: #0000ff;\"><strong>\u00a0Este dia solo lo empa\u00f1ara<span style=\"color: #ff00ff;\"> una borrasca de risas en la ultima prueba jejejej.<\/span> Tranquilos que no har\u00e1 ni fr\u00edo ni calor. Los desarrollos en las sierras tambien se pueden dar.<\/strong><\/span><\/p>\n<p><span style=\"color: #3366ff;\"><strong>El domingo no lo tengo muy claro, se espera una vaguada y una dana, que\u00a0podr\u00eda\u00a0traer nubosidad y tormentas por el interior de Andaluc\u00eda. Ma\u00f1ana\u00a0s\u00e1bado\u00a0los mapas\u00a0estar\u00e1n\u00a0mas claros y cuando venga del marat\u00f3n lo mismo os abro otro post o actualizo este.\u00a0<\/strong><\/span><\/p>\n<p><strong>Os dejo, un fuerte abrazo a todos.<\/strong><\/p>\n<p>&nbsp;<\/p>\n","protected":false},"excerpt":{"rendered":"<p>Buenos dias amigos de la meteo. Son las seis de la ma\u00f1ana, registro 22,3 grados y los cielos est\u00e1n despejados. Antes de nada quiero dar las gracias a mi amigo Lui Garc\u00eda Mar\u00edn \u00a0por por ponerme el blog tan bonito y os invito a que entr\u00e9is en su pedazo de blog Diario de un Camale\u00f3n. [&hellip;]<\/p>\n","protected":false},"author":16,"featured_media":5923,"comment_status":"open","ping_status":"open","sticky":false,"template":"","format":"standard","meta":[],"categories":[2],"tags":[410,421,587,600,726,809,902,980],"_links":{"self":[{"href":"https:\/\/blogs.diariosur.es\/tormentas-y-rayos\/wp-json\/wp\/v2\/posts\/5918"}],"collection":[{"href":"https:\/\/blogs.diariosur.es\/tormentas-y-rayos\/wp-json\/wp\/v2\/posts"}],"about":[{"href":"https:\/\/blogs.diariosur.es\/tormentas-y-rayos\/wp-json\/wp\/v2\/types\/post"}],"author":[{"embeddable":true,"href":"https:\/\/blogs.diariosur.es\/tormentas-y-rayos\/wp-json\/wp\/v2\/users\/16"}],"replies":[{"embeddable":true,"href":"https:\/\/blogs.diariosur.es\/tormentas-y-rayos\/wp-json\/wp\/v2\/comments?post=5918"}],"version-history":[{"count":0,"href":"https:\/\/blogs.diariosur.es\/tormentas-y-rayos\/wp-json\/wp\/v2\/posts\/5918\/revisions"}],"wp:featuredmedia":[{"embeddable":true,"href":"https:\/\/blogs.diariosur.es\/tormentas-y-rayos\/wp-json\/wp\/v2\/media\/5923"}],"wp:attachment":[{"href":"https:\/\/blogs.diariosur.es\/tormentas-y-rayos\/wp-json\/wp\/v2\/media?parent=5918"}],"wp:term":[{"taxonomy":"category","embeddable":true,"href":"https:\/\/blogs.diariosur.es\/tormentas-y-rayos\/wp-json\/wp\/v2\/categories?post=5918"},{"taxonomy":"post_tag","embeddable":true,"href":"https:\/\/blogs.diariosur.es\/tormentas-y-rayos\/wp-json\/wp\/v2\/tags?post=5918"}],"curies":[{"name":"wp","href":"https:\/\/api.w.org\/{rel}","templated":true}]}}