{"id":5928,"date":"2013-05-25T07:54:25","date_gmt":"2013-05-25T05:54:25","guid":{"rendered":"http:\/\/blogs.diariosur.es\/tormentas-y-rayos\/?p=5928"},"modified":"2013-05-25T07:54:25","modified_gmt":"2013-05-25T05:54:25","slug":"prevision-del-tiempo-domingo-26-de-junio-se-confirma-el-embolsamiento-de-aire-frio-alerta-amarilla-por-tormentas-en-granada-y-jaen","status":"publish","type":"post","link":"https:\/\/blogs.diariosur.es\/tormentas-y-rayos\/2013\/05\/25\/prevision-del-tiempo-domingo-26-de-junio-se-confirma-el-embolsamiento-de-aire-frio-alerta-amarilla-por-tormentas-en-granada-y-jaen\/","title":{"rendered":"Previsi\u00f3n del tiempo domingo 26 de mayo. Se confirma el embolsamiento de aire fr\u00edo. Alerta amarilla por tormentas en Granada y J\u00e1en."},"content":{"rendered":"<p><strong>Buenos dias amigos de la meteo. Son las siete y media de la ma\u00f1ana, registro 17 grados y los cielos est\u00e1n despejados. <\/strong><\/p>\n<p><strong>Prepar\u00e1ndome<\/strong><strong>\u00a0para el\u00a0marat\u00f3n, en un rato os veo a todos. Solo comentaros un par de cosillas, la primera que el terral nos abandona hoy\u00a0s\u00e1bado\u00a0y que ma\u00f1ana se puede estropear un poco el dia. Una vaguada sera la culpable, YA QUE\u00a0FORMAR\u00cdA\u00a0UN EMBOLSAMIENTO DE AIRE FR\u00cdO. \u00a0FUENTE AEMET HIRLAM<\/strong><\/p>\n<p>&nbsp;<\/p>\n<p>&nbsp;<\/p>\n<p><strong>\u00a0<a href=\"https:\/\/blogs.diariosur.es\/tormentas-y-rayos\/2013\/05\/25\/prevision-del-tiempo-domingo-26-de-junio-se-confirma-el-embolsamiento-de-aire-frio-alerta-amarilla-por-tormentas-en-granada-y-jaen\/vaguada-6\/\" rel=\"attachment wp-att-5930\"><img loading=\"lazy\" class=\"aligncenter size-full wp-image-5930\" title=\"VAGUADA\" src=\"\/tormentas-y-rayos\/wp-content\/uploads\/sites\/12\/2013\/05\/VAGUADA.jpg\" alt=\"\" width=\"662\" height=\"412\" srcset=\"https:\/\/static-blogs.diariosur.es\/wp-content\/uploads\/sites\/12\/2013\/05\/VAGUADA.jpg 662w, https:\/\/static-blogs.diariosur.es\/wp-content\/uploads\/sites\/12\/2013\/05\/VAGUADA-640x398.jpg 640w\" sizes=\"(max-width: 662px) 100vw, 662px\" \/><\/a><\/strong><\/p>\n<p><strong>Ayer ya os comentaba en el post que\u00a0abr\u00ed, que no lo tenia muy claro para el domingo. La verdad que a pocas horas de que comience el domingo hay mucha\u00a0divergencia\u00a0aun entre los modelos.<\/strong><\/p>\n<p><strong>Ma\u00f1ana hay posibilidad de que sople levante, esto \u00a0traer\u00e1\u00a0consigo nubes bajas, que incluso pueden dejar\u00a0alg\u00fan\u00a0goteo en la Costa Malague\u00f1a. Ya veremos como afecta a la provincia malague\u00f1a.<\/strong><\/p>\n<p><strong>De momento la aemet activa el aviso\u00a0amarillo\u00a0por tormentas en Granada y J\u00e1en.<\/strong><\/p>\n<p><a href=\"https:\/\/blogs.diariosur.es\/tormentas-y-rayos\/2013\/05\/25\/prevision-del-tiempo-domingo-26-de-junio-se-confirma-el-embolsamiento-de-aire-frio-alerta-amarilla-por-tormentas-en-granada-y-jaen\/captura-149\/\" rel=\"attachment wp-att-5933\"><img loading=\"lazy\" class=\"aligncenter size-full wp-image-5933\" title=\"Captura\" src=\"\/tormentas-y-rayos\/wp-content\/uploads\/sites\/12\/2013\/05\/Captura6.jpg\" alt=\"\" width=\"555\" height=\"408\" srcset=\"https:\/\/static-blogs.diariosur.es\/wp-content\/uploads\/sites\/12\/2013\/05\/Captura6.jpg 555w, https:\/\/static-blogs.diariosur.es\/wp-content\/uploads\/sites\/12\/2013\/05\/Captura6-544x400.jpg 544w\" sizes=\"(max-width: 555px) 100vw, 555px\" \/><\/a><\/p>\n<p>&nbsp;<\/p>\n<p><span style=\"color: #ff0000;\"><strong>El viernes fue impresionante la lucha que se dio por los paseos maritimos de M\u00e1laga. Hubo momentos que en la zona de teatinos los term\u00f3metros marcaban 31 grados, mientras en la zona del puerto marcaban 24. A esto hab\u00eda que unirle las bajadas y subidas. Os paso el grafico de temperaturas que tiene la aemet en el puerto.<\/strong><\/span><\/p>\n<p><a href=\"https:\/\/blogs.diariosur.es\/tormentas-y-rayos\/2013\/05\/25\/prevision-del-tiempo-domingo-26-de-junio-se-confirma-el-embolsamiento-de-aire-frio-alerta-amarilla-por-tormentas-en-granada-y-jaen\/tttttttt\/\" rel=\"attachment wp-att-5931\"><img loading=\"lazy\" class=\"aligncenter size-medium wp-image-5931\" title=\"tttttttt\" src=\"\/tormentas-y-rayos\/wp-content\/uploads\/sites\/12\/2013\/05\/tttttttt.jpg\" alt=\"\" width=\"600\" height=\"260\" srcset=\"https:\/\/static-blogs.diariosur.es\/wp-content\/uploads\/sites\/12\/2013\/05\/tttttttt.jpg 720w, https:\/\/static-blogs.diariosur.es\/wp-content\/uploads\/sites\/12\/2013\/05\/tttttttt-640x277.jpg 640w\" sizes=\"(max-width: 600px) 100vw, 600px\" \/><\/a><\/p>\n<p><strong>Poco mas que contar. Hoy un dia estupendo ya que no hara mucho calor, incluso se pueden ver neblinas por la costa. Ma\u00f1ana y segun el modelo que he mirado no sera un domingo totalmente de playa. Un abrazo y nos vemos en un rato.<\/strong><\/p>\n","protected":false},"excerpt":{"rendered":"<p>Buenos dias amigos de la meteo. Son las siete y media de la ma\u00f1ana, registro 17 grados y los cielos est\u00e1n despejados. Prepar\u00e1ndome\u00a0para el\u00a0marat\u00f3n, en un rato os veo a todos. Solo comentaros un par de cosillas, la primera que el terral nos abandona hoy\u00a0s\u00e1bado\u00a0y que ma\u00f1ana se puede estropear un poco el dia. Una [&hellip;]<\/p>\n","protected":false},"author":16,"featured_media":5932,"comment_status":"open","ping_status":"open","sticky":false,"template":"","format":"standard","meta":[],"categories":[2],"tags":[63,91,341,539,809,980],"_links":{"self":[{"href":"https:\/\/blogs.diariosur.es\/tormentas-y-rayos\/wp-json\/wp\/v2\/posts\/5928"}],"collection":[{"href":"https:\/\/blogs.diariosur.es\/tormentas-y-rayos\/wp-json\/wp\/v2\/posts"}],"about":[{"href":"https:\/\/blogs.diariosur.es\/tormentas-y-rayos\/wp-json\/wp\/v2\/types\/post"}],"author":[{"embeddable":true,"href":"https:\/\/blogs.diariosur.es\/tormentas-y-rayos\/wp-json\/wp\/v2\/users\/16"}],"replies":[{"embeddable":true,"href":"https:\/\/blogs.diariosur.es\/tormentas-y-rayos\/wp-json\/wp\/v2\/comments?post=5928"}],"version-history":[{"count":0,"href":"https:\/\/blogs.diariosur.es\/tormentas-y-rayos\/wp-json\/wp\/v2\/posts\/5928\/revisions"}],"wp:featuredmedia":[{"embeddable":true,"href":"https:\/\/blogs.diariosur.es\/tormentas-y-rayos\/wp-json\/wp\/v2\/media\/5932"}],"wp:attachment":[{"href":"https:\/\/blogs.diariosur.es\/tormentas-y-rayos\/wp-json\/wp\/v2\/media?parent=5928"}],"wp:term":[{"taxonomy":"category","embeddable":true,"href":"https:\/\/blogs.diariosur.es\/tormentas-y-rayos\/wp-json\/wp\/v2\/categories?post=5928"},{"taxonomy":"post_tag","embeddable":true,"href":"https:\/\/blogs.diariosur.es\/tormentas-y-rayos\/wp-json\/wp\/v2\/tags?post=5928"}],"curies":[{"name":"wp","href":"https:\/\/api.w.org\/{rel}","templated":true}]}}