{"id":5935,"date":"2013-05-27T07:29:23","date_gmt":"2013-05-27T05:29:23","guid":{"rendered":"http:\/\/blogs.diariosur.es\/tormentas-y-rayos\/?p=5935"},"modified":"2013-05-27T07:29:23","modified_gmt":"2013-05-27T05:29:23","slug":"esta-primavera-loca-loca-loca-vuelve-el-terral-y-la-alergia-frio-y-nevadas-en-el-norte-peninsular","status":"publish","type":"post","link":"https:\/\/blogs.diariosur.es\/tormentas-y-rayos\/2013\/05\/27\/esta-primavera-loca-loca-loca-vuelve-el-terral-y-la-alergia-frio-y-nevadas-en-el-norte-peninsular\/","title":{"rendered":"Esta  primavera loca, loca, loca..  Vuelve el terral y la alergia. Fr\u00edo y nevadas en el norte peninsular."},"content":{"rendered":"<p><strong>Buenos dias amigos de la meteo.<\/strong><\/p>\n<p><strong>Son las seis de la ma\u00f1ana, registro 18 grados y los cielos est\u00e1n con neblinas y nubes bajas. Hoy tendremos nubes de evoluci\u00f3n que pueden dejar\u00a0alg\u00fan\u00a0chubasco de origen tormentoso , siendo mas probables por el interior. Esto se\u00a0deber\u00e1\u00a0al embolsamiento de aire fr\u00edo que aun tenemos.<\/strong><\/p>\n<p><strong>Me vais a permitir que hoy sea un post corto, aun tengo agujetas del marat\u00f3n fotogr\u00e1fico del s\u00e1bado pasado, hasta la cara me duele de tanto re\u00edrme. La verdad que gracias al sur lo hemos pasado genial. Foto Paqui Carnero.<\/strong><\/p>\n<p><a href=\"https:\/\/blogs.diariosur.es\/tormentas-y-rayos\/2013\/05\/27\/esta-primavera-loca-loca-loca-vuelve-el-terral-y-la-alergia-frio-y-nevadas-en-el-norte-peninsular\/964228_4793439404843_1552871732_o\/\" rel=\"attachment wp-att-5936\"><img loading=\"lazy\" class=\"aligncenter size-full wp-image-5936\" title=\"964228_4793439404843_1552871732_o\" src=\"\/tormentas-y-rayos\/wp-content\/uploads\/sites\/12\/2013\/05\/964228_4793439404843_1552871732_o.jpg\" alt=\"\" width=\"660\" height=\"495\" srcset=\"https:\/\/static-blogs.diariosur.es\/wp-content\/uploads\/sites\/12\/2013\/05\/964228_4793439404843_1552871732_o.jpg 660w, https:\/\/static-blogs.diariosur.es\/wp-content\/uploads\/sites\/12\/2013\/05\/964228_4793439404843_1552871732_o-533x400.jpg 533w\" sizes=\"(max-width: 660px) 100vw, 660px\" \/><\/a><\/p>\n<p><a href=\"https:\/\/blogs.diariosur.es\/tormentas-y-rayos\/2013\/05\/27\/esta-primavera-loca-loca-loca-vuelve-el-terral-y-la-alergia-frio-y-nevadas-en-el-norte-peninsular\/969192_4793432764677_1390965884_n_1\/\" rel=\"attachment wp-att-5937\"><img loading=\"lazy\" class=\"aligncenter size-full wp-image-5937\" title=\"969192_4793432764677_1390965884_n_1\" src=\"\/tormentas-y-rayos\/wp-content\/uploads\/sites\/12\/2013\/05\/969192_4793432764677_1390965884_n_1.jpg\" alt=\"\" width=\"500\" height=\"667\" srcset=\"https:\/\/static-blogs.diariosur.es\/wp-content\/uploads\/sites\/12\/2013\/05\/969192_4793432764677_1390965884_n_1.jpg 500w, https:\/\/static-blogs.diariosur.es\/wp-content\/uploads\/sites\/12\/2013\/05\/969192_4793432764677_1390965884_n_1-300x400.jpg 300w\" sizes=\"(max-width: 500px) 100vw, 500px\" \/><\/a><\/p>\n<p>&nbsp;<\/p>\n<p><strong>Menos mal que se cumplieron los pron\u00f3sticos del tiempo para el dia del marat\u00f3n \u00a0jijijiji. La neblina, la niebla \u00a0y las nubes bajas de levante fueron las protagonistas.\u00a0M\u00e1xima\u00a0de 22 y\u00a0m\u00ednima\u00a0de 16.<\/strong><\/p>\n<p><a href=\"https:\/\/blogs.diariosur.es\/tormentas-y-rayos\/2013\/05\/27\/esta-primavera-loca-loca-loca-vuelve-el-terral-y-la-alergia-frio-y-nevadas-en-el-norte-peninsular\/olympus-digital-camera-1343\/\" rel=\"attachment wp-att-5938\"><img loading=\"lazy\" class=\"aligncenter size-full wp-image-5938\" title=\"OLYMPUS DIGITAL CAMERA\" src=\"\/tormentas-y-rayos\/wp-content\/uploads\/sites\/12\/2013\/05\/046.jpg\" alt=\"\" width=\"660\" height=\"495\" srcset=\"https:\/\/static-blogs.diariosur.es\/wp-content\/uploads\/sites\/12\/2013\/05\/046.jpg 660w, https:\/\/static-blogs.diariosur.es\/wp-content\/uploads\/sites\/12\/2013\/05\/046-533x400.jpg 533w\" sizes=\"(max-width: 660px) 100vw, 660px\" \/><\/a><\/p>\n<p>&nbsp;<\/p>\n<p><strong>El domingo amaneci\u00f3 sin apenas nubes, pero a eso de las ocho de la ma\u00f1ana entro levante moderado, que trajo bastante nubosidad y sensaci\u00f3n de fresquete. Incluso me\u00a0 comento un amigo que por Torre de Benagalb\u00f3n llegaron a caer mijillas a esa hora. La m\u00e1xima fue de 20,6 grados y la m\u00ednima de 17. Sobre las dos de la tarde se abr\u00edan los cielos y el levante se calmaba. Esta foto que os pongo es del mediod\u00eda, no hab\u00eda nadie en la playa.<\/strong><\/p>\n<p><a href=\"https:\/\/blogs.diariosur.es\/tormentas-y-rayos\/2013\/05\/27\/esta-primavera-loca-loca-loca-vuelve-el-terral-y-la-alergia-frio-y-nevadas-en-el-norte-peninsular\/olympus-digital-camera-1344\/\" rel=\"attachment wp-att-5939\"><img loading=\"lazy\" class=\"aligncenter size-full wp-image-5939\" title=\"OLYMPUS DIGITAL CAMERA\" src=\"\/tormentas-y-rayos\/wp-content\/uploads\/sites\/12\/2013\/05\/0021.jpg\" alt=\"\" width=\"660\" height=\"495\" srcset=\"https:\/\/static-blogs.diariosur.es\/wp-content\/uploads\/sites\/12\/2013\/05\/0021.jpg 660w, https:\/\/static-blogs.diariosur.es\/wp-content\/uploads\/sites\/12\/2013\/05\/0021-533x400.jpg 533w\" sizes=\"(max-width: 660px) 100vw, 660px\" \/><\/a><\/p>\n<p><strong>Las tormentas tambien fueron las protagonistas al noreste de \u00a0Ja\u00e9n \u00a0y zona centro peninsular, dejaron fuertes chaparrones que iban acompa\u00f1ados de granizo. Y si no que se lo pregunten a mi amigo Alberto Lunas que estuvo cazando por tierras manchegas. Mi amigo Alberto visito el corredor de los tornados el a\u00f1o pasado.<span style=\"color: #ff0000;\"><a href=\"https:\/\/blogs.diariosur.es\/tormentas-y-rayos\/2012\/09\/03\/alberto-lunas-no-esta-triste-se-cumplio-su-sueno-visito-el-corredor-de-los-tornados\/\"> Pinchar AQUI<\/a><\/span><\/strong><\/p>\n<p><a href=\"https:\/\/blogs.diariosur.es\/tormentas-y-rayos\/2013\/05\/27\/esta-primavera-loca-loca-loca-vuelve-el-terral-y-la-alergia-frio-y-nevadas-en-el-norte-peninsular\/253327_10200440434225857_1237527276_n\/\" rel=\"attachment wp-att-5942\"><img loading=\"lazy\" class=\"aligncenter size-full wp-image-5942\" title=\"253327_10200440434225857_1237527276_n\" src=\"\/tormentas-y-rayos\/wp-content\/uploads\/sites\/12\/2013\/05\/253327_10200440434225857_1237527276_n.jpg\" alt=\"\" width=\"660\" height=\"453\" srcset=\"https:\/\/static-blogs.diariosur.es\/wp-content\/uploads\/sites\/12\/2013\/05\/253327_10200440434225857_1237527276_n.jpg 660w, https:\/\/static-blogs.diariosur.es\/wp-content\/uploads\/sites\/12\/2013\/05\/253327_10200440434225857_1237527276_n-583x400.jpg 583w\" sizes=\"(max-width: 660px) 100vw, 660px\" \/><\/a><\/p>\n<p>&nbsp;<\/p>\n<p>&nbsp;<\/p>\n<p><strong>Mapa de rayos fuente aemet<\/strong><\/p>\n<p><a href=\"https:\/\/blogs.diariosur.es\/tormentas-y-rayos\/2013\/05\/27\/esta-primavera-loca-loca-loca-vuelve-el-terral-y-la-alergia-frio-y-nevadas-en-el-norte-peninsular\/201305261600_r79g\/\" rel=\"attachment wp-att-5940\"><img loading=\"lazy\" class=\"aligncenter size-full wp-image-5940\" title=\"201305261600_r79g\" src=\"\/tormentas-y-rayos\/wp-content\/uploads\/sites\/12\/2013\/05\/201305261600_r79g.gif\" alt=\"\" width=\"500\" height=\"500\" \/><\/a><\/p>\n<p><span style=\"color: #ff0000;\"><strong>Bueno amigos vamos r\u00e1pidamente con el pronostico de hoy y ma\u00f1ana martes de esta loca primavera.\u00a0<\/strong><\/span><\/p>\n<p><span style=\"color: #0000ff;\"><strong>Hoy\u00a0seguir\u00e1n\u00a0las tormentas en el interior del tercio oriental peninsular. Estas tormentas pueden ser fuertes y acompa\u00f1adas de granizo.<\/strong><\/span><\/p>\n<p><span style=\"color: #0000ff;\"><strong>\u00a0Tambi\u00e9n\u00a0una fuerte borrasca situada en estos momentos cerca de las Islas Brit\u00e1nicas, ser\u00e1 la protagonistas durante estos primeros d\u00edas de esta semana en el norte pen\u00ednsular\u00a0<\/strong><\/span><\/p>\n<p>&nbsp;<\/p>\n<p><a href=\"https:\/\/blogs.diariosur.es\/tormentas-y-rayos\/2013\/05\/27\/esta-primavera-loca-loca-loca-vuelve-el-terral-y-la-alergia-frio-y-nevadas-en-el-norte-peninsular\/201305270400_s93g\/\" rel=\"attachment wp-att-5943\"><img loading=\"lazy\" class=\"aligncenter size-full wp-image-5943\" title=\"201305270400_s93g\" src=\"\/tormentas-y-rayos\/wp-content\/uploads\/sites\/12\/2013\/05\/201305270400_s93g.gif\" alt=\"\" width=\"550\" height=\"488\" \/><\/a><\/p>\n<p><a href=\"https:\/\/blogs.diariosur.es\/tormentas-y-rayos\/2013\/05\/27\/esta-primavera-loca-loca-loca-vuelve-el-terral-y-la-alergia-frio-y-nevadas-en-el-norte-peninsular\/rtavn301\/\" rel=\"attachment wp-att-5941\"><img loading=\"lazy\" class=\"aligncenter size-medium wp-image-5941\" title=\"Rtavn301\" src=\"\/tormentas-y-rayos\/wp-content\/uploads\/sites\/12\/2013\/05\/Rtavn301.png\" alt=\"\" width=\"487\" height=\"400\" srcset=\"https:\/\/static-blogs.diariosur.es\/wp-content\/uploads\/sites\/12\/2013\/05\/Rtavn301.png 790w, https:\/\/static-blogs.diariosur.es\/wp-content\/uploads\/sites\/12\/2013\/05\/Rtavn301-488x400.png 488w, https:\/\/static-blogs.diariosur.es\/wp-content\/uploads\/sites\/12\/2013\/05\/Rtavn301-768x630.png 768w\" sizes=\"(max-width: 487px) 100vw, 487px\" \/><\/a><\/p>\n<p><span style=\"color: #0000ff;\"><strong>Un frente fr\u00edo asociado a esta borrasca, traer\u00e1 lluvias moderadas y fuertes rachas de viento al norte peninsular, sobre todo ma\u00f1ana martes. La nieve har\u00e1 acto de presencia sobre los 1300 metros.<\/strong><\/span><\/p>\n<p><span style=\"color: #0000ff;\"><strong>En nuestra provincia el viento de terral tomara protagonismo a ultima hora de la tarde. Hoy tambien tendremos nubes de evoluci\u00f3n en las sierras malague\u00f1as, que pueden dejar\u00a0alg\u00fan\u00a0chubasco como os he comentado al principio del post.<\/strong><\/span><\/p>\n<p><span style=\"color: #0000ff;\"><strong> Ma\u00f1ana martes el poniente soplara con rachas muy fuertes en toda la Costa Oriental Andaluza. De momento la Aemet activa el aviso amarillo por viento y\u00a0fen\u00f3menos\u00a0costeros en las provincias de Granada y Almer\u00eda.<\/strong><\/span><\/p>\n<p><span style=\"color: #0000ff;\"><strong> Las\u00a0m\u00e1ximas\u00a0en nuestra capital pasaran de los 26 grados ma\u00f1ana martes y la alergia de nuevo sera la protagonista.<\/strong><\/span><\/p>\n<p><span style=\"color: #ff00ff;\"><strong>Amigo Paco he visto tu comentario jejejej, muchas gracias. No\u00a0hab\u00eda\u00a0le\u00eddo\u00a0ese enlace que has puesto.\u00a0<\/strong><\/span><\/p>\n<p><strong>Si ma\u00f1ana entramos en alerta por viento y\u00a0fen\u00f3menos\u00a0costeros lo mismo abro otro post.<\/strong><\/p>\n<p><strong> Hasta luego tiro para el curro.<\/strong><\/p>\n<p>&nbsp;<\/p>\n<p>&nbsp;<\/p>\n<p>&nbsp;<\/p>\n","protected":false},"excerpt":{"rendered":"<p>Buenos dias amigos de la meteo. Son las seis de la ma\u00f1ana, registro 18 grados y los cielos est\u00e1n con neblinas y nubes bajas. Hoy tendremos nubes de evoluci\u00f3n que pueden dejar\u00a0alg\u00fan\u00a0chubasco de origen tormentoso , siendo mas probables por el interior. Esto se\u00a0deber\u00e1\u00a0al embolsamiento de aire fr\u00edo que aun tenemos. Me vais a permitir [&hellip;]<\/p>\n","protected":false},"author":16,"featured_media":5937,"comment_status":"open","ping_status":"open","sticky":false,"template":"","format":"standard","meta":[],"categories":[2],"tags":[62,432,815,975,996],"_links":{"self":[{"href":"https:\/\/blogs.diariosur.es\/tormentas-y-rayos\/wp-json\/wp\/v2\/posts\/5935"}],"collection":[{"href":"https:\/\/blogs.diariosur.es\/tormentas-y-rayos\/wp-json\/wp\/v2\/posts"}],"about":[{"href":"https:\/\/blogs.diariosur.es\/tormentas-y-rayos\/wp-json\/wp\/v2\/types\/post"}],"author":[{"embeddable":true,"href":"https:\/\/blogs.diariosur.es\/tormentas-y-rayos\/wp-json\/wp\/v2\/users\/16"}],"replies":[{"embeddable":true,"href":"https:\/\/blogs.diariosur.es\/tormentas-y-rayos\/wp-json\/wp\/v2\/comments?post=5935"}],"version-history":[{"count":0,"href":"https:\/\/blogs.diariosur.es\/tormentas-y-rayos\/wp-json\/wp\/v2\/posts\/5935\/revisions"}],"wp:featuredmedia":[{"embeddable":true,"href":"https:\/\/blogs.diariosur.es\/tormentas-y-rayos\/wp-json\/wp\/v2\/media\/5937"}],"wp:attachment":[{"href":"https:\/\/blogs.diariosur.es\/tormentas-y-rayos\/wp-json\/wp\/v2\/media?parent=5935"}],"wp:term":[{"taxonomy":"category","embeddable":true,"href":"https:\/\/blogs.diariosur.es\/tormentas-y-rayos\/wp-json\/wp\/v2\/categories?post=5935"},{"taxonomy":"post_tag","embeddable":true,"href":"https:\/\/blogs.diariosur.es\/tormentas-y-rayos\/wp-json\/wp\/v2\/tags?post=5935"}],"curies":[{"name":"wp","href":"https:\/\/api.w.org\/{rel}","templated":true}]}}