{"id":5948,"date":"2013-05-29T06:48:52","date_gmt":"2013-05-29T04:48:52","guid":{"rendered":"http:\/\/blogs.diariosur.es\/tormentas-y-rayos\/?p=5948"},"modified":"2013-05-29T06:48:52","modified_gmt":"2013-05-29T04:48:52","slug":"ultima-hora-de-un-ano-sin-verano-el-terral-sera-protagonista-con-rachas-fuertes","status":"publish","type":"post","link":"https:\/\/blogs.diariosur.es\/tormentas-y-rayos\/2013\/05\/29\/ultima-hora-de-un-ano-sin-verano-el-terral-sera-protagonista-con-rachas-fuertes\/","title":{"rendered":"\u00daltima hora de un a\u00f1o sin verano."},"content":{"rendered":"<p><strong>Buenos d\u00edas amigos de la meteo. <\/strong><\/p>\n<p><strong>Son las seis de la ma\u00f1ana, registro 17 grados y los cielos est\u00e1n poco nubosos. El viento de terral de primavera seguira siendo el protagonista con rachas fuertes.<\/strong><\/p>\n<p><strong>Antes de hablaros de esta noticia &#8221; un a\u00f1o sin verano &#8221; \u00a0que circula desde hace unas semanas en muchos medios de comunicaci\u00f3n, os quiero hablar un poco de esta primavera, ya que muchos pens\u00e1is que estamos ya en verano.<\/strong><\/p>\n<p><strong>Lo primero y valga la redundancia es que estamos en primavera, y no en verano. Tengo algunos compa\u00f1eros y amigos que cuando hablan conmigo se le escapa la palabra verano, y no amigos estamos en primavera, y para mi entender se esta comportando como tal. El paso del invierno a la primavera, es mas dif\u00edcil que del verano al oto\u00f1o. Seguro que cuando acabe el mes, la medias de temperaturas estar\u00e1 cercana a lo normal o un poco mas bajas hacia el norte de la\u00a0pen\u00ednsula. Cuando acabe Mayo y la Aemet saque el estudio de mayo veremos como ha sido la media de temperaturas en la\u00a0pen\u00ednsula. En Abril fue normal en precipitaciones y en temperaturas un 0,5 mayor.<\/strong><\/p>\n<p><strong>Os paso unos datos de otros a\u00f1os en que hemos tenido fr\u00edo y olas de calor.<\/strong><\/p>\n<p><strong>En el a\u00f1o 1972 un 15 de mayo, M\u00e1laga Capital registro una m\u00ednima de 6,4 grados. Otro dato a destacar fue el 18 de mayo del 1995 que M\u00e1laga llego a 35 grados. El 15 de junio del 1972 M\u00e1laga registro una m\u00ednima de 10,4 grados, tambi\u00e9n destaca los 41 grados del 12 de junio del 1983. Y que me dec\u00eds de los 1,2 grados de m\u00ednima en Huelva el 16 de junio del 1966.<\/strong><\/p>\n<p><strong>Espero que teng\u00e1is un poco mas claro lo de la primavera, lo que pasa es que nos tenia mal acostumbrados en Andaluc\u00eda.<\/strong><\/p>\n<p><span style=\"color: #ff0000;\"><strong>Hablemos ahora de este notici\u00f3n de un a\u00f1o sin verano, que corre por los medios de comunicaci\u00f3n y que la prensa sensacionalista se encargan de desvirtuar compar\u00e1ndolo con el a\u00f1o 1816. <\/strong><\/span><\/p>\n<p><strong>Primero comentaros que la noticia sali\u00f3 de la p\u00e1gina de<a href=\"http:\/\/actualite.lachainemeteo.com\/actualite-meteo\/2013-05-25-09h04\/meteo-2013---une-annee-sans-ete---21057.php\" rel=\"external nofollow\"> meteo france<\/a>. Simplemente comentan algunos meteorologos franceses que\u00a0seg\u00fan\u00a0unos estudios realizados, el verano sera un grado o dos mas bajo de la media. Pero por este motivo ni muchos menos no vamos a tener verano, que mas quisiera yo jejeje. Me parece\u00a0incongruente compararlo con el 1816 como han hecho algunos medios. \u00a0Ese \u00a0a\u00f1o ( 1816) \u00a0si que fue un a\u00f1o sin verano, pero se\u00a0debi\u00f3\u00a0a una tremenda\u00a0erupci\u00f3n\u00a0volc\u00e1nica\u00a0del Tambora un a\u00f1o antes (1815), que\u00a0emiti\u00f3\u00a0a la\u00a0atm\u00f3sfera\u00a0una impresionante cantidad de aerosoles etc etc , dando lugar a un\u00a0enfriamiento\u00a0en el hemisferio norte. Este a\u00f1o se dieron dos inviernos.<a href=\"http:\/\/www.tiempo.com\/ram\/354\/volcanes-y-clima-1816-un-ano-sin-verano-en-el-hemisferio-norte\/\" rel=\"external nofollow\"> Os paso un articulo de la revista ram que esta muy bien, se habla de este verano del 1816<\/a><\/strong><\/p>\n<p><strong>\u00a0As\u00ed que tranquilos que eso no va a pasar.\u00a0<\/strong><\/p>\n<p><strong>La predicci\u00f3n estacional que da la AEMET para el verano y que esta basada \u00a0en el modelo de predicci\u00f3n estacional del<a href=\"http:\/\/www.aemet.es\/es\/portal\/web\/serviciosclimaticos\/prediccion_estacional\" rel=\"external nofollow\"> Centro Europeo de Predicci\u00f3n a Medio Plazo (ECMWF) <\/a>y otros modelos procedentes de otros centros, dice que el verano ser\u00e1 normal. \u00a0Esto se entiende a que no sera un verano con temperaturas mas altas de las medias para estos meses, ni mas bajas. Comentaros que estos modelos estacionales\u00a0est\u00e1n\u00a0en fase de experimentaci\u00f3n y que en\u00a0ning\u00fan\u00a0momento certifica que eso pasara este verano.<\/strong><\/p>\n<p><strong> De todas formas en el a\u00f1o 1977 tuvimos un verano con unas medias de temperaturas mas bajas de lo normal en el trimestre Junio, Julio y Agosto. En algunos puntos de la\u00a0pen\u00ednsula\u00a0de hasta tres grados menos respecto a la media. \u00a0Os paso un enlace al foro de\u00a0meteorolog\u00eda\u00a0en el que yo participo desde hace muchos a\u00f1os.<a href=\"http:\/\/foro.tiempo.com\/1977-el-ano-sin-verano-t35692.0.html\" rel=\"external nofollow\"> En este topic se habla de este a\u00f1o con el verano mas fresco.<\/a><\/strong><\/p>\n<p><strong>\u00a0Resumiendo amigos de la meteo: La noticia\u00a0sensacionalistas\u00a0de algunos medios de comunicaci\u00f3n a que este a\u00f1o sera&#8221; un a\u00f1o sin verano como el 1816, durar\u00e1 como todas las noticias sensacionalistas, \u00a0(parafraseando a Sabina) . La noticia duro lo que dura un polo de hielo a pleno sol.<\/strong><\/p>\n<p><strong> Cuando acabe el verano ya veremos que medias de temperaturas hemos tenido. Y ojala sea un verano parecido al 1977.<\/strong><\/p>\n<p><strong>\u00a0Os pongo este fot\u00f3n de mi amigo Juan Pablo Cerro, cazo este impresionante arcus en Elche el pasado 27 de mayo. Impresionante amigo<\/strong><\/p>\n<p><a href=\"https:\/\/blogs.diariosur.es\/tormentas-y-rayos\/2013\/05\/29\/ultima-hora-de-un-ano-sin-verano-el-terral-sera-protagonista-con-rachas-fuertes\/olympus-digital-camera-1347\/\" rel=\"attachment wp-att-5953\"><img loading=\"lazy\" class=\"aligncenter size-full wp-image-5953\" title=\"OLYMPUS DIGITAL CAMERA\" src=\"\/tormentas-y-rayos\/wp-content\/uploads\/sites\/12\/2013\/05\/Pano-3.jpg\" alt=\"\" width=\"660\" height=\"338\" srcset=\"https:\/\/static-blogs.diariosur.es\/wp-content\/uploads\/sites\/12\/2013\/05\/Pano-3.jpg 660w, https:\/\/static-blogs.diariosur.es\/wp-content\/uploads\/sites\/12\/2013\/05\/Pano-3-640x328.jpg 640w\" sizes=\"(max-width: 660px) 100vw, 660px\" \/><\/a><\/p>\n<p><span style=\"color: #ff00ff;\"><strong>OS HAGO UN PEQUE\u00d1O RESUMEN DEL LUNES Y EL MARTES<\/strong><\/span><\/p>\n<p><strong>Se cumplieron los\u00a0pron\u00f3sticos y el viento de terral fue el protagonista el lunes y el martes.<\/strong><\/p>\n<p><strong> La maxima del lunes fue de 26,3 grados y la\u00a0m\u00ednima\u00a0de\u00a0\u00a015,6. Los cielos \u00a0malague\u00f1os a partir del\u00a0mediod\u00eda, se adornaron con nubes de evoluci\u00f3n.\u00a0<\/strong><\/p>\n<p><a href=\"https:\/\/blogs.diariosur.es\/tormentas-y-rayos\/2013\/05\/29\/ultima-hora-de-un-ano-sin-verano-el-terral-sera-protagonista-con-rachas-fuertes\/olympus-digital-camera-1345\/\" rel=\"attachment wp-att-5950\"><img loading=\"lazy\" class=\"aligncenter size-full wp-image-5950\" title=\"OLYMPUS DIGITAL CAMERA\" src=\"\/tormentas-y-rayos\/wp-content\/uploads\/sites\/12\/2013\/05\/002_14.jpg\" alt=\"\" width=\"660\" height=\"495\" srcset=\"https:\/\/static-blogs.diariosur.es\/wp-content\/uploads\/sites\/12\/2013\/05\/002_14.jpg 660w, https:\/\/static-blogs.diariosur.es\/wp-content\/uploads\/sites\/12\/2013\/05\/002_14-533x400.jpg 533w\" sizes=\"(max-width: 660px) 100vw, 660px\" \/><\/a><\/p>\n<p>&nbsp;<\/p>\n<p><strong>Aunque lo mas bonito del lunes fue el \u00a0amanecer, como\u00a0hab\u00e9is\u00a0podido ver en la foto de portada. Mi amigo y gran aficionado a la\u00a0meteorolog\u00eda\u00a0Paco Mart\u00edn quiere compartirlas con todos vosotros. Un fot\u00f3n Paco.<\/strong><\/p>\n<p><a href=\"https:\/\/blogs.diariosur.es\/tormentas-y-rayos\/2013\/05\/29\/ultima-hora-de-un-ano-sin-verano-el-terral-sera-protagonista-con-rachas-fuertes\/920118_146180592233921_808328272_o_1\/\" rel=\"attachment wp-att-5951\"><img loading=\"lazy\" class=\"aligncenter size-full wp-image-5951\" title=\"920118_146180592233921_808328272_o_1\" src=\"\/tormentas-y-rayos\/wp-content\/uploads\/sites\/12\/2013\/05\/920118_146180592233921_808328272_o_1.jpg\" alt=\"\" width=\"660\" height=\"440\" srcset=\"https:\/\/static-blogs.diariosur.es\/wp-content\/uploads\/sites\/12\/2013\/05\/920118_146180592233921_808328272_o_1.jpg 660w, https:\/\/static-blogs.diariosur.es\/wp-content\/uploads\/sites\/12\/2013\/05\/920118_146180592233921_808328272_o_1-600x400.jpg 600w\" sizes=\"(max-width: 660px) 100vw, 660px\" \/><\/a><\/p>\n<p><strong>Ayer martes la m\u00e1xima en teatinos fue de 24,4 grados y de 24 en el puero, lo que pasaba es que debido al viento de terral, la sensaci\u00f3n t\u00e9rmica era de casi 5 grados menos. Yo pensaba que pasariamos de 27, pero debido a la temperatura que\u00a0ten\u00edamos\u00a0a 85o hpa 12 grados ( 1500 ) no\u00a0subi\u00f3\u00a0tanto como esperaba. Sobre las siete de la tarde el cielo se nublo totalmente, pero no se registro precipitaci\u00f3n \u00a0a pesar de ese cielo. Os paso una foto.<\/strong><\/p>\n<p><a href=\"https:\/\/blogs.diariosur.es\/tormentas-y-rayos\/2013\/05\/29\/ultima-hora-de-un-ano-sin-verano-el-terral-sera-protagonista-con-rachas-fuertes\/olympus-digital-camera-1346\/\" rel=\"attachment wp-att-5952\"><img loading=\"lazy\" class=\"aligncenter size-full wp-image-5952\" title=\"OLYMPUS DIGITAL CAMERA\" src=\"\/tormentas-y-rayos\/wp-content\/uploads\/sites\/12\/2013\/05\/005.jpg\" alt=\"\" width=\"660\" height=\"495\" srcset=\"https:\/\/static-blogs.diariosur.es\/wp-content\/uploads\/sites\/12\/2013\/05\/005.jpg 660w, https:\/\/static-blogs.diariosur.es\/wp-content\/uploads\/sites\/12\/2013\/05\/005-533x400.jpg 533w\" sizes=\"(max-width: 660px) 100vw, 660px\" \/><\/a><\/p>\n<p>&nbsp;<\/p>\n<p>&nbsp;<\/p>\n<p><strong>Hoy\u00a0seguir\u00e1\u00a0el terral de primavera, la \u00a0maxima\u00a0estar\u00e1\u00a0sobre los 25 grados y los cielos\u00a0estar\u00e1n\u00a0poco nubosos.<\/strong><\/p>\n<p><strong>Bueno amigos os dejo hasta el viernes. <\/strong><\/p>\n<p>&nbsp;<\/p>\n","protected":false},"excerpt":{"rendered":"<p>Buenos d\u00edas amigos de la meteo. Son las seis de la ma\u00f1ana, registro 17 grados y los cielos est\u00e1n poco nubosos. El viento de terral de primavera seguira siendo el protagonista con rachas fuertes. Antes de hablaros de esta noticia &#8221; un a\u00f1o sin verano &#8221; \u00a0que circula desde hace unas semanas en muchos medios [&hellip;]<\/p>\n","protected":false},"author":16,"featured_media":5953,"comment_status":"open","ping_status":"open","sticky":false,"template":"","format":"standard","meta":[],"categories":[2],"tags":[109,920,1029,1052],"_links":{"self":[{"href":"https:\/\/blogs.diariosur.es\/tormentas-y-rayos\/wp-json\/wp\/v2\/posts\/5948"}],"collection":[{"href":"https:\/\/blogs.diariosur.es\/tormentas-y-rayos\/wp-json\/wp\/v2\/posts"}],"about":[{"href":"https:\/\/blogs.diariosur.es\/tormentas-y-rayos\/wp-json\/wp\/v2\/types\/post"}],"author":[{"embeddable":true,"href":"https:\/\/blogs.diariosur.es\/tormentas-y-rayos\/wp-json\/wp\/v2\/users\/16"}],"replies":[{"embeddable":true,"href":"https:\/\/blogs.diariosur.es\/tormentas-y-rayos\/wp-json\/wp\/v2\/comments?post=5948"}],"version-history":[{"count":0,"href":"https:\/\/blogs.diariosur.es\/tormentas-y-rayos\/wp-json\/wp\/v2\/posts\/5948\/revisions"}],"wp:featuredmedia":[{"embeddable":true,"href":"https:\/\/blogs.diariosur.es\/tormentas-y-rayos\/wp-json\/wp\/v2\/media\/5953"}],"wp:attachment":[{"href":"https:\/\/blogs.diariosur.es\/tormentas-y-rayos\/wp-json\/wp\/v2\/media?parent=5948"}],"wp:term":[{"taxonomy":"category","embeddable":true,"href":"https:\/\/blogs.diariosur.es\/tormentas-y-rayos\/wp-json\/wp\/v2\/categories?post=5948"},{"taxonomy":"post_tag","embeddable":true,"href":"https:\/\/blogs.diariosur.es\/tormentas-y-rayos\/wp-json\/wp\/v2\/tags?post=5948"}],"curies":[{"name":"wp","href":"https:\/\/api.w.org\/{rel}","templated":true}]}}