{"id":5955,"date":"2013-05-31T07:17:14","date_gmt":"2013-05-31T05:17:14","guid":{"rendered":"http:\/\/blogs.diariosur.es\/tormentas-y-rayos\/?p=5955"},"modified":"2013-05-31T07:17:14","modified_gmt":"2013-05-31T05:17:14","slug":"prevision-del-tiempo-fin-de-semana-vamos-a-la-playa-casi-calienta-el-sol-chibiribiri-porompompom","status":"publish","type":"post","link":"https:\/\/blogs.diariosur.es\/tormentas-y-rayos\/2013\/05\/31\/prevision-del-tiempo-fin-de-semana-vamos-a-la-playa-casi-calienta-el-sol-chibiribiri-porompompom\/","title":{"rendered":"Previsi\u00f3n del tiempo fin de semana. Vamos a la playa  &#8220;casi&#8221; calienta el sol! chibiribiri porompompom"},"content":{"rendered":"<p><strong><span style=\"color: #ff00ff;\">Os actualizo el blog cuando son las tres y media de la tarde. Os\u00a0quer\u00eda\u00a0comentar \u00a0que hay posibilidad de bancos de niebla \u00a0en el mar el s\u00e1bado. Lo que no estoy muy seguro es si se adentraran hasta la costa. El terral es el protagonista ahora mismo, la zona de teatinos se acerca a los 30 grados.<\/span><\/strong><\/p>\n<p>&nbsp;<\/p>\n<p><strong>Buenos dias amigos de la meteo. Son las seis de la ma\u00f1ana, registro 17 grados y los cielos est\u00e1n despejados.<\/strong><\/p>\n<p><strong>\u00a0<strong>Hoy viernes\u00a0volver\u00e1\u00a0 el terral de primavera al\u00a0mediod\u00eda\u00a0, de nuevo la maxima en teatinos rondara los 28 o 29 grados. En la madrugada del\u00a0s\u00e1bado\u00a0ira amainando y\u00a0dar\u00e1\u00a0paso al sur sureste.<\/strong><\/strong><\/p>\n<p><strong>Muchas gracias a todos por los comentarios recibidos en el blog \u00a0y en mi \u00a0correo de<span style=\"color: #ff0000;\"><a href=\"https:\/\/blogs.diariosur.es\/tormentas-y-rayos\/2013\/05\/29\/ultima-hora-de-un-ano-sin-verano-el-terral-sera-protagonista-con-rachas-fuertes\/\"> &#8221; un a\u00f1o sin verano&#8221;. <\/a><\/span><\/strong><\/p>\n<p><strong>Antes de daros un peque\u00f1o resumen del jueves os doy la previsi\u00f3n del fin de semana.<\/strong><\/p>\n<p><strong>Bueno amigos parece que tanto el\u00a0s\u00e1bado\u00a0como el domingo escucharemos la\u00a0canci\u00f3n\u00a0del titulo del post, pero le a\u00f1adido casi.\u00a0<\/strong><\/p>\n<p><strong>\u00a0Despu\u00e9s\u00a0de unos fines de semanas poco playeros el sol sera el protagonista, y lo que es mas importante, al soplar sur sureste bajara la alergia. De todas formas las\u00a0m\u00e1ximas\u00a0no creo que pasen de 25 grados y la temperatura del agua del mar\u00a0estar\u00e1\u00a0sobre los 19 grados. Pero en comparaci\u00f3n a los fines de semanas pasados se\u00a0podr\u00e1\u00a0uno tumbar en la arena. Espero que no sople muy fuerte el levante el domingo, porque si no la sensaci\u00f3n sera de fresquete.<\/strong><\/p>\n<p>&nbsp;<\/p>\n<p>&nbsp;<\/p>\n<p><strong> En el interior de\u00a0Andaluc\u00eda y Valle del Guadalquivir\u00a0\u00a0si\u00a0subir\u00e1n\u00a0mas las temperaturas, y\u00a0estar\u00e1n\u00a0cercanas a los 30 grados.<\/strong><\/p>\n<p><a href=\"https:\/\/blogs.diariosur.es\/tormentas-y-rayos\/2013\/05\/31\/prevision-del-tiempo-fin-de-semana-vamos-a-la-playa-casi-calienta-el-sol-chibiribiri-porompompom\/concur-640x640x80\/\" rel=\"attachment wp-att-5956\"><img loading=\"lazy\" class=\"aligncenter size-full wp-image-5956\" title=\"concur-640x640x80\" src=\"\/tormentas-y-rayos\/wp-content\/uploads\/sites\/12\/2013\/05\/concurx80.jpg\" alt=\"\" width=\"660\" height=\"413\" \/><\/a><\/p>\n<p><strong>Lo mas destacado del jueves fueron dos cosas y estoy seguro que muchos os disteis cuenta. La primera el viento de terral de primavera que soplo entre moderado y fuerte. La segunda, que a partir de las cuatro y media cambio a levante, esto trajo consigo que bajaran la\u00a0m\u00e1ximas\u00a0tanto en el Puerto como en el Centro\u00a0Meteorol\u00f3gico. Os paso unos\u00a0gr\u00e1ficos fuente aemet. <\/strong><\/p>\n<p><strong>Impresionante el baj\u00f3n en el Puerto.<\/strong><\/p>\n<p><a href=\"https:\/\/blogs.diariosur.es\/tormentas-y-rayos\/2013\/05\/31\/prevision-del-tiempo-fin-de-semana-vamos-a-la-playa-casi-calienta-el-sol-chibiribiri-porompompom\/puerto-8\/\" rel=\"attachment wp-att-5958\"><img loading=\"lazy\" class=\"aligncenter size-medium wp-image-5958\" title=\"puerto\" src=\"\/tormentas-y-rayos\/wp-content\/uploads\/sites\/12\/2013\/05\/puerto1.jpg\" alt=\"\" width=\"600\" height=\"261\" srcset=\"https:\/\/static-blogs.diariosur.es\/wp-content\/uploads\/sites\/12\/2013\/05\/puerto1.jpg 707w, https:\/\/static-blogs.diariosur.es\/wp-content\/uploads\/sites\/12\/2013\/05\/puerto1-640x279.jpg 640w\" sizes=\"(max-width: 600px) 100vw, 600px\" \/><\/a><a href=\"https:\/\/blogs.diariosur.es\/tormentas-y-rayos\/2013\/05\/31\/prevision-del-tiempo-fin-de-semana-vamos-a-la-playa-casi-calienta-el-sol-chibiribiri-porompompom\/puerto-viento-2\/\" rel=\"attachment wp-att-5959\"><img loading=\"lazy\" class=\"aligncenter size-medium wp-image-5959\" title=\"puerto viento\" src=\"\/tormentas-y-rayos\/wp-content\/uploads\/sites\/12\/2013\/05\/puerto-viento.jpg\" alt=\"\" width=\"600\" height=\"257\" srcset=\"https:\/\/static-blogs.diariosur.es\/wp-content\/uploads\/sites\/12\/2013\/05\/puerto-viento.jpg 707w, https:\/\/static-blogs.diariosur.es\/wp-content\/uploads\/sites\/12\/2013\/05\/puerto-viento-640x274.jpg 640w\" sizes=\"(max-width: 600px) 100vw, 600px\" \/><\/a><a href=\"https:\/\/blogs.diariosur.es\/tormentas-y-rayos\/2013\/05\/31\/prevision-del-tiempo-fin-de-semana-vamos-a-la-playa-casi-calienta-el-sol-chibiribiri-porompompom\/teatinos-5\/\" rel=\"attachment wp-att-5960\"><img loading=\"lazy\" class=\"aligncenter size-medium wp-image-5960\" title=\"teatinos\" src=\"\/tormentas-y-rayos\/wp-content\/uploads\/sites\/12\/2013\/05\/teatinos1.jpg\" alt=\"\" width=\"600\" height=\"251\" srcset=\"https:\/\/static-blogs.diariosur.es\/wp-content\/uploads\/sites\/12\/2013\/05\/teatinos1.jpg 716w, https:\/\/static-blogs.diariosur.es\/wp-content\/uploads\/sites\/12\/2013\/05\/teatinos1-640x268.jpg 640w\" sizes=\"(max-width: 600px) 100vw, 600px\" \/><\/a><\/p>\n<p>&nbsp;<\/p>\n<p>&nbsp;<\/p>\n<p><span style=\"color: #0000ff;\"><strong>Antes de acabar el post de hoy, quiero comentar una cosilla amigos de la meteo. A partir de ma\u00f1ana 1 de junio cambio de turno en mi curro, paso al turno partido con unas horas de comida. El decir esto es porque en el turno que tenia antes estaba una semana de ma\u00f1ana y otra de tarde, con lo cual\u00a0tendr\u00e9\u00a0poco tiempo para fotografiar. De todas formas intentare ir a la playa aunque sea con traje y corbata para fotografiar el amanecer pero las fotos las\u00a0pondr\u00eda\u00a0al dia\u00a0siguiente. Los atardeceres y los cielos con nubes si que me los\u00a0perder\u00e9\u00a0muchos dias.\u00a0<\/strong><\/span><\/p>\n<p><span style=\"color: #ff0000;\"><strong>El dia pasado conoc\u00ed a dos seguidores del blog. Hace cuatro dias en mi curro se me acerco una se\u00f1ora y me pregunto si yo era el del blog tormenta y rayos jejej, me dio mucha alegria. Lo curioso de esta se\u00f1ora es que no le gusta para nada la lluvia y le tiene fobia a las tormentas, me comento que hasta lo pasa mal, un abrazo amiga.<\/strong><\/span><\/p>\n<p><span style=\"color: #ff0000;\"><strong>El\u00a0mi\u00e9rcoles\u00a0entrando al portal tambien un muchacho me pregunto si yo era Jose luis Escudero, creo recordar que se llama Eduardo. Me comento que es vecino de un portal mas abajo y que viendo mis fotos sabia que\u00a0viv\u00eda\u00a0cerca de esa zona. Un fuerte abrazo amigo.<\/strong><\/span><\/p>\n<p>&nbsp;<\/p>\n<p><strong>Os dejo con este fot\u00f3n de mammatus de Barrett Campbell\u00a0<\/strong><\/p>\n<p><a href=\"https:\/\/blogs.diariosur.es\/tormentas-y-rayos\/2013\/05\/31\/prevision-del-tiempo-fin-de-semana-vamos-a-la-playa-casi-calienta-el-sol-chibiribiri-porompompom\/barrett-campbell\/\" rel=\"attachment wp-att-5961\"><img loading=\"lazy\" class=\"aligncenter size-full wp-image-5961\" title=\"barrett campbell\" src=\"\/tormentas-y-rayos\/wp-content\/uploads\/sites\/12\/2013\/05\/barrett-campbell.jpg\" alt=\"\" width=\"660\" height=\"495\" srcset=\"https:\/\/static-blogs.diariosur.es\/wp-content\/uploads\/sites\/12\/2013\/05\/barrett-campbell.jpg 660w, https:\/\/static-blogs.diariosur.es\/wp-content\/uploads\/sites\/12\/2013\/05\/barrett-campbell-533x400.jpg 533w\" sizes=\"(max-width: 660px) 100vw, 660px\" \/><\/a><\/p>\n<p>&nbsp;<\/p>\n","protected":false},"excerpt":{"rendered":"<p>Os actualizo el blog cuando son las tres y media de la tarde. Os\u00a0quer\u00eda\u00a0comentar \u00a0que hay posibilidad de bancos de niebla \u00a0en el mar el s\u00e1bado. Lo que no estoy muy seguro es si se adentraran hasta la costa. El terral es el protagonista ahora mismo, la zona de teatinos se acerca a los 30 [&hellip;]<\/p>\n","protected":false},"author":16,"featured_media":5957,"comment_status":"open","ping_status":"open","sticky":false,"template":"","format":"standard","meta":[],"categories":[2],"tags":[410,809,902,934,962,980],"_links":{"self":[{"href":"https:\/\/blogs.diariosur.es\/tormentas-y-rayos\/wp-json\/wp\/v2\/posts\/5955"}],"collection":[{"href":"https:\/\/blogs.diariosur.es\/tormentas-y-rayos\/wp-json\/wp\/v2\/posts"}],"about":[{"href":"https:\/\/blogs.diariosur.es\/tormentas-y-rayos\/wp-json\/wp\/v2\/types\/post"}],"author":[{"embeddable":true,"href":"https:\/\/blogs.diariosur.es\/tormentas-y-rayos\/wp-json\/wp\/v2\/users\/16"}],"replies":[{"embeddable":true,"href":"https:\/\/blogs.diariosur.es\/tormentas-y-rayos\/wp-json\/wp\/v2\/comments?post=5955"}],"version-history":[{"count":0,"href":"https:\/\/blogs.diariosur.es\/tormentas-y-rayos\/wp-json\/wp\/v2\/posts\/5955\/revisions"}],"wp:featuredmedia":[{"embeddable":true,"href":"https:\/\/blogs.diariosur.es\/tormentas-y-rayos\/wp-json\/wp\/v2\/media\/5957"}],"wp:attachment":[{"href":"https:\/\/blogs.diariosur.es\/tormentas-y-rayos\/wp-json\/wp\/v2\/media?parent=5955"}],"wp:term":[{"taxonomy":"category","embeddable":true,"href":"https:\/\/blogs.diariosur.es\/tormentas-y-rayos\/wp-json\/wp\/v2\/categories?post=5955"},{"taxonomy":"post_tag","embeddable":true,"href":"https:\/\/blogs.diariosur.es\/tormentas-y-rayos\/wp-json\/wp\/v2\/tags?post=5955"}],"curies":[{"name":"wp","href":"https:\/\/api.w.org\/{rel}","templated":true}]}}