{"id":5963,"date":"2013-06-03T07:39:48","date_gmt":"2013-06-03T05:39:48","guid":{"rendered":"http:\/\/blogs.diariosur.es\/tormentas-y-rayos\/?p=5963"},"modified":"2013-06-03T07:39:48","modified_gmt":"2013-06-03T05:39:48","slug":"ultima-hora-intento-de-homicidio-por-la-trama-anticiclonica-al-hombre-del-tiempo-subida-generalizada-de-temperaturas","status":"publish","type":"post","link":"https:\/\/blogs.diariosur.es\/tormentas-y-rayos\/2013\/06\/03\/ultima-hora-intento-de-homicidio-por-la-trama-anticiclonica-al-hombre-del-tiempo-subida-generalizada-de-temperaturas\/","title":{"rendered":"Ultima hora!! Intento de homicidio por la trama anticiclonica al hombre del tiempo. Subida generalizada de temperaturas."},"content":{"rendered":"<p><strong>Buenos d\u00edas amigos de la meteo. Son las seis de la ma\u00f1ana, registro 17 grados y los cielos est\u00e1n despejados.<\/strong><\/p>\n<p><strong>Asi es amigos, el s\u00e1bado dia 25 en el Marat\u00f3n Fotogr\u00e1fico Objetivo M\u00e1laga tuve una tentativa de homicidio como pod\u00e9is ver en esta foto.<\/strong><\/p>\n<p>&nbsp;<\/p>\n<p><a href=\"https:\/\/blogs.diariosur.es\/tormentas-y-rayos\/2013\/06\/03\/ultima-hora-intento-de-homicidio-por-la-trama-anticiclonica-al-hombre-del-tiempo-subida-generalizada-de-temperaturas\/979987_10200362362525251_2074223283_o-2\/\" rel=\"attachment wp-att-5968\"><img loading=\"lazy\" class=\"aligncenter size-full wp-image-5968\" title=\"979987_10200362362525251_2074223283_o\" src=\"\/tormentas-y-rayos\/wp-content\/uploads\/sites\/12\/2013\/06\/979987_10200362362525251_2074223283_o1.jpg\" alt=\"\" width=\"660\" height=\"440\" srcset=\"https:\/\/static-blogs.diariosur.es\/wp-content\/uploads\/sites\/12\/2013\/06\/979987_10200362362525251_2074223283_o1.jpg 660w, https:\/\/static-blogs.diariosur.es\/wp-content\/uploads\/sites\/12\/2013\/06\/979987_10200362362525251_2074223283_o1-600x400.jpg 600w\" sizes=\"(max-width: 660px) 100vw, 660px\" \/><\/a><\/p>\n<p><strong>\u00a0La trama\u00a0anticicl\u00f3nica\u00a0dirigida por Manuel Rueda ( alias el zappafrigor\u00edfico), \u00a0 Lui G.Mar\u00edn ( alias el camale\u00f3n), Fernando Gonzalez ( alias el vientofuerte) y por ultimo mi hermano gemelo ( alias el afro) no pudieron quitarme del medio.<\/strong><\/p>\n<p><a href=\"https:\/\/blogs.diariosur.es\/tormentas-y-rayos\/2013\/06\/03\/ultima-hora-intento-de-homicidio-por-la-trama-anticiclonica-al-hombre-del-tiempo-subida-generalizada-de-temperaturas\/963773_4879669271176_578033464_o\/\" rel=\"attachment wp-att-5973\"><img loading=\"lazy\" class=\"aligncenter size-full wp-image-5973\" title=\"963773_4879669271176_578033464_o\" src=\"\/tormentas-y-rayos\/wp-content\/uploads\/sites\/12\/2013\/06\/963773_4879669271176_578033464_o.jpg\" alt=\"\" width=\"660\" height=\"495\" srcset=\"https:\/\/static-blogs.diariosur.es\/wp-content\/uploads\/sites\/12\/2013\/06\/963773_4879669271176_578033464_o.jpg 660w, https:\/\/static-blogs.diariosur.es\/wp-content\/uploads\/sites\/12\/2013\/06\/963773_4879669271176_578033464_o-533x400.jpg 533w\" sizes=\"(max-width: 660px) 100vw, 660px\" \/><\/a><\/p>\n<p>&nbsp;<\/p>\n<p>&nbsp;<\/p>\n<p><a href=\"https:\/\/blogs.diariosur.es\/tormentas-y-rayos\/2013\/06\/03\/ultima-hora-intento-de-homicidio-por-la-trama-anticiclonica-al-hombre-del-tiempo-subida-generalizada-de-temperaturas\/964067_4907475726320_881632131_o\/\" rel=\"attachment wp-att-5966\"><img loading=\"lazy\" class=\"aligncenter size-full wp-image-5966\" title=\"964067_4907475726320_881632131_o\" src=\"\/tormentas-y-rayos\/wp-content\/uploads\/sites\/12\/2013\/06\/964067_4907475726320_881632131_o.jpg\" alt=\"\" width=\"660\" height=\"440\" srcset=\"https:\/\/static-blogs.diariosur.es\/wp-content\/uploads\/sites\/12\/2013\/06\/964067_4907475726320_881632131_o.jpg 660w, https:\/\/static-blogs.diariosur.es\/wp-content\/uploads\/sites\/12\/2013\/06\/964067_4907475726320_881632131_o-600x400.jpg 600w\" sizes=\"(max-width: 660px) 100vw, 660px\" \/><\/a><\/p>\n<p><strong>Menos mal que segundos antes del pisot\u00f3n, mi amigo Alonso Guerra que tomaba la foto en cuesti\u00f3n \u00a0dio la voz de alarma y se pudo evitar<\/strong>. <strong>Lo siento amigos no me quitareis del medio hasta el cuarenta de mayo.<\/strong><\/p>\n<p>&nbsp;<\/p>\n<p><span style=\"color: #ff0000;\"><strong>Joerrrrrrrrr mira que \u00a0es feo mi hermano juasssssssssss<\/strong><\/span><\/p>\n<p>&nbsp;<\/p>\n<p><strong>Bueno amigos espero que por lo menos os haya sacado una sonrisa para empezar esta semana en colaboraci\u00f3n de mis amigos.<\/strong><\/p>\n<p><strong>Por cierto esta semana \u00a0ir\u00e1n\u00a0subiendo las temperaturas poco a poco y el levante sera el protagonista hasta el\u00a0mi\u00e9rcoles. Donde mas se notara esta subida sera en el Valle del Guadalquivir.<\/strong><\/p>\n<p><strong> A partir del jueves una nueva bolsa de aire\u00a0fr\u00edo\u00a0se ira acercando a Galicia, esto\u00a0traer\u00e1\u00a0consigo nuevas\u00a0lluvias\u00a0y bajadas de temperaturas al norte peninsular el\u00a0pr\u00f3ximo\u00a0fin de semana. Pero esto lo iremos viendo poco a poco. Ahora os hago un peque\u00f1o resumen en fotos del domingo pasado.\u00a0<\/strong><\/p>\n<p><strong>Se cumplieron los\u00a0pron\u00f3sticos y el pasado fin de semana el cielo azul fue el protagonista. Las\u00a0m\u00e1ximas\u00a0tanto el\u00a0s\u00e1bado\u00a0como el domingo no pasaron de los 25, 5 grados y las\u00a0m\u00ednimas\u00a0se quedaron alrededor de los 15 grados.<\/strong><\/p>\n<p><a href=\"https:\/\/blogs.diariosur.es\/tormentas-y-rayos\/2013\/06\/03\/ultima-hora-intento-de-homicidio-por-la-trama-anticiclonica-al-hombre-del-tiempo-subida-generalizada-de-temperaturas\/captura-150\/\" rel=\"attachment wp-att-5974\"><img loading=\"lazy\" class=\"aligncenter size-medium wp-image-5974\" title=\"Captura\" src=\"\/tormentas-y-rayos\/wp-content\/uploads\/sites\/12\/2013\/06\/Captura.jpg\" alt=\"\" width=\"600\" height=\"261\" srcset=\"https:\/\/static-blogs.diariosur.es\/wp-content\/uploads\/sites\/12\/2013\/06\/Captura.jpg 718w, https:\/\/static-blogs.diariosur.es\/wp-content\/uploads\/sites\/12\/2013\/06\/Captura-640x279.jpg 640w\" sizes=\"(max-width: 600px) 100vw, 600px\" \/><\/a><\/p>\n<p><strong>El domingo invitaba a la\u00a0fotograf\u00eda\u00a0y\u00a0d\u00e1ndome\u00a0mi paseo habitual por la playa de Torre de Benagalb\u00f3n he conocido a un nuevo seguidor del blog. Amigo Jose Maria encantado de conocerte y te dedico estas fotos, espero verte otro dia.<\/strong><\/p>\n<p><strong>Como pod\u00e9is ver el cielo azul era el protagonista. Y sobre el\u00a0mediod\u00eda\u00a0se llenaban las playas.<\/strong><\/p>\n<p><a href=\"https:\/\/blogs.diariosur.es\/tormentas-y-rayos\/2013\/06\/03\/ultima-hora-intento-de-homicidio-por-la-trama-anticiclonica-al-hombre-del-tiempo-subida-generalizada-de-temperaturas\/olympus-digital-camera-1350\/\" rel=\"attachment wp-att-5971\"><img loading=\"lazy\" class=\"aligncenter size-full wp-image-5971\" title=\"OLYMPUS DIGITAL CAMERA\" src=\"\/tormentas-y-rayos\/wp-content\/uploads\/sites\/12\/2013\/06\/0121.jpg\" alt=\"\" width=\"660\" height=\"495\" srcset=\"https:\/\/static-blogs.diariosur.es\/wp-content\/uploads\/sites\/12\/2013\/06\/0121.jpg 660w, https:\/\/static-blogs.diariosur.es\/wp-content\/uploads\/sites\/12\/2013\/06\/0121-533x400.jpg 533w\" sizes=\"(max-width: 660px) 100vw, 660px\" \/><\/a><\/p>\n<p>&nbsp;<\/p>\n<p>&nbsp;<\/p>\n<p>&nbsp;<\/p>\n<p>&nbsp;<\/p>\n<p><a href=\"https:\/\/blogs.diariosur.es\/tormentas-y-rayos\/2013\/06\/03\/ultima-hora-intento-de-homicidio-por-la-trama-anticiclonica-al-hombre-del-tiempo-subida-generalizada-de-temperaturas\/olympus-digital-camera-1349\/\" rel=\"attachment wp-att-5970\"><img loading=\"lazy\" class=\"aligncenter size-full wp-image-5970\" title=\"OLYMPUS DIGITAL CAMERA\" src=\"\/tormentas-y-rayos\/wp-content\/uploads\/sites\/12\/2013\/06\/016.jpg\" alt=\"\" width=\"660\" height=\"495\" srcset=\"https:\/\/static-blogs.diariosur.es\/wp-content\/uploads\/sites\/12\/2013\/06\/016.jpg 660w, https:\/\/static-blogs.diariosur.es\/wp-content\/uploads\/sites\/12\/2013\/06\/016-533x400.jpg 533w\" sizes=\"(max-width: 660px) 100vw, 660px\" \/><\/a><\/p>\n<p>&nbsp;<\/p>\n<p><strong>\u00a0Tambi\u00e9n\u00a0me dio tiempo a fotografiar mariposas, la\u00a0\u00fanica\u00a0que pude cazar fue esta mariposa de la col. A la mariposa que he echado de menos esta primavera es a la vanessa cardu. La verdad que he visto\u00a0poqu\u00edsimas.<\/strong><\/p>\n<p><a href=\"https:\/\/blogs.diariosur.es\/tormentas-y-rayos\/2013\/06\/03\/ultima-hora-intento-de-homicidio-por-la-trama-anticiclonica-al-hombre-del-tiempo-subida-generalizada-de-temperaturas\/olympus-digital-camera-1351\/\" rel=\"attachment wp-att-5972\"><img loading=\"lazy\" class=\"aligncenter size-full wp-image-5972\" title=\"OLYMPUS DIGITAL CAMERA\" src=\"\/tormentas-y-rayos\/wp-content\/uploads\/sites\/12\/2013\/06\/001.jpg\" alt=\"\" width=\"660\" height=\"441\" srcset=\"https:\/\/static-blogs.diariosur.es\/wp-content\/uploads\/sites\/12\/2013\/06\/001.jpg 660w, https:\/\/static-blogs.diariosur.es\/wp-content\/uploads\/sites\/12\/2013\/06\/001-599x400.jpg 599w\" sizes=\"(max-width: 660px) 100vw, 660px\" \/><\/a><\/p>\n<p><span style=\"color: #ff00ff;\"><strong>Bueno poco mas que contar amigos. Solo comentaros \u00a0que un tornado en Oklajoma ha matado a tres cazatornados muy famosos en EEUU.<a href=\"http:\/\/www.tiempo.com\/ram\/34265\/tim-samaras-ha-fallecido\/\" rel=\"external nofollow\"><span style=\"color: #ff00ff;\"> Son\u00a0\u00a0Tim Samaras, su hijo, y Carl Young.<\/span><\/a> Tim\u00a0era uno de los protagonistas de la serie de Discovery Channel &#8220;Stormchasers&#8221;. Gracias a ellos sabemos mucho mas sobre los tornados, esto ha hecho que se puedan salvar muchas vidas.<\/strong><\/span><\/p>\n<p>&nbsp;<\/p>\n<p><span style=\"color: #ff0000;\"><strong>Os dejo con esta impresionante tormenta fotografiada \u00a0por James Collier en Australia.<\/strong><\/span><\/p>\n<p><a href=\"https:\/\/blogs.diariosur.es\/tormentas-y-rayos\/2013\/06\/03\/ultima-hora-intento-de-homicidio-por-la-trama-anticiclonica-al-hombre-del-tiempo-subida-generalizada-de-temperaturas\/8603_10151492912743925_295569426_n\/\" rel=\"attachment wp-att-5975\"><img loading=\"lazy\" class=\"aligncenter size-full wp-image-5975\" title=\"8603_10151492912743925_295569426_n\" src=\"\/tormentas-y-rayos\/wp-content\/uploads\/sites\/12\/2013\/06\/8603_10151492912743925_295569426_n.jpg\" alt=\"\" width=\"660\" height=\"437\" srcset=\"https:\/\/static-blogs.diariosur.es\/wp-content\/uploads\/sites\/12\/2013\/06\/8603_10151492912743925_295569426_n.jpg 660w, https:\/\/static-blogs.diariosur.es\/wp-content\/uploads\/sites\/12\/2013\/06\/8603_10151492912743925_295569426_n-604x400.jpg 604w\" sizes=\"(max-width: 660px) 100vw, 660px\" \/><\/a><\/p>\n","protected":false},"excerpt":{"rendered":"<p>Buenos d\u00edas amigos de la meteo. Son las seis de la ma\u00f1ana, registro 17 grados y los cielos est\u00e1n despejados. Asi es amigos, el s\u00e1bado dia 25 en el Marat\u00f3n Fotogr\u00e1fico Objetivo M\u00e1laga tuve una tentativa de homicidio como pod\u00e9is ver en esta foto. &nbsp; \u00a0La trama\u00a0anticicl\u00f3nica\u00a0dirigida por Manuel Rueda ( alias el zappafrigor\u00edfico), \u00a0 [&hellip;]<\/p>\n","protected":false},"author":16,"featured_media":5975,"comment_status":"open","ping_status":"open","sticky":false,"template":"","format":"standard","meta":[],"categories":[2],"tags":[485,934,963,980,1015,1028],"_links":{"self":[{"href":"https:\/\/blogs.diariosur.es\/tormentas-y-rayos\/wp-json\/wp\/v2\/posts\/5963"}],"collection":[{"href":"https:\/\/blogs.diariosur.es\/tormentas-y-rayos\/wp-json\/wp\/v2\/posts"}],"about":[{"href":"https:\/\/blogs.diariosur.es\/tormentas-y-rayos\/wp-json\/wp\/v2\/types\/post"}],"author":[{"embeddable":true,"href":"https:\/\/blogs.diariosur.es\/tormentas-y-rayos\/wp-json\/wp\/v2\/users\/16"}],"replies":[{"embeddable":true,"href":"https:\/\/blogs.diariosur.es\/tormentas-y-rayos\/wp-json\/wp\/v2\/comments?post=5963"}],"version-history":[{"count":0,"href":"https:\/\/blogs.diariosur.es\/tormentas-y-rayos\/wp-json\/wp\/v2\/posts\/5963\/revisions"}],"wp:featuredmedia":[{"embeddable":true,"href":"https:\/\/blogs.diariosur.es\/tormentas-y-rayos\/wp-json\/wp\/v2\/media\/5975"}],"wp:attachment":[{"href":"https:\/\/blogs.diariosur.es\/tormentas-y-rayos\/wp-json\/wp\/v2\/media?parent=5963"}],"wp:term":[{"taxonomy":"category","embeddable":true,"href":"https:\/\/blogs.diariosur.es\/tormentas-y-rayos\/wp-json\/wp\/v2\/categories?post=5963"},{"taxonomy":"post_tag","embeddable":true,"href":"https:\/\/blogs.diariosur.es\/tormentas-y-rayos\/wp-json\/wp\/v2\/tags?post=5963"}],"curies":[{"name":"wp","href":"https:\/\/api.w.org\/{rel}","templated":true}]}}