{"id":5977,"date":"2013-06-04T07:46:59","date_gmt":"2013-06-04T05:46:59","guid":{"rendered":"http:\/\/blogs.diariosur.es\/tormentas-y-rayos\/?p=5977"},"modified":"2013-06-04T07:46:59","modified_gmt":"2013-06-04T05:46:59","slug":"suben-las-temperaturas-y-toman-protagonismo-las-tormentas-en-los-sistemas-central-iberico-y-pirenaico","status":"publish","type":"post","link":"https:\/\/blogs.diariosur.es\/tormentas-y-rayos\/2013\/06\/04\/suben-las-temperaturas-y-toman-protagonismo-las-tormentas-en-los-sistemas-central-iberico-y-pirenaico\/","title":{"rendered":"Suben las temperaturas y toman protagonismo las tormentas en los Sistemas Central, Ib\u00e9rico y Pirenaico."},"content":{"rendered":"<p><strong>Buenos dias amigos de la meteo. Son las seis de la ma\u00f1ana, registro 16,5 grados y los cielos malague\u00f1os lo adornan unos \u00a0peque\u00f1os cirros. Estas nubes pueden ser las protagonistas durante el dia de hoy. Os paso una foto de esta madrugada. Foto portada\u00a0Cortes\u00eda de<span style=\"color: #000000;\">\u00a0<a href=\"http:\/\/www.telegraph.co.uk\/\" rel=\"nofollow external\" target=\"_blank\"><span style=\"color: #000000;\">www.telegraph.co.uk<\/span><\/a><\/span><\/strong><\/p>\n<p><a href=\"https:\/\/blogs.diariosur.es\/tormentas-y-rayos\/2013\/06\/04\/suben-las-temperaturas-y-toman-protagonismo-las-tormentas-en-los-sistemas-central-iberico-y-pirenaico\/olympus-digital-camera-1352\/\" rel=\"attachment wp-att-5978\"><img loading=\"lazy\" class=\"aligncenter size-full wp-image-5978\" title=\"OLYMPUS DIGITAL CAMERA\" src=\"\/tormentas-y-rayos\/wp-content\/uploads\/sites\/12\/2013\/06\/0011.jpg\" alt=\"\" width=\"660\" height=\"495\" srcset=\"https:\/\/static-blogs.diariosur.es\/wp-content\/uploads\/sites\/12\/2013\/06\/0011.jpg 660w, https:\/\/static-blogs.diariosur.es\/wp-content\/uploads\/sites\/12\/2013\/06\/0011-533x400.jpg 533w\" sizes=\"(max-width: 660px) 100vw, 660px\" \/><\/a><\/p>\n<p><strong>Las\u00a0temperaturas\u00a0seguir\u00e1n\u00a0subiendo, donde mas se notaran sera en el Valle del Guadalquivir, donde las\u00a0m\u00e1ximas\u00a0pasaran de 33 grados.<\/strong><\/p>\n<p><span style=\"color: #ff0000;\"><strong> Esta\u00a0pr\u00f3xima\u00a0madrugada nos puede cruzar una peque\u00f1a linea de inestabilidad, que puede dejar algunas gotas en la provincia malague\u00f1a. La verdad que no lo tengo muy claro pero hay algun modelo que da esta posibilidad, ya veremos ma\u00f1ana si se cumple.\u00a0<\/strong><\/span><\/p>\n<p><strong> A partir de hoy y sobre todo el\u00a0mi\u00e9rcoles\u00a0las tormentas tomaran protagonismo en algunos puntos de la\u00a0pen\u00ednsula. Estas se\u00a0dar\u00e1n sobre todo en los sistemas monta\u00f1osos Central,\u00a0Ib\u00e9rico\u00a0y Pirenaico. Debido al calor de estos dias tenemos una baja\u00a0t\u00e9rmica\u00a0 que unida al viento\u00a0h\u00famedo\u00a0har\u00e1\u00a0que se desarrollen las nubes.\u00a0\u00a0El\u00a0mi\u00e9rcoles\u00a0podemos ver estos desarrollos por la zona de Sierra Nevada, donde hay posibilidad de amagos tormentosos. Estas desarrollos\u00a0ser\u00e1n\u00a0parecidos a la foto que nos trae nuestro amigo Carlos Castro. Pedazo de foto.<\/strong><\/p>\n<p><a href=\"https:\/\/blogs.diariosur.es\/tormentas-y-rayos\/2013\/06\/04\/suben-las-temperaturas-y-toman-protagonismo-las-tormentas-en-los-sistemas-central-iberico-y-pirenaico\/964833_422806321151581_416942960_o\/\" rel=\"attachment wp-att-5979\"><img loading=\"lazy\" class=\"aligncenter size-full wp-image-5979\" title=\"964833_422806321151581_416942960_o\" src=\"\/tormentas-y-rayos\/wp-content\/uploads\/sites\/12\/2013\/06\/964833_422806321151581_416942960_o.jpg\" alt=\"\" width=\"660\" height=\"379\" srcset=\"https:\/\/static-blogs.diariosur.es\/wp-content\/uploads\/sites\/12\/2013\/06\/964833_422806321151581_416942960_o.jpg 660w, https:\/\/static-blogs.diariosur.es\/wp-content\/uploads\/sites\/12\/2013\/06\/964833_422806321151581_416942960_o-640x368.jpg 640w\" sizes=\"(max-width: 660px) 100vw, 660px\" \/><\/a><\/p>\n<p><strong>A partir del viernes y como os comentaba en el post anterior, una bolsa de aire\u00a0fr\u00edo\u00a0se situara cerca de Galicia. Bajaran de nuevo las temperaturas en el norte y las tormentas tomaran mas protagonismo. De momento a\u00a0Andaluc\u00eda\u00a0parece\u00a0que no le afectara, aunque si pueden bajar las\u00a0m\u00e1ximas\u00a0en el Valle del Guadalquivir. Lo que no tengo muy claro aun es si en M\u00e1laga de nuevo el terral tomara protagonismo. Esto lo veremos durante estos dias.<\/strong><\/p>\n<p><strong>Os dejo hasta ma\u00f1ana que os quiero poner unos\u00a0v\u00eddeos\u00a0de los\u00a0\u00faltimos\u00a0tornados que se han dado en el corredor.<\/strong><\/p>\n<p>&nbsp;<\/p>\n","protected":false},"excerpt":{"rendered":"<p>Buenos dias amigos de la meteo. Son las seis de la ma\u00f1ana, registro 16,5 grados y los cielos malague\u00f1os lo adornan unos \u00a0peque\u00f1os cirros. Estas nubes pueden ser las protagonistas durante el dia de hoy. Os paso una foto de esta madrugada. Foto portada\u00a0Cortes\u00eda de\u00a0www.telegraph.co.uk Las\u00a0temperaturas\u00a0seguir\u00e1n\u00a0subiendo, donde mas se notaran sera en el Valle del [&hellip;]<\/p>\n","protected":false},"author":16,"featured_media":5980,"comment_status":"open","ping_status":"open","sticky":false,"template":"","format":"standard","meta":[],"categories":[2],"tags":[240,498,775,922,933,962,996],"_links":{"self":[{"href":"https:\/\/blogs.diariosur.es\/tormentas-y-rayos\/wp-json\/wp\/v2\/posts\/5977"}],"collection":[{"href":"https:\/\/blogs.diariosur.es\/tormentas-y-rayos\/wp-json\/wp\/v2\/posts"}],"about":[{"href":"https:\/\/blogs.diariosur.es\/tormentas-y-rayos\/wp-json\/wp\/v2\/types\/post"}],"author":[{"embeddable":true,"href":"https:\/\/blogs.diariosur.es\/tormentas-y-rayos\/wp-json\/wp\/v2\/users\/16"}],"replies":[{"embeddable":true,"href":"https:\/\/blogs.diariosur.es\/tormentas-y-rayos\/wp-json\/wp\/v2\/comments?post=5977"}],"version-history":[{"count":0,"href":"https:\/\/blogs.diariosur.es\/tormentas-y-rayos\/wp-json\/wp\/v2\/posts\/5977\/revisions"}],"wp:featuredmedia":[{"embeddable":true,"href":"https:\/\/blogs.diariosur.es\/tormentas-y-rayos\/wp-json\/wp\/v2\/media\/5980"}],"wp:attachment":[{"href":"https:\/\/blogs.diariosur.es\/tormentas-y-rayos\/wp-json\/wp\/v2\/media?parent=5977"}],"wp:term":[{"taxonomy":"category","embeddable":true,"href":"https:\/\/blogs.diariosur.es\/tormentas-y-rayos\/wp-json\/wp\/v2\/categories?post=5977"},{"taxonomy":"post_tag","embeddable":true,"href":"https:\/\/blogs.diariosur.es\/tormentas-y-rayos\/wp-json\/wp\/v2\/tags?post=5977"}],"curies":[{"name":"wp","href":"https:\/\/api.w.org\/{rel}","templated":true}]}}