{"id":5981,"date":"2013-06-05T15:54:28","date_gmt":"2013-06-05T13:54:28","guid":{"rendered":"http:\/\/blogs.diariosur.es\/tormentas-y-rayos\/?p=5981"},"modified":"2013-06-05T15:54:28","modified_gmt":"2013-06-05T13:54:28","slug":"acojonado-me-he-quedado-vuelve-el-terral-ya-mismo","status":"publish","type":"post","link":"https:\/\/blogs.diariosur.es\/tormentas-y-rayos\/2013\/06\/05\/acojonado-me-he-quedado-vuelve-el-terral-ya-mismo\/","title":{"rendered":"Acojonado me he quedado. Vuelve el terral ya mismo."},"content":{"rendered":"<p><strong>Buenas tardes amigos de la meteo. Son las dos y media de la tarde, registro 25 grados y los cielos est\u00e1n poco nubosos.<\/strong><\/p>\n<p><strong>Antes de daros un peque\u00f1o resumen del martes, os pongo un video de un tornado en Oklahoma zarandeando a un coche. Muchos dir\u00e9is que est\u00e1n locos,&#8221; es posible amigos &#8220;, pod\u00edan darse la vuelta o incluso no haberse acercado tanto.<\/strong><\/p>\n<p><strong>\u00a0El otro dia os comentaba que \u00a0\u00a0Tim Samaras, su hijo, y Carl Young hab\u00edan perdido la vida al perseguir a un tornado. Seg\u00fan las ultimas noticias de pronto los cogi\u00f3 de sorpresa y no pudieron evitar meterse dentro de el. Seg\u00fan los expertos fue un F5 y ten\u00eda un di\u00e1metro de 4 km. Tim era un gran experto en tornados y rayos, de lo mejor que hab\u00eda amigos. Gracias a Tim y a su equipo se sabe mucho sobre las superc\u00e9lulas, y lo que es mas importante, gracias a ellos se han salvado muchas vidas. <\/strong><\/p>\n<p><strong>Os paso el\u00a0v\u00eddeo\u00a0y verlo hasta el final, a ellos no les paso nada. A partir del minuto y quince segundos, empieza\u00a0<\/strong><strong>\u00a0el acojone.<\/strong><\/p>\n<p>&nbsp;<\/p>\n<p>&nbsp;<\/p>\n<p><iframe loading=\"lazy\" src=\"\/\/www.youtube.com\/embed\/veNJBosc6EA\" frameborder=\"0\" width=\"640\" height=\"360\"><\/iframe><\/p>\n<p>&nbsp;<\/p>\n<p><strong>Os pongo algunos mas de estas impresionantes superc\u00e9lulas, que dentro de unos a\u00f1os tendr\u00e9 la ocasi\u00f3n de fotografiar, pero os prometo que ser\u00e9 prudente, si no la Geno no me da permiso jijiji.<\/strong><\/p>\n<p>&nbsp;<\/p>\n<p>&nbsp;<\/p>\n<p><strong>\u00a0<\/strong><\/p>\n<p><iframe loading=\"lazy\" src=\"\/\/www.youtube.com\/embed\/9aBLkXym-20\" frameborder=\"0\" width=\"640\" height=\"360\"><\/iframe><\/p>\n<p><iframe loading=\"lazy\" src=\"\/\/www.youtube.com\/embed\/AneE5_iUaBo\" frameborder=\"0\" width=\"640\" height=\"360\"><\/iframe><\/p>\n<p>&nbsp;<\/p>\n<p><strong>Y estos ultimos \u00a0sin palabras, bestialllllllllesssssss.<\/strong><\/p>\n<p>&nbsp;<\/p>\n<p>&nbsp;<\/p>\n<p>&nbsp;<\/p>\n<p><iframe loading=\"lazy\" src=\"\/\/www.youtube.com\/embed\/xLdl3PpI4Xs\" frameborder=\"0\" width=\"640\" height=\"360\"><\/iframe><\/p>\n<p>&nbsp;<\/p>\n<p><iframe loading=\"lazy\" src=\"\/\/www.youtube.com\/embed\/YNeLNoyGqVU\" frameborder=\"0\" width=\"640\" height=\"360\"><\/iframe><\/p>\n<p><strong>Bueno amigos al final se\u00a0cumplieron\u00a0los\u00a0pron\u00f3sticos\u00a0y una linea de inestabilidad cruzo\u00a0Andaluc\u00eda el martes por la tarde noche y de madrugada, \u00a0como\u00a0pod\u00e9is\u00a0ver en esta imagen del eumetsat.<\/strong><\/p>\n<p><a href=\"https:\/\/blogs.diariosur.es\/tormentas-y-rayos\/2013\/06\/05\/acojonado-me-he-quedado-vuelve-el-terral-ya-mismo\/webexterna_colorir87_19-15\/\" rel=\"attachment wp-att-5983\"><img loading=\"lazy\" class=\"aligncenter size-medium wp-image-5983\" title=\"webexterna_ColorIR87_[19-15]\" src=\"\/tormentas-y-rayos\/wp-content\/uploads\/sites\/12\/2013\/06\/webexterna_ColorIR87_19-15.jpg\" alt=\"\" width=\"579\" height=\"400\" srcset=\"https:\/\/static-blogs.diariosur.es\/wp-content\/uploads\/sites\/12\/2013\/06\/webexterna_ColorIR87_19-15.jpg 750w, https:\/\/static-blogs.diariosur.es\/wp-content\/uploads\/sites\/12\/2013\/06\/webexterna_ColorIR87_19-15-579x400.jpg 579w\" sizes=\"(max-width: 579px) 100vw, 579px\" \/><\/a><\/p>\n<p><strong>Los chubascos se quedaron la gran mayoria por el mar, aunque tambien se dieron goterones por algunos puntos, pero poca cosa. Radar aemet<\/strong><\/p>\n<p><a href=\"https:\/\/blogs.diariosur.es\/tormentas-y-rayos\/2013\/06\/05\/acojonado-me-he-quedado-vuelve-el-terral-ya-mismo\/201306042330_r8pb\/\" rel=\"attachment wp-att-5984\"><img loading=\"lazy\" class=\"aligncenter size-full wp-image-5984\" title=\"201306042330_r8pb\" src=\"\/tormentas-y-rayos\/wp-content\/uploads\/sites\/12\/2013\/06\/201306042330_r8pb.gif\" alt=\"\" width=\"500\" height=\"500\" \/><\/a><\/p>\n<p><strong>Incluso frente a la Costa de M\u00e1laga y como me comentaba un compa\u00f1ero, se\u00a0ve\u00edan\u00a0rel\u00e1mpagos. Cuando me lo dijo esta ma\u00f1ana \u00a0mi compi pensaba que no, pero al ver el mapa de rayos me quede de piedra. Era cierto \u00a0amigos, se dieron\u00a0rel\u00e1mpagos. Fuente Aemet.<\/strong><\/p>\n<p><a href=\"https:\/\/blogs.diariosur.es\/tormentas-y-rayos\/2013\/06\/05\/acojonado-me-he-quedado-vuelve-el-terral-ya-mismo\/201306050000_r79g\/\" rel=\"attachment wp-att-5985\"><img loading=\"lazy\" class=\"aligncenter size-full wp-image-5985\" title=\"201306050000_r79g\" src=\"\/tormentas-y-rayos\/wp-content\/uploads\/sites\/12\/2013\/06\/201306050000_r79g.gif\" alt=\"\" width=\"500\" height=\"500\" \/><\/a><\/p>\n<p>&nbsp;<\/p>\n<p><strong>Os paso los gr\u00e1ficos de temperaturas del martes, fijaros como cambian de una zona de M\u00e1laga Capital a otra desde las tres y media de la tarde del dia 4 a las nueve de la noche. En el puerto se nota las rebozas de las brisas marinas.<\/strong><\/p>\n<p><a href=\"https:\/\/blogs.diariosur.es\/tormentas-y-rayos\/2013\/06\/05\/acojonado-me-he-quedado-vuelve-el-terral-ya-mismo\/centro-2\/\" rel=\"attachment wp-att-5986\"><img loading=\"lazy\" class=\"aligncenter size-medium wp-image-5986\" title=\"centro\" src=\"\/tormentas-y-rayos\/wp-content\/uploads\/sites\/12\/2013\/06\/centro.jpg\" alt=\"\" width=\"600\" height=\"265\" srcset=\"https:\/\/static-blogs.diariosur.es\/wp-content\/uploads\/sites\/12\/2013\/06\/centro.jpg 698w, https:\/\/static-blogs.diariosur.es\/wp-content\/uploads\/sites\/12\/2013\/06\/centro-640x283.jpg 640w\" sizes=\"(max-width: 600px) 100vw, 600px\" \/><\/a><a href=\"https:\/\/blogs.diariosur.es\/tormentas-y-rayos\/2013\/06\/05\/acojonado-me-he-quedado-vuelve-el-terral-ya-mismo\/puerto-9\/\" rel=\"attachment wp-att-5987\"><img loading=\"lazy\" class=\"aligncenter size-medium wp-image-5987\" title=\"puerto\" src=\"\/tormentas-y-rayos\/wp-content\/uploads\/sites\/12\/2013\/06\/puerto.jpg\" alt=\"\" width=\"600\" height=\"245\" srcset=\"https:\/\/static-blogs.diariosur.es\/wp-content\/uploads\/sites\/12\/2013\/06\/puerto.jpg 703w, https:\/\/static-blogs.diariosur.es\/wp-content\/uploads\/sites\/12\/2013\/06\/puerto-640x262.jpg 640w\" sizes=\"(max-width: 600px) 100vw, 600px\" \/><\/a><\/p>\n<p><strong>Comentaros tambien que la bolsa de aire\u00a0fr\u00edo\u00a0traer\u00e1\u00a0un\u00a0empeoramiento\u00a0al norte peninsular a artir del viernes. Os paso un mapa previsto a 500 hpa ( 5500 metros) donde \u00a0se ve claramente.<\/strong><\/p>\n<p><a href=\"https:\/\/blogs.diariosur.es\/tormentas-y-rayos\/2013\/06\/05\/acojonado-me-he-quedado-vuelve-el-terral-ya-mismo\/bolsa-6\/\" rel=\"attachment wp-att-5988\"><img loading=\"lazy\" class=\"aligncenter size-medium wp-image-5988\" title=\"bolsa\" src=\"\/tormentas-y-rayos\/wp-content\/uploads\/sites\/12\/2013\/06\/bolsa.jpg\" alt=\"\" width=\"566\" height=\"400\" srcset=\"https:\/\/static-blogs.diariosur.es\/wp-content\/uploads\/sites\/12\/2013\/06\/bolsa.jpg 714w, https:\/\/static-blogs.diariosur.es\/wp-content\/uploads\/sites\/12\/2013\/06\/bolsa-567x400.jpg 567w\" sizes=\"(max-width: 566px) 100vw, 566px\" \/><\/a><\/p>\n<p><strong>Esto hara que el terral tome protagonismo a partir del viernes. Las maximas subiran en M\u00e1laga Capital y bajaran en el Valle del Guadalquivir. Para el jueves no tengo muy claro que vientos seran los protagonistas. Lo mismo tenemos rebozas de terral en la zona de teatinos.\u00a0<\/strong><\/p>\n<p><strong>Os dejo un fuerte abrazo a todos.<\/strong><\/p>\n<p><a href=\"https:\/\/blogs.diariosur.es\/tormentas-y-rayos\/2013\/06\/05\/acojonado-me-he-quedado-vuelve-el-terral-ya-mismo\/piedmont-oklahoma-supercell\/\" rel=\"attachment wp-att-5989\"><img loading=\"lazy\" class=\"aligncenter size-medium wp-image-5989\" title=\"Piedmont-Oklahoma-Supercell\" src=\"\/tormentas-y-rayos\/wp-content\/uploads\/sites\/12\/2013\/06\/Piedmont-Oklahoma-Supercell.jpg\" alt=\"\" width=\"600\" height=\"397\" srcset=\"https:\/\/static-blogs.diariosur.es\/wp-content\/uploads\/sites\/12\/2013\/06\/Piedmont-Oklahoma-Supercell.jpg 1000w, https:\/\/static-blogs.diariosur.es\/wp-content\/uploads\/sites\/12\/2013\/06\/Piedmont-Oklahoma-Supercell-604x400.jpg 604w, https:\/\/static-blogs.diariosur.es\/wp-content\/uploads\/sites\/12\/2013\/06\/Piedmont-Oklahoma-Supercell-768x508.jpg 768w\" sizes=\"(max-width: 600px) 100vw, 600px\" \/><\/a><\/p>\n","protected":false},"excerpt":{"rendered":"<p>Buenas tardes amigos de la meteo. Son las dos y media de la tarde, registro 25 grados y los cielos est\u00e1n poco nubosos. Antes de daros un peque\u00f1o resumen del martes, os pongo un video de un tornado en Oklahoma zarandeando a un coche. Muchos dir\u00e9is que est\u00e1n locos,&#8221; es posible amigos &#8220;, pod\u00edan darse [&hellip;]<\/p>\n","protected":false},"author":16,"featured_media":5990,"comment_status":"open","ping_status":"open","sticky":false,"template":"","format":"standard","meta":[],"categories":[2],"tags":[731,986,1004,1056],"_links":{"self":[{"href":"https:\/\/blogs.diariosur.es\/tormentas-y-rayos\/wp-json\/wp\/v2\/posts\/5981"}],"collection":[{"href":"https:\/\/blogs.diariosur.es\/tormentas-y-rayos\/wp-json\/wp\/v2\/posts"}],"about":[{"href":"https:\/\/blogs.diariosur.es\/tormentas-y-rayos\/wp-json\/wp\/v2\/types\/post"}],"author":[{"embeddable":true,"href":"https:\/\/blogs.diariosur.es\/tormentas-y-rayos\/wp-json\/wp\/v2\/users\/16"}],"replies":[{"embeddable":true,"href":"https:\/\/blogs.diariosur.es\/tormentas-y-rayos\/wp-json\/wp\/v2\/comments?post=5981"}],"version-history":[{"count":0,"href":"https:\/\/blogs.diariosur.es\/tormentas-y-rayos\/wp-json\/wp\/v2\/posts\/5981\/revisions"}],"wp:featuredmedia":[{"embeddable":true,"href":"https:\/\/blogs.diariosur.es\/tormentas-y-rayos\/wp-json\/wp\/v2\/media\/5990"}],"wp:attachment":[{"href":"https:\/\/blogs.diariosur.es\/tormentas-y-rayos\/wp-json\/wp\/v2\/media?parent=5981"}],"wp:term":[{"taxonomy":"category","embeddable":true,"href":"https:\/\/blogs.diariosur.es\/tormentas-y-rayos\/wp-json\/wp\/v2\/categories?post=5981"},{"taxonomy":"post_tag","embeddable":true,"href":"https:\/\/blogs.diariosur.es\/tormentas-y-rayos\/wp-json\/wp\/v2\/tags?post=5981"}],"curies":[{"name":"wp","href":"https:\/\/api.w.org\/{rel}","templated":true}]}}