{"id":6000,"date":"2013-06-07T07:56:08","date_gmt":"2013-06-07T05:56:08","guid":{"rendered":"http:\/\/blogs.diariosur.es\/tormentas-y-rayos\/?p=6000"},"modified":"2013-06-07T07:56:08","modified_gmt":"2013-06-07T05:56:08","slug":"prevision-del-tiempo-fin-de-semana-terral-bajadas-de-temperaturas-y-tormentas-depresion-aislada-en-altura","status":"publish","type":"post","link":"https:\/\/blogs.diariosur.es\/tormentas-y-rayos\/2013\/06\/07\/prevision-del-tiempo-fin-de-semana-terral-bajadas-de-temperaturas-y-tormentas-depresion-aislada-en-altura\/","title":{"rendered":"Previsi\u00f3n del tiempo fin de semana. Terral, bajadas de temperaturas y tormentas. Depresi\u00f3n aislada en altura."},"content":{"rendered":"<p><strong>Buenos d\u00edas amigos de la meteo. Son las seis de la ma\u00f1ana, registro 17,8 grados y los cielos est\u00e1n despejados de momento. Os dejo los enlaces al post de los tornados y el resumen de mayo.<\/strong><\/p>\n<p><a href=\"https:\/\/blogs.diariosur.es\/tormentas-y-rayos\/2013\/06\/05\/acojonado-me-he-quedado-vuelve-el-terral-ya-mismo\/\">ACOJONADO<\/a>\u00a0 \u00a0 \u00a0 \u00a0 <a href=\"https:\/\/blogs.diariosur.es\/tormentas-y-rayos\/2013\/06\/06\/mayo-el-mas-frio-desde-1985-y-algo-mas-seco-fuente-aemet-malaga-en-la-media-de-temperaturas-y-por-debajo-en-las-precipitaciones\/\">MAYO EL MAS FR\u00cdO<\/a><\/p>\n<p><strong>Desde hoy viernes y hasta el domingo una bolsa de aire fr\u00edo ser\u00e1 la protagonista en la pen\u00ednsula. Pienso que incluso tiene reflejo en altura, con lo que estar\u00edamos hablando de una dana (depresi\u00f3n aislada en altura). Ahora mismo se encuentra sobre la vertical de Galicia y durante estos tres d\u00edas se mover\u00e1 lentamente de oeste a este, hasta llegar cerca de Catalu\u00f1a. Os paso unos mapas a 500 hpa\u00a0 ( 5500 m) fuente hirlam aemet. Y una imagen del satelite eumetsat fuente meteogalicia.<\/strong><\/p>\n<p><a href=\"https:\/\/blogs.diariosur.es\/tormentas-y-rayos\/2013\/06\/07\/prevision-del-tiempo-fin-de-semana-terral-bajadas-de-temperaturas-y-tormentas-depresion-aislada-en-altura\/1-24\/\" rel=\"attachment wp-att-6004\"><img loading=\"lazy\" class=\"aligncenter size-full wp-image-6004\" title=\"1\" src=\"\/tormentas-y-rayos\/wp-content\/uploads\/sites\/12\/2013\/06\/11.jpg\" alt=\"\" width=\"642\" height=\"463\" srcset=\"https:\/\/static-blogs.diariosur.es\/wp-content\/uploads\/sites\/12\/2013\/06\/11.jpg 642w, https:\/\/static-blogs.diariosur.es\/wp-content\/uploads\/sites\/12\/2013\/06\/11-555x400.jpg 555w\" sizes=\"(max-width: 642px) 100vw, 642px\" \/><\/a><\/p>\n<p>&nbsp;<\/p>\n<p>&nbsp;<\/p>\n<p><a href=\"https:\/\/blogs.diariosur.es\/tormentas-y-rayos\/2013\/06\/07\/prevision-del-tiempo-fin-de-semana-terral-bajadas-de-temperaturas-y-tormentas-depresion-aislada-en-altura\/2-21\/\" rel=\"attachment wp-att-6002\"><img loading=\"lazy\" class=\"aligncenter size-full wp-image-6002\" title=\"2\" src=\"\/tormentas-y-rayos\/wp-content\/uploads\/sites\/12\" alt=\"\" width=\"658\" height=\"502\" \/><\/a><a href=\"https:\/\/blogs.diariosur.es\/tormentas-y-rayos\/2013\/06\/07\/prevision-del-tiempo-fin-de-semana-terral-bajadas-de-temperaturas-y-tormentas-depresion-aislada-en-altura\/3-22\/\" rel=\"attachment wp-att-6003\"><img loading=\"lazy\" class=\"aligncenter size-full wp-image-6003\" title=\"3\" src=\"\/tormentas-y-rayos\/wp-content\/uploads\/sites\/12\" alt=\"\" width=\"670\" height=\"497\" \/><\/a><\/p>\n<p><a href=\"https:\/\/blogs.diariosur.es\/tormentas-y-rayos\/2013\/06\/07\/prevision-del-tiempo-fin-de-semana-terral-bajadas-de-temperaturas-y-tormentas-depresion-aislada-en-altura\/webexterna_ir87_04-30-4\/\" rel=\"attachment wp-att-6005\"><img loading=\"lazy\" class=\"aligncenter size-medium wp-image-6005\" title=\"webexterna_IR87_[04-30]\" src=\"\/tormentas-y-rayos\/wp-content\/uploads\/sites\/12\/2013\/06\/webexterna_IR87_04-30.jpg\" alt=\"\" width=\"579\" height=\"400\" srcset=\"https:\/\/static-blogs.diariosur.es\/wp-content\/uploads\/sites\/12\/2013\/06\/webexterna_IR87_04-30.jpg 750w, https:\/\/static-blogs.diariosur.es\/wp-content\/uploads\/sites\/12\/2013\/06\/webexterna_IR87_04-30-579x400.jpg 579w\" sizes=\"(max-width: 579px) 100vw, 579px\" \/><\/a><\/p>\n<p>&nbsp;<\/p>\n<p><span style=\"color: #ff0000;\"><strong>Muchos me preguntareis como afectara a Andaluc\u00eda y a la Provincia Malague\u00f1a. Pues vamos a ello amigos de la meteo.<\/strong><\/span><\/p>\n<p><strong>\u00a0Lo primero que se notara a partir de hoy es una bajada de temperaturas sobre todo en el Valle del Guadalquivir e interior de nuestra Provincia Malague\u00f1a. Esta bajada de las\u00a0m\u00e1ximas\u00a0ya empez\u00f3 a notarse desde el mi\u00e9rcoles pasado. Por poneros un ejemplo, en C\u00f3rdoba el dia 4 registraba 34 grados de m\u00e1xima, el mi\u00e9rcoles 30,5 \u00a0y el jueves la m\u00e1xima fue de 24. Seguro que el s\u00e1bado y el domingo no pasan de 20.<\/strong><\/p>\n<p><strong>En M\u00e1laga Capital \u00a0el viernes sobre el mediod\u00eda o por la tarde las nubes tomaran protagonismo, incluso se pueden registrar algunas gotas en la zona mas al oeste de la provincia, asi como tambi\u00e9n hay posibilidad de que se den en las provincias occidentales andaluzas, pero pienso que poca cosa. Por la tarde noche el viento de terral tomara protagonismo y soplara moderado.\u00a0<\/strong><\/p>\n<p><strong>El s\u00e1bado y el domingo seguir\u00e1 soplando terral \u00a0y las nubes adornaran los cielos a partir del mediod\u00eda. En M\u00e1laga Capital el terral puede hacer que<span style=\"color: #0000ff;\"> las\u00a0m\u00e1ximas\u00a0est\u00e9n\u00a0altas<\/span>, en cambio por la zona del Rinc\u00f3n si se notara mas fresquete.\u00a0<\/strong><\/p>\n<p><strong>Ya sab\u00e9is como se las gasta las depresiones aisladas en altura, seg\u00fan como se posicione nos afectara en mayor o menos medida. Donde si\u00a0ser\u00e1n\u00a0protagonistas las tormentas acompa\u00f1adas de granizo hoy viernes y bajada notable de temperaturas sera\u00a0<strong>en el norte peninsular, Sistemas Ib\u00e9rico, y Valle del Ebro.\u00a0<strong>El\u00a0s\u00e1bado\u00a0se trasladaran al Pais Vasco, Arag\u00f3n, Navarra, Pirineos y Catalu\u00f1a. En estas regiones la aemet\u00a0activa\u00a0el aviso amarillo por lluvias y tormentas.<\/strong><\/strong><\/strong><\/p>\n<p><span style=\"color: #0000ff;\"><strong>Poco mas que contar amigos, os dejo con unas cuantas fotos de una tormenta que afecto el 26 de Mayo a un pueblo de Burgos, este pueblo se llama Gumiel de Iz\u00e1n. Mi amigo Jon Nu\u00f1o aunque estaba fotografiando la comuni\u00f3n de un familiar, tuvo unos segundos para apuntar al cielo y traernos estas impresionantes fotos. Un abrazo Jon y gracias por compartirlas.<\/strong><\/span><\/p>\n<p><span style=\"color: #0000ff;\"><strong>\u00a0<a href=\"https:\/\/blogs.diariosur.es\/tormentas-y-rayos\/2013\/06\/07\/prevision-del-tiempo-fin-de-semana-terral-bajadas-de-temperaturas-y-tormentas-depresion-aislada-en-altura\/z1-4\/\" rel=\"attachment wp-att-6006\"><img loading=\"lazy\" class=\"aligncenter size-medium wp-image-6006\" title=\"z1\" src=\"\/tormentas-y-rayos\/wp-content\/uploads\/sites\/12\/2013\/06\/z1.jpg\" alt=\"\" width=\"600\" height=\"400\" srcset=\"https:\/\/static-blogs.diariosur.es\/wp-content\/uploads\/sites\/12\/2013\/06\/z1.jpg 778w, https:\/\/static-blogs.diariosur.es\/wp-content\/uploads\/sites\/12\/2013\/06\/z1-601x400.jpg 601w, https:\/\/static-blogs.diariosur.es\/wp-content\/uploads\/sites\/12\/2013\/06\/z1-768x511.jpg 768w\" sizes=\"(max-width: 600px) 100vw, 600px\" \/><\/a><\/strong><\/span><\/p>\n<p><a href=\"https:\/\/blogs.diariosur.es\/tormentas-y-rayos\/2013\/06\/07\/prevision-del-tiempo-fin-de-semana-terral-bajadas-de-temperaturas-y-tormentas-depresion-aislada-en-altura\/z2-2\/\" rel=\"attachment wp-att-6007\"><img loading=\"lazy\" class=\"aligncenter size-medium wp-image-6007\" title=\"z2\" src=\"\/tormentas-y-rayos\/wp-content\/uploads\/sites\/12\/2013\/06\/z2.jpg\" alt=\"\" width=\"600\" height=\"390\" srcset=\"https:\/\/static-blogs.diariosur.es\/wp-content\/uploads\/sites\/12\/2013\/06\/z2.jpg 740w, https:\/\/static-blogs.diariosur.es\/wp-content\/uploads\/sites\/12\/2013\/06\/z2-615x400.jpg 615w\" sizes=\"(max-width: 600px) 100vw, 600px\" \/><\/a><\/p>\n<p><a href=\"https:\/\/blogs.diariosur.es\/tormentas-y-rayos\/2013\/06\/07\/prevision-del-tiempo-fin-de-semana-terral-bajadas-de-temperaturas-y-tormentas-depresion-aislada-en-altura\/z3-2\/\" rel=\"attachment wp-att-6008\"><img loading=\"lazy\" class=\"aligncenter size-medium wp-image-6008\" title=\"z3\" src=\"\/tormentas-y-rayos\/wp-content\/uploads\/sites\/12\/2013\/06\/z3.jpg\" alt=\"\" width=\"600\" height=\"393\" srcset=\"https:\/\/static-blogs.diariosur.es\/wp-content\/uploads\/sites\/12\/2013\/06\/z3.jpg 758w, https:\/\/static-blogs.diariosur.es\/wp-content\/uploads\/sites\/12\/2013\/06\/z3-610x400.jpg 610w\" sizes=\"(max-width: 600px) 100vw, 600px\" \/><\/a><\/p>\n<p><a href=\"https:\/\/blogs.diariosur.es\/tormentas-y-rayos\/2013\/06\/07\/prevision-del-tiempo-fin-de-semana-terral-bajadas-de-temperaturas-y-tormentas-depresion-aislada-en-altura\/z4\/\" rel=\"attachment wp-att-6009\"><img loading=\"lazy\" class=\"aligncenter size-medium wp-image-6009\" title=\"z4\" src=\"\/tormentas-y-rayos\/wp-content\/uploads\/sites\/12\/2013\/06\/z4.jpg\" alt=\"\" width=\"600\" height=\"389\" srcset=\"https:\/\/static-blogs.diariosur.es\/wp-content\/uploads\/sites\/12\/2013\/06\/z4.jpg 745w, https:\/\/static-blogs.diariosur.es\/wp-content\/uploads\/sites\/12\/2013\/06\/z4-616x400.jpg 616w\" sizes=\"(max-width: 600px) 100vw, 600px\" \/><\/a><\/p>\n","protected":false},"excerpt":{"rendered":"<p>Buenos d\u00edas amigos de la meteo. Son las seis de la ma\u00f1ana, registro 17,8 grados y los cielos est\u00e1n despejados de momento. Os dejo los enlaces al post de los tornados y el resumen de mayo. ACOJONADO\u00a0 \u00a0 \u00a0 \u00a0 MAYO EL MAS FR\u00cdO Desde hoy viernes y hasta el domingo una bolsa de aire [&hellip;]<\/p>\n","protected":false},"author":16,"featured_media":6004,"comment_status":"open","ping_status":"open","sticky":false,"template":"","format":"standard","meta":[],"categories":[2],"tags":[160,307,410,809,902,961,975,980,992],"_links":{"self":[{"href":"https:\/\/blogs.diariosur.es\/tormentas-y-rayos\/wp-json\/wp\/v2\/posts\/6000"}],"collection":[{"href":"https:\/\/blogs.diariosur.es\/tormentas-y-rayos\/wp-json\/wp\/v2\/posts"}],"about":[{"href":"https:\/\/blogs.diariosur.es\/tormentas-y-rayos\/wp-json\/wp\/v2\/types\/post"}],"author":[{"embeddable":true,"href":"https:\/\/blogs.diariosur.es\/tormentas-y-rayos\/wp-json\/wp\/v2\/users\/16"}],"replies":[{"embeddable":true,"href":"https:\/\/blogs.diariosur.es\/tormentas-y-rayos\/wp-json\/wp\/v2\/comments?post=6000"}],"version-history":[{"count":0,"href":"https:\/\/blogs.diariosur.es\/tormentas-y-rayos\/wp-json\/wp\/v2\/posts\/6000\/revisions"}],"wp:featuredmedia":[{"embeddable":true,"href":"https:\/\/blogs.diariosur.es\/tormentas-y-rayos\/wp-json\/wp\/v2\/media\/6004"}],"wp:attachment":[{"href":"https:\/\/blogs.diariosur.es\/tormentas-y-rayos\/wp-json\/wp\/v2\/media?parent=6000"}],"wp:term":[{"taxonomy":"category","embeddable":true,"href":"https:\/\/blogs.diariosur.es\/tormentas-y-rayos\/wp-json\/wp\/v2\/categories?post=6000"},{"taxonomy":"post_tag","embeddable":true,"href":"https:\/\/blogs.diariosur.es\/tormentas-y-rayos\/wp-json\/wp\/v2\/tags?post=6000"}],"curies":[{"name":"wp","href":"https:\/\/api.w.org\/{rel}","templated":true}]}}